{"id":1106,"date":"2022-05-11T16:59:54","date_gmt":"2022-05-11T15:59:54","guid":{"rendered":"https:\/\/frikisdelabici.com\/site\/?p=1106"},"modified":"2022-09-27T15:28:44","modified_gmt":"2022-09-27T14:28:44","slug":"rotor-visita-a-sus-instalaciones","status":"publish","type":"post","link":"https:\/\/frikisdelabici.com\/site\/rotor-visita-a-sus-instalaciones\/","title":{"rendered":"ROTOR &#8211; Visita a sus instalaciones"},"content":{"rendered":"\n<h3 class=\"wp-block-heading\">Pablo Carrasco, co-fundador<\/h3>\n\n\n\n<p>Hace unas semanas tuvimos el enorme placer de poder visitar parte de las instalaciones de ROTOR en Ajalvir. Nuestra primera conversaci\u00f3n fue con uno de los co-fundadores, y he de reconocer que fue un encuentro de lo m\u00e1s agradable y satisfactorio. Os dejo aqu\u00ed nuestra conversaci\u00f3n:<\/p>\n\n\n\n<figure class=\"wp-block-embed is-type-video is-provider-youtube wp-block-embed-youtube wp-embed-aspect-16-9 wp-has-aspect-ratio\"><div class=\"wp-block-embed__wrapper\">\n<iframe title=\"Charla con Pablo Carrasco, co-fundador de ROTOR\" width=\"640\" height=\"360\" data-src=\"https:\/\/www.youtube.com\/embed\/ub698A8eNvU?feature=oembed\" frameborder=\"0\" allow=\"accelerometer; autoplay; clipboard-write; encrypted-media; gyroscope; picture-in-picture; web-share\" referrerpolicy=\"strict-origin-when-cross-origin\" allowfullscreen src=\"data:image\/svg+xml;base64,PHN2ZyB3aWR0aD0iMSIgaGVpZ2h0PSIxIiB4bWxucz0iaHR0cDovL3d3dy53My5vcmcvMjAwMC9zdmciPjwvc3ZnPg==\" class=\"lazyload\" data-load-mode=\"1\"><\/iframe>\n<\/div><\/figure>\n\n\n\n<p>Si quer\u00e9is consultar el documento al que Pablo hace referencia, pod\u00e9is hacerlo a continuaci\u00f3n:<\/p>\n\n\n\n<div data-wp-interactive=\"core\/file\" class=\"wp-block-file\"><object data-wp-bind--hidden=\"!state.hasPdfPreview\" hidden class=\"wp-block-file__embed\" data=\"https:\/\/frikisdelabici.com\/site\/wp-content\/uploads\/2022\/05\/BASIC-CYCLING-BIOMECHANICS-OVAL-CHAINRINGS.pdf\" type=\"application\/pdf\" style=\"width:100%;height:600px\" aria-label=\"Incrustado de Incrustado de BASIC CYCLING BIOMECHANICS - OVAL CHAINRINGS..\"><\/object><a id=\"wp-block-file--media-bab026c4-2374-4d06-84df-0a106aea114d\" href=\"https:\/\/frikisdelabici.com\/site\/wp-content\/uploads\/2022\/05\/BASIC-CYCLING-BIOMECHANICS-OVAL-CHAINRINGS.pdf\">BASIC CYCLING BIOMECHANICS &#8211; OVAL CHAINRINGS<\/a><a href=\"https:\/\/frikisdelabici.com\/site\/wp-content\/uploads\/2022\/05\/BASIC-CYCLING-BIOMECHANICS-OVAL-CHAINRINGS.pdf\" class=\"wp-block-file__button\" download aria-describedby=\"wp-block-file--media-bab026c4-2374-4d06-84df-0a106aea114d\">Descarga<\/a><\/div>\n\n\n\n<p><\/p>\n\n\n\n<h3 class=\"wp-block-heading\">Irene Albacete, Ingeniero de potenci\u00f3metros<\/h3>\n\n\n\n<p>A continuaci\u00f3n pudimos conversar con una persona que sabe mejor que nadie c\u00f3mo funciona un potenci\u00f3metro por dentro&#8230;<\/p>\n\n\n\n<figure class=\"wp-block-embed is-type-video is-provider-youtube wp-block-embed-youtube wp-embed-aspect-16-9 wp-has-aspect-ratio\"><div class=\"wp-block-embed__wrapper\">\n<iframe title=\"ROTOR - Entrevista a ingeniero de potenci\u00f3metros\" width=\"640\" height=\"360\" data-src=\"https:\/\/www.youtube.com\/embed\/Xq2iAg4tiPo?feature=oembed\" frameborder=\"0\" allow=\"accelerometer; autoplay; clipboard-write; encrypted-media; gyroscope; picture-in-picture; web-share\" referrerpolicy=\"strict-origin-when-cross-origin\" allowfullscreen src=\"data:image\/svg+xml;base64,PHN2ZyB3aWR0aD0iMSIgaGVpZ2h0PSIxIiB4bWxucz0iaHR0cDovL3d3dy53My5vcmcvMjAwMC9zdmciPjwvc3ZnPg==\" class=\"lazyload\" data-load-mode=\"1\"><\/iframe>\n<\/div><\/figure>\n","protected":false},"excerpt":{"rendered":"<p>\u00bfQuieres ver las charlas que tuvimos en las instalaciones de ROTOR? No te lo pierdas, son de lo m\u00e1s interesantes y enriquecedoras<\/p>\n","protected":false},"author":1,"featured_media":1190,"comment_status":"open","ping_status":"open","sticky":false,"template":"","format":"standard","meta":{"footnotes":""},"categories":[296],"tags":[321,6,25,326,325,318,13,323,324,322,317,320],"series":[],"class_list":["post-1106","post","type-post","status-publish","format-standard","has-post-thumbnail","hentry","category-varios","tag-bielas-rotor","tag-ciclismo","tag-entrenamiento-ciclista","tag-irene-albacete","tag-pablo-carrasco","tag-plato-ovalado","tag-potenciometro","tag-q-ring","tag-q-ring-2","tag-q-rings","tag-rotor","tag-rotor-inpower"],"yoast_head":"<!-- This site is optimized with the Yoast SEO Premium plugin v18.4 (Yoast SEO v26.7) - https:\/\/yoast.com\/wordpress\/plugins\/seo\/ -->\n<title>ROTOR - Visita a sus instalaciones - frikisdelabici.com<\/title>\n<meta name=\"description\" content=\"\u00bfQuieres saber c\u00f3mo se invent\u00f3 el plato ovalado de Rotor? \u00bfAlguna vez te has planteado c\u00f3mo funciona un potenci\u00f3metro por dentro?\" \/>\n<meta name=\"robots\" content=\"index, follow, max-snippet:-1, max-image-preview:large, max-video-preview:-1\" \/>\n<link rel=\"canonical\" href=\"https:\/\/frikisdelabici.com\/site\/rotor-visita-a-sus-instalaciones\/\" \/>\n<meta property=\"og:locale\" content=\"es_ES\" \/>\n<meta property=\"og:type\" content=\"article\" \/>\n<meta property=\"og:title\" content=\"ROTOR - Visita a sus instalaciones\" \/>\n<meta property=\"og:description\" content=\"\u00bfQuieres saber c\u00f3mo se invent\u00f3 el plato ovalado de Rotor? \u00bfAlguna vez te has planteado c\u00f3mo funciona un potenci\u00f3metro por dentro?\" \/>\n<meta property=\"og:url\" content=\"https:\/\/frikisdelabici.com\/site\/rotor-visita-a-sus-instalaciones\/\" \/>\n<meta property=\"og:site_name\" content=\"frikisdelabici.com\" \/>\n<meta property=\"article:published_time\" content=\"2022-05-11T15:59:54+00:00\" \/>\n<meta property=\"article:modified_time\" content=\"2022-09-27T14:28:44+00:00\" \/>\n<meta property=\"og:image\" content=\"https:\/\/frikisdelabici.com\/site\/wp-content\/uploads\/2020\/04\/rotor.jpeg\" \/>\n\t<meta property=\"og:image:width\" content=\"1280\" \/>\n\t<meta property=\"og:image:height\" content=\"720\" \/>\n\t<meta property=\"og:image:type\" content=\"image\/jpeg\" \/>\n<meta name=\"author\" content=\"Rub\u00e9n Fern\u00e1ndez\" \/>\n<meta name=\"twitter:card\" content=\"summary_large_image\" \/>\n<meta name=\"twitter:label1\" content=\"Escrito por\" \/>\n\t<meta name=\"twitter:data1\" content=\"Rub\u00e9n Fern\u00e1ndez\" \/>\n\t<meta name=\"twitter:label2\" content=\"Tiempo de lectura\" \/>\n\t<meta name=\"twitter:data2\" content=\"1 minuto\" \/>\n<script type=\"application\/ld+json\" class=\"yoast-schema-graph\">{\"@context\":\"https:\/\/schema.org\",\"@graph\":[{\"@type\":\"Article\",\"@id\":\"https:\/\/frikisdelabici.com\/site\/rotor-visita-a-sus-instalaciones\/#article\",\"isPartOf\":{\"@id\":\"https:\/\/frikisdelabici.com\/site\/rotor-visita-a-sus-instalaciones\/\"},\"author\":{\"name\":\"Rub\u00e9n Fern\u00e1ndez\",\"@id\":\"https:\/\/frikisdelabici.com\/site\/#\/schema\/person\/a7e0f7e0c1ecaf32b75491c779564593\"},\"headline\":\"ROTOR &#8211; Visita a sus instalaciones\",\"datePublished\":\"2022-05-11T15:59:54+00:00\",\"dateModified\":\"2022-09-27T14:28:44+00:00\",\"mainEntityOfPage\":{\"@id\":\"https:\/\/frikisdelabici.com\/site\/rotor-visita-a-sus-instalaciones\/\"},\"wordCount\":121,\"commentCount\":0,\"publisher\":{\"@id\":\"https:\/\/frikisdelabici.com\/site\/#\/schema\/person\/a7e0f7e0c1ecaf32b75491c779564593\"},\"image\":{\"@id\":\"https:\/\/frikisdelabici.com\/site\/rotor-visita-a-sus-instalaciones\/#primaryimage\"},\"thumbnailUrl\":\"https:\/\/frikisdelabici.com\/site\/wp-content\/uploads\/2020\/04\/rotor.jpeg\",\"keywords\":[\"bielas rotor\",\"ciclismo\",\"entrenamiento ciclista\",\"irene albacete\",\"pablo carrasco\",\"plato ovalado\",\"potenci\u00f3metro\",\"q ring\",\"q-ring\",\"q-rings\",\"rotor\",\"rotor inpower\"],\"articleSection\":[\"Varios\"],\"inLanguage\":\"es\",\"potentialAction\":[{\"@type\":\"CommentAction\",\"name\":\"Comment\",\"target\":[\"https:\/\/frikisdelabici.com\/site\/rotor-visita-a-sus-instalaciones\/#respond\"]}]},{\"@type\":\"WebPage\",\"@id\":\"https:\/\/frikisdelabici.com\/site\/rotor-visita-a-sus-instalaciones\/\",\"url\":\"https:\/\/frikisdelabici.com\/site\/rotor-visita-a-sus-instalaciones\/\",\"name\":\"ROTOR - Visita a sus instalaciones - frikisdelabici.com\",\"isPartOf\":{\"@id\":\"https:\/\/frikisdelabici.com\/site\/#website\"},\"primaryImageOfPage\":{\"@id\":\"https:\/\/frikisdelabici.com\/site\/rotor-visita-a-sus-instalaciones\/#primaryimage\"},\"image\":{\"@id\":\"https:\/\/frikisdelabici.com\/site\/rotor-visita-a-sus-instalaciones\/#primaryimage\"},\"thumbnailUrl\":\"https:\/\/frikisdelabici.com\/site\/wp-content\/uploads\/2020\/04\/rotor.jpeg\",\"datePublished\":\"2022-05-11T15:59:54+00:00\",\"dateModified\":\"2022-09-27T14:28:44+00:00\",\"description\":\"\u00bfQuieres saber c\u00f3mo se invent\u00f3 el plato ovalado de Rotor? \u00bfAlguna vez te has planteado c\u00f3mo funciona un potenci\u00f3metro por dentro?\",\"breadcrumb\":{\"@id\":\"https:\/\/frikisdelabici.com\/site\/rotor-visita-a-sus-instalaciones\/#breadcrumb\"},\"inLanguage\":\"es\",\"potentialAction\":[{\"@type\":\"ReadAction\",\"target\":[\"https:\/\/frikisdelabici.com\/site\/rotor-visita-a-sus-instalaciones\/\"]}]},{\"@type\":\"ImageObject\",\"inLanguage\":\"es\",\"@id\":\"https:\/\/frikisdelabici.com\/site\/rotor-visita-a-sus-instalaciones\/#primaryimage\",\"url\":\"https:\/\/frikisdelabici.com\/site\/wp-content\/uploads\/2020\/04\/rotor.jpeg\",\"contentUrl\":\"https:\/\/frikisdelabici.com\/site\/wp-content\/uploads\/2020\/04\/rotor.jpeg\",\"width\":1280,\"height\":720},{\"@type\":\"BreadcrumbList\",\"@id\":\"https:\/\/frikisdelabici.com\/site\/rotor-visita-a-sus-instalaciones\/#breadcrumb\",\"itemListElement\":[{\"@type\":\"ListItem\",\"position\":1,\"name\":\"Inicio\",\"item\":\"https:\/\/frikisdelabici.com\/site\/\"},{\"@type\":\"ListItem\",\"position\":2,\"name\":\"ROTOR &#8211; Visita a sus instalaciones\"}]},{\"@type\":\"WebSite\",\"@id\":\"https:\/\/frikisdelabici.com\/site\/#website\",\"url\":\"https:\/\/frikisdelabici.com\/site\/\",\"name\":\"frikisdelabici.com\",\"description\":\"Noticias sobre ZWIFT, art\u00edculos sobre entrenamiento, carreras... de todo lo relacionado con el ciclista m\u00e1s friki\",\"publisher\":{\"@id\":\"https:\/\/frikisdelabici.com\/site\/#\/schema\/person\/a7e0f7e0c1ecaf32b75491c779564593\"},\"potentialAction\":[{\"@type\":\"SearchAction\",\"target\":{\"@type\":\"EntryPoint\",\"urlTemplate\":\"https:\/\/frikisdelabici.com\/site\/?s={search_term_string}\"},\"query-input\":{\"@type\":\"PropertyValueSpecification\",\"valueRequired\":true,\"valueName\":\"search_term_string\"}}],\"inLanguage\":\"es\"},{\"@type\":[\"Person\",\"Organization\"],\"@id\":\"https:\/\/frikisdelabici.com\/site\/#\/schema\/person\/a7e0f7e0c1ecaf32b75491c779564593\",\"name\":\"Rub\u00e9n Fern\u00e1ndez\",\"image\":{\"@type\":\"ImageObject\",\"inLanguage\":\"es\",\"@id\":\"https:\/\/frikisdelabici.com\/site\/#\/schema\/person\/image\/\",\"url\":\"https:\/\/frikisdelabici.com\/site\/wp-content\/uploads\/2020\/03\/gran-fondo-san-sebastian-2017-4014569-48213-4286-1-scaled.jpg\",\"contentUrl\":\"https:\/\/frikisdelabici.com\/site\/wp-content\/uploads\/2020\/03\/gran-fondo-san-sebastian-2017-4014569-48213-4286-1-scaled.jpg\",\"width\":2560,\"height\":1707,\"caption\":\"Rub\u00e9n Fern\u00e1ndez\"},\"logo\":{\"@id\":\"https:\/\/frikisdelabici.com\/site\/#\/schema\/person\/image\/\"},\"url\":\"https:\/\/frikisdelabici.com\/site\/author\/rubenextra300\/\"}]}<\/script>\n<!-- \/ Yoast SEO Premium plugin. -->","yoast_head_json":{"title":"ROTOR - Visita a sus instalaciones - frikisdelabici.com","description":"\u00bfQuieres saber c\u00f3mo se invent\u00f3 el plato ovalado de Rotor? \u00bfAlguna vez te has planteado c\u00f3mo funciona un potenci\u00f3metro por dentro?","robots":{"index":"index","follow":"follow","max-snippet":"max-snippet:-1","max-image-preview":"max-image-preview:large","max-video-preview":"max-video-preview:-1"},"canonical":"https:\/\/frikisdelabici.com\/site\/rotor-visita-a-sus-instalaciones\/","og_locale":"es_ES","og_type":"article","og_title":"ROTOR - Visita a sus instalaciones","og_description":"\u00bfQuieres saber c\u00f3mo se invent\u00f3 el plato ovalado de Rotor? \u00bfAlguna vez te has planteado c\u00f3mo funciona un potenci\u00f3metro por dentro?","og_url":"https:\/\/frikisdelabici.com\/site\/rotor-visita-a-sus-instalaciones\/","og_site_name":"frikisdelabici.com","article_published_time":"2022-05-11T15:59:54+00:00","article_modified_time":"2022-09-27T14:28:44+00:00","og_image":[{"width":1280,"height":720,"url":"https:\/\/frikisdelabici.com\/site\/wp-content\/uploads\/2020\/04\/rotor.jpeg","type":"image\/jpeg"}],"author":"Rub\u00e9n Fern\u00e1ndez","twitter_card":"summary_large_image","twitter_misc":{"Escrito por":"Rub\u00e9n Fern\u00e1ndez","Tiempo de lectura":"1 minuto"},"schema":{"@context":"https:\/\/schema.org","@graph":[{"@type":"Article","@id":"https:\/\/frikisdelabici.com\/site\/rotor-visita-a-sus-instalaciones\/#article","isPartOf":{"@id":"https:\/\/frikisdelabici.com\/site\/rotor-visita-a-sus-instalaciones\/"},"author":{"name":"Rub\u00e9n Fern\u00e1ndez","@id":"https:\/\/frikisdelabici.com\/site\/#\/schema\/person\/a7e0f7e0c1ecaf32b75491c779564593"},"headline":"ROTOR &#8211; Visita a sus instalaciones","datePublished":"2022-05-11T15:59:54+00:00","dateModified":"2022-09-27T14:28:44+00:00","mainEntityOfPage":{"@id":"https:\/\/frikisdelabici.com\/site\/rotor-visita-a-sus-instalaciones\/"},"wordCount":121,"commentCount":0,"publisher":{"@id":"https:\/\/frikisdelabici.com\/site\/#\/schema\/person\/a7e0f7e0c1ecaf32b75491c779564593"},"image":{"@id":"https:\/\/frikisdelabici.com\/site\/rotor-visita-a-sus-instalaciones\/#primaryimage"},"thumbnailUrl":"https:\/\/frikisdelabici.com\/site\/wp-content\/uploads\/2020\/04\/rotor.jpeg","keywords":["bielas rotor","ciclismo","entrenamiento ciclista","irene albacete","pablo carrasco","plato ovalado","potenci\u00f3metro","q ring","q-ring","q-rings","rotor","rotor inpower"],"articleSection":["Varios"],"inLanguage":"es","potentialAction":[{"@type":"CommentAction","name":"Comment","target":["https:\/\/frikisdelabici.com\/site\/rotor-visita-a-sus-instalaciones\/#respond"]}]},{"@type":"WebPage","@id":"https:\/\/frikisdelabici.com\/site\/rotor-visita-a-sus-instalaciones\/","url":"https:\/\/frikisdelabici.com\/site\/rotor-visita-a-sus-instalaciones\/","name":"ROTOR - Visita a sus instalaciones - frikisdelabici.com","isPartOf":{"@id":"https:\/\/frikisdelabici.com\/site\/#website"},"primaryImageOfPage":{"@id":"https:\/\/frikisdelabici.com\/site\/rotor-visita-a-sus-instalaciones\/#primaryimage"},"image":{"@id":"https:\/\/frikisdelabici.com\/site\/rotor-visita-a-sus-instalaciones\/#primaryimage"},"thumbnailUrl":"https:\/\/frikisdelabici.com\/site\/wp-content\/uploads\/2020\/04\/rotor.jpeg","datePublished":"2022-05-11T15:59:54+00:00","dateModified":"2022-09-27T14:28:44+00:00","description":"\u00bfQuieres saber c\u00f3mo se invent\u00f3 el plato ovalado de Rotor? \u00bfAlguna vez te has planteado c\u00f3mo funciona un potenci\u00f3metro por dentro?","breadcrumb":{"@id":"https:\/\/frikisdelabici.com\/site\/rotor-visita-a-sus-instalaciones\/#breadcrumb"},"inLanguage":"es","potentialAction":[{"@type":"ReadAction","target":["https:\/\/frikisdelabici.com\/site\/rotor-visita-a-sus-instalaciones\/"]}]},{"@type":"ImageObject","inLanguage":"es","@id":"https:\/\/frikisdelabici.com\/site\/rotor-visita-a-sus-instalaciones\/#primaryimage","url":"https:\/\/frikisdelabici.com\/site\/wp-content\/uploads\/2020\/04\/rotor.jpeg","contentUrl":"https:\/\/frikisdelabici.com\/site\/wp-content\/uploads\/2020\/04\/rotor.jpeg","width":1280,"height":720},{"@type":"BreadcrumbList","@id":"https:\/\/frikisdelabici.com\/site\/rotor-visita-a-sus-instalaciones\/#breadcrumb","itemListElement":[{"@type":"ListItem","position":1,"name":"Inicio","item":"https:\/\/frikisdelabici.com\/site\/"},{"@type":"ListItem","position":2,"name":"ROTOR &#8211; Visita a sus instalaciones"}]},{"@type":"WebSite","@id":"https:\/\/frikisdelabici.com\/site\/#website","url":"https:\/\/frikisdelabici.com\/site\/","name":"frikisdelabici.com","description":"Noticias sobre ZWIFT, art\u00edculos sobre entrenamiento, carreras... de todo lo relacionado con el ciclista m\u00e1s friki","publisher":{"@id":"https:\/\/frikisdelabici.com\/site\/#\/schema\/person\/a7e0f7e0c1ecaf32b75491c779564593"},"potentialAction":[{"@type":"SearchAction","target":{"@type":"EntryPoint","urlTemplate":"https:\/\/frikisdelabici.com\/site\/?s={search_term_string}"},"query-input":{"@type":"PropertyValueSpecification","valueRequired":true,"valueName":"search_term_string"}}],"inLanguage":"es"},{"@type":["Person","Organization"],"@id":"https:\/\/frikisdelabici.com\/site\/#\/schema\/person\/a7e0f7e0c1ecaf32b75491c779564593","name":"Rub\u00e9n Fern\u00e1ndez","image":{"@type":"ImageObject","inLanguage":"es","@id":"https:\/\/frikisdelabici.com\/site\/#\/schema\/person\/image\/","url":"https:\/\/frikisdelabici.com\/site\/wp-content\/uploads\/2020\/03\/gran-fondo-san-sebastian-2017-4014569-48213-4286-1-scaled.jpg","contentUrl":"https:\/\/frikisdelabici.com\/site\/wp-content\/uploads\/2020\/03\/gran-fondo-san-sebastian-2017-4014569-48213-4286-1-scaled.jpg","width":2560,"height":1707,"caption":"Rub\u00e9n Fern\u00e1ndez"},"logo":{"@id":"https:\/\/frikisdelabici.com\/site\/#\/schema\/person\/image\/"},"url":"https:\/\/frikisdelabici.com\/site\/author\/rubenextra300\/"}]}},"_links":{"self":[{"href":"https:\/\/frikisdelabici.com\/site\/wp-json\/wp\/v2\/posts\/1106","targetHints":{"allow":["GET"]}}],"collection":[{"href":"https:\/\/frikisdelabici.com\/site\/wp-json\/wp\/v2\/posts"}],"about":[{"href":"https:\/\/frikisdelabici.com\/site\/wp-json\/wp\/v2\/types\/post"}],"author":[{"embeddable":true,"href":"https:\/\/frikisdelabici.com\/site\/wp-json\/wp\/v2\/users\/1"}],"replies":[{"embeddable":true,"href":"https:\/\/frikisdelabici.com\/site\/wp-json\/wp\/v2\/comments?post=1106"}],"version-history":[{"count":4,"href":"https:\/\/frikisdelabici.com\/site\/wp-json\/wp\/v2\/posts\/1106\/revisions"}],"predecessor-version":[{"id":1117,"href":"https:\/\/frikisdelabici.com\/site\/wp-json\/wp\/v2\/posts\/1106\/revisions\/1117"}],"wp:featuredmedia":[{"embeddable":true,"href":"https:\/\/frikisdelabici.com\/site\/wp-json\/wp\/v2\/media\/1190"}],"wp:attachment":[{"href":"https:\/\/frikisdelabici.com\/site\/wp-json\/wp\/v2\/media?parent=1106"}],"wp:term":[{"taxonomy":"category","embeddable":true,"href":"https:\/\/frikisdelabici.com\/site\/wp-json\/wp\/v2\/categories?post=1106"},{"taxonomy":"post_tag","embeddable":true,"href":"https:\/\/frikisdelabici.com\/site\/wp-json\/wp\/v2\/tags?post=1106"},{"taxonomy":"series","embeddable":true,"href":"https:\/\/frikisdelabici.com\/site\/wp-json\/wp\/v2\/series?post=1106"}],"curies":[{"name":"wp","href":"https:\/\/api.w.org\/{rel}","templated":true}]}}