{"id":1119,"date":"2022-05-21T12:56:22","date_gmt":"2022-05-21T11:56:22","guid":{"rendered":"https:\/\/frikisdelabici.com\/site\/?p=1119"},"modified":"2024-12-10T11:50:40","modified_gmt":"2024-12-10T09:50:40","slug":"grafica-pmc-basada-en-epoc","status":"publish","type":"post","link":"https:\/\/frikisdelabici.com\/site\/grafica-pmc-basada-en-epoc\/","title":{"rendered":"Gr\u00e1fica PMC basada en EPOC"},"content":{"rendered":"\n<p>Puede que tal vez, y s\u00f3lo tal vez, la gr\u00e1fica PMC (Performance Management Chart) de Coggan no refleje fielmente ni tu estado de forma (TSB) ni tu fatiga, tanto cr\u00f3nica (CTL) como aguda (ATL). Esto puede suceder si eres un usuario habitual del rodillo y realizas entrenamientos de cierta intensidad habitualmente bajo techo.<\/p>\n\n\n\n<p>Dado que PMC de Coggan est\u00e1 basado en TSS como base de puntuaci\u00f3n para medir el estr\u00e9s, y este valor est\u00e1 altamente influenciado por el tiempo de la actividad, suele suceder que actividades intensas pero mucho m\u00e1s cortas que se realizan en rodillo u otras condiciones similares reflejen valores cortos respecto a un deportista que tiene la suerte de poder realizar actividades de media y larga duraci\u00f3n de manera habitual.<\/p>\n\n\n\n<p>Anteriormente (y siendo realistas sigo haci\u00e9ndolo), me apoyaba mucho en el valor CIL (<a href=\"https:\/\/youtu.be\/rKD6Y8U3NzI\" target=\"_blank\" rel=\"noreferrer noopener\">os dejo enlace a mi video al respecto<\/a>) que me permit\u00eda medir mejor y ponderar las actividades en base a su intensidad. Pero como comentaba anteriormente, la gr\u00e1fica PMC nunca terminaba de convencerme.<\/p>\n\n\n\n<p>Dicho lo anterior, de manera muy sencilla se puede crear una gr\u00e1fica PMC que est\u00e9 basada en <a href=\"https:\/\/youtu.be\/cLt8iA18F4k\" target=\"_blank\" rel=\"noreferrer noopener\">EPOC<\/a> (de la misma manera que se puede crear basando la medida de estr\u00e9s en el RPE <a href=\"https:\/\/youtu.be\/Byz2EPmagXw\" target=\"_blank\" rel=\"noreferrer noopener\">(v\u00eddeo sobre est<\/a>e valor).<\/p>\n\n\n\n<p>Primero de todo, tienes que generar la m\u00e9trica que lea y permita utilizar el EPOC en estas gr\u00e1ficas. <strong>Es imprescindible<\/strong>, y sin esta m\u00e9trica las gr\u00e1ficas no funcionar\u00e1n<br><a href=\"https:\/\/frikisdelabici.com\/site\/epoc_metrica\/\">Descarga la m\u00e9trica en este enlace<\/a><br><\/p>\n\n\n\n<p>Una vez hayas importado la m\u00e9trica, puedes utilizar la gr\u00e1fica de usuario (s\u00f3lo compatible en la versi\u00f3n 3.6 o superior de Golden Cheetah) o la gr\u00e1fica cl\u00e1sica que tendr\u00e1s que importar en el bloque de gr\u00e1ficas que se cargan en la pesta\u00f1a \u00abBiblioteca\u00bb de tendencias (en el enlace encontrar\u00e1s tambi\u00e9n la gr\u00e1fica que contiene los valores COGGAN y EPOC de manera simult\u00e1nea).<br><a href=\"https:\/\/frikisdelabici.com\/site\/pmc-con-epoc-user-chart\/\">Descarga la gr\u00e1fica de usuario<\/a><br><a href=\"https:\/\/frikisdelabici.com\/site\/pmc-epoc-coggan\/\">Descarga las gr\u00e1ficas cl\u00e1sicas<\/a><\/p>\n\n\n\n<p>Y por \u00faltimo, si quieres verlo en acci\u00f3n antes de utilizarlo, aqu\u00ed te dejo un v\u00eddeo donde os lo ense\u00f1o:<\/p>\n\n\n\n<figure class=\"wp-block-embed is-type-video is-provider-youtube wp-block-embed-youtube wp-embed-aspect-16-9 wp-has-aspect-ratio\"><div class=\"wp-block-embed__wrapper\">\n<iframe title=\"Ver tu progreso basado en EPOC por frecuencia card\u00edaca\" width=\"640\" height=\"360\" data-src=\"https:\/\/www.youtube.com\/embed\/7pl9j7DdDjM?feature=oembed\" frameborder=\"0\" allow=\"accelerometer; autoplay; clipboard-write; encrypted-media; gyroscope; picture-in-picture; web-share\" referrerpolicy=\"strict-origin-when-cross-origin\" allowfullscreen src=\"data:image\/svg+xml;base64,PHN2ZyB3aWR0aD0iMSIgaGVpZ2h0PSIxIiB4bWxucz0iaHR0cDovL3d3dy53My5vcmcvMjAwMC9zdmciPjwvc3ZnPg==\" class=\"lazyload\" data-load-mode=\"1\"><\/iframe>\n<\/div><\/figure>\n","protected":false},"excerpt":{"rendered":"<p>Descarga aqu\u00ed las gr\u00e1ficas que te permitir\u00e1n realizar un seguimiento de tu estado de forma basado en EXCESS POST-EXERCISE OXYGEN CONSUMPTION<\/p>\n","protected":false},"author":1,"featured_media":1183,"comment_status":"open","ping_status":"open","sticky":false,"template":"","format":"standard","meta":{"footnotes":""},"categories":[31],"tags":[],"series":[],"class_list":["post-1119","post","type-post","status-publish","format-standard","has-post-thumbnail","hentry","category-indicadores-de-entrenamiento"],"yoast_head":"<!-- This site is optimized with the Yoast SEO Premium plugin v18.4 (Yoast SEO v26.7) - https:\/\/yoast.com\/wordpress\/plugins\/seo\/ -->\n<title>Gr\u00e1fica PMC basada en EPOC - frikisdelabici.com<\/title>\n<meta name=\"description\" content=\"Descarga aqu\u00ed las gr\u00e1ficas que te permitir\u00e1n realizar un seguimiento de tu estado de forma basado en EXCESS POST-EXERCISE OXYGEN CONSUMPTION\" \/>\n<meta name=\"robots\" content=\"index, follow, max-snippet:-1, max-image-preview:large, max-video-preview:-1\" \/>\n<link rel=\"canonical\" href=\"https:\/\/frikisdelabici.com\/site\/grafica-pmc-basada-en-epoc\/\" \/>\n<meta property=\"og:locale\" content=\"es_ES\" \/>\n<meta property=\"og:type\" content=\"article\" \/>\n<meta property=\"og:title\" content=\"Gr\u00e1fica PMC basada en EPOC\" \/>\n<meta property=\"og:description\" content=\"Descarga aqu\u00ed las gr\u00e1ficas que te permitir\u00e1n realizar un seguimiento de tu estado de forma basado en EXCESS POST-EXERCISE OXYGEN CONSUMPTION\" \/>\n<meta property=\"og:url\" content=\"https:\/\/frikisdelabici.com\/site\/grafica-pmc-basada-en-epoc\/\" \/>\n<meta property=\"og:site_name\" content=\"frikisdelabici.com\" \/>\n<meta property=\"article:published_time\" content=\"2022-05-21T11:56:22+00:00\" \/>\n<meta property=\"article:modified_time\" content=\"2024-12-10T09:50:40+00:00\" \/>\n<meta property=\"og:image\" content=\"https:\/\/frikisdelabici.com\/site\/wp-content\/uploads\/2022\/09\/WhatsApp-Image-2022-09-27-at-16.09.02.jpeg\" \/>\n\t<meta property=\"og:image:width\" content=\"930\" \/>\n\t<meta property=\"og:image:height\" content=\"620\" \/>\n\t<meta property=\"og:image:type\" content=\"image\/jpeg\" \/>\n<meta name=\"author\" content=\"Rub\u00e9n Fern\u00e1ndez\" \/>\n<meta name=\"twitter:card\" content=\"summary_large_image\" \/>\n<meta name=\"twitter:label1\" content=\"Escrito por\" \/>\n\t<meta name=\"twitter:data1\" content=\"Rub\u00e9n Fern\u00e1ndez\" \/>\n\t<meta name=\"twitter:label2\" content=\"Tiempo de lectura\" \/>\n\t<meta name=\"twitter:data2\" content=\"2 minutos\" \/>\n<script type=\"application\/ld+json\" class=\"yoast-schema-graph\">{\"@context\":\"https:\/\/schema.org\",\"@graph\":[{\"@type\":\"Article\",\"@id\":\"https:\/\/frikisdelabici.com\/site\/grafica-pmc-basada-en-epoc\/#article\",\"isPartOf\":{\"@id\":\"https:\/\/frikisdelabici.com\/site\/grafica-pmc-basada-en-epoc\/\"},\"author\":{\"name\":\"Rub\u00e9n Fern\u00e1ndez\",\"@id\":\"https:\/\/frikisdelabici.com\/site\/#\/schema\/person\/a7e0f7e0c1ecaf32b75491c779564593\"},\"headline\":\"Gr\u00e1fica PMC basada en EPOC\",\"datePublished\":\"2022-05-21T11:56:22+00:00\",\"dateModified\":\"2024-12-10T09:50:40+00:00\",\"mainEntityOfPage\":{\"@id\":\"https:\/\/frikisdelabici.com\/site\/grafica-pmc-basada-en-epoc\/\"},\"wordCount\":381,\"commentCount\":3,\"publisher\":{\"@id\":\"https:\/\/frikisdelabici.com\/site\/#\/schema\/person\/a7e0f7e0c1ecaf32b75491c779564593\"},\"image\":{\"@id\":\"https:\/\/frikisdelabici.com\/site\/grafica-pmc-basada-en-epoc\/#primaryimage\"},\"thumbnailUrl\":\"https:\/\/frikisdelabici.com\/site\/wp-content\/uploads\/2022\/09\/WhatsApp-Image-2022-09-27-at-16.09.02.jpeg\",\"articleSection\":[\"Indicadores de entrenamiento\"],\"inLanguage\":\"es\",\"potentialAction\":[{\"@type\":\"CommentAction\",\"name\":\"Comment\",\"target\":[\"https:\/\/frikisdelabici.com\/site\/grafica-pmc-basada-en-epoc\/#respond\"]}]},{\"@type\":\"WebPage\",\"@id\":\"https:\/\/frikisdelabici.com\/site\/grafica-pmc-basada-en-epoc\/\",\"url\":\"https:\/\/frikisdelabici.com\/site\/grafica-pmc-basada-en-epoc\/\",\"name\":\"Gr\u00e1fica PMC basada en EPOC - frikisdelabici.com\",\"isPartOf\":{\"@id\":\"https:\/\/frikisdelabici.com\/site\/#website\"},\"primaryImageOfPage\":{\"@id\":\"https:\/\/frikisdelabici.com\/site\/grafica-pmc-basada-en-epoc\/#primaryimage\"},\"image\":{\"@id\":\"https:\/\/frikisdelabici.com\/site\/grafica-pmc-basada-en-epoc\/#primaryimage\"},\"thumbnailUrl\":\"https:\/\/frikisdelabici.com\/site\/wp-content\/uploads\/2022\/09\/WhatsApp-Image-2022-09-27-at-16.09.02.jpeg\",\"datePublished\":\"2022-05-21T11:56:22+00:00\",\"dateModified\":\"2024-12-10T09:50:40+00:00\",\"description\":\"Descarga aqu\u00ed las gr\u00e1ficas que te permitir\u00e1n realizar un seguimiento de tu estado de forma basado en EXCESS POST-EXERCISE OXYGEN CONSUMPTION\",\"breadcrumb\":{\"@id\":\"https:\/\/frikisdelabici.com\/site\/grafica-pmc-basada-en-epoc\/#breadcrumb\"},\"inLanguage\":\"es\",\"potentialAction\":[{\"@type\":\"ReadAction\",\"target\":[\"https:\/\/frikisdelabici.com\/site\/grafica-pmc-basada-en-epoc\/\"]}]},{\"@type\":\"ImageObject\",\"inLanguage\":\"es\",\"@id\":\"https:\/\/frikisdelabici.com\/site\/grafica-pmc-basada-en-epoc\/#primaryimage\",\"url\":\"https:\/\/frikisdelabici.com\/site\/wp-content\/uploads\/2022\/09\/WhatsApp-Image-2022-09-27-at-16.09.02.jpeg\",\"contentUrl\":\"https:\/\/frikisdelabici.com\/site\/wp-content\/uploads\/2022\/09\/WhatsApp-Image-2022-09-27-at-16.09.02.jpeg\",\"width\":930,\"height\":620},{\"@type\":\"BreadcrumbList\",\"@id\":\"https:\/\/frikisdelabici.com\/site\/grafica-pmc-basada-en-epoc\/#breadcrumb\",\"itemListElement\":[{\"@type\":\"ListItem\",\"position\":1,\"name\":\"Inicio\",\"item\":\"https:\/\/frikisdelabici.com\/site\/\"},{\"@type\":\"ListItem\",\"position\":2,\"name\":\"Gr\u00e1fica PMC basada en EPOC\"}]},{\"@type\":\"WebSite\",\"@id\":\"https:\/\/frikisdelabici.com\/site\/#website\",\"url\":\"https:\/\/frikisdelabici.com\/site\/\",\"name\":\"frikisdelabici.com\",\"description\":\"Noticias sobre ZWIFT, art\u00edculos sobre entrenamiento, carreras... de todo lo relacionado con el ciclista m\u00e1s friki\",\"publisher\":{\"@id\":\"https:\/\/frikisdelabici.com\/site\/#\/schema\/person\/a7e0f7e0c1ecaf32b75491c779564593\"},\"potentialAction\":[{\"@type\":\"SearchAction\",\"target\":{\"@type\":\"EntryPoint\",\"urlTemplate\":\"https:\/\/frikisdelabici.com\/site\/?s={search_term_string}\"},\"query-input\":{\"@type\":\"PropertyValueSpecification\",\"valueRequired\":true,\"valueName\":\"search_term_string\"}}],\"inLanguage\":\"es\"},{\"@type\":[\"Person\",\"Organization\"],\"@id\":\"https:\/\/frikisdelabici.com\/site\/#\/schema\/person\/a7e0f7e0c1ecaf32b75491c779564593\",\"name\":\"Rub\u00e9n Fern\u00e1ndez\",\"image\":{\"@type\":\"ImageObject\",\"inLanguage\":\"es\",\"@id\":\"https:\/\/frikisdelabici.com\/site\/#\/schema\/person\/image\/\",\"url\":\"https:\/\/frikisdelabici.com\/site\/wp-content\/uploads\/2020\/03\/gran-fondo-san-sebastian-2017-4014569-48213-4286-1-scaled.jpg\",\"contentUrl\":\"https:\/\/frikisdelabici.com\/site\/wp-content\/uploads\/2020\/03\/gran-fondo-san-sebastian-2017-4014569-48213-4286-1-scaled.jpg\",\"width\":2560,\"height\":1707,\"caption\":\"Rub\u00e9n Fern\u00e1ndez\"},\"logo\":{\"@id\":\"https:\/\/frikisdelabici.com\/site\/#\/schema\/person\/image\/\"},\"url\":\"https:\/\/frikisdelabici.com\/site\/author\/rubenextra300\/\"}]}<\/script>\n<!-- \/ Yoast SEO Premium plugin. -->","yoast_head_json":{"title":"Gr\u00e1fica PMC basada en EPOC - frikisdelabici.com","description":"Descarga aqu\u00ed las gr\u00e1ficas que te permitir\u00e1n realizar un seguimiento de tu estado de forma basado en EXCESS POST-EXERCISE OXYGEN CONSUMPTION","robots":{"index":"index","follow":"follow","max-snippet":"max-snippet:-1","max-image-preview":"max-image-preview:large","max-video-preview":"max-video-preview:-1"},"canonical":"https:\/\/frikisdelabici.com\/site\/grafica-pmc-basada-en-epoc\/","og_locale":"es_ES","og_type":"article","og_title":"Gr\u00e1fica PMC basada en EPOC","og_description":"Descarga aqu\u00ed las gr\u00e1ficas que te permitir\u00e1n realizar un seguimiento de tu estado de forma basado en EXCESS POST-EXERCISE OXYGEN CONSUMPTION","og_url":"https:\/\/frikisdelabici.com\/site\/grafica-pmc-basada-en-epoc\/","og_site_name":"frikisdelabici.com","article_published_time":"2022-05-21T11:56:22+00:00","article_modified_time":"2024-12-10T09:50:40+00:00","og_image":[{"width":930,"height":620,"url":"https:\/\/frikisdelabici.com\/site\/wp-content\/uploads\/2022\/09\/WhatsApp-Image-2022-09-27-at-16.09.02.jpeg","type":"image\/jpeg"}],"author":"Rub\u00e9n Fern\u00e1ndez","twitter_card":"summary_large_image","twitter_misc":{"Escrito por":"Rub\u00e9n Fern\u00e1ndez","Tiempo de lectura":"2 minutos"},"schema":{"@context":"https:\/\/schema.org","@graph":[{"@type":"Article","@id":"https:\/\/frikisdelabici.com\/site\/grafica-pmc-basada-en-epoc\/#article","isPartOf":{"@id":"https:\/\/frikisdelabici.com\/site\/grafica-pmc-basada-en-epoc\/"},"author":{"name":"Rub\u00e9n Fern\u00e1ndez","@id":"https:\/\/frikisdelabici.com\/site\/#\/schema\/person\/a7e0f7e0c1ecaf32b75491c779564593"},"headline":"Gr\u00e1fica PMC basada en EPOC","datePublished":"2022-05-21T11:56:22+00:00","dateModified":"2024-12-10T09:50:40+00:00","mainEntityOfPage":{"@id":"https:\/\/frikisdelabici.com\/site\/grafica-pmc-basada-en-epoc\/"},"wordCount":381,"commentCount":3,"publisher":{"@id":"https:\/\/frikisdelabici.com\/site\/#\/schema\/person\/a7e0f7e0c1ecaf32b75491c779564593"},"image":{"@id":"https:\/\/frikisdelabici.com\/site\/grafica-pmc-basada-en-epoc\/#primaryimage"},"thumbnailUrl":"https:\/\/frikisdelabici.com\/site\/wp-content\/uploads\/2022\/09\/WhatsApp-Image-2022-09-27-at-16.09.02.jpeg","articleSection":["Indicadores de entrenamiento"],"inLanguage":"es","potentialAction":[{"@type":"CommentAction","name":"Comment","target":["https:\/\/frikisdelabici.com\/site\/grafica-pmc-basada-en-epoc\/#respond"]}]},{"@type":"WebPage","@id":"https:\/\/frikisdelabici.com\/site\/grafica-pmc-basada-en-epoc\/","url":"https:\/\/frikisdelabici.com\/site\/grafica-pmc-basada-en-epoc\/","name":"Gr\u00e1fica PMC basada en EPOC - frikisdelabici.com","isPartOf":{"@id":"https:\/\/frikisdelabici.com\/site\/#website"},"primaryImageOfPage":{"@id":"https:\/\/frikisdelabici.com\/site\/grafica-pmc-basada-en-epoc\/#primaryimage"},"image":{"@id":"https:\/\/frikisdelabici.com\/site\/grafica-pmc-basada-en-epoc\/#primaryimage"},"thumbnailUrl":"https:\/\/frikisdelabici.com\/site\/wp-content\/uploads\/2022\/09\/WhatsApp-Image-2022-09-27-at-16.09.02.jpeg","datePublished":"2022-05-21T11:56:22+00:00","dateModified":"2024-12-10T09:50:40+00:00","description":"Descarga aqu\u00ed las gr\u00e1ficas que te permitir\u00e1n realizar un seguimiento de tu estado de forma basado en EXCESS POST-EXERCISE OXYGEN CONSUMPTION","breadcrumb":{"@id":"https:\/\/frikisdelabici.com\/site\/grafica-pmc-basada-en-epoc\/#breadcrumb"},"inLanguage":"es","potentialAction":[{"@type":"ReadAction","target":["https:\/\/frikisdelabici.com\/site\/grafica-pmc-basada-en-epoc\/"]}]},{"@type":"ImageObject","inLanguage":"es","@id":"https:\/\/frikisdelabici.com\/site\/grafica-pmc-basada-en-epoc\/#primaryimage","url":"https:\/\/frikisdelabici.com\/site\/wp-content\/uploads\/2022\/09\/WhatsApp-Image-2022-09-27-at-16.09.02.jpeg","contentUrl":"https:\/\/frikisdelabici.com\/site\/wp-content\/uploads\/2022\/09\/WhatsApp-Image-2022-09-27-at-16.09.02.jpeg","width":930,"height":620},{"@type":"BreadcrumbList","@id":"https:\/\/frikisdelabici.com\/site\/grafica-pmc-basada-en-epoc\/#breadcrumb","itemListElement":[{"@type":"ListItem","position":1,"name":"Inicio","item":"https:\/\/frikisdelabici.com\/site\/"},{"@type":"ListItem","position":2,"name":"Gr\u00e1fica PMC basada en EPOC"}]},{"@type":"WebSite","@id":"https:\/\/frikisdelabici.com\/site\/#website","url":"https:\/\/frikisdelabici.com\/site\/","name":"frikisdelabici.com","description":"Noticias sobre ZWIFT, art\u00edculos sobre entrenamiento, carreras... de todo lo relacionado con el ciclista m\u00e1s friki","publisher":{"@id":"https:\/\/frikisdelabici.com\/site\/#\/schema\/person\/a7e0f7e0c1ecaf32b75491c779564593"},"potentialAction":[{"@type":"SearchAction","target":{"@type":"EntryPoint","urlTemplate":"https:\/\/frikisdelabici.com\/site\/?s={search_term_string}"},"query-input":{"@type":"PropertyValueSpecification","valueRequired":true,"valueName":"search_term_string"}}],"inLanguage":"es"},{"@type":["Person","Organization"],"@id":"https:\/\/frikisdelabici.com\/site\/#\/schema\/person\/a7e0f7e0c1ecaf32b75491c779564593","name":"Rub\u00e9n Fern\u00e1ndez","image":{"@type":"ImageObject","inLanguage":"es","@id":"https:\/\/frikisdelabici.com\/site\/#\/schema\/person\/image\/","url":"https:\/\/frikisdelabici.com\/site\/wp-content\/uploads\/2020\/03\/gran-fondo-san-sebastian-2017-4014569-48213-4286-1-scaled.jpg","contentUrl":"https:\/\/frikisdelabici.com\/site\/wp-content\/uploads\/2020\/03\/gran-fondo-san-sebastian-2017-4014569-48213-4286-1-scaled.jpg","width":2560,"height":1707,"caption":"Rub\u00e9n Fern\u00e1ndez"},"logo":{"@id":"https:\/\/frikisdelabici.com\/site\/#\/schema\/person\/image\/"},"url":"https:\/\/frikisdelabici.com\/site\/author\/rubenextra300\/"}]}},"_links":{"self":[{"href":"https:\/\/frikisdelabici.com\/site\/wp-json\/wp\/v2\/posts\/1119","targetHints":{"allow":["GET"]}}],"collection":[{"href":"https:\/\/frikisdelabici.com\/site\/wp-json\/wp\/v2\/posts"}],"about":[{"href":"https:\/\/frikisdelabici.com\/site\/wp-json\/wp\/v2\/types\/post"}],"author":[{"embeddable":true,"href":"https:\/\/frikisdelabici.com\/site\/wp-json\/wp\/v2\/users\/1"}],"replies":[{"embeddable":true,"href":"https:\/\/frikisdelabici.com\/site\/wp-json\/wp\/v2\/comments?post=1119"}],"version-history":[{"count":7,"href":"https:\/\/frikisdelabici.com\/site\/wp-json\/wp\/v2\/posts\/1119\/revisions"}],"predecessor-version":[{"id":2524,"href":"https:\/\/frikisdelabici.com\/site\/wp-json\/wp\/v2\/posts\/1119\/revisions\/2524"}],"wp:featuredmedia":[{"embeddable":true,"href":"https:\/\/frikisdelabici.com\/site\/wp-json\/wp\/v2\/media\/1183"}],"wp:attachment":[{"href":"https:\/\/frikisdelabici.com\/site\/wp-json\/wp\/v2\/media?parent=1119"}],"wp:term":[{"taxonomy":"category","embeddable":true,"href":"https:\/\/frikisdelabici.com\/site\/wp-json\/wp\/v2\/categories?post=1119"},{"taxonomy":"post_tag","embeddable":true,"href":"https:\/\/frikisdelabici.com\/site\/wp-json\/wp\/v2\/tags?post=1119"},{"taxonomy":"series","embeddable":true,"href":"https:\/\/frikisdelabici.com\/site\/wp-json\/wp\/v2\/series?post=1119"}],"curies":[{"name":"wp","href":"https:\/\/api.w.org\/{rel}","templated":true}]}}