{"id":13,"date":"2020-02-27T11:30:53","date_gmt":"2020-02-27T11:30:53","guid":{"rendered":"https:\/\/frikisdelabici.com\/site\/?p=13"},"modified":"2020-03-09T22:55:34","modified_gmt":"2020-03-09T21:55:34","slug":"ctl-carga-de-entrenamiento-o-estado-de-forma","status":"publish","type":"post","link":"https:\/\/frikisdelabici.com\/site\/ctl-carga-de-entrenamiento-o-estado-de-forma\/","title":{"rendered":"CTL &#8211; Carga de entrenamiento o estado de forma"},"content":{"rendered":"\n<p>Chronic Training Load o carga\nentrenamiento. Estos palabros nos van a permitir de alguna manera conocer\nnuestro estado de forma. B\u00e1sicamente se trata de un valor que nos indica cu\u00e1nto\nha estado entrenando un deportista hist\u00f3ricamente.<\/p>\n\n\n\n<p>Existen diversos factores que\nintervienen en el crecimiento de este valor: tanto la cantidad de carga de\nentrenamiento que realizamos a la semana, como el tipo de entrenamiento en s\u00ed.\nSi somos usuarios habituales de entrenamientos en rodillo, es m\u00e1s normal tener\nun CTL m\u00e1s bajo que una persona que entrena siempre en la calle. Sin embargo,\nno por ello estar\u00e1 peor entrenado.<\/p>\n\n\n\n<h2 class=\"wp-block-heading\"><strong>\u00bfCu\u00e1l es la\nmedida de tiempo en la que se basa indicador?<\/strong><\/h2>\n\n\n\n<p>El CTL calcula sus valores en\nfunci\u00f3n de la carga de entrenamiento de los \u00faltimos 42 d\u00edas o 6 semanas. Si\ndejamos de entrenar durante 42 d\u00edas, nuestro FTP descender\u00e1 a la mitad.<\/p>\n\n\n\n<h2 class=\"wp-block-heading\"><strong>\u00bfCu\u00e1les son los\nvalores a los que debemos aspirar?<\/strong><\/h2>\n\n\n\n<p>A nivel cicloturista depende,\ncomo siempre de diversos factores. Entre otras cosas, depender\u00e1 en gran medida\ndel punto de partida: si empiezo desde cero no puedo pretender alcanzar en 5\nmeses un CTL de 80 puntos (aunque pudiera) ya que esto supondr\u00eda unos niveles\nde estr\u00e9s para el organismo dif\u00edcilmemente soportables.<\/p>\n\n\n\n<p>En t\u00e9rminos generales, un CTL en\nel momento pico puede ser adecuado entre 60 y 80 puntos (como dec\u00eda antes,\ndepende del tipo y carga de entrenamiento) a nivel cicloturista. Por ejemplo,\nen mi caso, dado que mi tiempo es limitad\u00edsimo para entrenar y hago el 80% del\nentreno en rodillo, nunca he conseguido superar los 62 puntos de CTL. Pero no\npor ello he dejado de \u00abcodearme\u00bb con otros cicloturistas de mi nivel\ny con m\u00e1s tiempo para entrenar. Lo importante es estrenar BIEN. En el otro\nextremo cicloturista, podremos encontrar casos de deportistas de nivel\ncicloturista y que sin embargo son capaces de manejar CTLs de entre 80 y 100\npuntos. Aunque creo que estos casos habr\u00eda que tratarlos en su debido contexto,\ncreo que ya corresponde a perfiles no tan cicloturistas y m\u00e1s alineados con un\ncomponente de competici\u00f3n (categor\u00edas amateur).<\/p>\n\n\n\n<p>En cualquier caso, en t\u00e9rminos\ngenerales un ciclista profesional suele tener CTL de entre 90 y 150, en muchos\ncasos en funci\u00f3n del tipo de ciclista y el tipo de ciclismo que haga: un\nvelocista normalmente tendr\u00e1 CTLs alrededor de 100 y perfiles de gran fondo que\nse preparan carreras por etapas tender\u00e1n hacia los 150 puntos. No obstante,\npueden darse casos de \u00abbicharracos\u00bb capaces de alcanzar valores de\n160 a 175 puntos en las carreras de mayor exigencia por etapas.<\/p>\n\n\n\n<p>Otro componente importante a la hora de poner un tope al CTL, es la edad. Dicen los estudios que por encima de 40 a\u00f1os de edad es muy dif\u00edcil pasar de 100 puntos de CTL y, en los casos en los que f\u00edsicamente es posible, rara vez el deportista est\u00e1 por la labor o lo puede necesitar (aunque que se lo pregunten a Alejandro Valverde).<\/p>\n\n\n\n<h2 class=\"wp-block-heading\"><strong>\u00bfCu\u00e1l es el crecimiento adecuado de este indicador?<\/strong><\/h2>\n\n\n\n<p>Como siempre, cada deportista es un mundo. No obstante, en t\u00e9rminos generales el progreso sostenido al 5-8% semanal nos garantizar\u00e1 un crecimiento ordenado sin caer en el sobreentrenamiento ni en la fatiga excesiva. Simplemente, si conocemos de otras temporadas cu\u00e1les suelen son nuestros valores \u00f3ptimos en el pico de temporada, deberemos calcular nuestro plan para llegar con un CTL \u00f3ptimo al momento en el que lo necesitemos.<\/p>\n\n\n\n<h3 class=\"wp-block-heading\"><strong>Mantenimiento\ndel CTL<\/strong><\/h3>\n\n\n\n<p>En ocasiones puede suceder que\nnos hayamos pegado unas buenas sesiones de entrenamiento y estemos ciertamente\nfatigados como para hacer el siguiente entreno programado. Muchas veces el\nciclista suele pensar que si no sigue el plan programado, la temporada se\nechar\u00e1 a perder. Nada m\u00e1s lejos de la realidad. <\/p>\n\n\n\n<p>Para estas situaciones, si no queremos que nuestro CTL decaiga, se recomienda realizar una o dos sesiones de un par de horitas en zona 2, con una cadencia relajada y de manera que nos permita recuperarse incluso mentalmente (casi m\u00e1s importante recuperarse de la fatiga mental que de la f\u00edsica) y al d\u00eda siguiente continuar con el plan inicialmente previsto. Pero ojo, durante esas sesiones de relax tendremos enormes tentaciones de subir la intensidad por aquello del \u00abpues no estoy tan cansado\u00bb&#8230; \u00a1aguantad! Cuantas veces habr\u00e9 ca\u00eddo yo en la tentaci\u00f3n&#8230;<\/p>\n\n\n\n<figure class=\"wp-block-embed-youtube wp-block-embed is-type-video is-provider-youtube wp-embed-aspect-16-9 wp-has-aspect-ratio\"><div class=\"wp-block-embed__wrapper\">\n<iframe title=\"01 - Datos para entrenar en ciclismo: CTL, ATL, TSB y Sweet Spot\" width=\"640\" height=\"360\" data-src=\"https:\/\/www.youtube.com\/embed\/QnWpeGdkEZI?feature=oembed\" frameborder=\"0\" allow=\"accelerometer; autoplay; clipboard-write; encrypted-media; gyroscope; picture-in-picture; web-share\" referrerpolicy=\"strict-origin-when-cross-origin\" allowfullscreen src=\"data:image\/svg+xml;base64,PHN2ZyB3aWR0aD0iMSIgaGVpZ2h0PSIxIiB4bWxucz0iaHR0cDovL3d3dy53My5vcmcvMjAwMC9zdmciPjwvc3ZnPg==\" class=\"lazyload\" data-load-mode=\"1\"><\/iframe>\n<\/div><\/figure>\n","protected":false},"excerpt":{"rendered":"<p>Chronic Training Load o carga entrenamiento. Estos palabros nos van a permitir de alguna manera conocer nuestro estado de forma. B\u00e1sicamente se trata de un valor que nos indica cu\u00e1nto ha estado entrenando un deportista hist\u00f3ricamente. Existen diversos factores que intervienen en el crecimiento de este valor: tanto la cantidad de carga de entrenamiento que&#8230;<\/p>\n","protected":false},"author":1,"featured_media":14,"comment_status":"open","ping_status":"open","sticky":false,"template":"","format":"standard","meta":{"footnotes":""},"categories":[31],"tags":[7,14,18,9,6,10,23,8,16,28,26,19,25,21,22,29,12,15,2,13,11,24,17,5,27,20],"series":[],"class_list":["post-13","post","type-post","status-publish","format-standard","has-post-thumbnail","hentry","category-indicadores-de-entrenamiento","tag-assioma","tag-assioma-duo","tag-atl","tag-bici","tag-ciclismo","tag-como-empezar-a-usar-golden-cheetah","tag-como-entrenar-por-potencia","tag-como-usar-golden-cheetah","tag-como-usar-la-potencia-en-ciclismo","tag-como-usar-zwift","tag-comparar-entrenamientos","tag-ctl","tag-entrenamiento-ciclista","tag-garmin","tag-garmin-edge-1030","tag-golden-cheetah","tag-informes-de-entrenamiento-por-potencia","tag-pmc","tag-potencia","tag-potenciometro","tag-powertap","tag-ruben-fernandez","tag-tsb","tag-tutorial-de-golden-cheetah","tag-tutorial-de-zwift-en-espanol","tag-zwift-en-espanol"],"yoast_head":"<!-- This site is optimized with the Yoast SEO Premium plugin v18.4 (Yoast SEO v26.7) - https:\/\/yoast.com\/wordpress\/plugins\/seo\/ -->\n<title>CTL - Carga de entrenamiento o estado de forma - frikisdelabici.com<\/title>\n<meta name=\"description\" content=\"Chronic Training Load. Indicador que nos permitir\u00e1 conocer nuestro estado de forma y saber cu\u00e1nto ha estado entrenando un deportista hist\u00f3ricamente\" \/>\n<meta name=\"robots\" content=\"index, follow, max-snippet:-1, max-image-preview:large, max-video-preview:-1\" \/>\n<link rel=\"canonical\" href=\"https:\/\/frikisdelabici.com\/site\/ctl-carga-de-entrenamiento-o-estado-de-forma\/\" \/>\n<meta property=\"og:locale\" content=\"es_ES\" \/>\n<meta property=\"og:type\" content=\"article\" \/>\n<meta property=\"og:title\" content=\"CTL - Carga de entrenamiento o estado de forma\" \/>\n<meta property=\"og:description\" content=\"Chronic Training Load. Indicador que nos permitir\u00e1 conocer nuestro estado de forma y saber cu\u00e1nto ha estado entrenando un deportista hist\u00f3ricamente\" \/>\n<meta property=\"og:url\" content=\"https:\/\/frikisdelabici.com\/site\/ctl-carga-de-entrenamiento-o-estado-de-forma\/\" \/>\n<meta property=\"og:site_name\" content=\"frikisdelabici.com\" \/>\n<meta property=\"article:published_time\" content=\"2020-02-27T11:30:53+00:00\" \/>\n<meta property=\"article:modified_time\" content=\"2020-03-09T21:55:34+00:00\" \/>\n<meta property=\"og:image\" content=\"https:\/\/frikisdelabici.com\/site\/wp-content\/uploads\/2020\/02\/workout-713658_1920.jpg\" \/>\n\t<meta property=\"og:image:width\" content=\"1920\" \/>\n\t<meta property=\"og:image:height\" content=\"1277\" \/>\n\t<meta property=\"og:image:type\" content=\"image\/jpeg\" \/>\n<meta name=\"author\" content=\"Rub\u00e9n Fern\u00e1ndez\" \/>\n<meta name=\"twitter:card\" content=\"summary_large_image\" \/>\n<meta name=\"twitter:label1\" content=\"Escrito por\" \/>\n\t<meta name=\"twitter:data1\" content=\"Rub\u00e9n Fern\u00e1ndez\" \/>\n\t<meta name=\"twitter:label2\" content=\"Tiempo de lectura\" \/>\n\t<meta name=\"twitter:data2\" content=\"4 minutos\" \/>\n<script type=\"application\/ld+json\" class=\"yoast-schema-graph\">{\"@context\":\"https:\/\/schema.org\",\"@graph\":[{\"@type\":\"Article\",\"@id\":\"https:\/\/frikisdelabici.com\/site\/ctl-carga-de-entrenamiento-o-estado-de-forma\/#article\",\"isPartOf\":{\"@id\":\"https:\/\/frikisdelabici.com\/site\/ctl-carga-de-entrenamiento-o-estado-de-forma\/\"},\"author\":{\"name\":\"Rub\u00e9n Fern\u00e1ndez\",\"@id\":\"https:\/\/frikisdelabici.com\/site\/#\/schema\/person\/a7e0f7e0c1ecaf32b75491c779564593\"},\"headline\":\"CTL &#8211; Carga de entrenamiento o estado de forma\",\"datePublished\":\"2020-02-27T11:30:53+00:00\",\"dateModified\":\"2020-03-09T21:55:34+00:00\",\"mainEntityOfPage\":{\"@id\":\"https:\/\/frikisdelabici.com\/site\/ctl-carga-de-entrenamiento-o-estado-de-forma\/\"},\"wordCount\":744,\"commentCount\":3,\"publisher\":{\"@id\":\"https:\/\/frikisdelabici.com\/site\/#\/schema\/person\/a7e0f7e0c1ecaf32b75491c779564593\"},\"image\":{\"@id\":\"https:\/\/frikisdelabici.com\/site\/ctl-carga-de-entrenamiento-o-estado-de-forma\/#primaryimage\"},\"thumbnailUrl\":\"https:\/\/frikisdelabici.com\/site\/wp-content\/uploads\/2020\/02\/workout-713658_1920.jpg\",\"keywords\":[\"assioma\",\"assioma duo\",\"atl\",\"bici\",\"ciclismo\",\"c\u00f3mo empezar a usar golden cheetah\",\"como entrenar por potencia\",\"c\u00f3mo usar golden cheetah\",\"c\u00f3mo usar la potencia en ciclismo\",\"como usar zwift\",\"comparar entrenamientos\",\"ctl\",\"entrenamiento ciclista\",\"garmin\",\"garmin edge 1030\",\"golden cheetah\",\"informes de entrenamiento por potencia\",\"pmc\",\"potencia\",\"potenci\u00f3metro\",\"powertap\",\"ruben fernandez\",\"tsb\",\"tutorial de golden cheetah\",\"tutorial de zwift en espa\u00f1ol\",\"zwift en espa\u00f1ol\"],\"articleSection\":[\"Indicadores de entrenamiento\"],\"inLanguage\":\"es\",\"potentialAction\":[{\"@type\":\"CommentAction\",\"name\":\"Comment\",\"target\":[\"https:\/\/frikisdelabici.com\/site\/ctl-carga-de-entrenamiento-o-estado-de-forma\/#respond\"]}]},{\"@type\":\"WebPage\",\"@id\":\"https:\/\/frikisdelabici.com\/site\/ctl-carga-de-entrenamiento-o-estado-de-forma\/\",\"url\":\"https:\/\/frikisdelabici.com\/site\/ctl-carga-de-entrenamiento-o-estado-de-forma\/\",\"name\":\"CTL - Carga de entrenamiento o estado de forma - frikisdelabici.com\",\"isPartOf\":{\"@id\":\"https:\/\/frikisdelabici.com\/site\/#website\"},\"primaryImageOfPage\":{\"@id\":\"https:\/\/frikisdelabici.com\/site\/ctl-carga-de-entrenamiento-o-estado-de-forma\/#primaryimage\"},\"image\":{\"@id\":\"https:\/\/frikisdelabici.com\/site\/ctl-carga-de-entrenamiento-o-estado-de-forma\/#primaryimage\"},\"thumbnailUrl\":\"https:\/\/frikisdelabici.com\/site\/wp-content\/uploads\/2020\/02\/workout-713658_1920.jpg\",\"datePublished\":\"2020-02-27T11:30:53+00:00\",\"dateModified\":\"2020-03-09T21:55:34+00:00\",\"description\":\"Chronic Training Load. Indicador que nos permitir\u00e1 conocer nuestro estado de forma y saber cu\u00e1nto ha estado entrenando un deportista hist\u00f3ricamente\",\"breadcrumb\":{\"@id\":\"https:\/\/frikisdelabici.com\/site\/ctl-carga-de-entrenamiento-o-estado-de-forma\/#breadcrumb\"},\"inLanguage\":\"es\",\"potentialAction\":[{\"@type\":\"ReadAction\",\"target\":[\"https:\/\/frikisdelabici.com\/site\/ctl-carga-de-entrenamiento-o-estado-de-forma\/\"]}]},{\"@type\":\"ImageObject\",\"inLanguage\":\"es\",\"@id\":\"https:\/\/frikisdelabici.com\/site\/ctl-carga-de-entrenamiento-o-estado-de-forma\/#primaryimage\",\"url\":\"https:\/\/frikisdelabici.com\/site\/wp-content\/uploads\/2020\/02\/workout-713658_1920.jpg\",\"contentUrl\":\"https:\/\/frikisdelabici.com\/site\/wp-content\/uploads\/2020\/02\/workout-713658_1920.jpg\",\"width\":1920,\"height\":1277,\"caption\":\"ctl chronic training load\"},{\"@type\":\"BreadcrumbList\",\"@id\":\"https:\/\/frikisdelabici.com\/site\/ctl-carga-de-entrenamiento-o-estado-de-forma\/#breadcrumb\",\"itemListElement\":[{\"@type\":\"ListItem\",\"position\":1,\"name\":\"Inicio\",\"item\":\"https:\/\/frikisdelabici.com\/site\/\"},{\"@type\":\"ListItem\",\"position\":2,\"name\":\"CTL &#8211; Carga de entrenamiento o estado de forma\"}]},{\"@type\":\"WebSite\",\"@id\":\"https:\/\/frikisdelabici.com\/site\/#website\",\"url\":\"https:\/\/frikisdelabici.com\/site\/\",\"name\":\"frikisdelabici.com\",\"description\":\"Noticias sobre ZWIFT, art\u00edculos sobre entrenamiento, carreras... de todo lo relacionado con el ciclista m\u00e1s friki\",\"publisher\":{\"@id\":\"https:\/\/frikisdelabici.com\/site\/#\/schema\/person\/a7e0f7e0c1ecaf32b75491c779564593\"},\"potentialAction\":[{\"@type\":\"SearchAction\",\"target\":{\"@type\":\"EntryPoint\",\"urlTemplate\":\"https:\/\/frikisdelabici.com\/site\/?s={search_term_string}\"},\"query-input\":{\"@type\":\"PropertyValueSpecification\",\"valueRequired\":true,\"valueName\":\"search_term_string\"}}],\"inLanguage\":\"es\"},{\"@type\":[\"Person\",\"Organization\"],\"@id\":\"https:\/\/frikisdelabici.com\/site\/#\/schema\/person\/a7e0f7e0c1ecaf32b75491c779564593\",\"name\":\"Rub\u00e9n Fern\u00e1ndez\",\"image\":{\"@type\":\"ImageObject\",\"inLanguage\":\"es\",\"@id\":\"https:\/\/frikisdelabici.com\/site\/#\/schema\/person\/image\/\",\"url\":\"https:\/\/frikisdelabici.com\/site\/wp-content\/uploads\/2020\/03\/gran-fondo-san-sebastian-2017-4014569-48213-4286-1-scaled.jpg\",\"contentUrl\":\"https:\/\/frikisdelabici.com\/site\/wp-content\/uploads\/2020\/03\/gran-fondo-san-sebastian-2017-4014569-48213-4286-1-scaled.jpg\",\"width\":2560,\"height\":1707,\"caption\":\"Rub\u00e9n Fern\u00e1ndez\"},\"logo\":{\"@id\":\"https:\/\/frikisdelabici.com\/site\/#\/schema\/person\/image\/\"},\"url\":\"https:\/\/frikisdelabici.com\/site\/author\/rubenextra300\/\"}]}<\/script>\n<!-- \/ Yoast SEO Premium plugin. -->","yoast_head_json":{"title":"CTL - Carga de entrenamiento o estado de forma - frikisdelabici.com","description":"Chronic Training Load. Indicador que nos permitir\u00e1 conocer nuestro estado de forma y saber cu\u00e1nto ha estado entrenando un deportista hist\u00f3ricamente","robots":{"index":"index","follow":"follow","max-snippet":"max-snippet:-1","max-image-preview":"max-image-preview:large","max-video-preview":"max-video-preview:-1"},"canonical":"https:\/\/frikisdelabici.com\/site\/ctl-carga-de-entrenamiento-o-estado-de-forma\/","og_locale":"es_ES","og_type":"article","og_title":"CTL - Carga de entrenamiento o estado de forma","og_description":"Chronic Training Load. Indicador que nos permitir\u00e1 conocer nuestro estado de forma y saber cu\u00e1nto ha estado entrenando un deportista hist\u00f3ricamente","og_url":"https:\/\/frikisdelabici.com\/site\/ctl-carga-de-entrenamiento-o-estado-de-forma\/","og_site_name":"frikisdelabici.com","article_published_time":"2020-02-27T11:30:53+00:00","article_modified_time":"2020-03-09T21:55:34+00:00","og_image":[{"width":1920,"height":1277,"url":"https:\/\/frikisdelabici.com\/site\/wp-content\/uploads\/2020\/02\/workout-713658_1920.jpg","type":"image\/jpeg"}],"author":"Rub\u00e9n Fern\u00e1ndez","twitter_card":"summary_large_image","twitter_misc":{"Escrito por":"Rub\u00e9n Fern\u00e1ndez","Tiempo de lectura":"4 minutos"},"schema":{"@context":"https:\/\/schema.org","@graph":[{"@type":"Article","@id":"https:\/\/frikisdelabici.com\/site\/ctl-carga-de-entrenamiento-o-estado-de-forma\/#article","isPartOf":{"@id":"https:\/\/frikisdelabici.com\/site\/ctl-carga-de-entrenamiento-o-estado-de-forma\/"},"author":{"name":"Rub\u00e9n Fern\u00e1ndez","@id":"https:\/\/frikisdelabici.com\/site\/#\/schema\/person\/a7e0f7e0c1ecaf32b75491c779564593"},"headline":"CTL &#8211; Carga de entrenamiento o estado de forma","datePublished":"2020-02-27T11:30:53+00:00","dateModified":"2020-03-09T21:55:34+00:00","mainEntityOfPage":{"@id":"https:\/\/frikisdelabici.com\/site\/ctl-carga-de-entrenamiento-o-estado-de-forma\/"},"wordCount":744,"commentCount":3,"publisher":{"@id":"https:\/\/frikisdelabici.com\/site\/#\/schema\/person\/a7e0f7e0c1ecaf32b75491c779564593"},"image":{"@id":"https:\/\/frikisdelabici.com\/site\/ctl-carga-de-entrenamiento-o-estado-de-forma\/#primaryimage"},"thumbnailUrl":"https:\/\/frikisdelabici.com\/site\/wp-content\/uploads\/2020\/02\/workout-713658_1920.jpg","keywords":["assioma","assioma duo","atl","bici","ciclismo","c\u00f3mo empezar a usar golden cheetah","como entrenar por potencia","c\u00f3mo usar golden cheetah","c\u00f3mo usar la potencia en ciclismo","como usar zwift","comparar entrenamientos","ctl","entrenamiento ciclista","garmin","garmin edge 1030","golden cheetah","informes de entrenamiento por potencia","pmc","potencia","potenci\u00f3metro","powertap","ruben fernandez","tsb","tutorial de golden cheetah","tutorial de zwift en espa\u00f1ol","zwift en espa\u00f1ol"],"articleSection":["Indicadores de entrenamiento"],"inLanguage":"es","potentialAction":[{"@type":"CommentAction","name":"Comment","target":["https:\/\/frikisdelabici.com\/site\/ctl-carga-de-entrenamiento-o-estado-de-forma\/#respond"]}]},{"@type":"WebPage","@id":"https:\/\/frikisdelabici.com\/site\/ctl-carga-de-entrenamiento-o-estado-de-forma\/","url":"https:\/\/frikisdelabici.com\/site\/ctl-carga-de-entrenamiento-o-estado-de-forma\/","name":"CTL - Carga de entrenamiento o estado de forma - frikisdelabici.com","isPartOf":{"@id":"https:\/\/frikisdelabici.com\/site\/#website"},"primaryImageOfPage":{"@id":"https:\/\/frikisdelabici.com\/site\/ctl-carga-de-entrenamiento-o-estado-de-forma\/#primaryimage"},"image":{"@id":"https:\/\/frikisdelabici.com\/site\/ctl-carga-de-entrenamiento-o-estado-de-forma\/#primaryimage"},"thumbnailUrl":"https:\/\/frikisdelabici.com\/site\/wp-content\/uploads\/2020\/02\/workout-713658_1920.jpg","datePublished":"2020-02-27T11:30:53+00:00","dateModified":"2020-03-09T21:55:34+00:00","description":"Chronic Training Load. Indicador que nos permitir\u00e1 conocer nuestro estado de forma y saber cu\u00e1nto ha estado entrenando un deportista hist\u00f3ricamente","breadcrumb":{"@id":"https:\/\/frikisdelabici.com\/site\/ctl-carga-de-entrenamiento-o-estado-de-forma\/#breadcrumb"},"inLanguage":"es","potentialAction":[{"@type":"ReadAction","target":["https:\/\/frikisdelabici.com\/site\/ctl-carga-de-entrenamiento-o-estado-de-forma\/"]}]},{"@type":"ImageObject","inLanguage":"es","@id":"https:\/\/frikisdelabici.com\/site\/ctl-carga-de-entrenamiento-o-estado-de-forma\/#primaryimage","url":"https:\/\/frikisdelabici.com\/site\/wp-content\/uploads\/2020\/02\/workout-713658_1920.jpg","contentUrl":"https:\/\/frikisdelabici.com\/site\/wp-content\/uploads\/2020\/02\/workout-713658_1920.jpg","width":1920,"height":1277,"caption":"ctl chronic training load"},{"@type":"BreadcrumbList","@id":"https:\/\/frikisdelabici.com\/site\/ctl-carga-de-entrenamiento-o-estado-de-forma\/#breadcrumb","itemListElement":[{"@type":"ListItem","position":1,"name":"Inicio","item":"https:\/\/frikisdelabici.com\/site\/"},{"@type":"ListItem","position":2,"name":"CTL &#8211; Carga de entrenamiento o estado de forma"}]},{"@type":"WebSite","@id":"https:\/\/frikisdelabici.com\/site\/#website","url":"https:\/\/frikisdelabici.com\/site\/","name":"frikisdelabici.com","description":"Noticias sobre ZWIFT, art\u00edculos sobre entrenamiento, carreras... de todo lo relacionado con el ciclista m\u00e1s friki","publisher":{"@id":"https:\/\/frikisdelabici.com\/site\/#\/schema\/person\/a7e0f7e0c1ecaf32b75491c779564593"},"potentialAction":[{"@type":"SearchAction","target":{"@type":"EntryPoint","urlTemplate":"https:\/\/frikisdelabici.com\/site\/?s={search_term_string}"},"query-input":{"@type":"PropertyValueSpecification","valueRequired":true,"valueName":"search_term_string"}}],"inLanguage":"es"},{"@type":["Person","Organization"],"@id":"https:\/\/frikisdelabici.com\/site\/#\/schema\/person\/a7e0f7e0c1ecaf32b75491c779564593","name":"Rub\u00e9n Fern\u00e1ndez","image":{"@type":"ImageObject","inLanguage":"es","@id":"https:\/\/frikisdelabici.com\/site\/#\/schema\/person\/image\/","url":"https:\/\/frikisdelabici.com\/site\/wp-content\/uploads\/2020\/03\/gran-fondo-san-sebastian-2017-4014569-48213-4286-1-scaled.jpg","contentUrl":"https:\/\/frikisdelabici.com\/site\/wp-content\/uploads\/2020\/03\/gran-fondo-san-sebastian-2017-4014569-48213-4286-1-scaled.jpg","width":2560,"height":1707,"caption":"Rub\u00e9n Fern\u00e1ndez"},"logo":{"@id":"https:\/\/frikisdelabici.com\/site\/#\/schema\/person\/image\/"},"url":"https:\/\/frikisdelabici.com\/site\/author\/rubenextra300\/"}]}},"_links":{"self":[{"href":"https:\/\/frikisdelabici.com\/site\/wp-json\/wp\/v2\/posts\/13","targetHints":{"allow":["GET"]}}],"collection":[{"href":"https:\/\/frikisdelabici.com\/site\/wp-json\/wp\/v2\/posts"}],"about":[{"href":"https:\/\/frikisdelabici.com\/site\/wp-json\/wp\/v2\/types\/post"}],"author":[{"embeddable":true,"href":"https:\/\/frikisdelabici.com\/site\/wp-json\/wp\/v2\/users\/1"}],"replies":[{"embeddable":true,"href":"https:\/\/frikisdelabici.com\/site\/wp-json\/wp\/v2\/comments?post=13"}],"version-history":[{"count":4,"href":"https:\/\/frikisdelabici.com\/site\/wp-json\/wp\/v2\/posts\/13\/revisions"}],"predecessor-version":[{"id":461,"href":"https:\/\/frikisdelabici.com\/site\/wp-json\/wp\/v2\/posts\/13\/revisions\/461"}],"wp:featuredmedia":[{"embeddable":true,"href":"https:\/\/frikisdelabici.com\/site\/wp-json\/wp\/v2\/media\/14"}],"wp:attachment":[{"href":"https:\/\/frikisdelabici.com\/site\/wp-json\/wp\/v2\/media?parent=13"}],"wp:term":[{"taxonomy":"category","embeddable":true,"href":"https:\/\/frikisdelabici.com\/site\/wp-json\/wp\/v2\/categories?post=13"},{"taxonomy":"post_tag","embeddable":true,"href":"https:\/\/frikisdelabici.com\/site\/wp-json\/wp\/v2\/tags?post=13"},{"taxonomy":"series","embeddable":true,"href":"https:\/\/frikisdelabici.com\/site\/wp-json\/wp\/v2\/series?post=13"}],"curies":[{"name":"wp","href":"https:\/\/api.w.org\/{rel}","templated":true}]}}