{"id":1522,"date":"2023-01-23T18:11:57","date_gmt":"2023-01-23T18:11:57","guid":{"rendered":"https:\/\/frikisdelabici.com\/site\/1x16-capo-abierto-fernando-sanchoyarto-viva-el-ultracycling\/"},"modified":"2023-01-23T18:11:57","modified_gmt":"2023-01-23T18:11:57","slug":"1x16-capo-abierto-fernando-sanchoyarto-viva-el-ultracycling","status":"publish","type":"post","link":"https:\/\/frikisdelabici.com\/site\/1x16-capo-abierto-fernando-sanchoyarto-viva-el-ultracycling\/","title":{"rendered":"1&#215;16 Cap\u00f3 Abierto &#8211; Fernando Sanchoyarto. Viva el ultracycling"},"content":{"rendered":"\r\n                \r\n                <figure class=\"wp-block-embed-youtube wp-block-embed is-type-video is-provider-youtube\"><div class=\"wp-block-embed__wrapper\"> \r\n                <iframe title=\"1x16 Cap\u00f3 Abierto - Fernando Sanchoyarto. Viva el ultracycling\" width=\"640\" height=\"360\" data-src=\"https:\/\/www.youtube.com\/embed\/8XCXxDF9mLM?feature=oembed\" frameborder=\"0\" allow=\"accelerometer; autoplay; clipboard-write; encrypted-media; gyroscope; picture-in-picture; web-share\" referrerpolicy=\"strict-origin-when-cross-origin\" allowfullscreen src=\"data:image\/svg+xml;base64,PHN2ZyB3aWR0aD0iMSIgaGVpZ2h0PSIxIiB4bWxucz0iaHR0cDovL3d3dy53My5vcmcvMjAwMC9zdmciPjwvc3ZnPg==\" class=\"lazyload\" data-load-mode=\"1\"><\/iframe>\r\n                <\/div><\/figure>\r\n                Hoy nos acompa\u00f1a un ser de luz del ciclismo. Conocer a Fernando es un lujazo. Es un ciclista al que le encanta la aventura, la autosuficiencia y, por qu\u00e9 no decirlo, meterse en l\u00edos acompa\u00f1ado simplemente de su bicicleta. <br \/>\nNo te lo pierdas&#8230; no te dejar\u00e1 indiferente y es posible que te haga pensar.<br \/>\n<br \/>\nOtros v\u00eddeos interesantes de Cap\u00f3 Abierto:<br \/>\nBiciLAB: https:\/\/www.youtube.com\/watch?v=ollC1ofkea0<br \/>\n\u00d3scar Pujol: https:\/\/www.youtube.com\/watch?v=X0iGaGSOSvY<br \/>\nUnai Yus: https:\/\/www.youtube.com\/watch?v=eD2_Nvu1OQI<br \/>\n<br \/>\n\u00a1Suscr\u00edbete a este canal y as\u00ed no te perder\u00e1s nada! Dale aqu\u00ed: https:\/\/www.youtube.com\/channel\/UCqs9h1nVVC7spAy_3xmlqQQ","protected":false},"excerpt":{"rendered":"<p>Hoy nos acompa\u00f1a un ser de luz del ciclismo. Conocer a Fernando es un lujazo. Es un ciclista al que le encanta la aventura, la autosuficiencia y, por qu\u00e9 no decirlo, meterse en l\u00edos acompa\u00f1ado simplemente de su bicicleta. No te lo pierdas&#8230; no te dejar\u00e1 indiferente y es posible que te haga pensar. Otros&#8230;<\/p>\n","protected":false},"author":1,"featured_media":1523,"comment_status":"open","ping_status":"open","sticky":false,"template":"","format":"video","meta":{"footnotes":""},"categories":[373],"tags":[],"series":[],"class_list":["post-1522","post","type-post","status-publish","format-video","has-post-thumbnail","hentry","category-capo-abierto","post_format-post-format-video"],"yoast_head":"<!-- This site is optimized with the Yoast SEO Premium plugin v18.4 (Yoast SEO v26.7) - https:\/\/yoast.com\/wordpress\/plugins\/seo\/ -->\n<title>1x16 Cap\u00f3 Abierto - Fernando Sanchoyarto. Viva el ultracycling - frikisdelabici.com<\/title>\n<meta name=\"robots\" content=\"index, follow, max-snippet:-1, max-image-preview:large, max-video-preview:-1\" \/>\n<link rel=\"canonical\" href=\"https:\/\/frikisdelabici.com\/site\/1x16-capo-abierto-fernando-sanchoyarto-viva-el-ultracycling\/\" \/>\n<meta property=\"og:locale\" content=\"es_ES\" \/>\n<meta property=\"og:type\" content=\"article\" \/>\n<meta property=\"og:title\" content=\"1x16 Cap\u00f3 Abierto - Fernando Sanchoyarto. Viva el ultracycling\" \/>\n<meta property=\"og:description\" content=\"Hoy nos acompa\u00f1a un ser de luz del ciclismo. Conocer a Fernando es un lujazo. Es un ciclista al que le encanta la aventura, la autosuficiencia y, por qu\u00e9 no decirlo, meterse en l\u00edos acompa\u00f1ado simplemente de su bicicleta. No te lo pierdas&#8230; no te dejar\u00e1 indiferente y es posible que te haga pensar. Otros...\" \/>\n<meta property=\"og:url\" content=\"https:\/\/frikisdelabici.com\/site\/1x16-capo-abierto-fernando-sanchoyarto-viva-el-ultracycling\/\" \/>\n<meta property=\"og:site_name\" content=\"frikisdelabici.com\" \/>\n<meta property=\"article:published_time\" content=\"2023-01-23T18:11:57+00:00\" \/>\n<meta property=\"og:image\" content=\"https:\/\/frikisdelabici.com\/site\/wp-content\/uploads\/2023\/01\/maxresdefault-2.jpg\" \/>\n\t<meta property=\"og:image:width\" content=\"1280\" \/>\n\t<meta property=\"og:image:height\" content=\"720\" \/>\n\t<meta property=\"og:image:type\" content=\"image\/jpeg\" \/>\n<meta name=\"author\" content=\"Rub\u00e9n Fern\u00e1ndez\" \/>\n<meta name=\"twitter:card\" content=\"summary_large_image\" \/>\n<meta name=\"twitter:label1\" content=\"Escrito por\" \/>\n\t<meta name=\"twitter:data1\" content=\"Rub\u00e9n Fern\u00e1ndez\" \/>\n\t<meta name=\"twitter:label2\" content=\"Tiempo de lectura\" \/>\n\t<meta name=\"twitter:data2\" content=\"1 minuto\" \/>\n<script type=\"application\/ld+json\" class=\"yoast-schema-graph\">{\"@context\":\"https:\/\/schema.org\",\"@graph\":[{\"@type\":\"Article\",\"@id\":\"https:\/\/frikisdelabici.com\/site\/1x16-capo-abierto-fernando-sanchoyarto-viva-el-ultracycling\/#article\",\"isPartOf\":{\"@id\":\"https:\/\/frikisdelabici.com\/site\/1x16-capo-abierto-fernando-sanchoyarto-viva-el-ultracycling\/\"},\"author\":{\"name\":\"Rub\u00e9n Fern\u00e1ndez\",\"@id\":\"https:\/\/frikisdelabici.com\/site\/#\/schema\/person\/a7e0f7e0c1ecaf32b75491c779564593\"},\"headline\":\"1&#215;16 Cap\u00f3 Abierto &#8211; Fernando Sanchoyarto. Viva el ultracycling\",\"datePublished\":\"2023-01-23T18:11:57+00:00\",\"mainEntityOfPage\":{\"@id\":\"https:\/\/frikisdelabici.com\/site\/1x16-capo-abierto-fernando-sanchoyarto-viva-el-ultracycling\/\"},\"wordCount\":135,\"commentCount\":0,\"publisher\":{\"@id\":\"https:\/\/frikisdelabici.com\/site\/#\/schema\/person\/a7e0f7e0c1ecaf32b75491c779564593\"},\"image\":{\"@id\":\"https:\/\/frikisdelabici.com\/site\/1x16-capo-abierto-fernando-sanchoyarto-viva-el-ultracycling\/#primaryimage\"},\"thumbnailUrl\":\"https:\/\/frikisdelabici.com\/site\/wp-content\/uploads\/2023\/01\/maxresdefault-2.jpg\",\"articleSection\":[\"Cap\u00f3 Abierto\"],\"inLanguage\":\"es\",\"potentialAction\":[{\"@type\":\"CommentAction\",\"name\":\"Comment\",\"target\":[\"https:\/\/frikisdelabici.com\/site\/1x16-capo-abierto-fernando-sanchoyarto-viva-el-ultracycling\/#respond\"]}]},{\"@type\":\"WebPage\",\"@id\":\"https:\/\/frikisdelabici.com\/site\/1x16-capo-abierto-fernando-sanchoyarto-viva-el-ultracycling\/\",\"url\":\"https:\/\/frikisdelabici.com\/site\/1x16-capo-abierto-fernando-sanchoyarto-viva-el-ultracycling\/\",\"name\":\"1x16 Cap\u00f3 Abierto - Fernando Sanchoyarto. Viva el ultracycling - frikisdelabici.com\",\"isPartOf\":{\"@id\":\"https:\/\/frikisdelabici.com\/site\/#website\"},\"primaryImageOfPage\":{\"@id\":\"https:\/\/frikisdelabici.com\/site\/1x16-capo-abierto-fernando-sanchoyarto-viva-el-ultracycling\/#primaryimage\"},\"image\":{\"@id\":\"https:\/\/frikisdelabici.com\/site\/1x16-capo-abierto-fernando-sanchoyarto-viva-el-ultracycling\/#primaryimage\"},\"thumbnailUrl\":\"https:\/\/frikisdelabici.com\/site\/wp-content\/uploads\/2023\/01\/maxresdefault-2.jpg\",\"datePublished\":\"2023-01-23T18:11:57+00:00\",\"breadcrumb\":{\"@id\":\"https:\/\/frikisdelabici.com\/site\/1x16-capo-abierto-fernando-sanchoyarto-viva-el-ultracycling\/#breadcrumb\"},\"inLanguage\":\"es\",\"potentialAction\":[{\"@type\":\"ReadAction\",\"target\":[\"https:\/\/frikisdelabici.com\/site\/1x16-capo-abierto-fernando-sanchoyarto-viva-el-ultracycling\/\"]}]},{\"@type\":\"ImageObject\",\"inLanguage\":\"es\",\"@id\":\"https:\/\/frikisdelabici.com\/site\/1x16-capo-abierto-fernando-sanchoyarto-viva-el-ultracycling\/#primaryimage\",\"url\":\"https:\/\/frikisdelabici.com\/site\/wp-content\/uploads\/2023\/01\/maxresdefault-2.jpg\",\"contentUrl\":\"https:\/\/frikisdelabici.com\/site\/wp-content\/uploads\/2023\/01\/maxresdefault-2.jpg\",\"width\":1280,\"height\":720},{\"@type\":\"BreadcrumbList\",\"@id\":\"https:\/\/frikisdelabici.com\/site\/1x16-capo-abierto-fernando-sanchoyarto-viva-el-ultracycling\/#breadcrumb\",\"itemListElement\":[{\"@type\":\"ListItem\",\"position\":1,\"name\":\"Inicio\",\"item\":\"https:\/\/frikisdelabici.com\/site\/\"},{\"@type\":\"ListItem\",\"position\":2,\"name\":\"1&#215;16 Cap\u00f3 Abierto &#8211; Fernando Sanchoyarto. Viva el ultracycling\"}]},{\"@type\":\"WebSite\",\"@id\":\"https:\/\/frikisdelabici.com\/site\/#website\",\"url\":\"https:\/\/frikisdelabici.com\/site\/\",\"name\":\"frikisdelabici.com\",\"description\":\"Noticias sobre ZWIFT, art\u00edculos sobre entrenamiento, carreras... de todo lo relacionado con el ciclista m\u00e1s friki\",\"publisher\":{\"@id\":\"https:\/\/frikisdelabici.com\/site\/#\/schema\/person\/a7e0f7e0c1ecaf32b75491c779564593\"},\"potentialAction\":[{\"@type\":\"SearchAction\",\"target\":{\"@type\":\"EntryPoint\",\"urlTemplate\":\"https:\/\/frikisdelabici.com\/site\/?s={search_term_string}\"},\"query-input\":{\"@type\":\"PropertyValueSpecification\",\"valueRequired\":true,\"valueName\":\"search_term_string\"}}],\"inLanguage\":\"es\"},{\"@type\":[\"Person\",\"Organization\"],\"@id\":\"https:\/\/frikisdelabici.com\/site\/#\/schema\/person\/a7e0f7e0c1ecaf32b75491c779564593\",\"name\":\"Rub\u00e9n Fern\u00e1ndez\",\"image\":{\"@type\":\"ImageObject\",\"inLanguage\":\"es\",\"@id\":\"https:\/\/frikisdelabici.com\/site\/#\/schema\/person\/image\/\",\"url\":\"https:\/\/frikisdelabici.com\/site\/wp-content\/uploads\/2020\/03\/gran-fondo-san-sebastian-2017-4014569-48213-4286-1-scaled.jpg\",\"contentUrl\":\"https:\/\/frikisdelabici.com\/site\/wp-content\/uploads\/2020\/03\/gran-fondo-san-sebastian-2017-4014569-48213-4286-1-scaled.jpg\",\"width\":2560,\"height\":1707,\"caption\":\"Rub\u00e9n Fern\u00e1ndez\"},\"logo\":{\"@id\":\"https:\/\/frikisdelabici.com\/site\/#\/schema\/person\/image\/\"},\"url\":\"https:\/\/frikisdelabici.com\/site\/author\/rubenextra300\/\"}]}<\/script>\n<!-- \/ Yoast SEO Premium plugin. -->","yoast_head_json":{"title":"1x16 Cap\u00f3 Abierto - Fernando Sanchoyarto. Viva el ultracycling - frikisdelabici.com","robots":{"index":"index","follow":"follow","max-snippet":"max-snippet:-1","max-image-preview":"max-image-preview:large","max-video-preview":"max-video-preview:-1"},"canonical":"https:\/\/frikisdelabici.com\/site\/1x16-capo-abierto-fernando-sanchoyarto-viva-el-ultracycling\/","og_locale":"es_ES","og_type":"article","og_title":"1x16 Cap\u00f3 Abierto - Fernando Sanchoyarto. Viva el ultracycling","og_description":"Hoy nos acompa\u00f1a un ser de luz del ciclismo. Conocer a Fernando es un lujazo. Es un ciclista al que le encanta la aventura, la autosuficiencia y, por qu\u00e9 no decirlo, meterse en l\u00edos acompa\u00f1ado simplemente de su bicicleta. No te lo pierdas&#8230; no te dejar\u00e1 indiferente y es posible que te haga pensar. Otros...","og_url":"https:\/\/frikisdelabici.com\/site\/1x16-capo-abierto-fernando-sanchoyarto-viva-el-ultracycling\/","og_site_name":"frikisdelabici.com","article_published_time":"2023-01-23T18:11:57+00:00","og_image":[{"width":1280,"height":720,"url":"https:\/\/frikisdelabici.com\/site\/wp-content\/uploads\/2023\/01\/maxresdefault-2.jpg","type":"image\/jpeg"}],"author":"Rub\u00e9n Fern\u00e1ndez","twitter_card":"summary_large_image","twitter_misc":{"Escrito por":"Rub\u00e9n Fern\u00e1ndez","Tiempo de lectura":"1 minuto"},"schema":{"@context":"https:\/\/schema.org","@graph":[{"@type":"Article","@id":"https:\/\/frikisdelabici.com\/site\/1x16-capo-abierto-fernando-sanchoyarto-viva-el-ultracycling\/#article","isPartOf":{"@id":"https:\/\/frikisdelabici.com\/site\/1x16-capo-abierto-fernando-sanchoyarto-viva-el-ultracycling\/"},"author":{"name":"Rub\u00e9n Fern\u00e1ndez","@id":"https:\/\/frikisdelabici.com\/site\/#\/schema\/person\/a7e0f7e0c1ecaf32b75491c779564593"},"headline":"1&#215;16 Cap\u00f3 Abierto &#8211; Fernando Sanchoyarto. Viva el ultracycling","datePublished":"2023-01-23T18:11:57+00:00","mainEntityOfPage":{"@id":"https:\/\/frikisdelabici.com\/site\/1x16-capo-abierto-fernando-sanchoyarto-viva-el-ultracycling\/"},"wordCount":135,"commentCount":0,"publisher":{"@id":"https:\/\/frikisdelabici.com\/site\/#\/schema\/person\/a7e0f7e0c1ecaf32b75491c779564593"},"image":{"@id":"https:\/\/frikisdelabici.com\/site\/1x16-capo-abierto-fernando-sanchoyarto-viva-el-ultracycling\/#primaryimage"},"thumbnailUrl":"https:\/\/frikisdelabici.com\/site\/wp-content\/uploads\/2023\/01\/maxresdefault-2.jpg","articleSection":["Cap\u00f3 Abierto"],"inLanguage":"es","potentialAction":[{"@type":"CommentAction","name":"Comment","target":["https:\/\/frikisdelabici.com\/site\/1x16-capo-abierto-fernando-sanchoyarto-viva-el-ultracycling\/#respond"]}]},{"@type":"WebPage","@id":"https:\/\/frikisdelabici.com\/site\/1x16-capo-abierto-fernando-sanchoyarto-viva-el-ultracycling\/","url":"https:\/\/frikisdelabici.com\/site\/1x16-capo-abierto-fernando-sanchoyarto-viva-el-ultracycling\/","name":"1x16 Cap\u00f3 Abierto - Fernando Sanchoyarto. Viva el ultracycling - frikisdelabici.com","isPartOf":{"@id":"https:\/\/frikisdelabici.com\/site\/#website"},"primaryImageOfPage":{"@id":"https:\/\/frikisdelabici.com\/site\/1x16-capo-abierto-fernando-sanchoyarto-viva-el-ultracycling\/#primaryimage"},"image":{"@id":"https:\/\/frikisdelabici.com\/site\/1x16-capo-abierto-fernando-sanchoyarto-viva-el-ultracycling\/#primaryimage"},"thumbnailUrl":"https:\/\/frikisdelabici.com\/site\/wp-content\/uploads\/2023\/01\/maxresdefault-2.jpg","datePublished":"2023-01-23T18:11:57+00:00","breadcrumb":{"@id":"https:\/\/frikisdelabici.com\/site\/1x16-capo-abierto-fernando-sanchoyarto-viva-el-ultracycling\/#breadcrumb"},"inLanguage":"es","potentialAction":[{"@type":"ReadAction","target":["https:\/\/frikisdelabici.com\/site\/1x16-capo-abierto-fernando-sanchoyarto-viva-el-ultracycling\/"]}]},{"@type":"ImageObject","inLanguage":"es","@id":"https:\/\/frikisdelabici.com\/site\/1x16-capo-abierto-fernando-sanchoyarto-viva-el-ultracycling\/#primaryimage","url":"https:\/\/frikisdelabici.com\/site\/wp-content\/uploads\/2023\/01\/maxresdefault-2.jpg","contentUrl":"https:\/\/frikisdelabici.com\/site\/wp-content\/uploads\/2023\/01\/maxresdefault-2.jpg","width":1280,"height":720},{"@type":"BreadcrumbList","@id":"https:\/\/frikisdelabici.com\/site\/1x16-capo-abierto-fernando-sanchoyarto-viva-el-ultracycling\/#breadcrumb","itemListElement":[{"@type":"ListItem","position":1,"name":"Inicio","item":"https:\/\/frikisdelabici.com\/site\/"},{"@type":"ListItem","position":2,"name":"1&#215;16 Cap\u00f3 Abierto &#8211; Fernando Sanchoyarto. Viva el ultracycling"}]},{"@type":"WebSite","@id":"https:\/\/frikisdelabici.com\/site\/#website","url":"https:\/\/frikisdelabici.com\/site\/","name":"frikisdelabici.com","description":"Noticias sobre ZWIFT, art\u00edculos sobre entrenamiento, carreras... de todo lo relacionado con el ciclista m\u00e1s friki","publisher":{"@id":"https:\/\/frikisdelabici.com\/site\/#\/schema\/person\/a7e0f7e0c1ecaf32b75491c779564593"},"potentialAction":[{"@type":"SearchAction","target":{"@type":"EntryPoint","urlTemplate":"https:\/\/frikisdelabici.com\/site\/?s={search_term_string}"},"query-input":{"@type":"PropertyValueSpecification","valueRequired":true,"valueName":"search_term_string"}}],"inLanguage":"es"},{"@type":["Person","Organization"],"@id":"https:\/\/frikisdelabici.com\/site\/#\/schema\/person\/a7e0f7e0c1ecaf32b75491c779564593","name":"Rub\u00e9n Fern\u00e1ndez","image":{"@type":"ImageObject","inLanguage":"es","@id":"https:\/\/frikisdelabici.com\/site\/#\/schema\/person\/image\/","url":"https:\/\/frikisdelabici.com\/site\/wp-content\/uploads\/2020\/03\/gran-fondo-san-sebastian-2017-4014569-48213-4286-1-scaled.jpg","contentUrl":"https:\/\/frikisdelabici.com\/site\/wp-content\/uploads\/2020\/03\/gran-fondo-san-sebastian-2017-4014569-48213-4286-1-scaled.jpg","width":2560,"height":1707,"caption":"Rub\u00e9n Fern\u00e1ndez"},"logo":{"@id":"https:\/\/frikisdelabici.com\/site\/#\/schema\/person\/image\/"},"url":"https:\/\/frikisdelabici.com\/site\/author\/rubenextra300\/"}]}},"_links":{"self":[{"href":"https:\/\/frikisdelabici.com\/site\/wp-json\/wp\/v2\/posts\/1522","targetHints":{"allow":["GET"]}}],"collection":[{"href":"https:\/\/frikisdelabici.com\/site\/wp-json\/wp\/v2\/posts"}],"about":[{"href":"https:\/\/frikisdelabici.com\/site\/wp-json\/wp\/v2\/types\/post"}],"author":[{"embeddable":true,"href":"https:\/\/frikisdelabici.com\/site\/wp-json\/wp\/v2\/users\/1"}],"replies":[{"embeddable":true,"href":"https:\/\/frikisdelabici.com\/site\/wp-json\/wp\/v2\/comments?post=1522"}],"version-history":[{"count":0,"href":"https:\/\/frikisdelabici.com\/site\/wp-json\/wp\/v2\/posts\/1522\/revisions"}],"wp:featuredmedia":[{"embeddable":true,"href":"https:\/\/frikisdelabici.com\/site\/wp-json\/wp\/v2\/media\/1523"}],"wp:attachment":[{"href":"https:\/\/frikisdelabici.com\/site\/wp-json\/wp\/v2\/media?parent=1522"}],"wp:term":[{"taxonomy":"category","embeddable":true,"href":"https:\/\/frikisdelabici.com\/site\/wp-json\/wp\/v2\/categories?post=1522"},{"taxonomy":"post_tag","embeddable":true,"href":"https:\/\/frikisdelabici.com\/site\/wp-json\/wp\/v2\/tags?post=1522"},{"taxonomy":"series","embeddable":true,"href":"https:\/\/frikisdelabici.com\/site\/wp-json\/wp\/v2\/series?post=1522"}],"curies":[{"name":"wp","href":"https:\/\/api.w.org\/{rel}","templated":true}]}}