{"id":1578,"date":"2023-03-12T20:46:33","date_gmt":"2023-03-12T20:46:33","guid":{"rendered":"https:\/\/frikisdelabici.com\/site\/%f0%9f%94%b4-1x23-capo-abierto-aguantara-pogacar-este-nivel-para-las-grandes-vueltas\/"},"modified":"2023-03-12T20:46:33","modified_gmt":"2023-03-12T20:46:33","slug":"%f0%9f%94%b4-1x23-capo-abierto-aguantara-pogacar-este-nivel-para-las-grandes-vueltas","status":"publish","type":"post","link":"https:\/\/frikisdelabici.com\/site\/%f0%9f%94%b4-1x23-capo-abierto-aguantara-pogacar-este-nivel-para-las-grandes-vueltas\/","title":{"rendered":"\ud83d\udd34 1&#215;23 &#8211; Cap\u00f3 Abierto. \u00bfAguantar\u00e1 Poga\u010dar este nivel para las grandes vueltas?"},"content":{"rendered":"\r\n                \r\n                <figure class=\"wp-block-embed-youtube wp-block-embed is-type-video is-provider-youtube\"><div class=\"wp-block-embed__wrapper\"> \r\n                <iframe title=\"\ud83d\udd34 1x23 - Cap\u00f3 Abierto. \u00bfAguantar\u00e1 Poga\u010dar este nivel para las grandes vueltas?\" width=\"640\" height=\"360\" data-src=\"https:\/\/www.youtube.com\/embed\/bRxkd3iL5vg?feature=oembed\" frameborder=\"0\" allow=\"accelerometer; autoplay; clipboard-write; encrypted-media; gyroscope; picture-in-picture; web-share\" referrerpolicy=\"strict-origin-when-cross-origin\" allowfullscreen src=\"data:image\/svg+xml;base64,PHN2ZyB3aWR0aD0iMSIgaGVpZ2h0PSIxIiB4bWxucz0iaHR0cDovL3d3dy53My5vcmcvMjAwMC9zdmciPjwvc3ZnPg==\" class=\"lazyload\" data-load-mode=\"1\"><\/iframe>\r\n                <\/div><\/figure>\r\n                El esloveno ha empezado arrasando a un nivel m\u00e1s propio, tal vez, de carreras de la etapa estival. \u00bfCrees que llegar\u00e1 fundido al Tour? \u00bfQu\u00e9 puede estar tramando?<br \/>\nAdem\u00e1s, ZWIFT anuncia un importante recorte en su plantilla. \u00bfQu\u00e9 puede motivar esta decisi\u00f3n? \u00bfAugura tal vez algo m\u00e1s dr\u00e1stico para el futuro?<br \/>\nY si nos deja la actualidad, vamos a hablar de otras cosas que tal vez te pueden preocupar una vez que empieza a mejorar el clima y empezamos a tener m\u00e1s horas de luz. \u00bfEs necesaria una transici\u00f3n o adaptaci\u00f3n para empezar a salir a la calle de manera m\u00e1s controlada?<br \/>\nEsto, y otras cosas que se le ocurran a Rakytin, tendr\u00e9is en el programa de hoy.<br \/>\n<br \/>\n\u00a1Suscr\u00edbete a este canal y as\u00ed no te perder\u00e1s nada! Dale aqu\u00ed: https:\/\/www.youtube.com\/channel\/UCqs9h1nVVC7spAy_3xmlqQQ","protected":false},"excerpt":{"rendered":"<p>El esloveno ha empezado arrasando a un nivel m\u00e1s propio, tal vez, de carreras de la etapa estival. \u00bfCrees que llegar\u00e1 fundido al Tour? \u00bfQu\u00e9 puede estar tramando? Adem\u00e1s, ZWIFT anuncia un importante recorte en su plantilla. \u00bfQu\u00e9 puede motivar esta decisi\u00f3n? \u00bfAugura tal vez algo m\u00e1s dr\u00e1stico para el futuro? Y si nos deja&#8230;<\/p>\n","protected":false},"author":1,"featured_media":1580,"comment_status":"open","ping_status":"open","sticky":false,"template":"","format":"video","meta":{"footnotes":""},"categories":[373],"tags":[28,201,20],"series":[372],"class_list":["post-1578","post","type-post","status-publish","format-video","has-post-thumbnail","hentry","category-capo-abierto","tag-como-usar-zwift","tag-simulador-de-ciclismo-zwift","tag-zwift-en-espanol","post_format-post-format-video","series-capo-abierto"],"yoast_head":"<!-- This site is optimized with the Yoast SEO Premium plugin v18.4 (Yoast SEO v26.7) - https:\/\/yoast.com\/wordpress\/plugins\/seo\/ -->\n<title>\ud83d\udd34 1x23 - Cap\u00f3 Abierto. \u00bfAguantar\u00e1 Poga\u010dar este nivel para las grandes vueltas? - frikisdelabici.com<\/title>\n<meta name=\"robots\" content=\"index, follow, max-snippet:-1, max-image-preview:large, max-video-preview:-1\" \/>\n<link rel=\"canonical\" href=\"https:\/\/frikisdelabici.com\/site\/\ud83d\udd34-1x23-capo-abierto-aguantara-pogacar-este-nivel-para-las-grandes-vueltas\/\" \/>\n<meta property=\"og:locale\" content=\"es_ES\" \/>\n<meta property=\"og:type\" content=\"article\" \/>\n<meta property=\"og:title\" content=\"\ud83d\udd34 1x23 - Cap\u00f3 Abierto. \u00bfAguantar\u00e1 Poga\u010dar este nivel para las grandes vueltas?\" \/>\n<meta property=\"og:description\" content=\"El esloveno ha empezado arrasando a un nivel m\u00e1s propio, tal vez, de carreras de la etapa estival. \u00bfCrees que llegar\u00e1 fundido al Tour? \u00bfQu\u00e9 puede estar tramando? Adem\u00e1s, ZWIFT anuncia un importante recorte en su plantilla. \u00bfQu\u00e9 puede motivar esta decisi\u00f3n? \u00bfAugura tal vez algo m\u00e1s dr\u00e1stico para el futuro? Y si nos deja...\" \/>\n<meta property=\"og:url\" content=\"https:\/\/frikisdelabici.com\/site\/\ud83d\udd34-1x23-capo-abierto-aguantara-pogacar-este-nivel-para-las-grandes-vueltas\/\" \/>\n<meta property=\"og:site_name\" content=\"frikisdelabici.com\" \/>\n<meta property=\"article:published_time\" content=\"2023-03-12T20:46:33+00:00\" \/>\n<meta property=\"og:image\" content=\"https:\/\/frikisdelabici.com\/site\/wp-content\/uploads\/2023\/03\/maxresdefault-5.jpg\" \/>\n\t<meta property=\"og:image:width\" content=\"1280\" \/>\n\t<meta property=\"og:image:height\" content=\"720\" \/>\n\t<meta property=\"og:image:type\" content=\"image\/jpeg\" \/>\n<meta name=\"author\" content=\"Rub\u00e9n Fern\u00e1ndez\" \/>\n<meta name=\"twitter:card\" content=\"summary_large_image\" \/>\n<meta name=\"twitter:label1\" content=\"Escrito por\" \/>\n\t<meta name=\"twitter:data1\" content=\"Rub\u00e9n Fern\u00e1ndez\" \/>\n\t<meta name=\"twitter:label2\" content=\"Tiempo de lectura\" \/>\n\t<meta name=\"twitter:data2\" content=\"1 minuto\" \/>\n<script type=\"application\/ld+json\" class=\"yoast-schema-graph\">{\"@context\":\"https:\/\/schema.org\",\"@graph\":[{\"@type\":\"Article\",\"@id\":\"https:\/\/frikisdelabici.com\/site\/%f0%9f%94%b4-1x23-capo-abierto-aguantara-pogacar-este-nivel-para-las-grandes-vueltas\/#article\",\"isPartOf\":{\"@id\":\"https:\/\/frikisdelabici.com\/site\/%f0%9f%94%b4-1x23-capo-abierto-aguantara-pogacar-este-nivel-para-las-grandes-vueltas\/\"},\"author\":{\"name\":\"Rub\u00e9n Fern\u00e1ndez\",\"@id\":\"https:\/\/frikisdelabici.com\/site\/#\/schema\/person\/a7e0f7e0c1ecaf32b75491c779564593\"},\"headline\":\"\ud83d\udd34 1&#215;23 &#8211; Cap\u00f3 Abierto. \u00bfAguantar\u00e1 Poga\u010dar este nivel para las grandes vueltas?\",\"datePublished\":\"2023-03-12T20:46:33+00:00\",\"mainEntityOfPage\":{\"@id\":\"https:\/\/frikisdelabici.com\/site\/%f0%9f%94%b4-1x23-capo-abierto-aguantara-pogacar-este-nivel-para-las-grandes-vueltas\/\"},\"wordCount\":174,\"commentCount\":0,\"publisher\":{\"@id\":\"https:\/\/frikisdelabici.com\/site\/#\/schema\/person\/a7e0f7e0c1ecaf32b75491c779564593\"},\"image\":{\"@id\":\"https:\/\/frikisdelabici.com\/site\/%f0%9f%94%b4-1x23-capo-abierto-aguantara-pogacar-este-nivel-para-las-grandes-vueltas\/#primaryimage\"},\"thumbnailUrl\":\"https:\/\/frikisdelabici.com\/site\/wp-content\/uploads\/2023\/03\/maxresdefault-5.jpg\",\"keywords\":[\"como usar zwift\",\"simulador de ciclismo zwift\",\"zwift en espa\u00f1ol\"],\"articleSection\":[\"Cap\u00f3 Abierto\"],\"inLanguage\":\"es\",\"potentialAction\":[{\"@type\":\"CommentAction\",\"name\":\"Comment\",\"target\":[\"https:\/\/frikisdelabici.com\/site\/%f0%9f%94%b4-1x23-capo-abierto-aguantara-pogacar-este-nivel-para-las-grandes-vueltas\/#respond\"]}]},{\"@type\":\"WebPage\",\"@id\":\"https:\/\/frikisdelabici.com\/site\/%f0%9f%94%b4-1x23-capo-abierto-aguantara-pogacar-este-nivel-para-las-grandes-vueltas\/\",\"url\":\"https:\/\/frikisdelabici.com\/site\/%f0%9f%94%b4-1x23-capo-abierto-aguantara-pogacar-este-nivel-para-las-grandes-vueltas\/\",\"name\":\"\ud83d\udd34 1x23 - Cap\u00f3 Abierto. \u00bfAguantar\u00e1 Poga\u010dar este nivel para las grandes vueltas? - frikisdelabici.com\",\"isPartOf\":{\"@id\":\"https:\/\/frikisdelabici.com\/site\/#website\"},\"primaryImageOfPage\":{\"@id\":\"https:\/\/frikisdelabici.com\/site\/%f0%9f%94%b4-1x23-capo-abierto-aguantara-pogacar-este-nivel-para-las-grandes-vueltas\/#primaryimage\"},\"image\":{\"@id\":\"https:\/\/frikisdelabici.com\/site\/%f0%9f%94%b4-1x23-capo-abierto-aguantara-pogacar-este-nivel-para-las-grandes-vueltas\/#primaryimage\"},\"thumbnailUrl\":\"https:\/\/frikisdelabici.com\/site\/wp-content\/uploads\/2023\/03\/maxresdefault-5.jpg\",\"datePublished\":\"2023-03-12T20:46:33+00:00\",\"breadcrumb\":{\"@id\":\"https:\/\/frikisdelabici.com\/site\/%f0%9f%94%b4-1x23-capo-abierto-aguantara-pogacar-este-nivel-para-las-grandes-vueltas\/#breadcrumb\"},\"inLanguage\":\"es\",\"potentialAction\":[{\"@type\":\"ReadAction\",\"target\":[\"https:\/\/frikisdelabici.com\/site\/%f0%9f%94%b4-1x23-capo-abierto-aguantara-pogacar-este-nivel-para-las-grandes-vueltas\/\"]}]},{\"@type\":\"ImageObject\",\"inLanguage\":\"es\",\"@id\":\"https:\/\/frikisdelabici.com\/site\/%f0%9f%94%b4-1x23-capo-abierto-aguantara-pogacar-este-nivel-para-las-grandes-vueltas\/#primaryimage\",\"url\":\"https:\/\/frikisdelabici.com\/site\/wp-content\/uploads\/2023\/03\/maxresdefault-5.jpg\",\"contentUrl\":\"https:\/\/frikisdelabici.com\/site\/wp-content\/uploads\/2023\/03\/maxresdefault-5.jpg\",\"width\":1280,\"height\":720},{\"@type\":\"BreadcrumbList\",\"@id\":\"https:\/\/frikisdelabici.com\/site\/%f0%9f%94%b4-1x23-capo-abierto-aguantara-pogacar-este-nivel-para-las-grandes-vueltas\/#breadcrumb\",\"itemListElement\":[{\"@type\":\"ListItem\",\"position\":1,\"name\":\"Inicio\",\"item\":\"https:\/\/frikisdelabici.com\/site\/\"},{\"@type\":\"ListItem\",\"position\":2,\"name\":\"\ud83d\udd34 1&#215;23 &#8211; Cap\u00f3 Abierto. \u00bfAguantar\u00e1 Poga\u010dar este nivel para las grandes vueltas?\"}]},{\"@type\":\"WebSite\",\"@id\":\"https:\/\/frikisdelabici.com\/site\/#website\",\"url\":\"https:\/\/frikisdelabici.com\/site\/\",\"name\":\"frikisdelabici.com\",\"description\":\"Noticias sobre ZWIFT, art\u00edculos sobre entrenamiento, carreras... de todo lo relacionado con el ciclista m\u00e1s friki\",\"publisher\":{\"@id\":\"https:\/\/frikisdelabici.com\/site\/#\/schema\/person\/a7e0f7e0c1ecaf32b75491c779564593\"},\"potentialAction\":[{\"@type\":\"SearchAction\",\"target\":{\"@type\":\"EntryPoint\",\"urlTemplate\":\"https:\/\/frikisdelabici.com\/site\/?s={search_term_string}\"},\"query-input\":{\"@type\":\"PropertyValueSpecification\",\"valueRequired\":true,\"valueName\":\"search_term_string\"}}],\"inLanguage\":\"es\"},{\"@type\":[\"Person\",\"Organization\"],\"@id\":\"https:\/\/frikisdelabici.com\/site\/#\/schema\/person\/a7e0f7e0c1ecaf32b75491c779564593\",\"name\":\"Rub\u00e9n Fern\u00e1ndez\",\"image\":{\"@type\":\"ImageObject\",\"inLanguage\":\"es\",\"@id\":\"https:\/\/frikisdelabici.com\/site\/#\/schema\/person\/image\/\",\"url\":\"https:\/\/frikisdelabici.com\/site\/wp-content\/uploads\/2020\/03\/gran-fondo-san-sebastian-2017-4014569-48213-4286-1-scaled.jpg\",\"contentUrl\":\"https:\/\/frikisdelabici.com\/site\/wp-content\/uploads\/2020\/03\/gran-fondo-san-sebastian-2017-4014569-48213-4286-1-scaled.jpg\",\"width\":2560,\"height\":1707,\"caption\":\"Rub\u00e9n Fern\u00e1ndez\"},\"logo\":{\"@id\":\"https:\/\/frikisdelabici.com\/site\/#\/schema\/person\/image\/\"},\"url\":\"https:\/\/frikisdelabici.com\/site\/author\/rubenextra300\/\"}]}<\/script>\n<!-- \/ Yoast SEO Premium plugin. -->","yoast_head_json":{"title":"\ud83d\udd34 1x23 - Cap\u00f3 Abierto. \u00bfAguantar\u00e1 Poga\u010dar este nivel para las grandes vueltas? - frikisdelabici.com","robots":{"index":"index","follow":"follow","max-snippet":"max-snippet:-1","max-image-preview":"max-image-preview:large","max-video-preview":"max-video-preview:-1"},"canonical":"https:\/\/frikisdelabici.com\/site\/\ud83d\udd34-1x23-capo-abierto-aguantara-pogacar-este-nivel-para-las-grandes-vueltas\/","og_locale":"es_ES","og_type":"article","og_title":"\ud83d\udd34 1x23 - Cap\u00f3 Abierto. \u00bfAguantar\u00e1 Poga\u010dar este nivel para las grandes vueltas?","og_description":"El esloveno ha empezado arrasando a un nivel m\u00e1s propio, tal vez, de carreras de la etapa estival. \u00bfCrees que llegar\u00e1 fundido al Tour? \u00bfQu\u00e9 puede estar tramando? Adem\u00e1s, ZWIFT anuncia un importante recorte en su plantilla. \u00bfQu\u00e9 puede motivar esta decisi\u00f3n? \u00bfAugura tal vez algo m\u00e1s dr\u00e1stico para el futuro? Y si nos deja...","og_url":"https:\/\/frikisdelabici.com\/site\/\ud83d\udd34-1x23-capo-abierto-aguantara-pogacar-este-nivel-para-las-grandes-vueltas\/","og_site_name":"frikisdelabici.com","article_published_time":"2023-03-12T20:46:33+00:00","og_image":[{"width":1280,"height":720,"url":"https:\/\/frikisdelabici.com\/site\/wp-content\/uploads\/2023\/03\/maxresdefault-5.jpg","type":"image\/jpeg"}],"author":"Rub\u00e9n Fern\u00e1ndez","twitter_card":"summary_large_image","twitter_misc":{"Escrito por":"Rub\u00e9n Fern\u00e1ndez","Tiempo de lectura":"1 minuto"},"schema":{"@context":"https:\/\/schema.org","@graph":[{"@type":"Article","@id":"https:\/\/frikisdelabici.com\/site\/%f0%9f%94%b4-1x23-capo-abierto-aguantara-pogacar-este-nivel-para-las-grandes-vueltas\/#article","isPartOf":{"@id":"https:\/\/frikisdelabici.com\/site\/%f0%9f%94%b4-1x23-capo-abierto-aguantara-pogacar-este-nivel-para-las-grandes-vueltas\/"},"author":{"name":"Rub\u00e9n Fern\u00e1ndez","@id":"https:\/\/frikisdelabici.com\/site\/#\/schema\/person\/a7e0f7e0c1ecaf32b75491c779564593"},"headline":"\ud83d\udd34 1&#215;23 &#8211; Cap\u00f3 Abierto. \u00bfAguantar\u00e1 Poga\u010dar este nivel para las grandes vueltas?","datePublished":"2023-03-12T20:46:33+00:00","mainEntityOfPage":{"@id":"https:\/\/frikisdelabici.com\/site\/%f0%9f%94%b4-1x23-capo-abierto-aguantara-pogacar-este-nivel-para-las-grandes-vueltas\/"},"wordCount":174,"commentCount":0,"publisher":{"@id":"https:\/\/frikisdelabici.com\/site\/#\/schema\/person\/a7e0f7e0c1ecaf32b75491c779564593"},"image":{"@id":"https:\/\/frikisdelabici.com\/site\/%f0%9f%94%b4-1x23-capo-abierto-aguantara-pogacar-este-nivel-para-las-grandes-vueltas\/#primaryimage"},"thumbnailUrl":"https:\/\/frikisdelabici.com\/site\/wp-content\/uploads\/2023\/03\/maxresdefault-5.jpg","keywords":["como usar zwift","simulador de ciclismo zwift","zwift en espa\u00f1ol"],"articleSection":["Cap\u00f3 Abierto"],"inLanguage":"es","potentialAction":[{"@type":"CommentAction","name":"Comment","target":["https:\/\/frikisdelabici.com\/site\/%f0%9f%94%b4-1x23-capo-abierto-aguantara-pogacar-este-nivel-para-las-grandes-vueltas\/#respond"]}]},{"@type":"WebPage","@id":"https:\/\/frikisdelabici.com\/site\/%f0%9f%94%b4-1x23-capo-abierto-aguantara-pogacar-este-nivel-para-las-grandes-vueltas\/","url":"https:\/\/frikisdelabici.com\/site\/%f0%9f%94%b4-1x23-capo-abierto-aguantara-pogacar-este-nivel-para-las-grandes-vueltas\/","name":"\ud83d\udd34 1x23 - Cap\u00f3 Abierto. \u00bfAguantar\u00e1 Poga\u010dar este nivel para las grandes vueltas? - frikisdelabici.com","isPartOf":{"@id":"https:\/\/frikisdelabici.com\/site\/#website"},"primaryImageOfPage":{"@id":"https:\/\/frikisdelabici.com\/site\/%f0%9f%94%b4-1x23-capo-abierto-aguantara-pogacar-este-nivel-para-las-grandes-vueltas\/#primaryimage"},"image":{"@id":"https:\/\/frikisdelabici.com\/site\/%f0%9f%94%b4-1x23-capo-abierto-aguantara-pogacar-este-nivel-para-las-grandes-vueltas\/#primaryimage"},"thumbnailUrl":"https:\/\/frikisdelabici.com\/site\/wp-content\/uploads\/2023\/03\/maxresdefault-5.jpg","datePublished":"2023-03-12T20:46:33+00:00","breadcrumb":{"@id":"https:\/\/frikisdelabici.com\/site\/%f0%9f%94%b4-1x23-capo-abierto-aguantara-pogacar-este-nivel-para-las-grandes-vueltas\/#breadcrumb"},"inLanguage":"es","potentialAction":[{"@type":"ReadAction","target":["https:\/\/frikisdelabici.com\/site\/%f0%9f%94%b4-1x23-capo-abierto-aguantara-pogacar-este-nivel-para-las-grandes-vueltas\/"]}]},{"@type":"ImageObject","inLanguage":"es","@id":"https:\/\/frikisdelabici.com\/site\/%f0%9f%94%b4-1x23-capo-abierto-aguantara-pogacar-este-nivel-para-las-grandes-vueltas\/#primaryimage","url":"https:\/\/frikisdelabici.com\/site\/wp-content\/uploads\/2023\/03\/maxresdefault-5.jpg","contentUrl":"https:\/\/frikisdelabici.com\/site\/wp-content\/uploads\/2023\/03\/maxresdefault-5.jpg","width":1280,"height":720},{"@type":"BreadcrumbList","@id":"https:\/\/frikisdelabici.com\/site\/%f0%9f%94%b4-1x23-capo-abierto-aguantara-pogacar-este-nivel-para-las-grandes-vueltas\/#breadcrumb","itemListElement":[{"@type":"ListItem","position":1,"name":"Inicio","item":"https:\/\/frikisdelabici.com\/site\/"},{"@type":"ListItem","position":2,"name":"\ud83d\udd34 1&#215;23 &#8211; Cap\u00f3 Abierto. \u00bfAguantar\u00e1 Poga\u010dar este nivel para las grandes vueltas?"}]},{"@type":"WebSite","@id":"https:\/\/frikisdelabici.com\/site\/#website","url":"https:\/\/frikisdelabici.com\/site\/","name":"frikisdelabici.com","description":"Noticias sobre ZWIFT, art\u00edculos sobre entrenamiento, carreras... de todo lo relacionado con el ciclista m\u00e1s friki","publisher":{"@id":"https:\/\/frikisdelabici.com\/site\/#\/schema\/person\/a7e0f7e0c1ecaf32b75491c779564593"},"potentialAction":[{"@type":"SearchAction","target":{"@type":"EntryPoint","urlTemplate":"https:\/\/frikisdelabici.com\/site\/?s={search_term_string}"},"query-input":{"@type":"PropertyValueSpecification","valueRequired":true,"valueName":"search_term_string"}}],"inLanguage":"es"},{"@type":["Person","Organization"],"@id":"https:\/\/frikisdelabici.com\/site\/#\/schema\/person\/a7e0f7e0c1ecaf32b75491c779564593","name":"Rub\u00e9n Fern\u00e1ndez","image":{"@type":"ImageObject","inLanguage":"es","@id":"https:\/\/frikisdelabici.com\/site\/#\/schema\/person\/image\/","url":"https:\/\/frikisdelabici.com\/site\/wp-content\/uploads\/2020\/03\/gran-fondo-san-sebastian-2017-4014569-48213-4286-1-scaled.jpg","contentUrl":"https:\/\/frikisdelabici.com\/site\/wp-content\/uploads\/2020\/03\/gran-fondo-san-sebastian-2017-4014569-48213-4286-1-scaled.jpg","width":2560,"height":1707,"caption":"Rub\u00e9n Fern\u00e1ndez"},"logo":{"@id":"https:\/\/frikisdelabici.com\/site\/#\/schema\/person\/image\/"},"url":"https:\/\/frikisdelabici.com\/site\/author\/rubenextra300\/"}]}},"_links":{"self":[{"href":"https:\/\/frikisdelabici.com\/site\/wp-json\/wp\/v2\/posts\/1578","targetHints":{"allow":["GET"]}}],"collection":[{"href":"https:\/\/frikisdelabici.com\/site\/wp-json\/wp\/v2\/posts"}],"about":[{"href":"https:\/\/frikisdelabici.com\/site\/wp-json\/wp\/v2\/types\/post"}],"author":[{"embeddable":true,"href":"https:\/\/frikisdelabici.com\/site\/wp-json\/wp\/v2\/users\/1"}],"replies":[{"embeddable":true,"href":"https:\/\/frikisdelabici.com\/site\/wp-json\/wp\/v2\/comments?post=1578"}],"version-history":[{"count":0,"href":"https:\/\/frikisdelabici.com\/site\/wp-json\/wp\/v2\/posts\/1578\/revisions"}],"wp:featuredmedia":[{"embeddable":true,"href":"https:\/\/frikisdelabici.com\/site\/wp-json\/wp\/v2\/media\/1580"}],"wp:attachment":[{"href":"https:\/\/frikisdelabici.com\/site\/wp-json\/wp\/v2\/media?parent=1578"}],"wp:term":[{"taxonomy":"category","embeddable":true,"href":"https:\/\/frikisdelabici.com\/site\/wp-json\/wp\/v2\/categories?post=1578"},{"taxonomy":"post_tag","embeddable":true,"href":"https:\/\/frikisdelabici.com\/site\/wp-json\/wp\/v2\/tags?post=1578"},{"taxonomy":"series","embeddable":true,"href":"https:\/\/frikisdelabici.com\/site\/wp-json\/wp\/v2\/series?post=1578"}],"curies":[{"name":"wp","href":"https:\/\/api.w.org\/{rel}","templated":true}]}}