{"id":1943,"date":"2024-02-05T18:49:21","date_gmt":"2024-02-05T18:49:21","guid":{"rendered":"https:\/\/frikisdelabici.com\/site\/capo-abierto-2x18-saoia-olite-y-unai-yus-desafio-teide-y-como-ser-campeon-de-espana-master-50\/"},"modified":"2024-02-05T18:49:21","modified_gmt":"2024-02-05T18:49:21","slug":"capo-abierto-2x18-saoia-olite-y-unai-yus-desafio-teide-y-como-ser-campeon-de-espana-master-50","status":"publish","type":"post","link":"https:\/\/frikisdelabici.com\/site\/capo-abierto-2x18-saoia-olite-y-unai-yus-desafio-teide-y-como-ser-campeon-de-espana-master-50\/","title":{"rendered":"Cap\u00f3 Abierto &#8211; 2&#215;18 &#8211; Saoia Olite y Unai Yus. Desaf\u00edo Teide y c\u00f3mo ser campe\u00f3n de Espa\u00f1a master 50"},"content":{"rendered":"\r\n                \r\n                <figure class=\"wp-block-embed-youtube wp-block-embed is-type-video is-provider-youtube\"><div class=\"wp-block-embed__wrapper\"> \r\n                <iframe title=\"Cap\u00f3 Abierto - 2x18 - Saoia Olite y Unai Yus. Desaf\u00edo Teide y c\u00f3mo ser campe\u00f3n de Espa\u00f1a master 50\" width=\"640\" height=\"360\" data-src=\"https:\/\/www.youtube.com\/embed\/Zfn47mI33a4?feature=oembed\" frameborder=\"0\" allow=\"accelerometer; autoplay; clipboard-write; encrypted-media; gyroscope; picture-in-picture; web-share\" referrerpolicy=\"strict-origin-when-cross-origin\" allowfullscreen src=\"data:image\/svg+xml;base64,PHN2ZyB3aWR0aD0iMSIgaGVpZ2h0PSIxIiB4bWxucz0iaHR0cDovL3d3dy53My5vcmcvMjAwMC9zdmciPjwvc3ZnPg==\" class=\"lazyload\" data-load-mode=\"1\"><\/iframe>\r\n                <\/div><\/figure>\r\n                Hoy tenemos con nosotros a dos ex ciclistas profesionales que nos va a contar un proyecto muy interesante que est\u00e1n a punto de arrancar en Tenerife. Adem\u00e1s queremos que Unai nos cuente c\u00f3mo lo hace para ganar un campeonato de Espa\u00f1a con un trabajo de direcci\u00f3n y una familia a sus espaldas.<br \/>\nOjo, que adem\u00e1s promete ser divertido<br \/>\n<br \/>\nInstagram: https:\/\/www.instagram.com\/capoabierto\/<br \/>\nSigue nuestro canal de WhatsApp: https:\/\/whatsapp.com\/channel\/0029VaD6SIu5kg722w69gF0z<br \/>\n<br \/>\n\u00a1Suscr\u00edbete a este canal y as\u00ed no te perder\u00e1s nada! Dale aqu\u00ed: https:\/\/www.youtube.com\/channel\/UCqs9h1nVVC7spAy_3xmlqQQ","protected":false},"excerpt":{"rendered":"<p>Hoy tenemos con nosotros a dos ex ciclistas profesionales que nos va a contar un proyecto muy interesante que est\u00e1n a punto de arrancar en Tenerife. Adem\u00e1s queremos que Unai nos cuente c\u00f3mo lo hace para ganar un campeonato de Espa\u00f1a con un trabajo de direcci\u00f3n y una familia a sus espaldas. Ojo, que adem\u00e1s&#8230;<\/p>\n","protected":false},"author":1,"featured_media":1947,"comment_status":"open","ping_status":"open","sticky":false,"template":"","format":"video","meta":{"footnotes":""},"categories":[373],"tags":[384,28,201,20],"series":[372],"class_list":["post-1943","post","type-post","status-publish","format-video","has-post-thumbnail","hentry","category-capo-abierto","tag-cape-epic","tag-como-usar-zwift","tag-simulador-de-ciclismo-zwift","tag-zwift-en-espanol","post_format-post-format-video","series-capo-abierto"],"yoast_head":"<!-- This site is optimized with the Yoast SEO Premium plugin v18.4 (Yoast SEO v26.7) - https:\/\/yoast.com\/wordpress\/plugins\/seo\/ -->\n<title>Cap\u00f3 Abierto - 2x18 - Saoia Olite y Unai Yus. Desaf\u00edo Teide y c\u00f3mo ser campe\u00f3n de Espa\u00f1a master 50 - frikisdelabici.com<\/title>\n<meta name=\"robots\" content=\"index, follow, max-snippet:-1, max-image-preview:large, max-video-preview:-1\" \/>\n<link rel=\"canonical\" href=\"https:\/\/frikisdelabici.com\/site\/capo-abierto-2x18-saoia-olite-y-unai-yus-desafio-teide-y-como-ser-campeon-de-espana-master-50\/\" \/>\n<meta property=\"og:locale\" content=\"es_ES\" \/>\n<meta property=\"og:type\" content=\"article\" \/>\n<meta property=\"og:title\" content=\"Cap\u00f3 Abierto - 2x18 - Saoia Olite y Unai Yus. Desaf\u00edo Teide y c\u00f3mo ser campe\u00f3n de Espa\u00f1a master 50\" \/>\n<meta property=\"og:description\" content=\"Hoy tenemos con nosotros a dos ex ciclistas profesionales que nos va a contar un proyecto muy interesante que est\u00e1n a punto de arrancar en Tenerife. Adem\u00e1s queremos que Unai nos cuente c\u00f3mo lo hace para ganar un campeonato de Espa\u00f1a con un trabajo de direcci\u00f3n y una familia a sus espaldas. Ojo, que adem\u00e1s...\" \/>\n<meta property=\"og:url\" content=\"https:\/\/frikisdelabici.com\/site\/capo-abierto-2x18-saoia-olite-y-unai-yus-desafio-teide-y-como-ser-campeon-de-espana-master-50\/\" \/>\n<meta property=\"og:site_name\" content=\"frikisdelabici.com\" \/>\n<meta property=\"article:published_time\" content=\"2024-02-05T18:49:21+00:00\" \/>\n<meta name=\"author\" content=\"Rub\u00e9n Fern\u00e1ndez\" \/>\n<meta name=\"twitter:card\" content=\"summary_large_image\" \/>\n<meta name=\"twitter:label1\" content=\"Escrito por\" \/>\n\t<meta name=\"twitter:data1\" content=\"Rub\u00e9n Fern\u00e1ndez\" \/>\n\t<meta name=\"twitter:label2\" content=\"Tiempo de lectura\" \/>\n\t<meta name=\"twitter:data2\" content=\"1 minuto\" \/>\n<script type=\"application\/ld+json\" class=\"yoast-schema-graph\">{\"@context\":\"https:\/\/schema.org\",\"@graph\":[{\"@type\":\"Article\",\"@id\":\"https:\/\/frikisdelabici.com\/site\/capo-abierto-2x18-saoia-olite-y-unai-yus-desafio-teide-y-como-ser-campeon-de-espana-master-50\/#article\",\"isPartOf\":{\"@id\":\"https:\/\/frikisdelabici.com\/site\/capo-abierto-2x18-saoia-olite-y-unai-yus-desafio-teide-y-como-ser-campeon-de-espana-master-50\/\"},\"author\":{\"name\":\"Rub\u00e9n Fern\u00e1ndez\",\"@id\":\"https:\/\/frikisdelabici.com\/site\/#\/schema\/person\/a7e0f7e0c1ecaf32b75491c779564593\"},\"headline\":\"Cap\u00f3 Abierto &#8211; 2&#215;18 &#8211; Saoia Olite y Unai Yus. Desaf\u00edo Teide y c\u00f3mo ser campe\u00f3n de Espa\u00f1a master 50\",\"datePublished\":\"2024-02-05T18:49:21+00:00\",\"mainEntityOfPage\":{\"@id\":\"https:\/\/frikisdelabici.com\/site\/capo-abierto-2x18-saoia-olite-y-unai-yus-desafio-teide-y-como-ser-campeon-de-espana-master-50\/\"},\"wordCount\":141,\"commentCount\":0,\"publisher\":{\"@id\":\"https:\/\/frikisdelabici.com\/site\/#\/schema\/person\/a7e0f7e0c1ecaf32b75491c779564593\"},\"image\":{\"@id\":\"https:\/\/frikisdelabici.com\/site\/capo-abierto-2x18-saoia-olite-y-unai-yus-desafio-teide-y-como-ser-campeon-de-espana-master-50\/#primaryimage\"},\"thumbnailUrl\":\"https:\/\/frikisdelabici.com\/site\/wp-content\/uploads\/2024\/02\/maxresdefault-2.jpg\",\"keywords\":[\"cape epic\",\"como usar zwift\",\"simulador de ciclismo zwift\",\"zwift en espa\u00f1ol\"],\"articleSection\":[\"Cap\u00f3 Abierto\"],\"inLanguage\":\"es\",\"potentialAction\":[{\"@type\":\"CommentAction\",\"name\":\"Comment\",\"target\":[\"https:\/\/frikisdelabici.com\/site\/capo-abierto-2x18-saoia-olite-y-unai-yus-desafio-teide-y-como-ser-campeon-de-espana-master-50\/#respond\"]}]},{\"@type\":\"WebPage\",\"@id\":\"https:\/\/frikisdelabici.com\/site\/capo-abierto-2x18-saoia-olite-y-unai-yus-desafio-teide-y-como-ser-campeon-de-espana-master-50\/\",\"url\":\"https:\/\/frikisdelabici.com\/site\/capo-abierto-2x18-saoia-olite-y-unai-yus-desafio-teide-y-como-ser-campeon-de-espana-master-50\/\",\"name\":\"Cap\u00f3 Abierto - 2x18 - Saoia Olite y Unai Yus. Desaf\u00edo Teide y c\u00f3mo ser campe\u00f3n de Espa\u00f1a master 50 - frikisdelabici.com\",\"isPartOf\":{\"@id\":\"https:\/\/frikisdelabici.com\/site\/#website\"},\"primaryImageOfPage\":{\"@id\":\"https:\/\/frikisdelabici.com\/site\/capo-abierto-2x18-saoia-olite-y-unai-yus-desafio-teide-y-como-ser-campeon-de-espana-master-50\/#primaryimage\"},\"image\":{\"@id\":\"https:\/\/frikisdelabici.com\/site\/capo-abierto-2x18-saoia-olite-y-unai-yus-desafio-teide-y-como-ser-campeon-de-espana-master-50\/#primaryimage\"},\"thumbnailUrl\":\"https:\/\/frikisdelabici.com\/site\/wp-content\/uploads\/2024\/02\/maxresdefault-2.jpg\",\"datePublished\":\"2024-02-05T18:49:21+00:00\",\"breadcrumb\":{\"@id\":\"https:\/\/frikisdelabici.com\/site\/capo-abierto-2x18-saoia-olite-y-unai-yus-desafio-teide-y-como-ser-campeon-de-espana-master-50\/#breadcrumb\"},\"inLanguage\":\"es\",\"potentialAction\":[{\"@type\":\"ReadAction\",\"target\":[\"https:\/\/frikisdelabici.com\/site\/capo-abierto-2x18-saoia-olite-y-unai-yus-desafio-teide-y-como-ser-campeon-de-espana-master-50\/\"]}]},{\"@type\":\"ImageObject\",\"inLanguage\":\"es\",\"@id\":\"https:\/\/frikisdelabici.com\/site\/capo-abierto-2x18-saoia-olite-y-unai-yus-desafio-teide-y-como-ser-campeon-de-espana-master-50\/#primaryimage\",\"url\":\"https:\/\/frikisdelabici.com\/site\/wp-content\/uploads\/2024\/02\/maxresdefault-2.jpg\",\"contentUrl\":\"https:\/\/frikisdelabici.com\/site\/wp-content\/uploads\/2024\/02\/maxresdefault-2.jpg\",\"width\":1280,\"height\":720},{\"@type\":\"BreadcrumbList\",\"@id\":\"https:\/\/frikisdelabici.com\/site\/capo-abierto-2x18-saoia-olite-y-unai-yus-desafio-teide-y-como-ser-campeon-de-espana-master-50\/#breadcrumb\",\"itemListElement\":[{\"@type\":\"ListItem\",\"position\":1,\"name\":\"Inicio\",\"item\":\"https:\/\/frikisdelabici.com\/site\/\"},{\"@type\":\"ListItem\",\"position\":2,\"name\":\"Cap\u00f3 Abierto &#8211; 2&#215;18 &#8211; Saoia Olite y Unai Yus. Desaf\u00edo Teide y c\u00f3mo ser campe\u00f3n de Espa\u00f1a master 50\"}]},{\"@type\":\"WebSite\",\"@id\":\"https:\/\/frikisdelabici.com\/site\/#website\",\"url\":\"https:\/\/frikisdelabici.com\/site\/\",\"name\":\"frikisdelabici.com\",\"description\":\"Noticias sobre ZWIFT, art\u00edculos sobre entrenamiento, carreras... de todo lo relacionado con el ciclista m\u00e1s friki\",\"publisher\":{\"@id\":\"https:\/\/frikisdelabici.com\/site\/#\/schema\/person\/a7e0f7e0c1ecaf32b75491c779564593\"},\"potentialAction\":[{\"@type\":\"SearchAction\",\"target\":{\"@type\":\"EntryPoint\",\"urlTemplate\":\"https:\/\/frikisdelabici.com\/site\/?s={search_term_string}\"},\"query-input\":{\"@type\":\"PropertyValueSpecification\",\"valueRequired\":true,\"valueName\":\"search_term_string\"}}],\"inLanguage\":\"es\"},{\"@type\":[\"Person\",\"Organization\"],\"@id\":\"https:\/\/frikisdelabici.com\/site\/#\/schema\/person\/a7e0f7e0c1ecaf32b75491c779564593\",\"name\":\"Rub\u00e9n Fern\u00e1ndez\",\"image\":{\"@type\":\"ImageObject\",\"inLanguage\":\"es\",\"@id\":\"https:\/\/frikisdelabici.com\/site\/#\/schema\/person\/image\/\",\"url\":\"https:\/\/frikisdelabici.com\/site\/wp-content\/uploads\/2020\/03\/gran-fondo-san-sebastian-2017-4014569-48213-4286-1-scaled.jpg\",\"contentUrl\":\"https:\/\/frikisdelabici.com\/site\/wp-content\/uploads\/2020\/03\/gran-fondo-san-sebastian-2017-4014569-48213-4286-1-scaled.jpg\",\"width\":2560,\"height\":1707,\"caption\":\"Rub\u00e9n Fern\u00e1ndez\"},\"logo\":{\"@id\":\"https:\/\/frikisdelabici.com\/site\/#\/schema\/person\/image\/\"},\"url\":\"https:\/\/frikisdelabici.com\/site\/author\/rubenextra300\/\"}]}<\/script>\n<!-- \/ Yoast SEO Premium plugin. -->","yoast_head_json":{"title":"Cap\u00f3 Abierto - 2x18 - Saoia Olite y Unai Yus. Desaf\u00edo Teide y c\u00f3mo ser campe\u00f3n de Espa\u00f1a master 50 - frikisdelabici.com","robots":{"index":"index","follow":"follow","max-snippet":"max-snippet:-1","max-image-preview":"max-image-preview:large","max-video-preview":"max-video-preview:-1"},"canonical":"https:\/\/frikisdelabici.com\/site\/capo-abierto-2x18-saoia-olite-y-unai-yus-desafio-teide-y-como-ser-campeon-de-espana-master-50\/","og_locale":"es_ES","og_type":"article","og_title":"Cap\u00f3 Abierto - 2x18 - Saoia Olite y Unai Yus. Desaf\u00edo Teide y c\u00f3mo ser campe\u00f3n de Espa\u00f1a master 50","og_description":"Hoy tenemos con nosotros a dos ex ciclistas profesionales que nos va a contar un proyecto muy interesante que est\u00e1n a punto de arrancar en Tenerife. Adem\u00e1s queremos que Unai nos cuente c\u00f3mo lo hace para ganar un campeonato de Espa\u00f1a con un trabajo de direcci\u00f3n y una familia a sus espaldas. Ojo, que adem\u00e1s...","og_url":"https:\/\/frikisdelabici.com\/site\/capo-abierto-2x18-saoia-olite-y-unai-yus-desafio-teide-y-como-ser-campeon-de-espana-master-50\/","og_site_name":"frikisdelabici.com","article_published_time":"2024-02-05T18:49:21+00:00","author":"Rub\u00e9n Fern\u00e1ndez","twitter_card":"summary_large_image","twitter_misc":{"Escrito por":"Rub\u00e9n Fern\u00e1ndez","Tiempo de lectura":"1 minuto"},"schema":{"@context":"https:\/\/schema.org","@graph":[{"@type":"Article","@id":"https:\/\/frikisdelabici.com\/site\/capo-abierto-2x18-saoia-olite-y-unai-yus-desafio-teide-y-como-ser-campeon-de-espana-master-50\/#article","isPartOf":{"@id":"https:\/\/frikisdelabici.com\/site\/capo-abierto-2x18-saoia-olite-y-unai-yus-desafio-teide-y-como-ser-campeon-de-espana-master-50\/"},"author":{"name":"Rub\u00e9n Fern\u00e1ndez","@id":"https:\/\/frikisdelabici.com\/site\/#\/schema\/person\/a7e0f7e0c1ecaf32b75491c779564593"},"headline":"Cap\u00f3 Abierto &#8211; 2&#215;18 &#8211; Saoia Olite y Unai Yus. Desaf\u00edo Teide y c\u00f3mo ser campe\u00f3n de Espa\u00f1a master 50","datePublished":"2024-02-05T18:49:21+00:00","mainEntityOfPage":{"@id":"https:\/\/frikisdelabici.com\/site\/capo-abierto-2x18-saoia-olite-y-unai-yus-desafio-teide-y-como-ser-campeon-de-espana-master-50\/"},"wordCount":141,"commentCount":0,"publisher":{"@id":"https:\/\/frikisdelabici.com\/site\/#\/schema\/person\/a7e0f7e0c1ecaf32b75491c779564593"},"image":{"@id":"https:\/\/frikisdelabici.com\/site\/capo-abierto-2x18-saoia-olite-y-unai-yus-desafio-teide-y-como-ser-campeon-de-espana-master-50\/#primaryimage"},"thumbnailUrl":"https:\/\/frikisdelabici.com\/site\/wp-content\/uploads\/2024\/02\/maxresdefault-2.jpg","keywords":["cape epic","como usar zwift","simulador de ciclismo zwift","zwift en espa\u00f1ol"],"articleSection":["Cap\u00f3 Abierto"],"inLanguage":"es","potentialAction":[{"@type":"CommentAction","name":"Comment","target":["https:\/\/frikisdelabici.com\/site\/capo-abierto-2x18-saoia-olite-y-unai-yus-desafio-teide-y-como-ser-campeon-de-espana-master-50\/#respond"]}]},{"@type":"WebPage","@id":"https:\/\/frikisdelabici.com\/site\/capo-abierto-2x18-saoia-olite-y-unai-yus-desafio-teide-y-como-ser-campeon-de-espana-master-50\/","url":"https:\/\/frikisdelabici.com\/site\/capo-abierto-2x18-saoia-olite-y-unai-yus-desafio-teide-y-como-ser-campeon-de-espana-master-50\/","name":"Cap\u00f3 Abierto - 2x18 - Saoia Olite y Unai Yus. Desaf\u00edo Teide y c\u00f3mo ser campe\u00f3n de Espa\u00f1a master 50 - frikisdelabici.com","isPartOf":{"@id":"https:\/\/frikisdelabici.com\/site\/#website"},"primaryImageOfPage":{"@id":"https:\/\/frikisdelabici.com\/site\/capo-abierto-2x18-saoia-olite-y-unai-yus-desafio-teide-y-como-ser-campeon-de-espana-master-50\/#primaryimage"},"image":{"@id":"https:\/\/frikisdelabici.com\/site\/capo-abierto-2x18-saoia-olite-y-unai-yus-desafio-teide-y-como-ser-campeon-de-espana-master-50\/#primaryimage"},"thumbnailUrl":"https:\/\/frikisdelabici.com\/site\/wp-content\/uploads\/2024\/02\/maxresdefault-2.jpg","datePublished":"2024-02-05T18:49:21+00:00","breadcrumb":{"@id":"https:\/\/frikisdelabici.com\/site\/capo-abierto-2x18-saoia-olite-y-unai-yus-desafio-teide-y-como-ser-campeon-de-espana-master-50\/#breadcrumb"},"inLanguage":"es","potentialAction":[{"@type":"ReadAction","target":["https:\/\/frikisdelabici.com\/site\/capo-abierto-2x18-saoia-olite-y-unai-yus-desafio-teide-y-como-ser-campeon-de-espana-master-50\/"]}]},{"@type":"ImageObject","inLanguage":"es","@id":"https:\/\/frikisdelabici.com\/site\/capo-abierto-2x18-saoia-olite-y-unai-yus-desafio-teide-y-como-ser-campeon-de-espana-master-50\/#primaryimage","url":"https:\/\/frikisdelabici.com\/site\/wp-content\/uploads\/2024\/02\/maxresdefault-2.jpg","contentUrl":"https:\/\/frikisdelabici.com\/site\/wp-content\/uploads\/2024\/02\/maxresdefault-2.jpg","width":1280,"height":720},{"@type":"BreadcrumbList","@id":"https:\/\/frikisdelabici.com\/site\/capo-abierto-2x18-saoia-olite-y-unai-yus-desafio-teide-y-como-ser-campeon-de-espana-master-50\/#breadcrumb","itemListElement":[{"@type":"ListItem","position":1,"name":"Inicio","item":"https:\/\/frikisdelabici.com\/site\/"},{"@type":"ListItem","position":2,"name":"Cap\u00f3 Abierto &#8211; 2&#215;18 &#8211; Saoia Olite y Unai Yus. Desaf\u00edo Teide y c\u00f3mo ser campe\u00f3n de Espa\u00f1a master 50"}]},{"@type":"WebSite","@id":"https:\/\/frikisdelabici.com\/site\/#website","url":"https:\/\/frikisdelabici.com\/site\/","name":"frikisdelabici.com","description":"Noticias sobre ZWIFT, art\u00edculos sobre entrenamiento, carreras... de todo lo relacionado con el ciclista m\u00e1s friki","publisher":{"@id":"https:\/\/frikisdelabici.com\/site\/#\/schema\/person\/a7e0f7e0c1ecaf32b75491c779564593"},"potentialAction":[{"@type":"SearchAction","target":{"@type":"EntryPoint","urlTemplate":"https:\/\/frikisdelabici.com\/site\/?s={search_term_string}"},"query-input":{"@type":"PropertyValueSpecification","valueRequired":true,"valueName":"search_term_string"}}],"inLanguage":"es"},{"@type":["Person","Organization"],"@id":"https:\/\/frikisdelabici.com\/site\/#\/schema\/person\/a7e0f7e0c1ecaf32b75491c779564593","name":"Rub\u00e9n Fern\u00e1ndez","image":{"@type":"ImageObject","inLanguage":"es","@id":"https:\/\/frikisdelabici.com\/site\/#\/schema\/person\/image\/","url":"https:\/\/frikisdelabici.com\/site\/wp-content\/uploads\/2020\/03\/gran-fondo-san-sebastian-2017-4014569-48213-4286-1-scaled.jpg","contentUrl":"https:\/\/frikisdelabici.com\/site\/wp-content\/uploads\/2020\/03\/gran-fondo-san-sebastian-2017-4014569-48213-4286-1-scaled.jpg","width":2560,"height":1707,"caption":"Rub\u00e9n Fern\u00e1ndez"},"logo":{"@id":"https:\/\/frikisdelabici.com\/site\/#\/schema\/person\/image\/"},"url":"https:\/\/frikisdelabici.com\/site\/author\/rubenextra300\/"}]}},"_links":{"self":[{"href":"https:\/\/frikisdelabici.com\/site\/wp-json\/wp\/v2\/posts\/1943","targetHints":{"allow":["GET"]}}],"collection":[{"href":"https:\/\/frikisdelabici.com\/site\/wp-json\/wp\/v2\/posts"}],"about":[{"href":"https:\/\/frikisdelabici.com\/site\/wp-json\/wp\/v2\/types\/post"}],"author":[{"embeddable":true,"href":"https:\/\/frikisdelabici.com\/site\/wp-json\/wp\/v2\/users\/1"}],"replies":[{"embeddable":true,"href":"https:\/\/frikisdelabici.com\/site\/wp-json\/wp\/v2\/comments?post=1943"}],"version-history":[{"count":0,"href":"https:\/\/frikisdelabici.com\/site\/wp-json\/wp\/v2\/posts\/1943\/revisions"}],"wp:featuredmedia":[{"embeddable":true,"href":"https:\/\/frikisdelabici.com\/site\/wp-json\/wp\/v2\/media\/1947"}],"wp:attachment":[{"href":"https:\/\/frikisdelabici.com\/site\/wp-json\/wp\/v2\/media?parent=1943"}],"wp:term":[{"taxonomy":"category","embeddable":true,"href":"https:\/\/frikisdelabici.com\/site\/wp-json\/wp\/v2\/categories?post=1943"},{"taxonomy":"post_tag","embeddable":true,"href":"https:\/\/frikisdelabici.com\/site\/wp-json\/wp\/v2\/tags?post=1943"},{"taxonomy":"series","embeddable":true,"href":"https:\/\/frikisdelabici.com\/site\/wp-json\/wp\/v2\/series?post=1943"}],"curies":[{"name":"wp","href":"https:\/\/api.w.org\/{rel}","templated":true}]}}