{"id":1973,"date":"2024-02-19T18:10:58","date_gmt":"2024-02-19T18:10:58","guid":{"rendered":"https:\/\/frikisdelabici.com\/site\/capo-abierto-2x20-mywhoosh-va-evolucionando\/"},"modified":"2024-02-19T18:10:58","modified_gmt":"2024-02-19T18:10:58","slug":"capo-abierto-2x20-mywhoosh-va-evolucionando","status":"publish","type":"post","link":"https:\/\/frikisdelabici.com\/site\/capo-abierto-2x20-mywhoosh-va-evolucionando\/","title":{"rendered":"Cap\u00f3 Abierto &#8211; 2&#215;20 &#8211; Mywhoosh va evolucionando"},"content":{"rendered":"\r\n                \r\n                <figure class=\"wp-block-embed-youtube wp-block-embed is-type-video is-provider-youtube\"><div class=\"wp-block-embed__wrapper\"> \r\n                <iframe title=\"Cap\u00f3 Abierto - 2x20 - Mywhoosh va evolucionando\" width=\"640\" height=\"360\" data-src=\"https:\/\/www.youtube.com\/embed\/wSUES8zam4o?feature=oembed\" frameborder=\"0\" allow=\"accelerometer; autoplay; clipboard-write; encrypted-media; gyroscope; picture-in-picture; web-share\" referrerpolicy=\"strict-origin-when-cross-origin\" allowfullscreen src=\"data:image\/svg+xml;base64,PHN2ZyB3aWR0aD0iMSIgaGVpZ2h0PSIxIiB4bWxucz0iaHR0cDovL3d3dy53My5vcmcvMjAwMC9zdmciPjwvc3ZnPg==\" class=\"lazyload\" data-load-mode=\"1\"><\/iframe>\r\n                <\/div><\/figure>\r\n                Hoy tenemos un men\u00fa m\u00e1s \u00abnormal\u00bb. Vamos a hablar de Mywhoosh, que lo ha vuelto a probar Goyini despu\u00e9s de varios meses, c\u00f3mo evitar las desconexiones de nuestro rodillo y otros temas muy interesantes para el p\u00fablico ciclista en general.<br \/>\n<br \/>\nInstagram: https:\/\/www.instagram.com\/capoabierto\/<br \/>\nSigue nuestro canal de WhatsApp: https:\/\/whatsapp.com\/channel\/0029VaD6SIu5kg722w69gF0z<br \/>\n<br \/>\n\u00a1Suscr\u00edbete a este canal y as\u00ed no te perder\u00e1s nada! Dale aqu\u00ed: https:\/\/www.youtube.com\/channel\/UCqs9h1nVVC7spAy_3xmlqQQ","protected":false},"excerpt":{"rendered":"<p>Hoy tenemos un men\u00fa m\u00e1s \u00abnormal\u00bb. Vamos a hablar de Mywhoosh, que lo ha vuelto a probar Goyini despu\u00e9s de varios meses, c\u00f3mo evitar las desconexiones de nuestro rodillo y otros temas muy interesantes para el p\u00fablico ciclista en general. Instagram: https:\/\/www.instagram.com\/capoabierto\/ Sigue nuestro canal de WhatsApp: https:\/\/whatsapp.com\/channel\/0029VaD6SIu5kg722w69gF0z \u00a1Suscr\u00edbete a este canal y as\u00ed no&#8230;<\/p>\n","protected":false},"author":1,"featured_media":1974,"comment_status":"open","ping_status":"open","sticky":false,"template":"","format":"video","meta":{"footnotes":""},"categories":[373],"tags":[341,338,63,268,70,376,84,20],"series":[372],"class_list":["post-1973","post","type-post","status-publish","format-video","has-post-thumbnail","hentry","category-capo-abierto","tag-capo-abierto","tag-ciclismo-indoor","tag-elite-suito","tag-rodillo","tag-rodillo-elite","tag-wahoo","tag-zwift","tag-zwift-en-espanol","post_format-post-format-video","series-capo-abierto"],"yoast_head":"<!-- This site is optimized with the Yoast SEO Premium plugin v18.4 (Yoast SEO v26.7) - https:\/\/yoast.com\/wordpress\/plugins\/seo\/ -->\n<title>Cap\u00f3 Abierto - 2x20 - Mywhoosh va evolucionando - frikisdelabici.com<\/title>\n<meta name=\"robots\" content=\"index, follow, max-snippet:-1, max-image-preview:large, max-video-preview:-1\" \/>\n<link rel=\"canonical\" href=\"https:\/\/frikisdelabici.com\/site\/capo-abierto-2x20-mywhoosh-va-evolucionando\/\" \/>\n<meta property=\"og:locale\" content=\"es_ES\" \/>\n<meta property=\"og:type\" content=\"article\" \/>\n<meta property=\"og:title\" content=\"Cap\u00f3 Abierto - 2x20 - Mywhoosh va evolucionando\" \/>\n<meta property=\"og:description\" content=\"Hoy tenemos un men\u00fa m\u00e1s \u00abnormal\u00bb. Vamos a hablar de Mywhoosh, que lo ha vuelto a probar Goyini despu\u00e9s de varios meses, c\u00f3mo evitar las desconexiones de nuestro rodillo y otros temas muy interesantes para el p\u00fablico ciclista en general. Instagram: https:\/\/www.instagram.com\/capoabierto\/ Sigue nuestro canal de WhatsApp: https:\/\/whatsapp.com\/channel\/0029VaD6SIu5kg722w69gF0z \u00a1Suscr\u00edbete a este canal y as\u00ed no...\" \/>\n<meta property=\"og:url\" content=\"https:\/\/frikisdelabici.com\/site\/capo-abierto-2x20-mywhoosh-va-evolucionando\/\" \/>\n<meta property=\"og:site_name\" content=\"frikisdelabici.com\" \/>\n<meta property=\"article:published_time\" content=\"2024-02-19T18:10:58+00:00\" \/>\n<meta name=\"author\" content=\"Rub\u00e9n Fern\u00e1ndez\" \/>\n<meta name=\"twitter:card\" content=\"summary_large_image\" \/>\n<meta name=\"twitter:label1\" content=\"Escrito por\" \/>\n\t<meta name=\"twitter:data1\" content=\"Rub\u00e9n Fern\u00e1ndez\" \/>\n<script type=\"application\/ld+json\" class=\"yoast-schema-graph\">{\"@context\":\"https:\/\/schema.org\",\"@graph\":[{\"@type\":\"Article\",\"@id\":\"https:\/\/frikisdelabici.com\/site\/capo-abierto-2x20-mywhoosh-va-evolucionando\/#article\",\"isPartOf\":{\"@id\":\"https:\/\/frikisdelabici.com\/site\/capo-abierto-2x20-mywhoosh-va-evolucionando\/\"},\"author\":{\"name\":\"Rub\u00e9n Fern\u00e1ndez\",\"@id\":\"https:\/\/frikisdelabici.com\/site\/#\/schema\/person\/a7e0f7e0c1ecaf32b75491c779564593\"},\"headline\":\"Cap\u00f3 Abierto &#8211; 2&#215;20 &#8211; Mywhoosh va evolucionando\",\"datePublished\":\"2024-02-19T18:10:58+00:00\",\"mainEntityOfPage\":{\"@id\":\"https:\/\/frikisdelabici.com\/site\/capo-abierto-2x20-mywhoosh-va-evolucionando\/\"},\"wordCount\":106,\"commentCount\":0,\"publisher\":{\"@id\":\"https:\/\/frikisdelabici.com\/site\/#\/schema\/person\/a7e0f7e0c1ecaf32b75491c779564593\"},\"image\":{\"@id\":\"https:\/\/frikisdelabici.com\/site\/capo-abierto-2x20-mywhoosh-va-evolucionando\/#primaryimage\"},\"thumbnailUrl\":\"https:\/\/frikisdelabici.com\/site\/wp-content\/uploads\/2024\/02\/maxresdefault-7.jpg\",\"keywords\":[\"capo abierto\",\"ciclismo indoor\",\"elite suito\",\"rodillo\",\"rodillo elite\",\"wahoo\",\"zwift\",\"zwift en espa\u00f1ol\"],\"articleSection\":[\"Cap\u00f3 Abierto\"],\"inLanguage\":\"es\",\"potentialAction\":[{\"@type\":\"CommentAction\",\"name\":\"Comment\",\"target\":[\"https:\/\/frikisdelabici.com\/site\/capo-abierto-2x20-mywhoosh-va-evolucionando\/#respond\"]}]},{\"@type\":\"WebPage\",\"@id\":\"https:\/\/frikisdelabici.com\/site\/capo-abierto-2x20-mywhoosh-va-evolucionando\/\",\"url\":\"https:\/\/frikisdelabici.com\/site\/capo-abierto-2x20-mywhoosh-va-evolucionando\/\",\"name\":\"Cap\u00f3 Abierto - 2x20 - Mywhoosh va evolucionando - frikisdelabici.com\",\"isPartOf\":{\"@id\":\"https:\/\/frikisdelabici.com\/site\/#website\"},\"primaryImageOfPage\":{\"@id\":\"https:\/\/frikisdelabici.com\/site\/capo-abierto-2x20-mywhoosh-va-evolucionando\/#primaryimage\"},\"image\":{\"@id\":\"https:\/\/frikisdelabici.com\/site\/capo-abierto-2x20-mywhoosh-va-evolucionando\/#primaryimage\"},\"thumbnailUrl\":\"https:\/\/frikisdelabici.com\/site\/wp-content\/uploads\/2024\/02\/maxresdefault-7.jpg\",\"datePublished\":\"2024-02-19T18:10:58+00:00\",\"breadcrumb\":{\"@id\":\"https:\/\/frikisdelabici.com\/site\/capo-abierto-2x20-mywhoosh-va-evolucionando\/#breadcrumb\"},\"inLanguage\":\"es\",\"potentialAction\":[{\"@type\":\"ReadAction\",\"target\":[\"https:\/\/frikisdelabici.com\/site\/capo-abierto-2x20-mywhoosh-va-evolucionando\/\"]}]},{\"@type\":\"ImageObject\",\"inLanguage\":\"es\",\"@id\":\"https:\/\/frikisdelabici.com\/site\/capo-abierto-2x20-mywhoosh-va-evolucionando\/#primaryimage\",\"url\":\"https:\/\/frikisdelabici.com\/site\/wp-content\/uploads\/2024\/02\/maxresdefault-7.jpg\",\"contentUrl\":\"https:\/\/frikisdelabici.com\/site\/wp-content\/uploads\/2024\/02\/maxresdefault-7.jpg\",\"width\":1280,\"height\":720},{\"@type\":\"BreadcrumbList\",\"@id\":\"https:\/\/frikisdelabici.com\/site\/capo-abierto-2x20-mywhoosh-va-evolucionando\/#breadcrumb\",\"itemListElement\":[{\"@type\":\"ListItem\",\"position\":1,\"name\":\"Inicio\",\"item\":\"https:\/\/frikisdelabici.com\/site\/\"},{\"@type\":\"ListItem\",\"position\":2,\"name\":\"Cap\u00f3 Abierto &#8211; 2&#215;20 &#8211; Mywhoosh va evolucionando\"}]},{\"@type\":\"WebSite\",\"@id\":\"https:\/\/frikisdelabici.com\/site\/#website\",\"url\":\"https:\/\/frikisdelabici.com\/site\/\",\"name\":\"frikisdelabici.com\",\"description\":\"Noticias sobre ZWIFT, art\u00edculos sobre entrenamiento, carreras... de todo lo relacionado con el ciclista m\u00e1s friki\",\"publisher\":{\"@id\":\"https:\/\/frikisdelabici.com\/site\/#\/schema\/person\/a7e0f7e0c1ecaf32b75491c779564593\"},\"potentialAction\":[{\"@type\":\"SearchAction\",\"target\":{\"@type\":\"EntryPoint\",\"urlTemplate\":\"https:\/\/frikisdelabici.com\/site\/?s={search_term_string}\"},\"query-input\":{\"@type\":\"PropertyValueSpecification\",\"valueRequired\":true,\"valueName\":\"search_term_string\"}}],\"inLanguage\":\"es\"},{\"@type\":[\"Person\",\"Organization\"],\"@id\":\"https:\/\/frikisdelabici.com\/site\/#\/schema\/person\/a7e0f7e0c1ecaf32b75491c779564593\",\"name\":\"Rub\u00e9n Fern\u00e1ndez\",\"image\":{\"@type\":\"ImageObject\",\"inLanguage\":\"es\",\"@id\":\"https:\/\/frikisdelabici.com\/site\/#\/schema\/person\/image\/\",\"url\":\"https:\/\/frikisdelabici.com\/site\/wp-content\/uploads\/2020\/03\/gran-fondo-san-sebastian-2017-4014569-48213-4286-1-scaled.jpg\",\"contentUrl\":\"https:\/\/frikisdelabici.com\/site\/wp-content\/uploads\/2020\/03\/gran-fondo-san-sebastian-2017-4014569-48213-4286-1-scaled.jpg\",\"width\":2560,\"height\":1707,\"caption\":\"Rub\u00e9n Fern\u00e1ndez\"},\"logo\":{\"@id\":\"https:\/\/frikisdelabici.com\/site\/#\/schema\/person\/image\/\"},\"url\":\"https:\/\/frikisdelabici.com\/site\/author\/rubenextra300\/\"}]}<\/script>\n<!-- \/ Yoast SEO Premium plugin. -->","yoast_head_json":{"title":"Cap\u00f3 Abierto - 2x20 - Mywhoosh va evolucionando - frikisdelabici.com","robots":{"index":"index","follow":"follow","max-snippet":"max-snippet:-1","max-image-preview":"max-image-preview:large","max-video-preview":"max-video-preview:-1"},"canonical":"https:\/\/frikisdelabici.com\/site\/capo-abierto-2x20-mywhoosh-va-evolucionando\/","og_locale":"es_ES","og_type":"article","og_title":"Cap\u00f3 Abierto - 2x20 - Mywhoosh va evolucionando","og_description":"Hoy tenemos un men\u00fa m\u00e1s \u00abnormal\u00bb. Vamos a hablar de Mywhoosh, que lo ha vuelto a probar Goyini despu\u00e9s de varios meses, c\u00f3mo evitar las desconexiones de nuestro rodillo y otros temas muy interesantes para el p\u00fablico ciclista en general. Instagram: https:\/\/www.instagram.com\/capoabierto\/ Sigue nuestro canal de WhatsApp: https:\/\/whatsapp.com\/channel\/0029VaD6SIu5kg722w69gF0z \u00a1Suscr\u00edbete a este canal y as\u00ed no...","og_url":"https:\/\/frikisdelabici.com\/site\/capo-abierto-2x20-mywhoosh-va-evolucionando\/","og_site_name":"frikisdelabici.com","article_published_time":"2024-02-19T18:10:58+00:00","author":"Rub\u00e9n Fern\u00e1ndez","twitter_card":"summary_large_image","twitter_misc":{"Escrito por":"Rub\u00e9n Fern\u00e1ndez"},"schema":{"@context":"https:\/\/schema.org","@graph":[{"@type":"Article","@id":"https:\/\/frikisdelabici.com\/site\/capo-abierto-2x20-mywhoosh-va-evolucionando\/#article","isPartOf":{"@id":"https:\/\/frikisdelabici.com\/site\/capo-abierto-2x20-mywhoosh-va-evolucionando\/"},"author":{"name":"Rub\u00e9n Fern\u00e1ndez","@id":"https:\/\/frikisdelabici.com\/site\/#\/schema\/person\/a7e0f7e0c1ecaf32b75491c779564593"},"headline":"Cap\u00f3 Abierto &#8211; 2&#215;20 &#8211; Mywhoosh va evolucionando","datePublished":"2024-02-19T18:10:58+00:00","mainEntityOfPage":{"@id":"https:\/\/frikisdelabici.com\/site\/capo-abierto-2x20-mywhoosh-va-evolucionando\/"},"wordCount":106,"commentCount":0,"publisher":{"@id":"https:\/\/frikisdelabici.com\/site\/#\/schema\/person\/a7e0f7e0c1ecaf32b75491c779564593"},"image":{"@id":"https:\/\/frikisdelabici.com\/site\/capo-abierto-2x20-mywhoosh-va-evolucionando\/#primaryimage"},"thumbnailUrl":"https:\/\/frikisdelabici.com\/site\/wp-content\/uploads\/2024\/02\/maxresdefault-7.jpg","keywords":["capo abierto","ciclismo indoor","elite suito","rodillo","rodillo elite","wahoo","zwift","zwift en espa\u00f1ol"],"articleSection":["Cap\u00f3 Abierto"],"inLanguage":"es","potentialAction":[{"@type":"CommentAction","name":"Comment","target":["https:\/\/frikisdelabici.com\/site\/capo-abierto-2x20-mywhoosh-va-evolucionando\/#respond"]}]},{"@type":"WebPage","@id":"https:\/\/frikisdelabici.com\/site\/capo-abierto-2x20-mywhoosh-va-evolucionando\/","url":"https:\/\/frikisdelabici.com\/site\/capo-abierto-2x20-mywhoosh-va-evolucionando\/","name":"Cap\u00f3 Abierto - 2x20 - Mywhoosh va evolucionando - frikisdelabici.com","isPartOf":{"@id":"https:\/\/frikisdelabici.com\/site\/#website"},"primaryImageOfPage":{"@id":"https:\/\/frikisdelabici.com\/site\/capo-abierto-2x20-mywhoosh-va-evolucionando\/#primaryimage"},"image":{"@id":"https:\/\/frikisdelabici.com\/site\/capo-abierto-2x20-mywhoosh-va-evolucionando\/#primaryimage"},"thumbnailUrl":"https:\/\/frikisdelabici.com\/site\/wp-content\/uploads\/2024\/02\/maxresdefault-7.jpg","datePublished":"2024-02-19T18:10:58+00:00","breadcrumb":{"@id":"https:\/\/frikisdelabici.com\/site\/capo-abierto-2x20-mywhoosh-va-evolucionando\/#breadcrumb"},"inLanguage":"es","potentialAction":[{"@type":"ReadAction","target":["https:\/\/frikisdelabici.com\/site\/capo-abierto-2x20-mywhoosh-va-evolucionando\/"]}]},{"@type":"ImageObject","inLanguage":"es","@id":"https:\/\/frikisdelabici.com\/site\/capo-abierto-2x20-mywhoosh-va-evolucionando\/#primaryimage","url":"https:\/\/frikisdelabici.com\/site\/wp-content\/uploads\/2024\/02\/maxresdefault-7.jpg","contentUrl":"https:\/\/frikisdelabici.com\/site\/wp-content\/uploads\/2024\/02\/maxresdefault-7.jpg","width":1280,"height":720},{"@type":"BreadcrumbList","@id":"https:\/\/frikisdelabici.com\/site\/capo-abierto-2x20-mywhoosh-va-evolucionando\/#breadcrumb","itemListElement":[{"@type":"ListItem","position":1,"name":"Inicio","item":"https:\/\/frikisdelabici.com\/site\/"},{"@type":"ListItem","position":2,"name":"Cap\u00f3 Abierto &#8211; 2&#215;20 &#8211; Mywhoosh va evolucionando"}]},{"@type":"WebSite","@id":"https:\/\/frikisdelabici.com\/site\/#website","url":"https:\/\/frikisdelabici.com\/site\/","name":"frikisdelabici.com","description":"Noticias sobre ZWIFT, art\u00edculos sobre entrenamiento, carreras... de todo lo relacionado con el ciclista m\u00e1s friki","publisher":{"@id":"https:\/\/frikisdelabici.com\/site\/#\/schema\/person\/a7e0f7e0c1ecaf32b75491c779564593"},"potentialAction":[{"@type":"SearchAction","target":{"@type":"EntryPoint","urlTemplate":"https:\/\/frikisdelabici.com\/site\/?s={search_term_string}"},"query-input":{"@type":"PropertyValueSpecification","valueRequired":true,"valueName":"search_term_string"}}],"inLanguage":"es"},{"@type":["Person","Organization"],"@id":"https:\/\/frikisdelabici.com\/site\/#\/schema\/person\/a7e0f7e0c1ecaf32b75491c779564593","name":"Rub\u00e9n Fern\u00e1ndez","image":{"@type":"ImageObject","inLanguage":"es","@id":"https:\/\/frikisdelabici.com\/site\/#\/schema\/person\/image\/","url":"https:\/\/frikisdelabici.com\/site\/wp-content\/uploads\/2020\/03\/gran-fondo-san-sebastian-2017-4014569-48213-4286-1-scaled.jpg","contentUrl":"https:\/\/frikisdelabici.com\/site\/wp-content\/uploads\/2020\/03\/gran-fondo-san-sebastian-2017-4014569-48213-4286-1-scaled.jpg","width":2560,"height":1707,"caption":"Rub\u00e9n Fern\u00e1ndez"},"logo":{"@id":"https:\/\/frikisdelabici.com\/site\/#\/schema\/person\/image\/"},"url":"https:\/\/frikisdelabici.com\/site\/author\/rubenextra300\/"}]}},"_links":{"self":[{"href":"https:\/\/frikisdelabici.com\/site\/wp-json\/wp\/v2\/posts\/1973","targetHints":{"allow":["GET"]}}],"collection":[{"href":"https:\/\/frikisdelabici.com\/site\/wp-json\/wp\/v2\/posts"}],"about":[{"href":"https:\/\/frikisdelabici.com\/site\/wp-json\/wp\/v2\/types\/post"}],"author":[{"embeddable":true,"href":"https:\/\/frikisdelabici.com\/site\/wp-json\/wp\/v2\/users\/1"}],"replies":[{"embeddable":true,"href":"https:\/\/frikisdelabici.com\/site\/wp-json\/wp\/v2\/comments?post=1973"}],"version-history":[{"count":0,"href":"https:\/\/frikisdelabici.com\/site\/wp-json\/wp\/v2\/posts\/1973\/revisions"}],"wp:featuredmedia":[{"embeddable":true,"href":"https:\/\/frikisdelabici.com\/site\/wp-json\/wp\/v2\/media\/1974"}],"wp:attachment":[{"href":"https:\/\/frikisdelabici.com\/site\/wp-json\/wp\/v2\/media?parent=1973"}],"wp:term":[{"taxonomy":"category","embeddable":true,"href":"https:\/\/frikisdelabici.com\/site\/wp-json\/wp\/v2\/categories?post=1973"},{"taxonomy":"post_tag","embeddable":true,"href":"https:\/\/frikisdelabici.com\/site\/wp-json\/wp\/v2\/tags?post=1973"},{"taxonomy":"series","embeddable":true,"href":"https:\/\/frikisdelabici.com\/site\/wp-json\/wp\/v2\/series?post=1973"}],"curies":[{"name":"wp","href":"https:\/\/api.w.org\/{rel}","templated":true}]}}