{"id":1983,"date":"2024-03-04T17:39:52","date_gmt":"2024-03-04T17:39:52","guid":{"rendered":"https:\/\/frikisdelabici.com\/site\/capo-abierto-2x22-strade-bianche-y-la-primera-etapa-de-los-zwift-games\/"},"modified":"2024-03-04T17:39:52","modified_gmt":"2024-03-04T17:39:52","slug":"capo-abierto-2x22-strade-bianche-y-la-primera-etapa-de-los-zwift-games","status":"publish","type":"post","link":"https:\/\/frikisdelabici.com\/site\/capo-abierto-2x22-strade-bianche-y-la-primera-etapa-de-los-zwift-games\/","title":{"rendered":"Cap\u00f3 Abierto &#8211; 2&#215;22 &#8211; Strade Bianche y la primera etapa de los ZWIFT Games"},"content":{"rendered":"\r\n                \r\n                <figure class=\"wp-block-embed-youtube wp-block-embed is-type-video is-provider-youtube\"><div class=\"wp-block-embed__wrapper\"> \r\n                <iframe title=\"Cap\u00f3 Abierto - 2x22 - Strade Bianche y la primera etapa de los ZWIFT Games\" width=\"640\" height=\"360\" data-src=\"https:\/\/www.youtube.com\/embed\/XFx5-LhJ5vQ?feature=oembed\" frameborder=\"0\" allow=\"accelerometer; autoplay; clipboard-write; encrypted-media; gyroscope; picture-in-picture; web-share\" referrerpolicy=\"strict-origin-when-cross-origin\" allowfullscreen src=\"data:image\/svg+xml;base64,PHN2ZyB3aWR0aD0iMSIgaGVpZ2h0PSIxIiB4bWxucz0iaHR0cDovL3d3dy53My5vcmcvMjAwMC9zdmciPjwvc3ZnPg==\" class=\"lazyload\" data-load-mode=\"1\"><\/iframe>\r\n                <\/div><\/figure>\r\n                \ud83c\udf99\ufe0f Episodio Especial: Strade Bianche y los Electrizantes Zwift Games<br \/>\n<br \/>\n\u00bfEst\u00e1s listo para sumergirte en el emocionante mundo del ciclismo? En este episodio de Cap\u00f3 Abierto, te llevamos a dos destinos inolvidables:<br \/>\n<br \/>\nStrade Bianche 2024: Imagina pedalear por las pintorescas colinas de la Toscana, con sus caminos de tierra blanca que parecen sacados de un cuento de hadas. Descubre c\u00f3mo los ciclistas de \u00e9lite se enfrentaron a estos desafiantes tramos y lucharon por la gloria en la 18.\u00aa edici\u00f3n de la Strade Bianche. \u00a1Polvo, sudor y \u00e9pica ciclista garantizados!<br \/>\n<br \/>\nZwift Games: \u00bfQu\u00e9 sucede cuando combinas la pasi\u00f3n por el ciclismo con la tecnolog\u00eda virtual? Los Zwift Games, por supuesto. Acomp\u00e1\u00f1anos mientras exploramos las carreras virtuales m\u00e1s emocionantes del a\u00f1o. Desde sprints explosivos hasta ascensos \u00e9picos, los ciclistas \u00e9lite se enfrentan en un mundo digital lleno de adrenalina. \u00bfQui\u00e9n se alzar\u00e1 con la victoria? \u00a1Solo en Cap\u00f3 Abierto lo descubrir\u00e1s!<br \/>\n<br \/>\nSintoniza este episodio y prep\u00e1rate para pedalear junto a nosotros. \u00a1No querr\u00e1s perd\u00e9rtelo! \ud83d\udeb4\u200d\u2642\ufe0f\ud83c\udf89<br \/>\n<br \/>\nInstagram: https:\/\/www.instagram.com\/capoabierto\/<br \/>\nSigue nuestro canal de WhatsApp: https:\/\/whatsapp.com\/channel\/0029VaD6SIu5kg722w69gF0z<br \/>\n<br \/>\n\u00a1Suscr\u00edbete a este canal y as\u00ed no te perder\u00e1s nada! Dale aqu\u00ed: https:\/\/www.youtube.com\/channel\/UCqs9h1nVVC7spAy_3xmlqQQ","protected":false},"excerpt":{"rendered":"<p>\ud83c\udf99\ufe0f Episodio Especial: Strade Bianche y los Electrizantes Zwift Games \u00bfEst\u00e1s listo para sumergirte en el emocionante mundo del ciclismo? En este episodio de Cap\u00f3 Abierto, te llevamos a dos destinos inolvidables: Strade Bianche 2024: Imagina pedalear por las pintorescas colinas de la Toscana, con sus caminos de tierra blanca que parecen sacados de un&#8230;<\/p>\n","protected":false},"author":1,"featured_media":1985,"comment_status":"open","ping_status":"open","sticky":false,"template":"","format":"video","meta":{"footnotes":""},"categories":[373],"tags":[341,338,63,268,70,376,84,20],"series":[372],"class_list":["post-1983","post","type-post","status-publish","format-video","has-post-thumbnail","hentry","category-capo-abierto","tag-capo-abierto","tag-ciclismo-indoor","tag-elite-suito","tag-rodillo","tag-rodillo-elite","tag-wahoo","tag-zwift","tag-zwift-en-espanol","post_format-post-format-video","series-capo-abierto"],"yoast_head":"<!-- This site is optimized with the Yoast SEO Premium plugin v18.4 (Yoast SEO v26.7) - https:\/\/yoast.com\/wordpress\/plugins\/seo\/ -->\n<title>Cap\u00f3 Abierto - 2x22 - Strade Bianche y la primera etapa de los ZWIFT Games - frikisdelabici.com<\/title>\n<meta name=\"robots\" content=\"index, follow, max-snippet:-1, max-image-preview:large, max-video-preview:-1\" \/>\n<link rel=\"canonical\" href=\"https:\/\/frikisdelabici.com\/site\/capo-abierto-2x22-strade-bianche-y-la-primera-etapa-de-los-zwift-games\/\" \/>\n<meta property=\"og:locale\" content=\"es_ES\" \/>\n<meta property=\"og:type\" content=\"article\" \/>\n<meta property=\"og:title\" content=\"Cap\u00f3 Abierto - 2x22 - Strade Bianche y la primera etapa de los ZWIFT Games\" \/>\n<meta property=\"og:description\" content=\"\ud83c\udf99\ufe0f Episodio Especial: Strade Bianche y los Electrizantes Zwift Games \u00bfEst\u00e1s listo para sumergirte en el emocionante mundo del ciclismo? En este episodio de Cap\u00f3 Abierto, te llevamos a dos destinos inolvidables: Strade Bianche 2024: Imagina pedalear por las pintorescas colinas de la Toscana, con sus caminos de tierra blanca que parecen sacados de un...\" \/>\n<meta property=\"og:url\" content=\"https:\/\/frikisdelabici.com\/site\/capo-abierto-2x22-strade-bianche-y-la-primera-etapa-de-los-zwift-games\/\" \/>\n<meta property=\"og:site_name\" content=\"frikisdelabici.com\" \/>\n<meta property=\"article:published_time\" content=\"2024-03-04T17:39:52+00:00\" \/>\n<meta name=\"author\" content=\"Rub\u00e9n Fern\u00e1ndez\" \/>\n<meta name=\"twitter:card\" content=\"summary_large_image\" \/>\n<meta name=\"twitter:label1\" content=\"Escrito por\" \/>\n\t<meta name=\"twitter:data1\" content=\"Rub\u00e9n Fern\u00e1ndez\" \/>\n\t<meta name=\"twitter:label2\" content=\"Tiempo de lectura\" \/>\n\t<meta name=\"twitter:data2\" content=\"1 minuto\" \/>\n<script type=\"application\/ld+json\" class=\"yoast-schema-graph\">{\"@context\":\"https:\/\/schema.org\",\"@graph\":[{\"@type\":\"Article\",\"@id\":\"https:\/\/frikisdelabici.com\/site\/capo-abierto-2x22-strade-bianche-y-la-primera-etapa-de-los-zwift-games\/#article\",\"isPartOf\":{\"@id\":\"https:\/\/frikisdelabici.com\/site\/capo-abierto-2x22-strade-bianche-y-la-primera-etapa-de-los-zwift-games\/\"},\"author\":{\"name\":\"Rub\u00e9n Fern\u00e1ndez\",\"@id\":\"https:\/\/frikisdelabici.com\/site\/#\/schema\/person\/a7e0f7e0c1ecaf32b75491c779564593\"},\"headline\":\"Cap\u00f3 Abierto &#8211; 2&#215;22 &#8211; Strade Bianche y la primera etapa de los ZWIFT Games\",\"datePublished\":\"2024-03-04T17:39:52+00:00\",\"mainEntityOfPage\":{\"@id\":\"https:\/\/frikisdelabici.com\/site\/capo-abierto-2x22-strade-bianche-y-la-primera-etapa-de-los-zwift-games\/\"},\"wordCount\":241,\"commentCount\":0,\"publisher\":{\"@id\":\"https:\/\/frikisdelabici.com\/site\/#\/schema\/person\/a7e0f7e0c1ecaf32b75491c779564593\"},\"image\":{\"@id\":\"https:\/\/frikisdelabici.com\/site\/capo-abierto-2x22-strade-bianche-y-la-primera-etapa-de-los-zwift-games\/#primaryimage\"},\"thumbnailUrl\":\"https:\/\/frikisdelabici.com\/site\/wp-content\/uploads\/2024\/03\/maxresdefault_live.jpg\",\"keywords\":[\"capo abierto\",\"ciclismo indoor\",\"elite suito\",\"rodillo\",\"rodillo elite\",\"wahoo\",\"zwift\",\"zwift en espa\u00f1ol\"],\"articleSection\":[\"Cap\u00f3 Abierto\"],\"inLanguage\":\"es\",\"potentialAction\":[{\"@type\":\"CommentAction\",\"name\":\"Comment\",\"target\":[\"https:\/\/frikisdelabici.com\/site\/capo-abierto-2x22-strade-bianche-y-la-primera-etapa-de-los-zwift-games\/#respond\"]}]},{\"@type\":\"WebPage\",\"@id\":\"https:\/\/frikisdelabici.com\/site\/capo-abierto-2x22-strade-bianche-y-la-primera-etapa-de-los-zwift-games\/\",\"url\":\"https:\/\/frikisdelabici.com\/site\/capo-abierto-2x22-strade-bianche-y-la-primera-etapa-de-los-zwift-games\/\",\"name\":\"Cap\u00f3 Abierto - 2x22 - Strade Bianche y la primera etapa de los ZWIFT Games - frikisdelabici.com\",\"isPartOf\":{\"@id\":\"https:\/\/frikisdelabici.com\/site\/#website\"},\"primaryImageOfPage\":{\"@id\":\"https:\/\/frikisdelabici.com\/site\/capo-abierto-2x22-strade-bianche-y-la-primera-etapa-de-los-zwift-games\/#primaryimage\"},\"image\":{\"@id\":\"https:\/\/frikisdelabici.com\/site\/capo-abierto-2x22-strade-bianche-y-la-primera-etapa-de-los-zwift-games\/#primaryimage\"},\"thumbnailUrl\":\"https:\/\/frikisdelabici.com\/site\/wp-content\/uploads\/2024\/03\/maxresdefault_live.jpg\",\"datePublished\":\"2024-03-04T17:39:52+00:00\",\"breadcrumb\":{\"@id\":\"https:\/\/frikisdelabici.com\/site\/capo-abierto-2x22-strade-bianche-y-la-primera-etapa-de-los-zwift-games\/#breadcrumb\"},\"inLanguage\":\"es\",\"potentialAction\":[{\"@type\":\"ReadAction\",\"target\":[\"https:\/\/frikisdelabici.com\/site\/capo-abierto-2x22-strade-bianche-y-la-primera-etapa-de-los-zwift-games\/\"]}]},{\"@type\":\"ImageObject\",\"inLanguage\":\"es\",\"@id\":\"https:\/\/frikisdelabici.com\/site\/capo-abierto-2x22-strade-bianche-y-la-primera-etapa-de-los-zwift-games\/#primaryimage\",\"url\":\"https:\/\/frikisdelabici.com\/site\/wp-content\/uploads\/2024\/03\/maxresdefault_live.jpg\",\"contentUrl\":\"https:\/\/frikisdelabici.com\/site\/wp-content\/uploads\/2024\/03\/maxresdefault_live.jpg\",\"width\":1280,\"height\":720},{\"@type\":\"BreadcrumbList\",\"@id\":\"https:\/\/frikisdelabici.com\/site\/capo-abierto-2x22-strade-bianche-y-la-primera-etapa-de-los-zwift-games\/#breadcrumb\",\"itemListElement\":[{\"@type\":\"ListItem\",\"position\":1,\"name\":\"Inicio\",\"item\":\"https:\/\/frikisdelabici.com\/site\/\"},{\"@type\":\"ListItem\",\"position\":2,\"name\":\"Cap\u00f3 Abierto &#8211; 2&#215;22 &#8211; Strade Bianche y la primera etapa de los ZWIFT Games\"}]},{\"@type\":\"WebSite\",\"@id\":\"https:\/\/frikisdelabici.com\/site\/#website\",\"url\":\"https:\/\/frikisdelabici.com\/site\/\",\"name\":\"frikisdelabici.com\",\"description\":\"Noticias sobre ZWIFT, art\u00edculos sobre entrenamiento, carreras... de todo lo relacionado con el ciclista m\u00e1s friki\",\"publisher\":{\"@id\":\"https:\/\/frikisdelabici.com\/site\/#\/schema\/person\/a7e0f7e0c1ecaf32b75491c779564593\"},\"potentialAction\":[{\"@type\":\"SearchAction\",\"target\":{\"@type\":\"EntryPoint\",\"urlTemplate\":\"https:\/\/frikisdelabici.com\/site\/?s={search_term_string}\"},\"query-input\":{\"@type\":\"PropertyValueSpecification\",\"valueRequired\":true,\"valueName\":\"search_term_string\"}}],\"inLanguage\":\"es\"},{\"@type\":[\"Person\",\"Organization\"],\"@id\":\"https:\/\/frikisdelabici.com\/site\/#\/schema\/person\/a7e0f7e0c1ecaf32b75491c779564593\",\"name\":\"Rub\u00e9n Fern\u00e1ndez\",\"image\":{\"@type\":\"ImageObject\",\"inLanguage\":\"es\",\"@id\":\"https:\/\/frikisdelabici.com\/site\/#\/schema\/person\/image\/\",\"url\":\"https:\/\/frikisdelabici.com\/site\/wp-content\/uploads\/2020\/03\/gran-fondo-san-sebastian-2017-4014569-48213-4286-1-scaled.jpg\",\"contentUrl\":\"https:\/\/frikisdelabici.com\/site\/wp-content\/uploads\/2020\/03\/gran-fondo-san-sebastian-2017-4014569-48213-4286-1-scaled.jpg\",\"width\":2560,\"height\":1707,\"caption\":\"Rub\u00e9n Fern\u00e1ndez\"},\"logo\":{\"@id\":\"https:\/\/frikisdelabici.com\/site\/#\/schema\/person\/image\/\"},\"url\":\"https:\/\/frikisdelabici.com\/site\/author\/rubenextra300\/\"}]}<\/script>\n<!-- \/ Yoast SEO Premium plugin. -->","yoast_head_json":{"title":"Cap\u00f3 Abierto - 2x22 - Strade Bianche y la primera etapa de los ZWIFT Games - frikisdelabici.com","robots":{"index":"index","follow":"follow","max-snippet":"max-snippet:-1","max-image-preview":"max-image-preview:large","max-video-preview":"max-video-preview:-1"},"canonical":"https:\/\/frikisdelabici.com\/site\/capo-abierto-2x22-strade-bianche-y-la-primera-etapa-de-los-zwift-games\/","og_locale":"es_ES","og_type":"article","og_title":"Cap\u00f3 Abierto - 2x22 - Strade Bianche y la primera etapa de los ZWIFT Games","og_description":"\ud83c\udf99\ufe0f Episodio Especial: Strade Bianche y los Electrizantes Zwift Games \u00bfEst\u00e1s listo para sumergirte en el emocionante mundo del ciclismo? En este episodio de Cap\u00f3 Abierto, te llevamos a dos destinos inolvidables: Strade Bianche 2024: Imagina pedalear por las pintorescas colinas de la Toscana, con sus caminos de tierra blanca que parecen sacados de un...","og_url":"https:\/\/frikisdelabici.com\/site\/capo-abierto-2x22-strade-bianche-y-la-primera-etapa-de-los-zwift-games\/","og_site_name":"frikisdelabici.com","article_published_time":"2024-03-04T17:39:52+00:00","author":"Rub\u00e9n Fern\u00e1ndez","twitter_card":"summary_large_image","twitter_misc":{"Escrito por":"Rub\u00e9n Fern\u00e1ndez","Tiempo de lectura":"1 minuto"},"schema":{"@context":"https:\/\/schema.org","@graph":[{"@type":"Article","@id":"https:\/\/frikisdelabici.com\/site\/capo-abierto-2x22-strade-bianche-y-la-primera-etapa-de-los-zwift-games\/#article","isPartOf":{"@id":"https:\/\/frikisdelabici.com\/site\/capo-abierto-2x22-strade-bianche-y-la-primera-etapa-de-los-zwift-games\/"},"author":{"name":"Rub\u00e9n Fern\u00e1ndez","@id":"https:\/\/frikisdelabici.com\/site\/#\/schema\/person\/a7e0f7e0c1ecaf32b75491c779564593"},"headline":"Cap\u00f3 Abierto &#8211; 2&#215;22 &#8211; Strade Bianche y la primera etapa de los ZWIFT Games","datePublished":"2024-03-04T17:39:52+00:00","mainEntityOfPage":{"@id":"https:\/\/frikisdelabici.com\/site\/capo-abierto-2x22-strade-bianche-y-la-primera-etapa-de-los-zwift-games\/"},"wordCount":241,"commentCount":0,"publisher":{"@id":"https:\/\/frikisdelabici.com\/site\/#\/schema\/person\/a7e0f7e0c1ecaf32b75491c779564593"},"image":{"@id":"https:\/\/frikisdelabici.com\/site\/capo-abierto-2x22-strade-bianche-y-la-primera-etapa-de-los-zwift-games\/#primaryimage"},"thumbnailUrl":"https:\/\/frikisdelabici.com\/site\/wp-content\/uploads\/2024\/03\/maxresdefault_live.jpg","keywords":["capo abierto","ciclismo indoor","elite suito","rodillo","rodillo elite","wahoo","zwift","zwift en espa\u00f1ol"],"articleSection":["Cap\u00f3 Abierto"],"inLanguage":"es","potentialAction":[{"@type":"CommentAction","name":"Comment","target":["https:\/\/frikisdelabici.com\/site\/capo-abierto-2x22-strade-bianche-y-la-primera-etapa-de-los-zwift-games\/#respond"]}]},{"@type":"WebPage","@id":"https:\/\/frikisdelabici.com\/site\/capo-abierto-2x22-strade-bianche-y-la-primera-etapa-de-los-zwift-games\/","url":"https:\/\/frikisdelabici.com\/site\/capo-abierto-2x22-strade-bianche-y-la-primera-etapa-de-los-zwift-games\/","name":"Cap\u00f3 Abierto - 2x22 - Strade Bianche y la primera etapa de los ZWIFT Games - frikisdelabici.com","isPartOf":{"@id":"https:\/\/frikisdelabici.com\/site\/#website"},"primaryImageOfPage":{"@id":"https:\/\/frikisdelabici.com\/site\/capo-abierto-2x22-strade-bianche-y-la-primera-etapa-de-los-zwift-games\/#primaryimage"},"image":{"@id":"https:\/\/frikisdelabici.com\/site\/capo-abierto-2x22-strade-bianche-y-la-primera-etapa-de-los-zwift-games\/#primaryimage"},"thumbnailUrl":"https:\/\/frikisdelabici.com\/site\/wp-content\/uploads\/2024\/03\/maxresdefault_live.jpg","datePublished":"2024-03-04T17:39:52+00:00","breadcrumb":{"@id":"https:\/\/frikisdelabici.com\/site\/capo-abierto-2x22-strade-bianche-y-la-primera-etapa-de-los-zwift-games\/#breadcrumb"},"inLanguage":"es","potentialAction":[{"@type":"ReadAction","target":["https:\/\/frikisdelabici.com\/site\/capo-abierto-2x22-strade-bianche-y-la-primera-etapa-de-los-zwift-games\/"]}]},{"@type":"ImageObject","inLanguage":"es","@id":"https:\/\/frikisdelabici.com\/site\/capo-abierto-2x22-strade-bianche-y-la-primera-etapa-de-los-zwift-games\/#primaryimage","url":"https:\/\/frikisdelabici.com\/site\/wp-content\/uploads\/2024\/03\/maxresdefault_live.jpg","contentUrl":"https:\/\/frikisdelabici.com\/site\/wp-content\/uploads\/2024\/03\/maxresdefault_live.jpg","width":1280,"height":720},{"@type":"BreadcrumbList","@id":"https:\/\/frikisdelabici.com\/site\/capo-abierto-2x22-strade-bianche-y-la-primera-etapa-de-los-zwift-games\/#breadcrumb","itemListElement":[{"@type":"ListItem","position":1,"name":"Inicio","item":"https:\/\/frikisdelabici.com\/site\/"},{"@type":"ListItem","position":2,"name":"Cap\u00f3 Abierto &#8211; 2&#215;22 &#8211; Strade Bianche y la primera etapa de los ZWIFT Games"}]},{"@type":"WebSite","@id":"https:\/\/frikisdelabici.com\/site\/#website","url":"https:\/\/frikisdelabici.com\/site\/","name":"frikisdelabici.com","description":"Noticias sobre ZWIFT, art\u00edculos sobre entrenamiento, carreras... de todo lo relacionado con el ciclista m\u00e1s friki","publisher":{"@id":"https:\/\/frikisdelabici.com\/site\/#\/schema\/person\/a7e0f7e0c1ecaf32b75491c779564593"},"potentialAction":[{"@type":"SearchAction","target":{"@type":"EntryPoint","urlTemplate":"https:\/\/frikisdelabici.com\/site\/?s={search_term_string}"},"query-input":{"@type":"PropertyValueSpecification","valueRequired":true,"valueName":"search_term_string"}}],"inLanguage":"es"},{"@type":["Person","Organization"],"@id":"https:\/\/frikisdelabici.com\/site\/#\/schema\/person\/a7e0f7e0c1ecaf32b75491c779564593","name":"Rub\u00e9n Fern\u00e1ndez","image":{"@type":"ImageObject","inLanguage":"es","@id":"https:\/\/frikisdelabici.com\/site\/#\/schema\/person\/image\/","url":"https:\/\/frikisdelabici.com\/site\/wp-content\/uploads\/2020\/03\/gran-fondo-san-sebastian-2017-4014569-48213-4286-1-scaled.jpg","contentUrl":"https:\/\/frikisdelabici.com\/site\/wp-content\/uploads\/2020\/03\/gran-fondo-san-sebastian-2017-4014569-48213-4286-1-scaled.jpg","width":2560,"height":1707,"caption":"Rub\u00e9n Fern\u00e1ndez"},"logo":{"@id":"https:\/\/frikisdelabici.com\/site\/#\/schema\/person\/image\/"},"url":"https:\/\/frikisdelabici.com\/site\/author\/rubenextra300\/"}]}},"_links":{"self":[{"href":"https:\/\/frikisdelabici.com\/site\/wp-json\/wp\/v2\/posts\/1983","targetHints":{"allow":["GET"]}}],"collection":[{"href":"https:\/\/frikisdelabici.com\/site\/wp-json\/wp\/v2\/posts"}],"about":[{"href":"https:\/\/frikisdelabici.com\/site\/wp-json\/wp\/v2\/types\/post"}],"author":[{"embeddable":true,"href":"https:\/\/frikisdelabici.com\/site\/wp-json\/wp\/v2\/users\/1"}],"replies":[{"embeddable":true,"href":"https:\/\/frikisdelabici.com\/site\/wp-json\/wp\/v2\/comments?post=1983"}],"version-history":[{"count":0,"href":"https:\/\/frikisdelabici.com\/site\/wp-json\/wp\/v2\/posts\/1983\/revisions"}],"wp:featuredmedia":[{"embeddable":true,"href":"https:\/\/frikisdelabici.com\/site\/wp-json\/wp\/v2\/media\/1985"}],"wp:attachment":[{"href":"https:\/\/frikisdelabici.com\/site\/wp-json\/wp\/v2\/media?parent=1983"}],"wp:term":[{"taxonomy":"category","embeddable":true,"href":"https:\/\/frikisdelabici.com\/site\/wp-json\/wp\/v2\/categories?post=1983"},{"taxonomy":"post_tag","embeddable":true,"href":"https:\/\/frikisdelabici.com\/site\/wp-json\/wp\/v2\/tags?post=1983"},{"taxonomy":"series","embeddable":true,"href":"https:\/\/frikisdelabici.com\/site\/wp-json\/wp\/v2\/series?post=1983"}],"curies":[{"name":"wp","href":"https:\/\/api.w.org\/{rel}","templated":true}]}}