{"id":2018,"date":"2024-03-20T12:00:00","date_gmt":"2024-03-20T10:00:00","guid":{"rendered":"https:\/\/frikisdelabici.com\/site\/?p=2018"},"modified":"2024-03-19T17:47:11","modified_gmt":"2024-03-19T15:47:11","slug":"strava-mejores-tiempos","status":"publish","type":"post","link":"https:\/\/frikisdelabici.com\/site\/strava-mejores-tiempos\/","title":{"rendered":"Strava ampl\u00eda su funcionalidad de Mejores Tiempos a la disciplina de Ciclismo, Impulsando a los Atletas a Superarse en Nuevas Disciplinas"},"content":{"rendered":"\n<p><em>Los suscriptores ahora pueden acceder a sus tres principales logros en ciclismo por distancia, elevaci\u00f3n, tiempo y potencia, todo ello analizable desde una \u00fanica plataforma\u00a0<\/em><\/p>\n\n\n\n<figure class=\"wp-block-image size-large is-resized\"><img decoding=\"async\" width=\"1024\" height=\"216\" data-src=\"https:\/\/frikisdelabici.com\/site\/wp-content\/uploads\/2024\/03\/image-1-1024x216.png\" alt=\"\" class=\"wp-image-2023 lazyload\" style=\"--smush-placeholder-width: 1024px; --smush-placeholder-aspect-ratio: 1024\/216;width:803px;height:auto\" data-srcset=\"https:\/\/frikisdelabici.com\/site\/wp-content\/uploads\/2024\/03\/image-1-1024x216.png 1024w, https:\/\/frikisdelabici.com\/site\/wp-content\/uploads\/2024\/03\/image-1-300x63.png 300w, https:\/\/frikisdelabici.com\/site\/wp-content\/uploads\/2024\/03\/image-1-768x162.png 768w, https:\/\/frikisdelabici.com\/site\/wp-content\/uploads\/2024\/03\/image-1-1536x323.png 1536w, https:\/\/frikisdelabici.com\/site\/wp-content\/uploads\/2024\/03\/image-1-2048x431.png 2048w\" data-sizes=\"(max-width: 1024px) 100vw, 1024px\" src=\"data:image\/svg+xml;base64,PHN2ZyB3aWR0aD0iMSIgaGVpZ2h0PSIxIiB4bWxucz0iaHR0cDovL3d3dy53My5vcmcvMjAwMC9zdmciPjwvc3ZnPg==\" \/><\/figure>\n\n\n\n<p>20 de marzo de 2024 \u2013 <a href=\"http:\/\/www.strava.com\"><strong>Strava<\/strong><\/a>, la comunidad digital l\u00edder con m\u00e1s de 120 millones de personas activas, anuncia hoy la ampliaci\u00f3n de la funcionalidad Mejores Tiempos a la disciplina de ciclismo. Esta innovaci\u00f3n est\u00e1 dise\u00f1ada para los suscriptores de la aplicaci\u00f3n m\u00f3vil de Strava, facilit\u00e1ndoles un seguimiento m\u00e1s detallado de su evoluci\u00f3n y anim\u00e1ndoles a establecer y alcanzar nuevos r\u00e9cords personales.<\/p>\n\n\n\n<p>De acuerdo con estudios realizados por Strava, un 77% de los ciclistas activos registraron un Mejor Tiempo en 2023, y un 33% lo hizo solo en febrero de este a\u00f1o. Con esta ampliaci\u00f3n de los Mejores Tiempos, ya disponible para los corredores, Strava introduce nuevas categor\u00edas espec\u00edficas para el ciclismo que incluyen la distancia total recorrida, la elevaci\u00f3n acumulada, las mayores ascensiones en una sola salida, la potencia generada y los tiempos en intervalos seleccionados.<\/p>\n\n\n\n<figure class=\"wp-block-image\"><img decoding=\"async\" width=\"1600\" height=\"640\" data-src=\"https:\/\/frikisdelabici.com\/site\/wp-content\/uploads\/2024\/03\/image.png\" alt=\"\" class=\"wp-image-2020 lazyload\" data-srcset=\"https:\/\/frikisdelabici.com\/site\/wp-content\/uploads\/2024\/03\/image.png 1600w, https:\/\/frikisdelabici.com\/site\/wp-content\/uploads\/2024\/03\/image-300x120.png 300w, https:\/\/frikisdelabici.com\/site\/wp-content\/uploads\/2024\/03\/image-1024x410.png 1024w, https:\/\/frikisdelabici.com\/site\/wp-content\/uploads\/2024\/03\/image-768x307.png 768w, https:\/\/frikisdelabici.com\/site\/wp-content\/uploads\/2024\/03\/image-1536x614.png 1536w\" data-sizes=\"(max-width: 1600px) 100vw, 1600px\" src=\"data:image\/svg+xml;base64,PHN2ZyB3aWR0aD0iMSIgaGVpZ2h0PSIxIiB4bWxucz0iaHR0cDovL3d3dy53My5vcmcvMjAwMC9zdmciPjwvc3ZnPg==\" style=\"--smush-placeholder-width: 1600px; --smush-placeholder-aspect-ratio: 1600\/640;\" \/><\/figure>\n\n\n\n<p><\/p>\n\n\n\n<p>Como ocurre con la versi\u00f3n para corredores, los Mejores Tiempos para Ciclismo se muestran en la secci\u00f3n \u2018T\u00fa\u2019 de la app de Strava, exclusivamente para suscriptores. Esta herramienta destaca los tres mejores desempe\u00f1os del atleta en cinco aspectos clave, permitiendo una visi\u00f3n integral de los datos de ciclismo para contextualizar tanto el progreso como el rendimiento general.<\/p>\n\n\n\n<p>A partir de hoy, los ciclistas suscriptores tienen la posibilidad de:<\/p>\n\n\n\n<ul class=\"wp-block-list\">\n<li><strong>Analizar su progreso<\/strong>: Los Mejores Tiempos revelan los recorridos m\u00e1s extensos de los ciclistas, aquellos con mayor ganancia de elevaci\u00f3n, las ascensiones m\u00e1s destacadas y las salidas con los mejores \u00edndices de potencia, abarcando intervalos desde los 5 segundos hasta la hora completa.<\/li>\n\n\n\n<li><strong>Revivir logros pasados<\/strong>: Con un acceso simplificado a los Mejores Tiempos actuales, es posible revisar los detalles espec\u00edficos de las actividades donde se alcanzaron dichas marcas, analizando recorridos previos desde el inicio de la membres\u00eda en Strava para destacar estos logros.<\/li>\n\n\n\n<li><strong>Profundizar en el an\u00e1lisis de actividad<\/strong>: M\u00e1s all\u00e1 de visualizar los tres principales Mejores Tiempos, esta funcionalidad permite explorar los cinco mejores esfuerzos de cada a\u00f1o desde que el usuario se uni\u00f3 a Strava, incluyendo gr\u00e1ficos comparativos para visualizar el progreso anual.<\/li>\n<\/ul>\n\n\n\n<p>Los Mejores Tiempos para Ciclismo abarcan los siguientes intervalos espec\u00edficos tanto para actividades en interior como al aire libre:&nbsp;<\/p>\n\n\n\n<ul class=\"wp-block-list\">\n<li>Distancias: 10 km, 10 mi, 20 km, 40 km, 50 km, 50 mi, 80 km, 90 km, 100 km, 100 mi, 180 km<\/li>\n\n\n\n<li>Potencia\/tiempo: 5 segundos, 30 segundos, 1 minuto, 5 minutos, 10 minutos, 20 minutos, 30 minutos, 1 hora y 2 horas<\/li>\n<\/ul>\n\n\n\n<p>Inspirada en la funcionalidad lanzada el verano pasado para los corredores &#8211; que van desde 400m a 50k &#8211; y que ha gozado de gran aceptaci\u00f3n, la caracter\u00edstica Mejores Tiempos forma parte del compromiso de Strava por ofrecer herramientas que motiven y faciliten la mejora continua de sus usuarios.&nbsp;<\/p>\n\n\n\n<p>Desde inicios de a\u00f1o, Strava ha renovado y mejorado varias funcionalidades para suscriptores, incluyendo la <a href=\"https:\/\/support.strava.com\/hc\/en-us\/articles\/6822535085709-Goals-on-the-Strava-Mobile-App#:~:text=Subscribers%20can%20set%20goals%20for,set%20from%20the%20Strava%20website\">configuraci\u00f3n de objetivos<\/a> y la introducci\u00f3n de <a href=\"https:\/\/support.strava.com\/hc\/en-us\/articles\/19900004650125-Flyover\">Flyover<\/a>, adem\u00e1s de anunciar nuevas integraciones con <a href=\"https:\/\/press.strava.com\/articles\/stravas-new-integrations-unlock-a-holistic-view-of-training-for-athletes-on\">Open y \u014cURA<\/a>, y con <a href=\"https:\/\/press.strava.com\/articles\/strava-and-fi-partner-to-launch-a-first-of-its-kind-integration-for-national\">Fi<\/a>, todo ello con el objetivo de incentivar a las personas a llevar un estilo de vida activo y saludable.<\/p>\n\n\n\n<p><strong>Sobre Strava<\/strong><\/p>\n\n\n\n<p>Strava es la plataforma de suscripci\u00f3n l\u00edder en el centro del fitness conectado, con m\u00e1s de 120 millones de personas activas en 190 pa\u00edses. La plataforma ofrece una visi\u00f3n hol\u00edstica de un estilo de vida activo, sin importar d\u00f3nde se viva, qu\u00e9 deporte se ame y\/o qu\u00e9 dispositivo se use.&nbsp;<\/p>\n\n\n\n<p>Todo el mundo es bienvenido en Strava cuando persigue una vida activa. \u00danase a la comunidad, encuentre motivaci\u00f3n y descubra nuevas experiencias con <a href=\"https:\/\/www.strava.com\/subscription\"><strong>la suscripci\u00f3n de Strava<\/strong><\/a>.<\/p>\n\n\n\n<p>Visite <a href=\"http:\/\/www.strava.com\">www.strava.com<\/a> para m\u00e1s informaci\u00f3n y connecte con Strava en <a href=\"https:\/\/www.instagram.com\/strava\/\">Instagram<\/a>, <a href=\"https:\/\/twitter.com\/strava\">Twitter<\/a>, <a href=\"https:\/\/www.facebook.com\/Strava\">Facebook<\/a>, <a href=\"https:\/\/www.youtube.com\/stravainc\">YouTube<\/a> and <a href=\"https:\/\/www.linkedin.com\/company\/strava-inc.\/\">LinkedIn<\/a>.&nbsp;<\/p>\n\n\n\n<p>Nuestras estad\u00edsticas favoritas:<\/p>\n\n\n\n<ul class=\"wp-block-list\">\n<li>M\u00e1s de 10 mil millones de actividades compartidas en Strava.<\/li>\n\n\n\n<li>Miembros en m\u00e1s de 190 pa\u00edses.<\/li>\n\n\n\n<li>40 millones de actividades subidas cada semana.<\/li>\n\n\n\n<li>M\u00e1s de 30 millones de segmentos disponibles.<\/li>\n\n\n\n<li>M\u00e1s de 3,000 atletas profesionales forman parte de Strava.<\/li>\n\n\n\n<li>M\u00e1s de 10 mil millones de Kudos otorgados en 2023.<\/li>\n\n\n\n<li>M\u00e1s de 10 millones de fotos y videos compartidos semanalmente.<\/li>\n\n\n\n<li>M\u00e1s de 3,200 organizaciones colaboradoras mejoran sus comunidades gracias a Strava Metro.<\/li>\n<\/ul>\n","protected":false},"excerpt":{"rendered":"<p>De acuerdo con estudios realizados por Strava, un 77% de los ciclistas activos registraron un Mejor Tiempo en 2023, y un 33% lo hizo solo en febrero de este a\u00f1o. Con esta ampliaci\u00f3n de los Mejores Tiempos, ya disponible para los corredores, Strava introduce nuevas categor\u00edas espec\u00edficas para el ciclismo que incluyen la distancia total recorrida, la elevaci\u00f3n acumulada, las mayores ascensiones en una sola salida, la potencia generada y los tiempos en intervalos seleccionados.<\/p>\n","protected":false},"author":1,"featured_media":2025,"comment_status":"open","ping_status":"open","sticky":false,"template":"","format":"standard","meta":{"footnotes":""},"categories":[433],"tags":[],"series":[],"class_list":["post-2018","post","type-post","status-publish","format-standard","has-post-thumbnail","hentry","category-strava"],"yoast_head":"<!-- This site is optimized with the Yoast SEO Premium plugin v18.4 (Yoast SEO v26.7) - https:\/\/yoast.com\/wordpress\/plugins\/seo\/ -->\n<title>Strava ampl\u00eda su funcionalidad de Mejores Tiempos a la disciplina de Ciclismo, Impulsando a los Atletas a Superarse en Nuevas Disciplinas - frikisdelabici.com<\/title>\n<meta name=\"description\" content=\"Accede a tus tres principales logros en ciclismo por distancia, elevaci\u00f3n, tiempo y potencia, todo ello analizable desde una \u00fanica plataforma\u00a0\" \/>\n<meta name=\"robots\" content=\"index, follow, max-snippet:-1, max-image-preview:large, max-video-preview:-1\" \/>\n<link rel=\"canonical\" href=\"https:\/\/frikisdelabici.com\/site\/strava-mejores-tiempos\/\" \/>\n<meta property=\"og:locale\" content=\"es_ES\" \/>\n<meta property=\"og:type\" content=\"article\" \/>\n<meta property=\"og:title\" content=\"Strava ampl\u00eda su funcionalidad de Mejores Tiempos a la disciplina de Ciclismo, Impulsando a los Atletas a Superarse en Nuevas Disciplinas\" \/>\n<meta property=\"og:description\" content=\"Accede a tus tres principales logros en ciclismo por distancia, elevaci\u00f3n, tiempo y potencia, todo ello analizable desde una \u00fanica plataforma\u00a0\" \/>\n<meta property=\"og:url\" content=\"https:\/\/frikisdelabici.com\/site\/strava-mejores-tiempos\/\" \/>\n<meta property=\"og:site_name\" content=\"frikisdelabici.com\" \/>\n<meta property=\"article:published_time\" content=\"2024-03-20T10:00:00+00:00\" \/>\n<meta property=\"og:image\" content=\"https:\/\/frikisdelabici.com\/site\/wp-content\/uploads\/2024\/03\/BestEfforts-Press-Linkedin-1920x1080-1-1024x576.png\" \/>\n\t<meta property=\"og:image:width\" content=\"1024\" \/>\n\t<meta property=\"og:image:height\" content=\"576\" \/>\n\t<meta property=\"og:image:type\" content=\"image\/png\" \/>\n<meta name=\"author\" content=\"Rub\u00e9n Fern\u00e1ndez\" \/>\n<meta name=\"twitter:card\" content=\"summary_large_image\" \/>\n<meta name=\"twitter:label1\" content=\"Escrito por\" \/>\n\t<meta name=\"twitter:data1\" content=\"Rub\u00e9n Fern\u00e1ndez\" \/>\n\t<meta name=\"twitter:label2\" content=\"Tiempo de lectura\" \/>\n\t<meta name=\"twitter:data2\" content=\"4 minutos\" \/>\n<script type=\"application\/ld+json\" class=\"yoast-schema-graph\">{\"@context\":\"https:\/\/schema.org\",\"@graph\":[{\"@type\":\"Article\",\"@id\":\"https:\/\/frikisdelabici.com\/site\/strava-mejores-tiempos\/#article\",\"isPartOf\":{\"@id\":\"https:\/\/frikisdelabici.com\/site\/strava-mejores-tiempos\/\"},\"author\":{\"name\":\"Rub\u00e9n Fern\u00e1ndez\",\"@id\":\"https:\/\/frikisdelabici.com\/site\/#\/schema\/person\/a7e0f7e0c1ecaf32b75491c779564593\"},\"headline\":\"Strava ampl\u00eda su funcionalidad de Mejores Tiempos a la disciplina de Ciclismo, Impulsando a los Atletas a Superarse en Nuevas Disciplinas\",\"datePublished\":\"2024-03-20T10:00:00+00:00\",\"mainEntityOfPage\":{\"@id\":\"https:\/\/frikisdelabici.com\/site\/strava-mejores-tiempos\/\"},\"wordCount\":740,\"commentCount\":0,\"publisher\":{\"@id\":\"https:\/\/frikisdelabici.com\/site\/#\/schema\/person\/a7e0f7e0c1ecaf32b75491c779564593\"},\"image\":{\"@id\":\"https:\/\/frikisdelabici.com\/site\/strava-mejores-tiempos\/#primaryimage\"},\"thumbnailUrl\":\"https:\/\/frikisdelabici.com\/site\/wp-content\/uploads\/2024\/03\/BestEfforts-Press-Linkedin-1920x1080-1.png\",\"articleSection\":[\"Strava\"],\"inLanguage\":\"es\",\"potentialAction\":[{\"@type\":\"CommentAction\",\"name\":\"Comment\",\"target\":[\"https:\/\/frikisdelabici.com\/site\/strava-mejores-tiempos\/#respond\"]}]},{\"@type\":\"WebPage\",\"@id\":\"https:\/\/frikisdelabici.com\/site\/strava-mejores-tiempos\/\",\"url\":\"https:\/\/frikisdelabici.com\/site\/strava-mejores-tiempos\/\",\"name\":\"Strava ampl\u00eda su funcionalidad de Mejores Tiempos a la disciplina de Ciclismo, Impulsando a los Atletas a Superarse en Nuevas Disciplinas - frikisdelabici.com\",\"isPartOf\":{\"@id\":\"https:\/\/frikisdelabici.com\/site\/#website\"},\"primaryImageOfPage\":{\"@id\":\"https:\/\/frikisdelabici.com\/site\/strava-mejores-tiempos\/#primaryimage\"},\"image\":{\"@id\":\"https:\/\/frikisdelabici.com\/site\/strava-mejores-tiempos\/#primaryimage\"},\"thumbnailUrl\":\"https:\/\/frikisdelabici.com\/site\/wp-content\/uploads\/2024\/03\/BestEfforts-Press-Linkedin-1920x1080-1.png\",\"datePublished\":\"2024-03-20T10:00:00+00:00\",\"description\":\"Accede a tus tres principales logros en ciclismo por distancia, elevaci\u00f3n, tiempo y potencia, todo ello analizable desde una \u00fanica plataforma\u00a0\",\"breadcrumb\":{\"@id\":\"https:\/\/frikisdelabici.com\/site\/strava-mejores-tiempos\/#breadcrumb\"},\"inLanguage\":\"es\",\"potentialAction\":[{\"@type\":\"ReadAction\",\"target\":[\"https:\/\/frikisdelabici.com\/site\/strava-mejores-tiempos\/\"]}]},{\"@type\":\"ImageObject\",\"inLanguage\":\"es\",\"@id\":\"https:\/\/frikisdelabici.com\/site\/strava-mejores-tiempos\/#primaryimage\",\"url\":\"https:\/\/frikisdelabici.com\/site\/wp-content\/uploads\/2024\/03\/BestEfforts-Press-Linkedin-1920x1080-1.png\",\"contentUrl\":\"https:\/\/frikisdelabici.com\/site\/wp-content\/uploads\/2024\/03\/BestEfforts-Press-Linkedin-1920x1080-1.png\",\"width\":1920,\"height\":1080,\"caption\":\"mejores esfuerzos Strava\"},{\"@type\":\"BreadcrumbList\",\"@id\":\"https:\/\/frikisdelabici.com\/site\/strava-mejores-tiempos\/#breadcrumb\",\"itemListElement\":[{\"@type\":\"ListItem\",\"position\":1,\"name\":\"Inicio\",\"item\":\"https:\/\/frikisdelabici.com\/site\/\"},{\"@type\":\"ListItem\",\"position\":2,\"name\":\"Strava ampl\u00eda su funcionalidad de Mejores Tiempos a la disciplina de Ciclismo, Impulsando a los Atletas a Superarse en Nuevas Disciplinas\"}]},{\"@type\":\"WebSite\",\"@id\":\"https:\/\/frikisdelabici.com\/site\/#website\",\"url\":\"https:\/\/frikisdelabici.com\/site\/\",\"name\":\"frikisdelabici.com\",\"description\":\"Noticias sobre ZWIFT, art\u00edculos sobre entrenamiento, carreras... de todo lo relacionado con el ciclista m\u00e1s friki\",\"publisher\":{\"@id\":\"https:\/\/frikisdelabici.com\/site\/#\/schema\/person\/a7e0f7e0c1ecaf32b75491c779564593\"},\"potentialAction\":[{\"@type\":\"SearchAction\",\"target\":{\"@type\":\"EntryPoint\",\"urlTemplate\":\"https:\/\/frikisdelabici.com\/site\/?s={search_term_string}\"},\"query-input\":{\"@type\":\"PropertyValueSpecification\",\"valueRequired\":true,\"valueName\":\"search_term_string\"}}],\"inLanguage\":\"es\"},{\"@type\":[\"Person\",\"Organization\"],\"@id\":\"https:\/\/frikisdelabici.com\/site\/#\/schema\/person\/a7e0f7e0c1ecaf32b75491c779564593\",\"name\":\"Rub\u00e9n Fern\u00e1ndez\",\"image\":{\"@type\":\"ImageObject\",\"inLanguage\":\"es\",\"@id\":\"https:\/\/frikisdelabici.com\/site\/#\/schema\/person\/image\/\",\"url\":\"https:\/\/frikisdelabici.com\/site\/wp-content\/uploads\/2020\/03\/gran-fondo-san-sebastian-2017-4014569-48213-4286-1-scaled.jpg\",\"contentUrl\":\"https:\/\/frikisdelabici.com\/site\/wp-content\/uploads\/2020\/03\/gran-fondo-san-sebastian-2017-4014569-48213-4286-1-scaled.jpg\",\"width\":2560,\"height\":1707,\"caption\":\"Rub\u00e9n Fern\u00e1ndez\"},\"logo\":{\"@id\":\"https:\/\/frikisdelabici.com\/site\/#\/schema\/person\/image\/\"},\"url\":\"https:\/\/frikisdelabici.com\/site\/author\/rubenextra300\/\"}]}<\/script>\n<!-- \/ Yoast SEO Premium plugin. -->","yoast_head_json":{"title":"Strava ampl\u00eda su funcionalidad de Mejores Tiempos a la disciplina de Ciclismo, Impulsando a los Atletas a Superarse en Nuevas Disciplinas - frikisdelabici.com","description":"Accede a tus tres principales logros en ciclismo por distancia, elevaci\u00f3n, tiempo y potencia, todo ello analizable desde una \u00fanica plataforma\u00a0","robots":{"index":"index","follow":"follow","max-snippet":"max-snippet:-1","max-image-preview":"max-image-preview:large","max-video-preview":"max-video-preview:-1"},"canonical":"https:\/\/frikisdelabici.com\/site\/strava-mejores-tiempos\/","og_locale":"es_ES","og_type":"article","og_title":"Strava ampl\u00eda su funcionalidad de Mejores Tiempos a la disciplina de Ciclismo, Impulsando a los Atletas a Superarse en Nuevas Disciplinas","og_description":"Accede a tus tres principales logros en ciclismo por distancia, elevaci\u00f3n, tiempo y potencia, todo ello analizable desde una \u00fanica plataforma\u00a0","og_url":"https:\/\/frikisdelabici.com\/site\/strava-mejores-tiempos\/","og_site_name":"frikisdelabici.com","article_published_time":"2024-03-20T10:00:00+00:00","og_image":[{"width":1024,"height":576,"url":"https:\/\/frikisdelabici.com\/site\/wp-content\/uploads\/2024\/03\/BestEfforts-Press-Linkedin-1920x1080-1-1024x576.png","type":"image\/png"}],"author":"Rub\u00e9n Fern\u00e1ndez","twitter_card":"summary_large_image","twitter_misc":{"Escrito por":"Rub\u00e9n Fern\u00e1ndez","Tiempo de lectura":"4 minutos"},"schema":{"@context":"https:\/\/schema.org","@graph":[{"@type":"Article","@id":"https:\/\/frikisdelabici.com\/site\/strava-mejores-tiempos\/#article","isPartOf":{"@id":"https:\/\/frikisdelabici.com\/site\/strava-mejores-tiempos\/"},"author":{"name":"Rub\u00e9n Fern\u00e1ndez","@id":"https:\/\/frikisdelabici.com\/site\/#\/schema\/person\/a7e0f7e0c1ecaf32b75491c779564593"},"headline":"Strava ampl\u00eda su funcionalidad de Mejores Tiempos a la disciplina de Ciclismo, Impulsando a los Atletas a Superarse en Nuevas Disciplinas","datePublished":"2024-03-20T10:00:00+00:00","mainEntityOfPage":{"@id":"https:\/\/frikisdelabici.com\/site\/strava-mejores-tiempos\/"},"wordCount":740,"commentCount":0,"publisher":{"@id":"https:\/\/frikisdelabici.com\/site\/#\/schema\/person\/a7e0f7e0c1ecaf32b75491c779564593"},"image":{"@id":"https:\/\/frikisdelabici.com\/site\/strava-mejores-tiempos\/#primaryimage"},"thumbnailUrl":"https:\/\/frikisdelabici.com\/site\/wp-content\/uploads\/2024\/03\/BestEfforts-Press-Linkedin-1920x1080-1.png","articleSection":["Strava"],"inLanguage":"es","potentialAction":[{"@type":"CommentAction","name":"Comment","target":["https:\/\/frikisdelabici.com\/site\/strava-mejores-tiempos\/#respond"]}]},{"@type":"WebPage","@id":"https:\/\/frikisdelabici.com\/site\/strava-mejores-tiempos\/","url":"https:\/\/frikisdelabici.com\/site\/strava-mejores-tiempos\/","name":"Strava ampl\u00eda su funcionalidad de Mejores Tiempos a la disciplina de Ciclismo, Impulsando a los Atletas a Superarse en Nuevas Disciplinas - frikisdelabici.com","isPartOf":{"@id":"https:\/\/frikisdelabici.com\/site\/#website"},"primaryImageOfPage":{"@id":"https:\/\/frikisdelabici.com\/site\/strava-mejores-tiempos\/#primaryimage"},"image":{"@id":"https:\/\/frikisdelabici.com\/site\/strava-mejores-tiempos\/#primaryimage"},"thumbnailUrl":"https:\/\/frikisdelabici.com\/site\/wp-content\/uploads\/2024\/03\/BestEfforts-Press-Linkedin-1920x1080-1.png","datePublished":"2024-03-20T10:00:00+00:00","description":"Accede a tus tres principales logros en ciclismo por distancia, elevaci\u00f3n, tiempo y potencia, todo ello analizable desde una \u00fanica plataforma\u00a0","breadcrumb":{"@id":"https:\/\/frikisdelabici.com\/site\/strava-mejores-tiempos\/#breadcrumb"},"inLanguage":"es","potentialAction":[{"@type":"ReadAction","target":["https:\/\/frikisdelabici.com\/site\/strava-mejores-tiempos\/"]}]},{"@type":"ImageObject","inLanguage":"es","@id":"https:\/\/frikisdelabici.com\/site\/strava-mejores-tiempos\/#primaryimage","url":"https:\/\/frikisdelabici.com\/site\/wp-content\/uploads\/2024\/03\/BestEfforts-Press-Linkedin-1920x1080-1.png","contentUrl":"https:\/\/frikisdelabici.com\/site\/wp-content\/uploads\/2024\/03\/BestEfforts-Press-Linkedin-1920x1080-1.png","width":1920,"height":1080,"caption":"mejores esfuerzos Strava"},{"@type":"BreadcrumbList","@id":"https:\/\/frikisdelabici.com\/site\/strava-mejores-tiempos\/#breadcrumb","itemListElement":[{"@type":"ListItem","position":1,"name":"Inicio","item":"https:\/\/frikisdelabici.com\/site\/"},{"@type":"ListItem","position":2,"name":"Strava ampl\u00eda su funcionalidad de Mejores Tiempos a la disciplina de Ciclismo, Impulsando a los Atletas a Superarse en Nuevas Disciplinas"}]},{"@type":"WebSite","@id":"https:\/\/frikisdelabici.com\/site\/#website","url":"https:\/\/frikisdelabici.com\/site\/","name":"frikisdelabici.com","description":"Noticias sobre ZWIFT, art\u00edculos sobre entrenamiento, carreras... de todo lo relacionado con el ciclista m\u00e1s friki","publisher":{"@id":"https:\/\/frikisdelabici.com\/site\/#\/schema\/person\/a7e0f7e0c1ecaf32b75491c779564593"},"potentialAction":[{"@type":"SearchAction","target":{"@type":"EntryPoint","urlTemplate":"https:\/\/frikisdelabici.com\/site\/?s={search_term_string}"},"query-input":{"@type":"PropertyValueSpecification","valueRequired":true,"valueName":"search_term_string"}}],"inLanguage":"es"},{"@type":["Person","Organization"],"@id":"https:\/\/frikisdelabici.com\/site\/#\/schema\/person\/a7e0f7e0c1ecaf32b75491c779564593","name":"Rub\u00e9n Fern\u00e1ndez","image":{"@type":"ImageObject","inLanguage":"es","@id":"https:\/\/frikisdelabici.com\/site\/#\/schema\/person\/image\/","url":"https:\/\/frikisdelabici.com\/site\/wp-content\/uploads\/2020\/03\/gran-fondo-san-sebastian-2017-4014569-48213-4286-1-scaled.jpg","contentUrl":"https:\/\/frikisdelabici.com\/site\/wp-content\/uploads\/2020\/03\/gran-fondo-san-sebastian-2017-4014569-48213-4286-1-scaled.jpg","width":2560,"height":1707,"caption":"Rub\u00e9n Fern\u00e1ndez"},"logo":{"@id":"https:\/\/frikisdelabici.com\/site\/#\/schema\/person\/image\/"},"url":"https:\/\/frikisdelabici.com\/site\/author\/rubenextra300\/"}]}},"_links":{"self":[{"href":"https:\/\/frikisdelabici.com\/site\/wp-json\/wp\/v2\/posts\/2018","targetHints":{"allow":["GET"]}}],"collection":[{"href":"https:\/\/frikisdelabici.com\/site\/wp-json\/wp\/v2\/posts"}],"about":[{"href":"https:\/\/frikisdelabici.com\/site\/wp-json\/wp\/v2\/types\/post"}],"author":[{"embeddable":true,"href":"https:\/\/frikisdelabici.com\/site\/wp-json\/wp\/v2\/users\/1"}],"replies":[{"embeddable":true,"href":"https:\/\/frikisdelabici.com\/site\/wp-json\/wp\/v2\/comments?post=2018"}],"version-history":[{"count":3,"href":"https:\/\/frikisdelabici.com\/site\/wp-json\/wp\/v2\/posts\/2018\/revisions"}],"predecessor-version":[{"id":2026,"href":"https:\/\/frikisdelabici.com\/site\/wp-json\/wp\/v2\/posts\/2018\/revisions\/2026"}],"wp:featuredmedia":[{"embeddable":true,"href":"https:\/\/frikisdelabici.com\/site\/wp-json\/wp\/v2\/media\/2025"}],"wp:attachment":[{"href":"https:\/\/frikisdelabici.com\/site\/wp-json\/wp\/v2\/media?parent=2018"}],"wp:term":[{"taxonomy":"category","embeddable":true,"href":"https:\/\/frikisdelabici.com\/site\/wp-json\/wp\/v2\/categories?post=2018"},{"taxonomy":"post_tag","embeddable":true,"href":"https:\/\/frikisdelabici.com\/site\/wp-json\/wp\/v2\/tags?post=2018"},{"taxonomy":"series","embeddable":true,"href":"https:\/\/frikisdelabici.com\/site\/wp-json\/wp\/v2\/series?post=2018"}],"curies":[{"name":"wp","href":"https:\/\/api.w.org\/{rel}","templated":true}]}}