{"id":2045,"date":"2024-04-30T12:00:00","date_gmt":"2024-04-30T10:00:00","guid":{"rendered":"https:\/\/frikisdelabici.com\/site\/?p=2045"},"modified":"2024-06-11T15:31:06","modified_gmt":"2024-06-11T13:31:06","slug":"asi-se-presenta-esta-temporada-en-zwift-llena-de-novedades-para-alcanzar-nuevas-cotas-de-fitness","status":"publish","type":"post","link":"https:\/\/frikisdelabici.com\/site\/asi-se-presenta-esta-temporada-en-zwift-llena-de-novedades-para-alcanzar-nuevas-cotas-de-fitness\/","title":{"rendered":"AS\u00cd SE PRESENTA ESTA TEMPORADA EN ZWIFT: LLENA DE NOVEDADES PARA ALCANZAR NUEVAS COTAS DE FITNESS"},"content":{"rendered":"\n<figure class=\"wp-block-image size-large\"><img decoding=\"async\" width=\"1024\" height=\"576\" data-src=\"https:\/\/frikisdelabici.com\/site\/wp-content\/uploads\/2024\/04\/image-3-1024x576.png\" alt=\"\" class=\"wp-image-2047 lazyload\" data-srcset=\"https:\/\/frikisdelabici.com\/site\/wp-content\/uploads\/2024\/04\/image-3-1024x576.png 1024w, https:\/\/frikisdelabici.com\/site\/wp-content\/uploads\/2024\/04\/image-3-300x169.png 300w, https:\/\/frikisdelabici.com\/site\/wp-content\/uploads\/2024\/04\/image-3-768x432.png 768w, https:\/\/frikisdelabici.com\/site\/wp-content\/uploads\/2024\/04\/image-3-1536x864.png 1536w, https:\/\/frikisdelabici.com\/site\/wp-content\/uploads\/2024\/04\/image-3.png 1920w\" data-sizes=\"(max-width: 1024px) 100vw, 1024px\" src=\"data:image\/svg+xml;base64,PHN2ZyB3aWR0aD0iMSIgaGVpZ2h0PSIxIiB4bWxucz0iaHR0cDovL3d3dy53My5vcmcvMjAwMC9zdmciPjwvc3ZnPg==\" style=\"--smush-placeholder-width: 1024px; --smush-placeholder-aspect-ratio: 1024\/576;\" \/><\/figure>\n\n\n\n<p>Dondequiera que te encuentres en el mundo, las estaciones est\u00e1n cambiando, y esto significa una sola cosa: \u00a1es el momento de descubrir las nuevas caracter\u00edsticas y beneficios que Zwift tiene preparados para los pr\u00f3ximos meses! Esta temporada, los Zwifters alcanzar\u00e1n nuevas cotas de fitness con una serie de innovaciones en entrenamientos y experiencias.<\/p>\n\n\n\n<p><\/p>\n\n\n\n<p><strong>EXPANSI\u00d3N EN WATOPIA: THE GRADE\u00a0<\/strong><br>Disponible en Junio 2024<\/p>\n\n\n\n<figure class=\"wp-block-image size-large\"><img decoding=\"async\" width=\"1024\" height=\"576\" data-src=\"https:\/\/frikisdelabici.com\/site\/wp-content\/uploads\/2024\/04\/image-4-1024x576.png\" alt=\"\" class=\"wp-image-2049 lazyload\" data-srcset=\"https:\/\/frikisdelabici.com\/site\/wp-content\/uploads\/2024\/04\/image-4-1024x576.png 1024w, https:\/\/frikisdelabici.com\/site\/wp-content\/uploads\/2024\/04\/image-4-300x169.png 300w, https:\/\/frikisdelabici.com\/site\/wp-content\/uploads\/2024\/04\/image-4-768x432.png 768w, https:\/\/frikisdelabici.com\/site\/wp-content\/uploads\/2024\/04\/image-4-1536x864.png 1536w, https:\/\/frikisdelabici.com\/site\/wp-content\/uploads\/2024\/04\/image-4.png 1920w\" data-sizes=\"(max-width: 1024px) 100vw, 1024px\" src=\"data:image\/svg+xml;base64,PHN2ZyB3aWR0aD0iMSIgaGVpZ2h0PSIxIiB4bWxucz0iaHR0cDovL3d3dy53My5vcmcvMjAwMC9zdmciPjwvc3ZnPg==\" style=\"--smush-placeholder-width: 1024px; --smush-placeholder-aspect-ratio: 1024\/576;\" \/><\/figure>\n\n\n\n<p>En junio, llega a Zwift The Grade, un desafiante puerto dise\u00f1ado para poner a prueba a los Zwifters. Situada en el lado oeste de la m\u00e1s reciente expansi\u00f3n de Zwift, la Southern Coast de Watopia, ahora The Grade nace entre los coloridos edificios de Ciudad de La Cumbre y conecta la Southern Coast de Watopia con el Epic KOM. As\u00ed, The Grade ofrece un paso directo y extremadamente empinado desde Ciudad de La Cumbre hasta la cima del Epic KOM. La expansi\u00f3n se lanzar\u00e1 con varias nuevas rutas disponibles para la exploraci\u00f3n libre, entrenamientos y carreras.<\/p>\n\n\n\n<p><\/p>\n\n\n\n<p><strong>MI LISTA<\/strong><br>Disponible en primavera 2024<\/p>\n\n\n\n<figure class=\"wp-block-image size-full\"><img decoding=\"async\" width=\"858\" height=\"482\" data-src=\"https:\/\/frikisdelabici.com\/site\/wp-content\/uploads\/2024\/04\/image-5.png\" alt=\"\" class=\"wp-image-2050 lazyload\" data-srcset=\"https:\/\/frikisdelabici.com\/site\/wp-content\/uploads\/2024\/04\/image-5.png 858w, https:\/\/frikisdelabici.com\/site\/wp-content\/uploads\/2024\/04\/image-5-300x169.png 300w, https:\/\/frikisdelabici.com\/site\/wp-content\/uploads\/2024\/04\/image-5-768x431.png 768w\" data-sizes=\"(max-width: 858px) 100vw, 858px\" src=\"data:image\/svg+xml;base64,PHN2ZyB3aWR0aD0iMSIgaGVpZ2h0PSIxIiB4bWxucz0iaHR0cDovL3d3dy53My5vcmcvMjAwMC9zdmciPjwvc3ZnPg==\" style=\"--smush-placeholder-width: 858px; --smush-placeholder-aspect-ratio: 858\/482;\" \/><\/figure>\n\n\n\n<p>\u00bfYa est\u00e1s mentaliz\u00e1ndote para enfrentar el desaf\u00edo de The Grade? Pronto podr\u00e1s programarlo para tu pr\u00f3xima sesi\u00f3n en Zwift usando la nueva funci\u00f3n \u2018Mi Lista\u2019.<\/p>\n\n\n\n<p>Todos hemos estado ah\u00ed: encuentras una hora libre, te conectas a Zwift para aprovechar al m\u00e1ximo el tiempo y terminas perdiendo cinco valiosos minutos decidiendo entre una nueva ruta y un entrenamiento estructurado. \u2018Mi Lista\u2019 ayuda a los Zwifters a planificar su pr\u00f3xima sesi\u00f3n con anticipaci\u00f3n para maximizar cada minuto.<\/p>\n\n\n\n<p>Utilizando la app Zwift Companion, los Zwifters pronto podr\u00e1n explorar toda la biblioteca de entrenamientos y rutas de Zwift (ideal para los cazadores de insignias) y a\u00f1adirlas a su lista. Estas aparecer\u00e1n en la secci\u00f3n \u2018Para Ti\u2019 en la pantalla de inicio de Zwift la pr\u00f3xima vez que inicies sesi\u00f3n. \u00a1No desperdicies ni un minuto de tu tiempo libre con \u2018Mi Lista\u2019!<\/p>\n\n\n\n<p><\/p>\n\n\n\n<p><strong>ACTUALIZACI\u00d3N DEL HUD<\/strong><br>Disponible en verano\u00a02024<\/p>\n\n\n\n<figure class=\"wp-block-image size-large\"><img decoding=\"async\" width=\"1024\" height=\"576\" data-src=\"https:\/\/frikisdelabici.com\/site\/wp-content\/uploads\/2024\/04\/image-6-1024x576.png\" alt=\"\" class=\"wp-image-2051 lazyload\" data-srcset=\"https:\/\/frikisdelabici.com\/site\/wp-content\/uploads\/2024\/04\/image-6-1024x576.png 1024w, https:\/\/frikisdelabici.com\/site\/wp-content\/uploads\/2024\/04\/image-6-300x169.png 300w, https:\/\/frikisdelabici.com\/site\/wp-content\/uploads\/2024\/04\/image-6-768x432.png 768w, https:\/\/frikisdelabici.com\/site\/wp-content\/uploads\/2024\/04\/image-6-1536x864.png 1536w, https:\/\/frikisdelabici.com\/site\/wp-content\/uploads\/2024\/04\/image-6.png 1920w\" data-sizes=\"(max-width: 1024px) 100vw, 1024px\" src=\"data:image\/svg+xml;base64,PHN2ZyB3aWR0aD0iMSIgaGVpZ2h0PSIxIiB4bWxucz0iaHR0cDovL3d3dy53My5vcmcvMjAwMC9zdmciPjwvc3ZnPg==\" style=\"--smush-placeholder-width: 1024px; --smush-placeholder-aspect-ratio: 1024\/576;\" \/><\/figure>\n\n\n\n<p>El HUD (visualizaci\u00f3n cabeza-arriba) en el juego de Zwift est\u00e1 a punto de renovarse,ofreci\u00e9ndote m\u00e1s informaci\u00f3n exactamente donde la necesitas. Una de las caracter\u00edsticas m\u00e1s destacadas del HUD actualizado es la nueva visualizaci\u00f3n din\u00e1mica del perfil de elevaci\u00f3n en el \u2018Modo Ascenso\u2019. Esta nueva visualizaci\u00f3n ayudar\u00e1 a los Zwifters a ajustar mejor sus esfuerzos en los ascensos y a prepararse para lo que les espera, utilizando el mismo sombreado de gradiente que se encuentra en el Climb Portal.<\/p>\n\n\n\n<p>La actualizaci\u00f3n del HUD tambi\u00e9n permitir\u00e1 a los Zwifters personalizar los campos de datos mostrados en el mosaico de potencia del HUD a trav\u00e9s del men\u00fa de configuraci\u00f3n en el juego. En el momento del lanzamiento, los Zwifters podr\u00e1n elegir entre Velocidad, Potencia Promedio, Relaci\u00f3n Potencia-Peso (W\/KG), Cadencia y Ritmo Card\u00edaco.<\/p>\n\n\n\n<p>Adem\u00e1s, con esta actualizaci\u00f3n, el mini-mapa recibir\u00e1 una renovaci\u00f3n. El mini-mapa actualizado proporcionar\u00e1 mayor claridad sobre la progresi\u00f3n de la ruta, incluyendo la elevaci\u00f3n.\u00a0<\/p>\n\n\n\n<figure class=\"wp-block-image size-large\"><img decoding=\"async\" width=\"1024\" height=\"576\" data-src=\"https:\/\/frikisdelabici.com\/site\/wp-content\/uploads\/2024\/04\/image-8-1024x576.png\" alt=\"\" class=\"wp-image-2053 lazyload\" data-srcset=\"https:\/\/frikisdelabici.com\/site\/wp-content\/uploads\/2024\/04\/image-8-1024x576.png 1024w, https:\/\/frikisdelabici.com\/site\/wp-content\/uploads\/2024\/04\/image-8-300x169.png 300w, https:\/\/frikisdelabici.com\/site\/wp-content\/uploads\/2024\/04\/image-8-768x432.png 768w, https:\/\/frikisdelabici.com\/site\/wp-content\/uploads\/2024\/04\/image-8-1536x864.png 1536w, https:\/\/frikisdelabici.com\/site\/wp-content\/uploads\/2024\/04\/image-8.png 1920w\" data-sizes=\"(max-width: 1024px) 100vw, 1024px\" src=\"data:image\/svg+xml;base64,PHN2ZyB3aWR0aD0iMSIgaGVpZ2h0PSIxIiB4bWxucz0iaHR0cDovL3d3dy53My5vcmcvMjAwMC9zdmciPjwvc3ZnPg==\" style=\"--smush-placeholder-width: 1024px; --smush-placeholder-aspect-ratio: 1024\/576;\" \/><\/figure>\n\n\n\n<figure class=\"wp-block-image size-large\"><img decoding=\"async\" width=\"1024\" height=\"576\" data-src=\"https:\/\/frikisdelabici.com\/site\/wp-content\/uploads\/2024\/04\/image-7-1024x576.png\" alt=\"\" class=\"wp-image-2052 lazyload\" data-srcset=\"https:\/\/frikisdelabici.com\/site\/wp-content\/uploads\/2024\/04\/image-7-1024x576.png 1024w, https:\/\/frikisdelabici.com\/site\/wp-content\/uploads\/2024\/04\/image-7-300x169.png 300w, https:\/\/frikisdelabici.com\/site\/wp-content\/uploads\/2024\/04\/image-7-768x432.png 768w, https:\/\/frikisdelabici.com\/site\/wp-content\/uploads\/2024\/04\/image-7-1536x864.png 1536w, https:\/\/frikisdelabici.com\/site\/wp-content\/uploads\/2024\/04\/image-7.png 1920w\" data-sizes=\"(max-width: 1024px) 100vw, 1024px\" src=\"data:image\/svg+xml;base64,PHN2ZyB3aWR0aD0iMSIgaGVpZ2h0PSIxIiB4bWxucz0iaHR0cDovL3d3dy53My5vcmcvMjAwMC9zdmciPjwvc3ZnPg==\" style=\"--smush-placeholder-width: 1024px; --smush-placeholder-aspect-ratio: 1024\/576;\" \/><\/figure>\n\n\n\n<p><\/p>\n\n\n\n<p><strong>CONECTIVIDAD EN ENTRENAMIENTOS<\/strong><br>Disponible a principios de\u00a0verano\u00a02024<\/p>\n\n\n\n<figure class=\"wp-block-image size-large\"><img decoding=\"async\" width=\"1024\" height=\"576\" data-src=\"https:\/\/frikisdelabici.com\/site\/wp-content\/uploads\/2024\/04\/image-9-1024x576.png\" alt=\"\" class=\"wp-image-2054 lazyload\" data-srcset=\"https:\/\/frikisdelabici.com\/site\/wp-content\/uploads\/2024\/04\/image-9-1024x576.png 1024w, https:\/\/frikisdelabici.com\/site\/wp-content\/uploads\/2024\/04\/image-9-300x169.png 300w, https:\/\/frikisdelabici.com\/site\/wp-content\/uploads\/2024\/04\/image-9-768x432.png 768w, https:\/\/frikisdelabici.com\/site\/wp-content\/uploads\/2024\/04\/image-9-1536x864.png 1536w, https:\/\/frikisdelabici.com\/site\/wp-content\/uploads\/2024\/04\/image-9.png 1920w\" data-sizes=\"(max-width: 1024px) 100vw, 1024px\" src=\"data:image\/svg+xml;base64,PHN2ZyB3aWR0aD0iMSIgaGVpZ2h0PSIxIiB4bWxucz0iaHR0cDovL3d3dy53My5vcmcvMjAwMC9zdmciPjwvc3ZnPg==\" style=\"--smush-placeholder-width: 1024px; --smush-placeholder-aspect-ratio: 1024\/576;\" \/><\/figure>\n\n\n\n<p>En Zwift, hay muchas maneras de entrenar: utilizando un plan de entrenamiento flexible, participando en un Entrenamiento en Grupo, seleccionando entre m\u00e1s de 1000 entrenamientos bajo demanda o creando el tuyo propio con el Constructor de Entrenamientos Personalizados. Para aquellos que tienen planes muy espec\u00edficos, ya sea a trav\u00e9s de un entrenador personal o de otro proveedor de entrenamiento externo, la nueva Conexi\u00f3n API de Entrenamiento de Zwift proporcionar\u00e1 a los Zwifters mayor flexibilidad sobre c\u00f3mo desean entrenar en la plataforma, mejorando la integraci\u00f3n con otras plataformas y servicios de entrenamiento.<\/p>\n\n\n\n<p>Funcionalmente, esta nueva API operar\u00e1 de manera similar a las conexiones con terceros ya existentes en Zwift, como TrainingPeaks. Una vez configurada y aprobada, la Conexi\u00f3n API permitir\u00e1 que los entrenamientos creados fuera de Zwift se sincronicen directamente en la plataforma y se muestren en la carpeta de Entrenamientos Personalizados. La API de entrenamiento se lanzar\u00e1 m\u00e1s adelante esta primavera con algunos socios iniciales, y m\u00e1s proveedores podr\u00e1n inscribirse en esta API abierta m\u00e1s adelante en el verano.<\/p>\n\n\n\n<p><strong>CELEBRANDO EL TOUR DE FRANCIA EN ZWIFT<\/strong><\/p>\n\n\n\n<figure class=\"wp-block-image size-large\"><img decoding=\"async\" width=\"1024\" height=\"576\" data-src=\"https:\/\/frikisdelabici.com\/site\/wp-content\/uploads\/2024\/04\/image-10-1024x576.png\" alt=\"\" class=\"wp-image-2055 lazyload\" data-srcset=\"https:\/\/frikisdelabici.com\/site\/wp-content\/uploads\/2024\/04\/image-10-1024x576.png 1024w, https:\/\/frikisdelabici.com\/site\/wp-content\/uploads\/2024\/04\/image-10-300x169.png 300w, https:\/\/frikisdelabici.com\/site\/wp-content\/uploads\/2024\/04\/image-10-768x432.png 768w, https:\/\/frikisdelabici.com\/site\/wp-content\/uploads\/2024\/04\/image-10-1536x864.png 1536w, https:\/\/frikisdelabici.com\/site\/wp-content\/uploads\/2024\/04\/image-10.png 1920w\" data-sizes=\"(max-width: 1024px) 100vw, 1024px\" src=\"data:image\/svg+xml;base64,PHN2ZyB3aWR0aD0iMSIgaGVpZ2h0PSIxIiB4bWxucz0iaHR0cDovL3d3dy53My5vcmcvMjAwMC9zdmciPjwvc3ZnPg==\" style=\"--smush-placeholder-width: 1024px; --smush-placeholder-aspect-ratio: 1024\/576;\" \/><\/figure>\n\n\n\n<p>Zwift, el Proveedor Oficial de Software de Entrenamiento del Tour de Francia, se prepara para desatar la fiebre del Tour este julio con un mes lleno de contenidos tem\u00e1ticos del Tour.<\/p>\n\n\n\n<p>Lanzado antes del Tour de Francia del a\u00f1o pasado, el Climb Portal de Zwift est\u00e1 listo nuevamente para un mes repleto de actividad con ocho de los ascensos m\u00e1s emblem\u00e1ticos de la ruta de este 2024. Estos est\u00e1n dise\u00f1ados para acercar a los aficionados al ciclismo a la acci\u00f3n. Por primera vez este a\u00f1o, Zwift ser\u00e1 el anfitri\u00f3n de eventos en el Climb Portal, a\u00f1adiendo una nueva dimensi\u00f3n a esta caracter\u00edstica tan popular.<\/p>\n\n\n\n<p><strong>Los ascensos que se integrar\u00e1n en el Climb Portal este verano son:<\/strong><\/p>\n\n\n\n<p><strong>Semana 1:<\/strong><\/p>\n\n\n\n<ul class=\"wp-block-list\">\n<li>C\u00f4te des Forche &#8211; Etapa: 1, Elevaci\u00f3n: 159 m, Pendiente Promedio: 6.3 %, Distancia: 2.5 km<\/li>\n\n\n\n<li>Col du Galibier (Lautaret) &#8211; Etapa: 4, Elevaci\u00f3n: 563 m, Pendiente Promedio: 6.6 %, Distancia: 8.6 km<\/li>\n<\/ul>\n\n\n\n<p><strong>Semana 2:<\/strong><\/p>\n\n\n\n<ul class=\"wp-block-list\">\n<li>Pas de Peyrol\/Puy Mary &#8211; Etapa: 11, Elevaci\u00f3n: 628 m, Pendiente Promedio: 6.9 %, Distancia: 9.2 km<\/li>\n\n\n\n<li>Pla d&#8217;Adet &#8211; Etapa: 14, Elevaci\u00f3n: 873 m, Pendiente Promedio: 8.2 %, Distancia: 10.7 km<\/li>\n\n\n\n<li>Col de Peyresourde (Avajan) &#8211; Etapa: 15, Elevaci\u00f3n: 555 m, Pendiente Promedio: 7.7 %, Distancia: 7.2 km<\/li>\n<\/ul>\n\n\n\n<p><strong>Semana 3:<\/strong><\/p>\n\n\n\n<ul class=\"wp-block-list\">\n<li>Isola 2000 &#8211; Etapa: 19, Elevaci\u00f3n: 1157 m, Pendiente Promedio: 7.1 %, Distancia: 16.2 km<\/li>\n\n\n\n<li>Col de la Couillole &#8211; Etapa: 20, Elevaci\u00f3n: 1145 m, Pendiente Promedio: 7.2 %, Distancia: 15.9 km<\/li>\n\n\n\n<li>La Turbie\/Col d\u2019Eze &#8211; Etapa: 21, Distancia: 15.94 km, Pendiente Promedio: 3.07%, Elevaci\u00f3n: 616.06 m<\/li>\n<\/ul>\n\n\n\n<p>Los mapas de Francia y Par\u00eds en Zwift se engalanar\u00e1n para celebrar el Tour de Francia, preparados para recibir a los Zwifters que deseen sumarse a las festividades. Aquellos que busquen un paseo grupal social podr\u00e1n unirse a los RoboPacers, que lideran grupos 24\/7 en Francia y Par\u00eds durante julio y agosto. Para los competitivos, &#8216;Vive la France&#8217; ser\u00e1 el lema de los eventos ZRacing. Adem\u00e1s, la Misi\u00f3n Mensual se llevar\u00e1 a cabo en Francia, a\u00f1adiendo un toque tem\u00e1tico del Tour. Mant\u00e9nganse atentos para m\u00e1s detalles. \u00a1Vive La Tour!<\/p>\n\n\n\n<p><\/p>\n\n\n\n<p><strong>Watch The Femmes!<\/strong><\/p>\n\n\n\n<figure class=\"wp-block-image size-large\"><img decoding=\"async\" width=\"1024\" height=\"576\" data-src=\"https:\/\/frikisdelabici.com\/site\/wp-content\/uploads\/2024\/04\/image-11-1024x576.png\" alt=\"\" class=\"wp-image-2056 lazyload\" data-srcset=\"https:\/\/frikisdelabici.com\/site\/wp-content\/uploads\/2024\/04\/image-11-1024x576.png 1024w, https:\/\/frikisdelabici.com\/site\/wp-content\/uploads\/2024\/04\/image-11-300x169.png 300w, https:\/\/frikisdelabici.com\/site\/wp-content\/uploads\/2024\/04\/image-11-768x432.png 768w, https:\/\/frikisdelabici.com\/site\/wp-content\/uploads\/2024\/04\/image-11-1536x864.png 1536w, https:\/\/frikisdelabici.com\/site\/wp-content\/uploads\/2024\/04\/image-11.png 1920w\" data-sizes=\"(max-width: 1024px) 100vw, 1024px\" src=\"data:image\/svg+xml;base64,PHN2ZyB3aWR0aD0iMSIgaGVpZ2h0PSIxIiB4bWxucz0iaHR0cDovL3d3dy53My5vcmcvMjAwMC9zdmciPjwvc3ZnPg==\" style=\"--smush-placeholder-width: 1024px; --smush-placeholder-aspect-ratio: 1024\/576;\" \/><\/figure>\n\n\n\n<p>El Tour de France Femmes avec Zwift vuelve en agosto para su tercera edici\u00f3n. Por primera vez, la carrera dar\u00e1 su Grand D\u00e9part fuera de Francia, comenzando en Rotterdam el 12 de agosto. Para celebrar este evento, la campa\u00f1a \u00abWatch The Femmes\u00bb de Zwift se apoderar\u00e1 del mes de agosto, porque no puedes ser lo que no puedes ver.<\/p>\n\n\n\n<p>Con la etapa final de la carrera culminando en la cima del famoso Alpe d\u2019Huez, el Alpe du Zwift de Zwift estar\u00e1 especialmente decorado para la ocasi\u00f3n. Los Zwifters tambi\u00e9n podr\u00e1n sumarse a la celebraci\u00f3n en los mapas de Francia y Par\u00eds, sinti\u00e9ndose as\u00ed m\u00e1s cerca de la acci\u00f3n.<\/p>\n\n\n\n<p>El Alpe du Zwift no solo estar\u00e1 adornado para el \u00e9xito; desde el 18 hasta el 25 de agosto, el d\u00eda en que la carrera alcance el Alpe d\u2019Huez, se llevar\u00e1n a cabo eventos RoboPacer de la Celebraci\u00f3n Alpe cada dos horas en Alpe du Zwift, ideales para quienes busquen establecer un r\u00e9cord personal.<\/p>\n\n\n\n<p>Para aquellos que prefieren entrenamientos estructurados, Zwift tambi\u00e9n lanzar\u00e1 entrenamientos semanales inspirados en las competidoras del Tour de France Femmes avec Zwift.<\/p>\n\n\n\n<p>\u00a1Mantente atento para m\u00e1s contenido de Watch the Femmes en los pr\u00f3ximos meses!<\/p>\n\n\n\n<p><\/p>\n\n\n\n<p><strong>ENTRENAMIENTO DE PRIMAVERA<\/strong><\/p>\n\n\n\n<figure class=\"wp-block-image size-large\"><img decoding=\"async\" width=\"1024\" height=\"576\" data-src=\"https:\/\/frikisdelabici.com\/site\/wp-content\/uploads\/2024\/04\/image-12-1024x576.png\" alt=\"\" class=\"wp-image-2057 lazyload\" data-srcset=\"https:\/\/frikisdelabici.com\/site\/wp-content\/uploads\/2024\/04\/image-12-1024x576.png 1024w, https:\/\/frikisdelabici.com\/site\/wp-content\/uploads\/2024\/04\/image-12-300x169.png 300w, https:\/\/frikisdelabici.com\/site\/wp-content\/uploads\/2024\/04\/image-12-768x432.png 768w, https:\/\/frikisdelabici.com\/site\/wp-content\/uploads\/2024\/04\/image-12-1536x864.png 1536w, https:\/\/frikisdelabici.com\/site\/wp-content\/uploads\/2024\/04\/image-12.png 1920w\" data-sizes=\"(max-width: 1024px) 100vw, 1024px\" src=\"data:image\/svg+xml;base64,PHN2ZyB3aWR0aD0iMSIgaGVpZ2h0PSIxIiB4bWxucz0iaHR0cDovL3d3dy53My5vcmcvMjAwMC9zdmciPjwvc3ZnPg==\" style=\"--smush-placeholder-width: 1024px; --smush-placeholder-aspect-ratio: 1024\/576;\" \/><\/figure>\n\n\n\n<p>Actualmente en curso, el Entrenamiento de Primavera es una serie de entrenamiento de 6 semanas dise\u00f1ada para construir resistencia para esos largos paseos al aire libre. Ya sea que tu objetivo sea liderar el grupo, entrenar para un pr\u00f3ximo evento o simplemente mantener el ritmo en tu paseo de fin de semana con amigos, esta Serie de Entrenamiento de Primavera te equipar\u00e1 adecuadamente para tus aventuras al exterior. Ofrecemos versiones m\u00e1s cortas y m\u00e1s largas de cada entrenamiento, permitiendo a los Zwifters elegir entre sesiones de 30 o 50 minutos. Te invitamos a unirte al entrenamiento 3, &#8216;Cadencia y Crucero&#8217;, esta semana y a recuperar las sesiones que te hayas perdido durante la semana de recuperaci\u00f3n del 27 de mayo al 3 de junio.<\/p>\n\n\n\n<p class=\"has-text-align-center\"><a style=\"text-size-adjust: 100%; color: rgb(237, 90, 46); font-family: Helvetica; font-size: 18px; text-align: center; white-space-collapse: collapse;\" href=\"http:\/\/www.zwift.com\/this-season-on-zwift%C2%A0\" target=\"_blank\" rel=\"noopener\"><span style=\"font-size: 12px;\"><span style=\"font-family: arial, &quot;helvetica neue&quot;, helvetica, sans-serif;\">www.zwift.com\/this-season-on-zwift\u00a0<\/span><\/span><\/a><\/p>\n","protected":false},"excerpt":{"rendered":"<p>Dondequiera que te encuentres en el mundo, las estaciones est\u00e1n cambiando, y esto significa una sola cosa: \u00a1es el momento de descubrir las nuevas caracter\u00edsticas y beneficios que Zwift tiene preparados para los pr\u00f3ximos meses! Esta temporada, los Zwifters alcanzar\u00e1n nuevas cotas de fitness con una serie de innovaciones en entrenamientos y experiencias.<\/p>\n","protected":false},"author":1,"featured_media":2047,"comment_status":"open","ping_status":"open","sticky":false,"template":"","format":"standard","meta":{"footnotes":""},"categories":[455],"tags":[6,28,201,27,84,20],"series":[],"class_list":["post-2045","post","type-post","status-publish","format-standard","has-post-thumbnail","hentry","category-zwift","tag-ciclismo","tag-como-usar-zwift","tag-simulador-de-ciclismo-zwift","tag-tutorial-de-zwift-en-espanol","tag-zwift","tag-zwift-en-espanol"],"yoast_head":"<!-- This site is optimized with the Yoast SEO Premium plugin v18.4 (Yoast SEO v26.7) - https:\/\/yoast.com\/wordpress\/plugins\/seo\/ -->\n<title>AS\u00cd SE PRESENTA ESTA TEMPORADA EN ZWIFT: LLENA DE NOVEDADES PARA ALCANZAR NUEVAS COTAS DE FITNESS - frikisdelabici.com<\/title>\n<meta name=\"robots\" content=\"index, follow, max-snippet:-1, max-image-preview:large, max-video-preview:-1\" \/>\n<link rel=\"canonical\" href=\"https:\/\/frikisdelabici.com\/site\/asi-se-presenta-esta-temporada-en-zwift-llena-de-novedades-para-alcanzar-nuevas-cotas-de-fitness\/\" \/>\n<meta property=\"og:locale\" content=\"es_ES\" \/>\n<meta property=\"og:type\" content=\"article\" \/>\n<meta property=\"og:title\" content=\"AS\u00cd SE PRESENTA ESTA TEMPORADA EN ZWIFT: LLENA DE NOVEDADES PARA ALCANZAR NUEVAS COTAS DE FITNESS\" \/>\n<meta property=\"og:description\" content=\"Dondequiera que te encuentres en el mundo, las estaciones est\u00e1n cambiando, y esto significa una sola cosa: \u00a1es el momento de descubrir las nuevas caracter\u00edsticas y beneficios que Zwift tiene preparados para los pr\u00f3ximos meses! Esta temporada, los Zwifters alcanzar\u00e1n nuevas cotas de fitness con una serie de innovaciones en entrenamientos y experiencias.\" \/>\n<meta property=\"og:url\" content=\"https:\/\/frikisdelabici.com\/site\/asi-se-presenta-esta-temporada-en-zwift-llena-de-novedades-para-alcanzar-nuevas-cotas-de-fitness\/\" \/>\n<meta property=\"og:site_name\" content=\"frikisdelabici.com\" \/>\n<meta property=\"article:published_time\" content=\"2024-04-30T10:00:00+00:00\" \/>\n<meta property=\"article:modified_time\" content=\"2024-06-11T13:31:06+00:00\" \/>\n<meta property=\"og:image\" content=\"https:\/\/frikisdelabici.com\/site\/wp-content\/uploads\/2024\/04\/image-3.png\" \/>\n\t<meta property=\"og:image:width\" content=\"1920\" \/>\n\t<meta property=\"og:image:height\" content=\"1080\" \/>\n\t<meta property=\"og:image:type\" content=\"image\/png\" \/>\n<meta name=\"author\" content=\"Rub\u00e9n Fern\u00e1ndez\" \/>\n<meta name=\"twitter:card\" content=\"summary_large_image\" \/>\n<meta name=\"twitter:label1\" content=\"Escrito por\" \/>\n\t<meta name=\"twitter:data1\" content=\"Rub\u00e9n Fern\u00e1ndez\" \/>\n\t<meta name=\"twitter:label2\" content=\"Tiempo de lectura\" \/>\n\t<meta name=\"twitter:data2\" content=\"9 minutos\" \/>\n<script type=\"application\/ld+json\" class=\"yoast-schema-graph\">{\"@context\":\"https:\/\/schema.org\",\"@graph\":[{\"@type\":\"Article\",\"@id\":\"https:\/\/frikisdelabici.com\/site\/asi-se-presenta-esta-temporada-en-zwift-llena-de-novedades-para-alcanzar-nuevas-cotas-de-fitness\/#article\",\"isPartOf\":{\"@id\":\"https:\/\/frikisdelabici.com\/site\/asi-se-presenta-esta-temporada-en-zwift-llena-de-novedades-para-alcanzar-nuevas-cotas-de-fitness\/\"},\"author\":{\"name\":\"Rub\u00e9n Fern\u00e1ndez\",\"@id\":\"https:\/\/frikisdelabici.com\/site\/#\/schema\/person\/a7e0f7e0c1ecaf32b75491c779564593\"},\"headline\":\"AS\u00cd SE PRESENTA ESTA TEMPORADA EN ZWIFT: LLENA DE NOVEDADES PARA ALCANZAR NUEVAS COTAS DE FITNESS\",\"datePublished\":\"2024-04-30T10:00:00+00:00\",\"dateModified\":\"2024-06-11T13:31:06+00:00\",\"mainEntityOfPage\":{\"@id\":\"https:\/\/frikisdelabici.com\/site\/asi-se-presenta-esta-temporada-en-zwift-llena-de-novedades-para-alcanzar-nuevas-cotas-de-fitness\/\"},\"wordCount\":1398,\"commentCount\":0,\"publisher\":{\"@id\":\"https:\/\/frikisdelabici.com\/site\/#\/schema\/person\/a7e0f7e0c1ecaf32b75491c779564593\"},\"image\":{\"@id\":\"https:\/\/frikisdelabici.com\/site\/asi-se-presenta-esta-temporada-en-zwift-llena-de-novedades-para-alcanzar-nuevas-cotas-de-fitness\/#primaryimage\"},\"thumbnailUrl\":\"https:\/\/frikisdelabici.com\/site\/wp-content\/uploads\/2024\/04\/image-3.png\",\"keywords\":[\"ciclismo\",\"como usar zwift\",\"simulador de ciclismo zwift\",\"tutorial de zwift en espa\u00f1ol\",\"zwift\",\"zwift en espa\u00f1ol\"],\"articleSection\":[\"Zwift\"],\"inLanguage\":\"es\",\"potentialAction\":[{\"@type\":\"CommentAction\",\"name\":\"Comment\",\"target\":[\"https:\/\/frikisdelabici.com\/site\/asi-se-presenta-esta-temporada-en-zwift-llena-de-novedades-para-alcanzar-nuevas-cotas-de-fitness\/#respond\"]}]},{\"@type\":\"WebPage\",\"@id\":\"https:\/\/frikisdelabici.com\/site\/asi-se-presenta-esta-temporada-en-zwift-llena-de-novedades-para-alcanzar-nuevas-cotas-de-fitness\/\",\"url\":\"https:\/\/frikisdelabici.com\/site\/asi-se-presenta-esta-temporada-en-zwift-llena-de-novedades-para-alcanzar-nuevas-cotas-de-fitness\/\",\"name\":\"AS\u00cd SE PRESENTA ESTA TEMPORADA EN ZWIFT: LLENA DE NOVEDADES PARA ALCANZAR NUEVAS COTAS DE FITNESS - frikisdelabici.com\",\"isPartOf\":{\"@id\":\"https:\/\/frikisdelabici.com\/site\/#website\"},\"primaryImageOfPage\":{\"@id\":\"https:\/\/frikisdelabici.com\/site\/asi-se-presenta-esta-temporada-en-zwift-llena-de-novedades-para-alcanzar-nuevas-cotas-de-fitness\/#primaryimage\"},\"image\":{\"@id\":\"https:\/\/frikisdelabici.com\/site\/asi-se-presenta-esta-temporada-en-zwift-llena-de-novedades-para-alcanzar-nuevas-cotas-de-fitness\/#primaryimage\"},\"thumbnailUrl\":\"https:\/\/frikisdelabici.com\/site\/wp-content\/uploads\/2024\/04\/image-3.png\",\"datePublished\":\"2024-04-30T10:00:00+00:00\",\"dateModified\":\"2024-06-11T13:31:06+00:00\",\"breadcrumb\":{\"@id\":\"https:\/\/frikisdelabici.com\/site\/asi-se-presenta-esta-temporada-en-zwift-llena-de-novedades-para-alcanzar-nuevas-cotas-de-fitness\/#breadcrumb\"},\"inLanguage\":\"es\",\"potentialAction\":[{\"@type\":\"ReadAction\",\"target\":[\"https:\/\/frikisdelabici.com\/site\/asi-se-presenta-esta-temporada-en-zwift-llena-de-novedades-para-alcanzar-nuevas-cotas-de-fitness\/\"]}]},{\"@type\":\"ImageObject\",\"inLanguage\":\"es\",\"@id\":\"https:\/\/frikisdelabici.com\/site\/asi-se-presenta-esta-temporada-en-zwift-llena-de-novedades-para-alcanzar-nuevas-cotas-de-fitness\/#primaryimage\",\"url\":\"https:\/\/frikisdelabici.com\/site\/wp-content\/uploads\/2024\/04\/image-3.png\",\"contentUrl\":\"https:\/\/frikisdelabici.com\/site\/wp-content\/uploads\/2024\/04\/image-3.png\",\"width\":1920,\"height\":1080},{\"@type\":\"BreadcrumbList\",\"@id\":\"https:\/\/frikisdelabici.com\/site\/asi-se-presenta-esta-temporada-en-zwift-llena-de-novedades-para-alcanzar-nuevas-cotas-de-fitness\/#breadcrumb\",\"itemListElement\":[{\"@type\":\"ListItem\",\"position\":1,\"name\":\"Inicio\",\"item\":\"https:\/\/frikisdelabici.com\/site\/\"},{\"@type\":\"ListItem\",\"position\":2,\"name\":\"AS\u00cd SE PRESENTA ESTA TEMPORADA EN ZWIFT: LLENA DE NOVEDADES PARA ALCANZAR NUEVAS COTAS DE FITNESS\"}]},{\"@type\":\"WebSite\",\"@id\":\"https:\/\/frikisdelabici.com\/site\/#website\",\"url\":\"https:\/\/frikisdelabici.com\/site\/\",\"name\":\"frikisdelabici.com\",\"description\":\"Noticias sobre ZWIFT, art\u00edculos sobre entrenamiento, carreras... de todo lo relacionado con el ciclista m\u00e1s friki\",\"publisher\":{\"@id\":\"https:\/\/frikisdelabici.com\/site\/#\/schema\/person\/a7e0f7e0c1ecaf32b75491c779564593\"},\"potentialAction\":[{\"@type\":\"SearchAction\",\"target\":{\"@type\":\"EntryPoint\",\"urlTemplate\":\"https:\/\/frikisdelabici.com\/site\/?s={search_term_string}\"},\"query-input\":{\"@type\":\"PropertyValueSpecification\",\"valueRequired\":true,\"valueName\":\"search_term_string\"}}],\"inLanguage\":\"es\"},{\"@type\":[\"Person\",\"Organization\"],\"@id\":\"https:\/\/frikisdelabici.com\/site\/#\/schema\/person\/a7e0f7e0c1ecaf32b75491c779564593\",\"name\":\"Rub\u00e9n Fern\u00e1ndez\",\"image\":{\"@type\":\"ImageObject\",\"inLanguage\":\"es\",\"@id\":\"https:\/\/frikisdelabici.com\/site\/#\/schema\/person\/image\/\",\"url\":\"https:\/\/frikisdelabici.com\/site\/wp-content\/uploads\/2020\/03\/gran-fondo-san-sebastian-2017-4014569-48213-4286-1-scaled.jpg\",\"contentUrl\":\"https:\/\/frikisdelabici.com\/site\/wp-content\/uploads\/2020\/03\/gran-fondo-san-sebastian-2017-4014569-48213-4286-1-scaled.jpg\",\"width\":2560,\"height\":1707,\"caption\":\"Rub\u00e9n Fern\u00e1ndez\"},\"logo\":{\"@id\":\"https:\/\/frikisdelabici.com\/site\/#\/schema\/person\/image\/\"},\"url\":\"https:\/\/frikisdelabici.com\/site\/author\/rubenextra300\/\"}]}<\/script>\n<!-- \/ Yoast SEO Premium plugin. -->","yoast_head_json":{"title":"AS\u00cd SE PRESENTA ESTA TEMPORADA EN ZWIFT: LLENA DE NOVEDADES PARA ALCANZAR NUEVAS COTAS DE FITNESS - frikisdelabici.com","robots":{"index":"index","follow":"follow","max-snippet":"max-snippet:-1","max-image-preview":"max-image-preview:large","max-video-preview":"max-video-preview:-1"},"canonical":"https:\/\/frikisdelabici.com\/site\/asi-se-presenta-esta-temporada-en-zwift-llena-de-novedades-para-alcanzar-nuevas-cotas-de-fitness\/","og_locale":"es_ES","og_type":"article","og_title":"AS\u00cd SE PRESENTA ESTA TEMPORADA EN ZWIFT: LLENA DE NOVEDADES PARA ALCANZAR NUEVAS COTAS DE FITNESS","og_description":"Dondequiera que te encuentres en el mundo, las estaciones est\u00e1n cambiando, y esto significa una sola cosa: \u00a1es el momento de descubrir las nuevas caracter\u00edsticas y beneficios que Zwift tiene preparados para los pr\u00f3ximos meses! Esta temporada, los Zwifters alcanzar\u00e1n nuevas cotas de fitness con una serie de innovaciones en entrenamientos y experiencias.","og_url":"https:\/\/frikisdelabici.com\/site\/asi-se-presenta-esta-temporada-en-zwift-llena-de-novedades-para-alcanzar-nuevas-cotas-de-fitness\/","og_site_name":"frikisdelabici.com","article_published_time":"2024-04-30T10:00:00+00:00","article_modified_time":"2024-06-11T13:31:06+00:00","og_image":[{"width":1920,"height":1080,"url":"https:\/\/frikisdelabici.com\/site\/wp-content\/uploads\/2024\/04\/image-3.png","type":"image\/png"}],"author":"Rub\u00e9n Fern\u00e1ndez","twitter_card":"summary_large_image","twitter_misc":{"Escrito por":"Rub\u00e9n Fern\u00e1ndez","Tiempo de lectura":"9 minutos"},"schema":{"@context":"https:\/\/schema.org","@graph":[{"@type":"Article","@id":"https:\/\/frikisdelabici.com\/site\/asi-se-presenta-esta-temporada-en-zwift-llena-de-novedades-para-alcanzar-nuevas-cotas-de-fitness\/#article","isPartOf":{"@id":"https:\/\/frikisdelabici.com\/site\/asi-se-presenta-esta-temporada-en-zwift-llena-de-novedades-para-alcanzar-nuevas-cotas-de-fitness\/"},"author":{"name":"Rub\u00e9n Fern\u00e1ndez","@id":"https:\/\/frikisdelabici.com\/site\/#\/schema\/person\/a7e0f7e0c1ecaf32b75491c779564593"},"headline":"AS\u00cd SE PRESENTA ESTA TEMPORADA EN ZWIFT: LLENA DE NOVEDADES PARA ALCANZAR NUEVAS COTAS DE FITNESS","datePublished":"2024-04-30T10:00:00+00:00","dateModified":"2024-06-11T13:31:06+00:00","mainEntityOfPage":{"@id":"https:\/\/frikisdelabici.com\/site\/asi-se-presenta-esta-temporada-en-zwift-llena-de-novedades-para-alcanzar-nuevas-cotas-de-fitness\/"},"wordCount":1398,"commentCount":0,"publisher":{"@id":"https:\/\/frikisdelabici.com\/site\/#\/schema\/person\/a7e0f7e0c1ecaf32b75491c779564593"},"image":{"@id":"https:\/\/frikisdelabici.com\/site\/asi-se-presenta-esta-temporada-en-zwift-llena-de-novedades-para-alcanzar-nuevas-cotas-de-fitness\/#primaryimage"},"thumbnailUrl":"https:\/\/frikisdelabici.com\/site\/wp-content\/uploads\/2024\/04\/image-3.png","keywords":["ciclismo","como usar zwift","simulador de ciclismo zwift","tutorial de zwift en espa\u00f1ol","zwift","zwift en espa\u00f1ol"],"articleSection":["Zwift"],"inLanguage":"es","potentialAction":[{"@type":"CommentAction","name":"Comment","target":["https:\/\/frikisdelabici.com\/site\/asi-se-presenta-esta-temporada-en-zwift-llena-de-novedades-para-alcanzar-nuevas-cotas-de-fitness\/#respond"]}]},{"@type":"WebPage","@id":"https:\/\/frikisdelabici.com\/site\/asi-se-presenta-esta-temporada-en-zwift-llena-de-novedades-para-alcanzar-nuevas-cotas-de-fitness\/","url":"https:\/\/frikisdelabici.com\/site\/asi-se-presenta-esta-temporada-en-zwift-llena-de-novedades-para-alcanzar-nuevas-cotas-de-fitness\/","name":"AS\u00cd SE PRESENTA ESTA TEMPORADA EN ZWIFT: LLENA DE NOVEDADES PARA ALCANZAR NUEVAS COTAS DE FITNESS - frikisdelabici.com","isPartOf":{"@id":"https:\/\/frikisdelabici.com\/site\/#website"},"primaryImageOfPage":{"@id":"https:\/\/frikisdelabici.com\/site\/asi-se-presenta-esta-temporada-en-zwift-llena-de-novedades-para-alcanzar-nuevas-cotas-de-fitness\/#primaryimage"},"image":{"@id":"https:\/\/frikisdelabici.com\/site\/asi-se-presenta-esta-temporada-en-zwift-llena-de-novedades-para-alcanzar-nuevas-cotas-de-fitness\/#primaryimage"},"thumbnailUrl":"https:\/\/frikisdelabici.com\/site\/wp-content\/uploads\/2024\/04\/image-3.png","datePublished":"2024-04-30T10:00:00+00:00","dateModified":"2024-06-11T13:31:06+00:00","breadcrumb":{"@id":"https:\/\/frikisdelabici.com\/site\/asi-se-presenta-esta-temporada-en-zwift-llena-de-novedades-para-alcanzar-nuevas-cotas-de-fitness\/#breadcrumb"},"inLanguage":"es","potentialAction":[{"@type":"ReadAction","target":["https:\/\/frikisdelabici.com\/site\/asi-se-presenta-esta-temporada-en-zwift-llena-de-novedades-para-alcanzar-nuevas-cotas-de-fitness\/"]}]},{"@type":"ImageObject","inLanguage":"es","@id":"https:\/\/frikisdelabici.com\/site\/asi-se-presenta-esta-temporada-en-zwift-llena-de-novedades-para-alcanzar-nuevas-cotas-de-fitness\/#primaryimage","url":"https:\/\/frikisdelabici.com\/site\/wp-content\/uploads\/2024\/04\/image-3.png","contentUrl":"https:\/\/frikisdelabici.com\/site\/wp-content\/uploads\/2024\/04\/image-3.png","width":1920,"height":1080},{"@type":"BreadcrumbList","@id":"https:\/\/frikisdelabici.com\/site\/asi-se-presenta-esta-temporada-en-zwift-llena-de-novedades-para-alcanzar-nuevas-cotas-de-fitness\/#breadcrumb","itemListElement":[{"@type":"ListItem","position":1,"name":"Inicio","item":"https:\/\/frikisdelabici.com\/site\/"},{"@type":"ListItem","position":2,"name":"AS\u00cd SE PRESENTA ESTA TEMPORADA EN ZWIFT: LLENA DE NOVEDADES PARA ALCANZAR NUEVAS COTAS DE FITNESS"}]},{"@type":"WebSite","@id":"https:\/\/frikisdelabici.com\/site\/#website","url":"https:\/\/frikisdelabici.com\/site\/","name":"frikisdelabici.com","description":"Noticias sobre ZWIFT, art\u00edculos sobre entrenamiento, carreras... de todo lo relacionado con el ciclista m\u00e1s friki","publisher":{"@id":"https:\/\/frikisdelabici.com\/site\/#\/schema\/person\/a7e0f7e0c1ecaf32b75491c779564593"},"potentialAction":[{"@type":"SearchAction","target":{"@type":"EntryPoint","urlTemplate":"https:\/\/frikisdelabici.com\/site\/?s={search_term_string}"},"query-input":{"@type":"PropertyValueSpecification","valueRequired":true,"valueName":"search_term_string"}}],"inLanguage":"es"},{"@type":["Person","Organization"],"@id":"https:\/\/frikisdelabici.com\/site\/#\/schema\/person\/a7e0f7e0c1ecaf32b75491c779564593","name":"Rub\u00e9n Fern\u00e1ndez","image":{"@type":"ImageObject","inLanguage":"es","@id":"https:\/\/frikisdelabici.com\/site\/#\/schema\/person\/image\/","url":"https:\/\/frikisdelabici.com\/site\/wp-content\/uploads\/2020\/03\/gran-fondo-san-sebastian-2017-4014569-48213-4286-1-scaled.jpg","contentUrl":"https:\/\/frikisdelabici.com\/site\/wp-content\/uploads\/2020\/03\/gran-fondo-san-sebastian-2017-4014569-48213-4286-1-scaled.jpg","width":2560,"height":1707,"caption":"Rub\u00e9n Fern\u00e1ndez"},"logo":{"@id":"https:\/\/frikisdelabici.com\/site\/#\/schema\/person\/image\/"},"url":"https:\/\/frikisdelabici.com\/site\/author\/rubenextra300\/"}]}},"_links":{"self":[{"href":"https:\/\/frikisdelabici.com\/site\/wp-json\/wp\/v2\/posts\/2045","targetHints":{"allow":["GET"]}}],"collection":[{"href":"https:\/\/frikisdelabici.com\/site\/wp-json\/wp\/v2\/posts"}],"about":[{"href":"https:\/\/frikisdelabici.com\/site\/wp-json\/wp\/v2\/types\/post"}],"author":[{"embeddable":true,"href":"https:\/\/frikisdelabici.com\/site\/wp-json\/wp\/v2\/users\/1"}],"replies":[{"embeddable":true,"href":"https:\/\/frikisdelabici.com\/site\/wp-json\/wp\/v2\/comments?post=2045"}],"version-history":[{"count":4,"href":"https:\/\/frikisdelabici.com\/site\/wp-json\/wp\/v2\/posts\/2045\/revisions"}],"predecessor-version":[{"id":2060,"href":"https:\/\/frikisdelabici.com\/site\/wp-json\/wp\/v2\/posts\/2045\/revisions\/2060"}],"wp:featuredmedia":[{"embeddable":true,"href":"https:\/\/frikisdelabici.com\/site\/wp-json\/wp\/v2\/media\/2047"}],"wp:attachment":[{"href":"https:\/\/frikisdelabici.com\/site\/wp-json\/wp\/v2\/media?parent=2045"}],"wp:term":[{"taxonomy":"category","embeddable":true,"href":"https:\/\/frikisdelabici.com\/site\/wp-json\/wp\/v2\/categories?post=2045"},{"taxonomy":"post_tag","embeddable":true,"href":"https:\/\/frikisdelabici.com\/site\/wp-json\/wp\/v2\/tags?post=2045"},{"taxonomy":"series","embeddable":true,"href":"https:\/\/frikisdelabici.com\/site\/wp-json\/wp\/v2\/series?post=2045"}],"curies":[{"name":"wp","href":"https:\/\/api.w.org\/{rel}","templated":true}]}}