{"id":2083,"date":"2024-04-29T17:34:01","date_gmt":"2024-04-29T17:34:01","guid":{"rendered":"https:\/\/frikisdelabici.com\/site\/capo-abierto-2x30-cubiertas-y-frenos-infinitas-opciones\/"},"modified":"2024-04-29T17:34:01","modified_gmt":"2024-04-29T17:34:01","slug":"capo-abierto-2x30-cubiertas-y-frenos-infinitas-opciones","status":"publish","type":"post","link":"https:\/\/frikisdelabici.com\/site\/capo-abierto-2x30-cubiertas-y-frenos-infinitas-opciones\/","title":{"rendered":"Cap\u00f3 Abierto &#8211; 2&#215;30 &#8211; Cubiertas y frenos&#8230; \u00bfinfinitas opciones?"},"content":{"rendered":"\r\n                \r\n                <figure class=\"wp-block-embed-youtube wp-block-embed is-type-video is-provider-youtube\"><div class=\"wp-block-embed__wrapper\"> \r\n                <iframe title=\"Cap\u00f3 Abierto - 2x30 - Cubiertas y frenos... \u00bfinfinitas opciones?\" width=\"640\" height=\"360\" data-src=\"https:\/\/www.youtube.com\/embed\/YADe_mMM6Fk?feature=oembed\" frameborder=\"0\" allow=\"accelerometer; autoplay; clipboard-write; encrypted-media; gyroscope; picture-in-picture; web-share\" referrerpolicy=\"strict-origin-when-cross-origin\" allowfullscreen src=\"data:image\/svg+xml;base64,PHN2ZyB3aWR0aD0iMSIgaGVpZ2h0PSIxIiB4bWxucz0iaHR0cDovL3d3dy53My5vcmcvMjAwMC9zdmciPjwvc3ZnPg==\" class=\"lazyload\" data-load-mode=\"1\"><\/iframe>\r\n                <\/div><\/figure>\r\n                \u00daltimamente hablamos mucho de ruedas. Es por eso que el siguiente paso tiene que ser hablar de las cubiertas que utilizamos y de los frenos que usamos. Aqu\u00ed hay dos cientos millones de opiniones y gustos&#8230; curioso el ciclismo.<br \/>\nAdem\u00e1s hablamos de otros temas de rabiosa actualidad, alguno muy delicado, como los descargos de responsabilidad que env\u00edan algunas organizaciones de \u00abmarchas\u00bb por si tienes un accidente en carrera.<br \/>\n<br \/>\n\u00a1Suscr\u00edbete a este canal y as\u00ed no te perder\u00e1s nada! Dale aqu\u00ed: https:\/\/www.youtube.com\/channel\/UCqs9h1nVVC7spAy_3xmlqQQ","protected":false},"excerpt":{"rendered":"<p>\u00daltimamente hablamos mucho de ruedas. Es por eso que el siguiente paso tiene que ser hablar de las cubiertas que utilizamos y de los frenos que usamos. Aqu\u00ed hay dos cientos millones de opiniones y gustos&#8230; curioso el ciclismo. Adem\u00e1s hablamos de otros temas de rabiosa actualidad, alguno muy delicado, como los descargos de responsabilidad&#8230;<\/p>\n","protected":false},"author":1,"featured_media":2085,"comment_status":"open","ping_status":"open","sticky":false,"template":"","format":"standard","meta":{"footnotes":""},"categories":[373],"tags":[341,338,63,268,70,376,84,20],"series":[372],"class_list":["post-2083","post","type-post","status-publish","format-standard","has-post-thumbnail","hentry","category-capo-abierto","tag-capo-abierto","tag-ciclismo-indoor","tag-elite-suito","tag-rodillo","tag-rodillo-elite","tag-wahoo","tag-zwift","tag-zwift-en-espanol","series-capo-abierto"],"yoast_head":"<!-- This site is optimized with the Yoast SEO Premium plugin v18.4 (Yoast SEO v26.7) - https:\/\/yoast.com\/wordpress\/plugins\/seo\/ -->\n<title>Cap\u00f3 Abierto - 2x30 - Cubiertas y frenos... \u00bfinfinitas opciones? - frikisdelabici.com<\/title>\n<meta name=\"robots\" content=\"index, follow, max-snippet:-1, max-image-preview:large, max-video-preview:-1\" \/>\n<link rel=\"canonical\" href=\"https:\/\/frikisdelabici.com\/site\/capo-abierto-2x30-cubiertas-y-frenos-infinitas-opciones\/\" \/>\n<meta property=\"og:locale\" content=\"es_ES\" \/>\n<meta property=\"og:type\" content=\"article\" \/>\n<meta property=\"og:title\" content=\"Cap\u00f3 Abierto - 2x30 - Cubiertas y frenos... \u00bfinfinitas opciones?\" \/>\n<meta property=\"og:description\" content=\"\u00daltimamente hablamos mucho de ruedas. Es por eso que el siguiente paso tiene que ser hablar de las cubiertas que utilizamos y de los frenos que usamos. Aqu\u00ed hay dos cientos millones de opiniones y gustos&#8230; curioso el ciclismo. Adem\u00e1s hablamos de otros temas de rabiosa actualidad, alguno muy delicado, como los descargos de responsabilidad...\" \/>\n<meta property=\"og:url\" content=\"https:\/\/frikisdelabici.com\/site\/capo-abierto-2x30-cubiertas-y-frenos-infinitas-opciones\/\" \/>\n<meta property=\"og:site_name\" content=\"frikisdelabici.com\" \/>\n<meta property=\"article:published_time\" content=\"2024-04-29T17:34:01+00:00\" \/>\n<meta name=\"author\" content=\"Rub\u00e9n Fern\u00e1ndez\" \/>\n<meta name=\"twitter:card\" content=\"summary_large_image\" \/>\n<meta name=\"twitter:label1\" content=\"Escrito por\" \/>\n\t<meta name=\"twitter:data1\" content=\"Rub\u00e9n Fern\u00e1ndez\" \/>\n\t<meta name=\"twitter:label2\" content=\"Tiempo de lectura\" \/>\n\t<meta name=\"twitter:data2\" content=\"1 minuto\" \/>\n<script type=\"application\/ld+json\" class=\"yoast-schema-graph\">{\"@context\":\"https:\/\/schema.org\",\"@graph\":[{\"@type\":\"Article\",\"@id\":\"https:\/\/frikisdelabici.com\/site\/capo-abierto-2x30-cubiertas-y-frenos-infinitas-opciones\/#article\",\"isPartOf\":{\"@id\":\"https:\/\/frikisdelabici.com\/site\/capo-abierto-2x30-cubiertas-y-frenos-infinitas-opciones\/\"},\"author\":{\"name\":\"Rub\u00e9n Fern\u00e1ndez\",\"@id\":\"https:\/\/frikisdelabici.com\/site\/#\/schema\/person\/a7e0f7e0c1ecaf32b75491c779564593\"},\"headline\":\"Cap\u00f3 Abierto &#8211; 2&#215;30 &#8211; Cubiertas y frenos&#8230; \u00bfinfinitas opciones?\",\"datePublished\":\"2024-04-29T17:34:01+00:00\",\"mainEntityOfPage\":{\"@id\":\"https:\/\/frikisdelabici.com\/site\/capo-abierto-2x30-cubiertas-y-frenos-infinitas-opciones\/\"},\"wordCount\":113,\"commentCount\":0,\"publisher\":{\"@id\":\"https:\/\/frikisdelabici.com\/site\/#\/schema\/person\/a7e0f7e0c1ecaf32b75491c779564593\"},\"image\":{\"@id\":\"https:\/\/frikisdelabici.com\/site\/capo-abierto-2x30-cubiertas-y-frenos-infinitas-opciones\/#primaryimage\"},\"thumbnailUrl\":\"https:\/\/frikisdelabici.com\/site\/wp-content\/uploads\/2024\/05\/maxresdefault.jpg\",\"keywords\":[\"capo abierto\",\"ciclismo indoor\",\"elite suito\",\"rodillo\",\"rodillo elite\",\"wahoo\",\"zwift\",\"zwift en espa\u00f1ol\"],\"articleSection\":[\"Cap\u00f3 Abierto\"],\"inLanguage\":\"es\",\"potentialAction\":[{\"@type\":\"CommentAction\",\"name\":\"Comment\",\"target\":[\"https:\/\/frikisdelabici.com\/site\/capo-abierto-2x30-cubiertas-y-frenos-infinitas-opciones\/#respond\"]}]},{\"@type\":\"WebPage\",\"@id\":\"https:\/\/frikisdelabici.com\/site\/capo-abierto-2x30-cubiertas-y-frenos-infinitas-opciones\/\",\"url\":\"https:\/\/frikisdelabici.com\/site\/capo-abierto-2x30-cubiertas-y-frenos-infinitas-opciones\/\",\"name\":\"Cap\u00f3 Abierto - 2x30 - Cubiertas y frenos... \u00bfinfinitas opciones? - frikisdelabici.com\",\"isPartOf\":{\"@id\":\"https:\/\/frikisdelabici.com\/site\/#website\"},\"primaryImageOfPage\":{\"@id\":\"https:\/\/frikisdelabici.com\/site\/capo-abierto-2x30-cubiertas-y-frenos-infinitas-opciones\/#primaryimage\"},\"image\":{\"@id\":\"https:\/\/frikisdelabici.com\/site\/capo-abierto-2x30-cubiertas-y-frenos-infinitas-opciones\/#primaryimage\"},\"thumbnailUrl\":\"https:\/\/frikisdelabici.com\/site\/wp-content\/uploads\/2024\/05\/maxresdefault.jpg\",\"datePublished\":\"2024-04-29T17:34:01+00:00\",\"breadcrumb\":{\"@id\":\"https:\/\/frikisdelabici.com\/site\/capo-abierto-2x30-cubiertas-y-frenos-infinitas-opciones\/#breadcrumb\"},\"inLanguage\":\"es\",\"potentialAction\":[{\"@type\":\"ReadAction\",\"target\":[\"https:\/\/frikisdelabici.com\/site\/capo-abierto-2x30-cubiertas-y-frenos-infinitas-opciones\/\"]}]},{\"@type\":\"ImageObject\",\"inLanguage\":\"es\",\"@id\":\"https:\/\/frikisdelabici.com\/site\/capo-abierto-2x30-cubiertas-y-frenos-infinitas-opciones\/#primaryimage\",\"url\":\"https:\/\/frikisdelabici.com\/site\/wp-content\/uploads\/2024\/05\/maxresdefault.jpg\",\"contentUrl\":\"https:\/\/frikisdelabici.com\/site\/wp-content\/uploads\/2024\/05\/maxresdefault.jpg\",\"width\":1280,\"height\":720},{\"@type\":\"BreadcrumbList\",\"@id\":\"https:\/\/frikisdelabici.com\/site\/capo-abierto-2x30-cubiertas-y-frenos-infinitas-opciones\/#breadcrumb\",\"itemListElement\":[{\"@type\":\"ListItem\",\"position\":1,\"name\":\"Inicio\",\"item\":\"https:\/\/frikisdelabici.com\/site\/\"},{\"@type\":\"ListItem\",\"position\":2,\"name\":\"Cap\u00f3 Abierto &#8211; 2&#215;30 &#8211; Cubiertas y frenos&#8230; \u00bfinfinitas opciones?\"}]},{\"@type\":\"WebSite\",\"@id\":\"https:\/\/frikisdelabici.com\/site\/#website\",\"url\":\"https:\/\/frikisdelabici.com\/site\/\",\"name\":\"frikisdelabici.com\",\"description\":\"Noticias sobre ZWIFT, art\u00edculos sobre entrenamiento, carreras... de todo lo relacionado con el ciclista m\u00e1s friki\",\"publisher\":{\"@id\":\"https:\/\/frikisdelabici.com\/site\/#\/schema\/person\/a7e0f7e0c1ecaf32b75491c779564593\"},\"potentialAction\":[{\"@type\":\"SearchAction\",\"target\":{\"@type\":\"EntryPoint\",\"urlTemplate\":\"https:\/\/frikisdelabici.com\/site\/?s={search_term_string}\"},\"query-input\":{\"@type\":\"PropertyValueSpecification\",\"valueRequired\":true,\"valueName\":\"search_term_string\"}}],\"inLanguage\":\"es\"},{\"@type\":[\"Person\",\"Organization\"],\"@id\":\"https:\/\/frikisdelabici.com\/site\/#\/schema\/person\/a7e0f7e0c1ecaf32b75491c779564593\",\"name\":\"Rub\u00e9n Fern\u00e1ndez\",\"image\":{\"@type\":\"ImageObject\",\"inLanguage\":\"es\",\"@id\":\"https:\/\/frikisdelabici.com\/site\/#\/schema\/person\/image\/\",\"url\":\"https:\/\/frikisdelabici.com\/site\/wp-content\/uploads\/2020\/03\/gran-fondo-san-sebastian-2017-4014569-48213-4286-1-scaled.jpg\",\"contentUrl\":\"https:\/\/frikisdelabici.com\/site\/wp-content\/uploads\/2020\/03\/gran-fondo-san-sebastian-2017-4014569-48213-4286-1-scaled.jpg\",\"width\":2560,\"height\":1707,\"caption\":\"Rub\u00e9n Fern\u00e1ndez\"},\"logo\":{\"@id\":\"https:\/\/frikisdelabici.com\/site\/#\/schema\/person\/image\/\"},\"url\":\"https:\/\/frikisdelabici.com\/site\/author\/rubenextra300\/\"}]}<\/script>\n<!-- \/ Yoast SEO Premium plugin. -->","yoast_head_json":{"title":"Cap\u00f3 Abierto - 2x30 - Cubiertas y frenos... \u00bfinfinitas opciones? - frikisdelabici.com","robots":{"index":"index","follow":"follow","max-snippet":"max-snippet:-1","max-image-preview":"max-image-preview:large","max-video-preview":"max-video-preview:-1"},"canonical":"https:\/\/frikisdelabici.com\/site\/capo-abierto-2x30-cubiertas-y-frenos-infinitas-opciones\/","og_locale":"es_ES","og_type":"article","og_title":"Cap\u00f3 Abierto - 2x30 - Cubiertas y frenos... \u00bfinfinitas opciones?","og_description":"\u00daltimamente hablamos mucho de ruedas. Es por eso que el siguiente paso tiene que ser hablar de las cubiertas que utilizamos y de los frenos que usamos. Aqu\u00ed hay dos cientos millones de opiniones y gustos&#8230; curioso el ciclismo. Adem\u00e1s hablamos de otros temas de rabiosa actualidad, alguno muy delicado, como los descargos de responsabilidad...","og_url":"https:\/\/frikisdelabici.com\/site\/capo-abierto-2x30-cubiertas-y-frenos-infinitas-opciones\/","og_site_name":"frikisdelabici.com","article_published_time":"2024-04-29T17:34:01+00:00","author":"Rub\u00e9n Fern\u00e1ndez","twitter_card":"summary_large_image","twitter_misc":{"Escrito por":"Rub\u00e9n Fern\u00e1ndez","Tiempo de lectura":"1 minuto"},"schema":{"@context":"https:\/\/schema.org","@graph":[{"@type":"Article","@id":"https:\/\/frikisdelabici.com\/site\/capo-abierto-2x30-cubiertas-y-frenos-infinitas-opciones\/#article","isPartOf":{"@id":"https:\/\/frikisdelabici.com\/site\/capo-abierto-2x30-cubiertas-y-frenos-infinitas-opciones\/"},"author":{"name":"Rub\u00e9n Fern\u00e1ndez","@id":"https:\/\/frikisdelabici.com\/site\/#\/schema\/person\/a7e0f7e0c1ecaf32b75491c779564593"},"headline":"Cap\u00f3 Abierto &#8211; 2&#215;30 &#8211; Cubiertas y frenos&#8230; \u00bfinfinitas opciones?","datePublished":"2024-04-29T17:34:01+00:00","mainEntityOfPage":{"@id":"https:\/\/frikisdelabici.com\/site\/capo-abierto-2x30-cubiertas-y-frenos-infinitas-opciones\/"},"wordCount":113,"commentCount":0,"publisher":{"@id":"https:\/\/frikisdelabici.com\/site\/#\/schema\/person\/a7e0f7e0c1ecaf32b75491c779564593"},"image":{"@id":"https:\/\/frikisdelabici.com\/site\/capo-abierto-2x30-cubiertas-y-frenos-infinitas-opciones\/#primaryimage"},"thumbnailUrl":"https:\/\/frikisdelabici.com\/site\/wp-content\/uploads\/2024\/05\/maxresdefault.jpg","keywords":["capo abierto","ciclismo indoor","elite suito","rodillo","rodillo elite","wahoo","zwift","zwift en espa\u00f1ol"],"articleSection":["Cap\u00f3 Abierto"],"inLanguage":"es","potentialAction":[{"@type":"CommentAction","name":"Comment","target":["https:\/\/frikisdelabici.com\/site\/capo-abierto-2x30-cubiertas-y-frenos-infinitas-opciones\/#respond"]}]},{"@type":"WebPage","@id":"https:\/\/frikisdelabici.com\/site\/capo-abierto-2x30-cubiertas-y-frenos-infinitas-opciones\/","url":"https:\/\/frikisdelabici.com\/site\/capo-abierto-2x30-cubiertas-y-frenos-infinitas-opciones\/","name":"Cap\u00f3 Abierto - 2x30 - Cubiertas y frenos... \u00bfinfinitas opciones? - frikisdelabici.com","isPartOf":{"@id":"https:\/\/frikisdelabici.com\/site\/#website"},"primaryImageOfPage":{"@id":"https:\/\/frikisdelabici.com\/site\/capo-abierto-2x30-cubiertas-y-frenos-infinitas-opciones\/#primaryimage"},"image":{"@id":"https:\/\/frikisdelabici.com\/site\/capo-abierto-2x30-cubiertas-y-frenos-infinitas-opciones\/#primaryimage"},"thumbnailUrl":"https:\/\/frikisdelabici.com\/site\/wp-content\/uploads\/2024\/05\/maxresdefault.jpg","datePublished":"2024-04-29T17:34:01+00:00","breadcrumb":{"@id":"https:\/\/frikisdelabici.com\/site\/capo-abierto-2x30-cubiertas-y-frenos-infinitas-opciones\/#breadcrumb"},"inLanguage":"es","potentialAction":[{"@type":"ReadAction","target":["https:\/\/frikisdelabici.com\/site\/capo-abierto-2x30-cubiertas-y-frenos-infinitas-opciones\/"]}]},{"@type":"ImageObject","inLanguage":"es","@id":"https:\/\/frikisdelabici.com\/site\/capo-abierto-2x30-cubiertas-y-frenos-infinitas-opciones\/#primaryimage","url":"https:\/\/frikisdelabici.com\/site\/wp-content\/uploads\/2024\/05\/maxresdefault.jpg","contentUrl":"https:\/\/frikisdelabici.com\/site\/wp-content\/uploads\/2024\/05\/maxresdefault.jpg","width":1280,"height":720},{"@type":"BreadcrumbList","@id":"https:\/\/frikisdelabici.com\/site\/capo-abierto-2x30-cubiertas-y-frenos-infinitas-opciones\/#breadcrumb","itemListElement":[{"@type":"ListItem","position":1,"name":"Inicio","item":"https:\/\/frikisdelabici.com\/site\/"},{"@type":"ListItem","position":2,"name":"Cap\u00f3 Abierto &#8211; 2&#215;30 &#8211; Cubiertas y frenos&#8230; \u00bfinfinitas opciones?"}]},{"@type":"WebSite","@id":"https:\/\/frikisdelabici.com\/site\/#website","url":"https:\/\/frikisdelabici.com\/site\/","name":"frikisdelabici.com","description":"Noticias sobre ZWIFT, art\u00edculos sobre entrenamiento, carreras... de todo lo relacionado con el ciclista m\u00e1s friki","publisher":{"@id":"https:\/\/frikisdelabici.com\/site\/#\/schema\/person\/a7e0f7e0c1ecaf32b75491c779564593"},"potentialAction":[{"@type":"SearchAction","target":{"@type":"EntryPoint","urlTemplate":"https:\/\/frikisdelabici.com\/site\/?s={search_term_string}"},"query-input":{"@type":"PropertyValueSpecification","valueRequired":true,"valueName":"search_term_string"}}],"inLanguage":"es"},{"@type":["Person","Organization"],"@id":"https:\/\/frikisdelabici.com\/site\/#\/schema\/person\/a7e0f7e0c1ecaf32b75491c779564593","name":"Rub\u00e9n Fern\u00e1ndez","image":{"@type":"ImageObject","inLanguage":"es","@id":"https:\/\/frikisdelabici.com\/site\/#\/schema\/person\/image\/","url":"https:\/\/frikisdelabici.com\/site\/wp-content\/uploads\/2020\/03\/gran-fondo-san-sebastian-2017-4014569-48213-4286-1-scaled.jpg","contentUrl":"https:\/\/frikisdelabici.com\/site\/wp-content\/uploads\/2020\/03\/gran-fondo-san-sebastian-2017-4014569-48213-4286-1-scaled.jpg","width":2560,"height":1707,"caption":"Rub\u00e9n Fern\u00e1ndez"},"logo":{"@id":"https:\/\/frikisdelabici.com\/site\/#\/schema\/person\/image\/"},"url":"https:\/\/frikisdelabici.com\/site\/author\/rubenextra300\/"}]}},"_links":{"self":[{"href":"https:\/\/frikisdelabici.com\/site\/wp-json\/wp\/v2\/posts\/2083","targetHints":{"allow":["GET"]}}],"collection":[{"href":"https:\/\/frikisdelabici.com\/site\/wp-json\/wp\/v2\/posts"}],"about":[{"href":"https:\/\/frikisdelabici.com\/site\/wp-json\/wp\/v2\/types\/post"}],"author":[{"embeddable":true,"href":"https:\/\/frikisdelabici.com\/site\/wp-json\/wp\/v2\/users\/1"}],"replies":[{"embeddable":true,"href":"https:\/\/frikisdelabici.com\/site\/wp-json\/wp\/v2\/comments?post=2083"}],"version-history":[{"count":0,"href":"https:\/\/frikisdelabici.com\/site\/wp-json\/wp\/v2\/posts\/2083\/revisions"}],"wp:featuredmedia":[{"embeddable":true,"href":"https:\/\/frikisdelabici.com\/site\/wp-json\/wp\/v2\/media\/2085"}],"wp:attachment":[{"href":"https:\/\/frikisdelabici.com\/site\/wp-json\/wp\/v2\/media?parent=2083"}],"wp:term":[{"taxonomy":"category","embeddable":true,"href":"https:\/\/frikisdelabici.com\/site\/wp-json\/wp\/v2\/categories?post=2083"},{"taxonomy":"post_tag","embeddable":true,"href":"https:\/\/frikisdelabici.com\/site\/wp-json\/wp\/v2\/tags?post=2083"},{"taxonomy":"series","embeddable":true,"href":"https:\/\/frikisdelabici.com\/site\/wp-json\/wp\/v2\/series?post=2083"}],"curies":[{"name":"wp","href":"https:\/\/api.w.org\/{rel}","templated":true}]}}