{"id":2131,"date":"2024-05-20T18:19:34","date_gmt":"2024-05-20T18:19:34","guid":{"rendered":"https:\/\/frikisdelabici.com\/site\/capo-abierto-2x33-he-probado-una-bici-electrica-y-no-quiero-volver-a-hacerlo\/"},"modified":"2024-05-20T18:19:34","modified_gmt":"2024-05-20T18:19:34","slug":"capo-abierto-2x33-he-probado-una-bici-electrica-y-no-quiero-volver-a-hacerlo","status":"publish","type":"post","link":"https:\/\/frikisdelabici.com\/site\/capo-abierto-2x33-he-probado-una-bici-electrica-y-no-quiero-volver-a-hacerlo\/","title":{"rendered":"Cap\u00f3 Abierto &#8211; 2&#215;33 &#8211; He probado una bici el\u00e9ctrica y no quiero volver a hacerlo"},"content":{"rendered":"\r\n                \r\n                <figure class=\"wp-block-embed-youtube wp-block-embed is-type-video is-provider-youtube\"><div class=\"wp-block-embed__wrapper\"> \r\n                <iframe title=\"Cap\u00f3 Abierto - 2x33 - He probado una bici el\u00e9ctrica y no quiero volver a hacerlo\" width=\"640\" height=\"480\" data-src=\"https:\/\/www.youtube.com\/embed\/nICBtGezCLE?feature=oembed\" frameborder=\"0\" allow=\"accelerometer; autoplay; clipboard-write; encrypted-media; gyroscope; picture-in-picture; web-share\" referrerpolicy=\"strict-origin-when-cross-origin\" allowfullscreen src=\"data:image\/svg+xml;base64,PHN2ZyB3aWR0aD0iMSIgaGVpZ2h0PSIxIiB4bWxucz0iaHR0cDovL3d3dy53My5vcmcvMjAwMC9zdmciPjwvc3ZnPg==\" class=\"lazyload\" data-load-mode=\"1\"><\/iframe>\r\n                <\/div><\/figure>\r\n                Para empezar, nos sumergimos en la electrizante experiencia de las bicicletas el\u00e9ctricas. Imagina subir esa colina empinada que siempre te dejaba sin aliento, pero esta vez con una sonrisa en la cara y viento en el pelo. Descubrimos lo divertido que puede ser pedalear con un peque\u00f1o impulso extra. Las bicis el\u00e9ctricas no solo est\u00e1n revolucionando la manera en que nos movemos por la ciudad, sino que tambi\u00e9n est\u00e1n trayendo una nueva dimensi\u00f3n de diversi\u00f3n y accesibilidad al ciclismo recreativo. Charlamos con ciclistas urbanos y de monta\u00f1a que nos cuentan sus an\u00e9cdotas m\u00e1s entretenidas, desde carreras espont\u00e1neas en parques hasta descubrir senderos escondidos sin acabar agotados.<br \/>\n<br \/>\nLuego, cambiamos de marcha y nos adentramos en la \u00e9pica victoria de Tadej Pogacar en el Giro de Italia. \u00a1Qu\u00e9 espect\u00e1culo! Revivimos cada uno de los momentos cruciales de la carrera: los ataques estrat\u00e9gicos en las monta\u00f1as, la potencia brutal en las contrarreloj, y esa capacidad casi sobrenatural para dejar atr\u00e1s a sus rivales. Es una historia de perseverancia y talento puro que nos deja sin aliento. Adem\u00e1s, escuchamos a expertos analizar c\u00f3mo Pogacar ha redefinido lo que significa ser un campe\u00f3n en el ciclismo moderno, combinando juventud y experiencia con una maestr\u00eda impresionante.<br \/>\n<br \/>\nFinalmente, nos ponemos t\u00e9cnicos y exploramos las prendas curiosas que est\u00e1n mejorando la aerodin\u00e1mica en el ciclismo. Desde trajes de una pieza que parecen sacados de una pel\u00edcula de ciencia ficci\u00f3n hasta calcetines que reducen la resistencia al aire, estas innovaciones est\u00e1n ayudando a los ciclistas a ganar esos valiosos segundos. Hablamos con dise\u00f1adores y cient\u00edficos que nos explican c\u00f3mo materiales avanzados y dise\u00f1os innovadores est\u00e1n cambiando las reglas del juego. Adem\u00e1s, te damos algunos consejos sobre qu\u00e9 prendas podr\u00edas considerar si quieres mejorar tu rendimiento en las salidas del fin de semana.<br \/>\n<br \/>\nAs\u00ed que ponte c\u00f3modo, ajusta tus auriculares y prep\u00e1rate para una hora de puro ciclismo. No importa si eres un veterano de las carreteras o un novato en el mundo de las bicis, este episodio tiene algo para todos. \u00a1Nos vemos en la ruta!<br \/>\n\u00a1Suscr\u00edbete a este canal y as\u00ed no te perder\u00e1s nada! Dale aqu\u00ed: https:\/\/www.youtube.com\/channel\/UCqs9h1nVVC7spAy_3xmlqQQ","protected":false},"excerpt":{"rendered":"<p>Para empezar, nos sumergimos en la electrizante experiencia de las bicicletas el\u00e9ctricas. Imagina subir esa colina empinada que siempre te dejaba sin aliento, pero esta vez con una sonrisa en la cara y viento en el pelo. Descubrimos lo divertido que puede ser pedalear con un peque\u00f1o impulso extra. Las bicis el\u00e9ctricas no solo est\u00e1n&#8230;<\/p>\n","protected":false},"author":1,"featured_media":2132,"comment_status":"open","ping_status":"open","sticky":false,"template":"","format":"standard","meta":{"footnotes":""},"categories":[373],"tags":[341,338,63,268,70,376,84,20],"series":[372],"class_list":["post-2131","post","type-post","status-publish","format-standard","has-post-thumbnail","hentry","category-capo-abierto","tag-capo-abierto","tag-ciclismo-indoor","tag-elite-suito","tag-rodillo","tag-rodillo-elite","tag-wahoo","tag-zwift","tag-zwift-en-espanol","series-capo-abierto"],"yoast_head":"<!-- This site is optimized with the Yoast SEO Premium plugin v18.4 (Yoast SEO v26.7) - https:\/\/yoast.com\/wordpress\/plugins\/seo\/ -->\n<title>Cap\u00f3 Abierto - 2x33 - He probado una bici el\u00e9ctrica y no quiero volver a hacerlo - frikisdelabici.com<\/title>\n<meta name=\"robots\" content=\"index, follow, max-snippet:-1, max-image-preview:large, max-video-preview:-1\" \/>\n<link rel=\"canonical\" href=\"https:\/\/frikisdelabici.com\/site\/capo-abierto-2x33-he-probado-una-bici-electrica-y-no-quiero-volver-a-hacerlo\/\" \/>\n<meta property=\"og:locale\" content=\"es_ES\" \/>\n<meta property=\"og:type\" content=\"article\" \/>\n<meta property=\"og:title\" content=\"Cap\u00f3 Abierto - 2x33 - He probado una bici el\u00e9ctrica y no quiero volver a hacerlo\" \/>\n<meta property=\"og:description\" content=\"Para empezar, nos sumergimos en la electrizante experiencia de las bicicletas el\u00e9ctricas. Imagina subir esa colina empinada que siempre te dejaba sin aliento, pero esta vez con una sonrisa en la cara y viento en el pelo. Descubrimos lo divertido que puede ser pedalear con un peque\u00f1o impulso extra. Las bicis el\u00e9ctricas no solo est\u00e1n...\" \/>\n<meta property=\"og:url\" content=\"https:\/\/frikisdelabici.com\/site\/capo-abierto-2x33-he-probado-una-bici-electrica-y-no-quiero-volver-a-hacerlo\/\" \/>\n<meta property=\"og:site_name\" content=\"frikisdelabici.com\" \/>\n<meta property=\"article:published_time\" content=\"2024-05-20T18:19:34+00:00\" \/>\n<meta name=\"author\" content=\"Rub\u00e9n Fern\u00e1ndez\" \/>\n<meta name=\"twitter:card\" content=\"summary_large_image\" \/>\n<meta name=\"twitter:label1\" content=\"Escrito por\" \/>\n\t<meta name=\"twitter:data1\" content=\"Rub\u00e9n Fern\u00e1ndez\" \/>\n\t<meta name=\"twitter:label2\" content=\"Tiempo de lectura\" \/>\n\t<meta name=\"twitter:data2\" content=\"2 minutos\" \/>\n<script type=\"application\/ld+json\" class=\"yoast-schema-graph\">{\"@context\":\"https:\/\/schema.org\",\"@graph\":[{\"@type\":\"Article\",\"@id\":\"https:\/\/frikisdelabici.com\/site\/capo-abierto-2x33-he-probado-una-bici-electrica-y-no-quiero-volver-a-hacerlo\/#article\",\"isPartOf\":{\"@id\":\"https:\/\/frikisdelabici.com\/site\/capo-abierto-2x33-he-probado-una-bici-electrica-y-no-quiero-volver-a-hacerlo\/\"},\"author\":{\"name\":\"Rub\u00e9n Fern\u00e1ndez\",\"@id\":\"https:\/\/frikisdelabici.com\/site\/#\/schema\/person\/a7e0f7e0c1ecaf32b75491c779564593\"},\"headline\":\"Cap\u00f3 Abierto &#8211; 2&#215;33 &#8211; He probado una bici el\u00e9ctrica y no quiero volver a hacerlo\",\"datePublished\":\"2024-05-20T18:19:34+00:00\",\"mainEntityOfPage\":{\"@id\":\"https:\/\/frikisdelabici.com\/site\/capo-abierto-2x33-he-probado-una-bici-electrica-y-no-quiero-volver-a-hacerlo\/\"},\"wordCount\":420,\"commentCount\":0,\"publisher\":{\"@id\":\"https:\/\/frikisdelabici.com\/site\/#\/schema\/person\/a7e0f7e0c1ecaf32b75491c779564593\"},\"image\":{\"@id\":\"https:\/\/frikisdelabici.com\/site\/capo-abierto-2x33-he-probado-una-bici-electrica-y-no-quiero-volver-a-hacerlo\/#primaryimage\"},\"thumbnailUrl\":\"https:\/\/frikisdelabici.com\/site\/wp-content\/uploads\/2024\/05\/maxresdefault_live.jpg\",\"keywords\":[\"capo abierto\",\"ciclismo indoor\",\"elite suito\",\"rodillo\",\"rodillo elite\",\"wahoo\",\"zwift\",\"zwift en espa\u00f1ol\"],\"articleSection\":[\"Cap\u00f3 Abierto\"],\"inLanguage\":\"es\",\"potentialAction\":[{\"@type\":\"CommentAction\",\"name\":\"Comment\",\"target\":[\"https:\/\/frikisdelabici.com\/site\/capo-abierto-2x33-he-probado-una-bici-electrica-y-no-quiero-volver-a-hacerlo\/#respond\"]}]},{\"@type\":\"WebPage\",\"@id\":\"https:\/\/frikisdelabici.com\/site\/capo-abierto-2x33-he-probado-una-bici-electrica-y-no-quiero-volver-a-hacerlo\/\",\"url\":\"https:\/\/frikisdelabici.com\/site\/capo-abierto-2x33-he-probado-una-bici-electrica-y-no-quiero-volver-a-hacerlo\/\",\"name\":\"Cap\u00f3 Abierto - 2x33 - He probado una bici el\u00e9ctrica y no quiero volver a hacerlo - frikisdelabici.com\",\"isPartOf\":{\"@id\":\"https:\/\/frikisdelabici.com\/site\/#website\"},\"primaryImageOfPage\":{\"@id\":\"https:\/\/frikisdelabici.com\/site\/capo-abierto-2x33-he-probado-una-bici-electrica-y-no-quiero-volver-a-hacerlo\/#primaryimage\"},\"image\":{\"@id\":\"https:\/\/frikisdelabici.com\/site\/capo-abierto-2x33-he-probado-una-bici-electrica-y-no-quiero-volver-a-hacerlo\/#primaryimage\"},\"thumbnailUrl\":\"https:\/\/frikisdelabici.com\/site\/wp-content\/uploads\/2024\/05\/maxresdefault_live.jpg\",\"datePublished\":\"2024-05-20T18:19:34+00:00\",\"breadcrumb\":{\"@id\":\"https:\/\/frikisdelabici.com\/site\/capo-abierto-2x33-he-probado-una-bici-electrica-y-no-quiero-volver-a-hacerlo\/#breadcrumb\"},\"inLanguage\":\"es\",\"potentialAction\":[{\"@type\":\"ReadAction\",\"target\":[\"https:\/\/frikisdelabici.com\/site\/capo-abierto-2x33-he-probado-una-bici-electrica-y-no-quiero-volver-a-hacerlo\/\"]}]},{\"@type\":\"ImageObject\",\"inLanguage\":\"es\",\"@id\":\"https:\/\/frikisdelabici.com\/site\/capo-abierto-2x33-he-probado-una-bici-electrica-y-no-quiero-volver-a-hacerlo\/#primaryimage\",\"url\":\"https:\/\/frikisdelabici.com\/site\/wp-content\/uploads\/2024\/05\/maxresdefault_live.jpg\",\"contentUrl\":\"https:\/\/frikisdelabici.com\/site\/wp-content\/uploads\/2024\/05\/maxresdefault_live.jpg\",\"width\":1280,\"height\":720},{\"@type\":\"BreadcrumbList\",\"@id\":\"https:\/\/frikisdelabici.com\/site\/capo-abierto-2x33-he-probado-una-bici-electrica-y-no-quiero-volver-a-hacerlo\/#breadcrumb\",\"itemListElement\":[{\"@type\":\"ListItem\",\"position\":1,\"name\":\"Inicio\",\"item\":\"https:\/\/frikisdelabici.com\/site\/\"},{\"@type\":\"ListItem\",\"position\":2,\"name\":\"Cap\u00f3 Abierto &#8211; 2&#215;33 &#8211; He probado una bici el\u00e9ctrica y no quiero volver a hacerlo\"}]},{\"@type\":\"WebSite\",\"@id\":\"https:\/\/frikisdelabici.com\/site\/#website\",\"url\":\"https:\/\/frikisdelabici.com\/site\/\",\"name\":\"frikisdelabici.com\",\"description\":\"Noticias sobre ZWIFT, art\u00edculos sobre entrenamiento, carreras... de todo lo relacionado con el ciclista m\u00e1s friki\",\"publisher\":{\"@id\":\"https:\/\/frikisdelabici.com\/site\/#\/schema\/person\/a7e0f7e0c1ecaf32b75491c779564593\"},\"potentialAction\":[{\"@type\":\"SearchAction\",\"target\":{\"@type\":\"EntryPoint\",\"urlTemplate\":\"https:\/\/frikisdelabici.com\/site\/?s={search_term_string}\"},\"query-input\":{\"@type\":\"PropertyValueSpecification\",\"valueRequired\":true,\"valueName\":\"search_term_string\"}}],\"inLanguage\":\"es\"},{\"@type\":[\"Person\",\"Organization\"],\"@id\":\"https:\/\/frikisdelabici.com\/site\/#\/schema\/person\/a7e0f7e0c1ecaf32b75491c779564593\",\"name\":\"Rub\u00e9n Fern\u00e1ndez\",\"image\":{\"@type\":\"ImageObject\",\"inLanguage\":\"es\",\"@id\":\"https:\/\/frikisdelabici.com\/site\/#\/schema\/person\/image\/\",\"url\":\"https:\/\/frikisdelabici.com\/site\/wp-content\/uploads\/2020\/03\/gran-fondo-san-sebastian-2017-4014569-48213-4286-1-scaled.jpg\",\"contentUrl\":\"https:\/\/frikisdelabici.com\/site\/wp-content\/uploads\/2020\/03\/gran-fondo-san-sebastian-2017-4014569-48213-4286-1-scaled.jpg\",\"width\":2560,\"height\":1707,\"caption\":\"Rub\u00e9n Fern\u00e1ndez\"},\"logo\":{\"@id\":\"https:\/\/frikisdelabici.com\/site\/#\/schema\/person\/image\/\"},\"url\":\"https:\/\/frikisdelabici.com\/site\/author\/rubenextra300\/\"}]}<\/script>\n<!-- \/ Yoast SEO Premium plugin. -->","yoast_head_json":{"title":"Cap\u00f3 Abierto - 2x33 - He probado una bici el\u00e9ctrica y no quiero volver a hacerlo - frikisdelabici.com","robots":{"index":"index","follow":"follow","max-snippet":"max-snippet:-1","max-image-preview":"max-image-preview:large","max-video-preview":"max-video-preview:-1"},"canonical":"https:\/\/frikisdelabici.com\/site\/capo-abierto-2x33-he-probado-una-bici-electrica-y-no-quiero-volver-a-hacerlo\/","og_locale":"es_ES","og_type":"article","og_title":"Cap\u00f3 Abierto - 2x33 - He probado una bici el\u00e9ctrica y no quiero volver a hacerlo","og_description":"Para empezar, nos sumergimos en la electrizante experiencia de las bicicletas el\u00e9ctricas. Imagina subir esa colina empinada que siempre te dejaba sin aliento, pero esta vez con una sonrisa en la cara y viento en el pelo. Descubrimos lo divertido que puede ser pedalear con un peque\u00f1o impulso extra. Las bicis el\u00e9ctricas no solo est\u00e1n...","og_url":"https:\/\/frikisdelabici.com\/site\/capo-abierto-2x33-he-probado-una-bici-electrica-y-no-quiero-volver-a-hacerlo\/","og_site_name":"frikisdelabici.com","article_published_time":"2024-05-20T18:19:34+00:00","author":"Rub\u00e9n Fern\u00e1ndez","twitter_card":"summary_large_image","twitter_misc":{"Escrito por":"Rub\u00e9n Fern\u00e1ndez","Tiempo de lectura":"2 minutos"},"schema":{"@context":"https:\/\/schema.org","@graph":[{"@type":"Article","@id":"https:\/\/frikisdelabici.com\/site\/capo-abierto-2x33-he-probado-una-bici-electrica-y-no-quiero-volver-a-hacerlo\/#article","isPartOf":{"@id":"https:\/\/frikisdelabici.com\/site\/capo-abierto-2x33-he-probado-una-bici-electrica-y-no-quiero-volver-a-hacerlo\/"},"author":{"name":"Rub\u00e9n Fern\u00e1ndez","@id":"https:\/\/frikisdelabici.com\/site\/#\/schema\/person\/a7e0f7e0c1ecaf32b75491c779564593"},"headline":"Cap\u00f3 Abierto &#8211; 2&#215;33 &#8211; He probado una bici el\u00e9ctrica y no quiero volver a hacerlo","datePublished":"2024-05-20T18:19:34+00:00","mainEntityOfPage":{"@id":"https:\/\/frikisdelabici.com\/site\/capo-abierto-2x33-he-probado-una-bici-electrica-y-no-quiero-volver-a-hacerlo\/"},"wordCount":420,"commentCount":0,"publisher":{"@id":"https:\/\/frikisdelabici.com\/site\/#\/schema\/person\/a7e0f7e0c1ecaf32b75491c779564593"},"image":{"@id":"https:\/\/frikisdelabici.com\/site\/capo-abierto-2x33-he-probado-una-bici-electrica-y-no-quiero-volver-a-hacerlo\/#primaryimage"},"thumbnailUrl":"https:\/\/frikisdelabici.com\/site\/wp-content\/uploads\/2024\/05\/maxresdefault_live.jpg","keywords":["capo abierto","ciclismo indoor","elite suito","rodillo","rodillo elite","wahoo","zwift","zwift en espa\u00f1ol"],"articleSection":["Cap\u00f3 Abierto"],"inLanguage":"es","potentialAction":[{"@type":"CommentAction","name":"Comment","target":["https:\/\/frikisdelabici.com\/site\/capo-abierto-2x33-he-probado-una-bici-electrica-y-no-quiero-volver-a-hacerlo\/#respond"]}]},{"@type":"WebPage","@id":"https:\/\/frikisdelabici.com\/site\/capo-abierto-2x33-he-probado-una-bici-electrica-y-no-quiero-volver-a-hacerlo\/","url":"https:\/\/frikisdelabici.com\/site\/capo-abierto-2x33-he-probado-una-bici-electrica-y-no-quiero-volver-a-hacerlo\/","name":"Cap\u00f3 Abierto - 2x33 - He probado una bici el\u00e9ctrica y no quiero volver a hacerlo - frikisdelabici.com","isPartOf":{"@id":"https:\/\/frikisdelabici.com\/site\/#website"},"primaryImageOfPage":{"@id":"https:\/\/frikisdelabici.com\/site\/capo-abierto-2x33-he-probado-una-bici-electrica-y-no-quiero-volver-a-hacerlo\/#primaryimage"},"image":{"@id":"https:\/\/frikisdelabici.com\/site\/capo-abierto-2x33-he-probado-una-bici-electrica-y-no-quiero-volver-a-hacerlo\/#primaryimage"},"thumbnailUrl":"https:\/\/frikisdelabici.com\/site\/wp-content\/uploads\/2024\/05\/maxresdefault_live.jpg","datePublished":"2024-05-20T18:19:34+00:00","breadcrumb":{"@id":"https:\/\/frikisdelabici.com\/site\/capo-abierto-2x33-he-probado-una-bici-electrica-y-no-quiero-volver-a-hacerlo\/#breadcrumb"},"inLanguage":"es","potentialAction":[{"@type":"ReadAction","target":["https:\/\/frikisdelabici.com\/site\/capo-abierto-2x33-he-probado-una-bici-electrica-y-no-quiero-volver-a-hacerlo\/"]}]},{"@type":"ImageObject","inLanguage":"es","@id":"https:\/\/frikisdelabici.com\/site\/capo-abierto-2x33-he-probado-una-bici-electrica-y-no-quiero-volver-a-hacerlo\/#primaryimage","url":"https:\/\/frikisdelabici.com\/site\/wp-content\/uploads\/2024\/05\/maxresdefault_live.jpg","contentUrl":"https:\/\/frikisdelabici.com\/site\/wp-content\/uploads\/2024\/05\/maxresdefault_live.jpg","width":1280,"height":720},{"@type":"BreadcrumbList","@id":"https:\/\/frikisdelabici.com\/site\/capo-abierto-2x33-he-probado-una-bici-electrica-y-no-quiero-volver-a-hacerlo\/#breadcrumb","itemListElement":[{"@type":"ListItem","position":1,"name":"Inicio","item":"https:\/\/frikisdelabici.com\/site\/"},{"@type":"ListItem","position":2,"name":"Cap\u00f3 Abierto &#8211; 2&#215;33 &#8211; He probado una bici el\u00e9ctrica y no quiero volver a hacerlo"}]},{"@type":"WebSite","@id":"https:\/\/frikisdelabici.com\/site\/#website","url":"https:\/\/frikisdelabici.com\/site\/","name":"frikisdelabici.com","description":"Noticias sobre ZWIFT, art\u00edculos sobre entrenamiento, carreras... de todo lo relacionado con el ciclista m\u00e1s friki","publisher":{"@id":"https:\/\/frikisdelabici.com\/site\/#\/schema\/person\/a7e0f7e0c1ecaf32b75491c779564593"},"potentialAction":[{"@type":"SearchAction","target":{"@type":"EntryPoint","urlTemplate":"https:\/\/frikisdelabici.com\/site\/?s={search_term_string}"},"query-input":{"@type":"PropertyValueSpecification","valueRequired":true,"valueName":"search_term_string"}}],"inLanguage":"es"},{"@type":["Person","Organization"],"@id":"https:\/\/frikisdelabici.com\/site\/#\/schema\/person\/a7e0f7e0c1ecaf32b75491c779564593","name":"Rub\u00e9n Fern\u00e1ndez","image":{"@type":"ImageObject","inLanguage":"es","@id":"https:\/\/frikisdelabici.com\/site\/#\/schema\/person\/image\/","url":"https:\/\/frikisdelabici.com\/site\/wp-content\/uploads\/2020\/03\/gran-fondo-san-sebastian-2017-4014569-48213-4286-1-scaled.jpg","contentUrl":"https:\/\/frikisdelabici.com\/site\/wp-content\/uploads\/2020\/03\/gran-fondo-san-sebastian-2017-4014569-48213-4286-1-scaled.jpg","width":2560,"height":1707,"caption":"Rub\u00e9n Fern\u00e1ndez"},"logo":{"@id":"https:\/\/frikisdelabici.com\/site\/#\/schema\/person\/image\/"},"url":"https:\/\/frikisdelabici.com\/site\/author\/rubenextra300\/"}]}},"_links":{"self":[{"href":"https:\/\/frikisdelabici.com\/site\/wp-json\/wp\/v2\/posts\/2131","targetHints":{"allow":["GET"]}}],"collection":[{"href":"https:\/\/frikisdelabici.com\/site\/wp-json\/wp\/v2\/posts"}],"about":[{"href":"https:\/\/frikisdelabici.com\/site\/wp-json\/wp\/v2\/types\/post"}],"author":[{"embeddable":true,"href":"https:\/\/frikisdelabici.com\/site\/wp-json\/wp\/v2\/users\/1"}],"replies":[{"embeddable":true,"href":"https:\/\/frikisdelabici.com\/site\/wp-json\/wp\/v2\/comments?post=2131"}],"version-history":[{"count":0,"href":"https:\/\/frikisdelabici.com\/site\/wp-json\/wp\/v2\/posts\/2131\/revisions"}],"wp:featuredmedia":[{"embeddable":true,"href":"https:\/\/frikisdelabici.com\/site\/wp-json\/wp\/v2\/media\/2132"}],"wp:attachment":[{"href":"https:\/\/frikisdelabici.com\/site\/wp-json\/wp\/v2\/media?parent=2131"}],"wp:term":[{"taxonomy":"category","embeddable":true,"href":"https:\/\/frikisdelabici.com\/site\/wp-json\/wp\/v2\/categories?post=2131"},{"taxonomy":"post_tag","embeddable":true,"href":"https:\/\/frikisdelabici.com\/site\/wp-json\/wp\/v2\/tags?post=2131"},{"taxonomy":"series","embeddable":true,"href":"https:\/\/frikisdelabici.com\/site\/wp-json\/wp\/v2\/series?post=2131"}],"curies":[{"name":"wp","href":"https:\/\/api.w.org\/{rel}","templated":true}]}}