{"id":2264,"date":"2024-06-21T10:10:45","date_gmt":"2024-06-21T08:10:45","guid":{"rendered":"https:\/\/frikisdelabici.com\/site\/?p=2264"},"modified":"2024-06-21T10:10:46","modified_gmt":"2024-06-21T08:10:46","slug":"explora-las-mejores-rutas-ciclistas-costeras-de-europa","status":"publish","type":"post","link":"https:\/\/frikisdelabici.com\/site\/explora-las-mejores-rutas-ciclistas-costeras-de-europa\/","title":{"rendered":"Explora las mejores rutas ciclistas costeras de Europa."},"content":{"rendered":"\n<p><strong>Las 10 Mejores 10 Rutas de Ciclismo Costero en Europa por buycycle.<\/strong><\/p>\n\n\n\n<p>Los entusiastas del ciclismo y los aventureros est\u00e1n de enhorabuena, ya que buycycle ha dado a conocer sus 10 mejores rutas ciclistas costeras. Bas\u00e1ndose en una exhaustiva investigaci\u00f3n y en comentarios de los usuarios, estas rutas ofrecen paisajes impresionantes, distintos niveles de dificultad y terrenos \u00fanicos que se adaptan a todo tipo de ciclistas.<br><br><strong><em>buycycle<\/em>,<\/strong> (<a href=\"https:\/\/buycycle.com\/es-es\">https:\/\/buycycle.com\/es-es<\/a>) el mercado l\u00edder de bicicletas de segunda mano de alta gama, ha elaborado una lista exclusiva de las mejores rutas ciclistas costeras para 2024. Tras revisar m\u00e1s de 100 de las rutas mejor valoradas de toda Europa y analizar valoraciones, rese\u00f1as y otros factores, buycycle presenta los recorridos costeros m\u00e1s impresionantes y estimulantes. Planifica tu pr\u00f3xima aventura veraniega con esta gu\u00eda elaborada por expertos sobre las maravillosas costas europeas.<\/p>\n\n\n\n<figure class=\"wp-block-image size-full\"><img decoding=\"async\" width=\"975\" height=\"578\" data-src=\"https:\/\/frikisdelabici.com\/site\/wp-content\/uploads\/2024\/06\/image-6.png\" alt=\"\" class=\"wp-image-2266 lazyload\" data-srcset=\"https:\/\/frikisdelabici.com\/site\/wp-content\/uploads\/2024\/06\/image-6.png 975w, https:\/\/frikisdelabici.com\/site\/wp-content\/uploads\/2024\/06\/image-6-300x178.png 300w, https:\/\/frikisdelabici.com\/site\/wp-content\/uploads\/2024\/06\/image-6-768x455.png 768w\" data-sizes=\"(max-width: 975px) 100vw, 975px\" src=\"data:image\/svg+xml;base64,PHN2ZyB3aWR0aD0iMSIgaGVpZ2h0PSIxIiB4bWxucz0iaHR0cDovL3d3dy53My5vcmcvMjAwMC9zdmciPjwvc3ZnPg==\" style=\"--smush-placeholder-width: 975px; --smush-placeholder-aspect-ratio: 975\/578;\" \/><\/figure>\n\n\n\n<p>Foto de<a href=\"https:\/\/unsplash.com\/@alexanderramsey?utm_content=creditCopyText&amp;utm_medium=referral&amp;utm_source=unsplash\"> Alexander Ramsey<\/a> en<a href=\"https:\/\/unsplash.com\/photos\/concrete-buildings-beside-white-cruise-ship-dBtWLliLt5k?utm_content=creditCopyText&amp;utm_medium=referral&amp;utm_source=unsplash\"> Unsplash<\/a><\/p>\n\n\n\n<p>En este estudio destacan:<\/p>\n\n\n\n<ul class=\"wp-block-list\">\n<li><strong>Italia. La ruta que parte de Santa Margherita <\/strong>figura como la mejor ruta en AllTrails, lo que la convierte en una de las favoritas de los aficionados.<\/li>\n\n\n\n<li><strong>Espa\u00f1a. Su hermosa ruta \u201cel Camino del Norte\u201d,<\/strong> es el pa\u00eds con m\u00e1s rese\u00f1as en el ranking.<\/li>\n\n\n\n<li><strong>Los Pa\u00edses Bajos y Dinamarca <\/strong>brillan con temperaturas ideales para el ciclismo en verano, ofreciendo condiciones perfectas para los ciclistas.<\/li>\n<\/ul>\n\n\n\n<p><strong>1. Santa Margherita &#8211; Portofino via Mulino del Gassetta, Italia<br><\/strong>4,7 puntos + 186 opiniones en AllTrails | Nivel de dificultad: moderado | Distancia: 14km<\/p>\n\n\n\n<p>Partiendo de la encantadora ciudad de Santa Margherita, esta ruta lleva a los ciclistas a trav\u00e9s de la pintoresca costa de Liguria hasta el emblem\u00e1tico pueblo de Portofino. Los ciclistas pueden disfrutar de impresionantes vistas del mar Mediterr\u00e1neo, exuberante vegetaci\u00f3n y pintorescos pueblos costeros. La ruta moderada de 14 km cuenta con senderos en buen estado y una mezcla entre belleza natural y monumentos hist\u00f3ricos, perfecta para un paseo sereno pero estimulante.<\/p>\n\n\n\n<figure class=\"wp-block-image size-full\"><img decoding=\"async\" width=\"909\" height=\"585\" data-src=\"https:\/\/frikisdelabici.com\/site\/wp-content\/uploads\/2024\/06\/image-7.png\" alt=\"\" class=\"wp-image-2267 lazyload\" data-srcset=\"https:\/\/frikisdelabici.com\/site\/wp-content\/uploads\/2024\/06\/image-7.png 909w, https:\/\/frikisdelabici.com\/site\/wp-content\/uploads\/2024\/06\/image-7-300x193.png 300w, https:\/\/frikisdelabici.com\/site\/wp-content\/uploads\/2024\/06\/image-7-768x494.png 768w\" data-sizes=\"(max-width: 909px) 100vw, 909px\" src=\"data:image\/svg+xml;base64,PHN2ZyB3aWR0aD0iMSIgaGVpZ2h0PSIxIiB4bWxucz0iaHR0cDovL3d3dy53My5vcmcvMjAwMC9zdmciPjwvc3ZnPg==\" style=\"--smush-placeholder-width: 909px; --smush-placeholder-aspect-ratio: 909\/585;\" \/><\/figure>\n\n\n\n<p>Foto de<a href=\"https:\/\/unsplash.com\/@flo_bra?utm_content=creditCopyText&amp;utm_medium=referral&amp;utm_source=unsplash\"> <\/a><a href=\"https:\/\/unsplash.com\/@flo_bra?utm_content=creditCopyText&amp;utm_medium=referral&amp;utm_source=unsplash\">Flori Braunhofer<\/a> en<a href=\"https:\/\/unsplash.com\/photos\/body-of-water-near-trees-at-daytime-WIBk-5zXhAo?utm_content=creditCopyText&amp;utm_medium=referral&amp;utm_source=unsplash\"> <\/a><a href=\"https:\/\/unsplash.com\/photos\/body-of-water-near-trees-at-daytime-WIBk-5zXhAo?utm_content=creditCopyText&amp;utm_medium=referral&amp;utm_source=unsplash\">Unsplash<\/a><strong><\/strong><\/p>\n\n\n\n<p><strong>2. Camino del Norte: De San Sebasti\u00e1n a Zarautz, Espa\u00f1a<br><\/strong>4,5 puntos + 469 opiniones en AllTrails | Nivel de dificultad: dif\u00edcil | Distancia: 20 km<\/p>\n\n\n\n<p>Esta ruta comienza en la vibrante ciudad de San Sebasti\u00e1n, conocida por sus hermosas playas y su fascinante gastronom\u00eda. El trayecto de 20 km hasta Zarautz ofrece a los ciclistas un terreno de campo desafiante, impresionantes vistas de la costa y una muestra de la cultura vasca. La ruta es ideal para ciclistas experimentados que buscan una mezcla de aventura y paisajes imponentes, con la oportunidad de parar en encantadoras localidades costeras a lo largo del camino.<\/p>\n\n\n\n<figure class=\"wp-block-image size-full\"><img decoding=\"async\" width=\"975\" height=\"650\" data-src=\"https:\/\/frikisdelabici.com\/site\/wp-content\/uploads\/2024\/06\/image-8.png\" alt=\"\" class=\"wp-image-2268 lazyload\" data-srcset=\"https:\/\/frikisdelabici.com\/site\/wp-content\/uploads\/2024\/06\/image-8.png 975w, https:\/\/frikisdelabici.com\/site\/wp-content\/uploads\/2024\/06\/image-8-300x200.png 300w, https:\/\/frikisdelabici.com\/site\/wp-content\/uploads\/2024\/06\/image-8-768x512.png 768w, https:\/\/frikisdelabici.com\/site\/wp-content\/uploads\/2024\/06\/image-8-600x400.png 600w\" data-sizes=\"(max-width: 975px) 100vw, 975px\" src=\"data:image\/svg+xml;base64,PHN2ZyB3aWR0aD0iMSIgaGVpZ2h0PSIxIiB4bWxucz0iaHR0cDovL3d3dy53My5vcmcvMjAwMC9zdmciPjwvc3ZnPg==\" style=\"--smush-placeholder-width: 975px; --smush-placeholder-aspect-ratio: 975\/650;\" \/><\/figure>\n\n\n\n<p>Foto de<a href=\"https:\/\/unsplash.com\/@davidvives?utm_content=creditCopyText&amp;utm_medium=referral&amp;utm_source=unsplash\"> <\/a><a href=\"https:\/\/unsplash.com\/@davidvives?utm_content=creditCopyText&amp;utm_medium=referral&amp;utm_source=unsplash\">David Vives<\/a> en<a href=\"https:\/\/unsplash.com\/photos\/a-small-island-in-the-middle-of-a-body-of-water-4qQ8-hp4B-s?utm_content=creditCopyText&amp;utm_medium=referral&amp;utm_source=unsplash\"> <\/a><a href=\"https:\/\/unsplash.com\/photos\/a-small-island-in-the-middle-of-a-body-of-water-4qQ8-hp4B-s?utm_content=creditCopyText&amp;utm_medium=referral&amp;utm_source=unsplash\">Unsplash<\/a><\/p>\n\n\n\n<p><strong>3. Camino Portugu\u00e9s de la Costa: Viana do Castelo &#8211; Vila Praia de \u00c2ncora, Portugal<br><\/strong>4,6 puntos + 156 opiniones en AllTrails | Nivel de dificultad: moderado | Distancia: 18km<\/p>\n\n\n\n<p>Empezando en la hist\u00f3rica ciudad de Viana do Castelo, esta ruta costera lleva a los ciclistas hasta el pintoresco pueblo de Vila Praia de \u00c2ncora. La ruta pavimentada de 18 km es moderadamente exigente y serpentea por paisajes llamativos, playas de arena y pueblos tradicionales portugueses. Los ciclistas pueden esperar un paseo tranquilo con amplias oportunidades para disfrutar de la gastronom\u00eda local y explorar lugares de inter\u00e9s cultural.<\/p>\n\n\n\n<figure class=\"wp-block-image size-full\"><img decoding=\"async\" width=\"975\" height=\"650\" data-src=\"https:\/\/frikisdelabici.com\/site\/wp-content\/uploads\/2024\/06\/image-9.png\" alt=\"\" class=\"wp-image-2269 lazyload\" data-srcset=\"https:\/\/frikisdelabici.com\/site\/wp-content\/uploads\/2024\/06\/image-9.png 975w, https:\/\/frikisdelabici.com\/site\/wp-content\/uploads\/2024\/06\/image-9-300x200.png 300w, https:\/\/frikisdelabici.com\/site\/wp-content\/uploads\/2024\/06\/image-9-768x512.png 768w, https:\/\/frikisdelabici.com\/site\/wp-content\/uploads\/2024\/06\/image-9-600x400.png 600w\" data-sizes=\"(max-width: 975px) 100vw, 975px\" src=\"data:image\/svg+xml;base64,PHN2ZyB3aWR0aD0iMSIgaGVpZ2h0PSIxIiB4bWxucz0iaHR0cDovL3d3dy53My5vcmcvMjAwMC9zdmciPjwvc3ZnPg==\" style=\"--smush-placeholder-width: 975px; --smush-placeholder-aspect-ratio: 975\/650;\" \/><\/figure>\n\n\n\n<p>Foto de<a href=\"https:\/\/unsplash.com\/@nicolasarmoa?utm_content=creditCopyText&amp;utm_medium=referral&amp;utm_source=unsplash\"> <\/a><a href=\"https:\/\/unsplash.com\/@nicolasarmoa?utm_content=creditCopyText&amp;utm_medium=referral&amp;utm_source=unsplash\">Nicolas Armoa<\/a> en<a href=\"https:\/\/unsplash.com\/photos\/a-view-of-a-city-from-behind-a-stone-wall-FoCtXwnxBqI?utm_content=creditCopyText&amp;utm_medium=referral&amp;utm_source=unsplash\"> <\/a><a href=\"https:\/\/unsplash.com\/photos\/a-view-of-a-city-from-behind-a-stone-wall-FoCtXwnxBqI?utm_content=creditCopyText&amp;utm_medium=referral&amp;utm_source=unsplash\">Unsplash<\/a><\/p>\n\n\n\n<p><strong>4. Bah\u00eda de Kuvi &#8211; Rovinj, Croacia<br><\/strong>4,6 puntos + 46 opiniones en AllTrails | Nivel de dificultad: f\u00e1cil | Distancia: 11km<\/p>\n\n\n\n<p>El viaje comienza en la bah\u00eda de Kuvi, un sereno paraje conocido por sus aguas cristalinas y su belleza natural. Esta sencilla ruta de monta\u00f1a de 11 km conduce a la encantadora ciudad de Rovinj, ofreciendo a los ciclistas vistas panor\u00e1micas del mar Adri\u00e1tico y exuberantes bosques costeros. Ideal para principiantes, la ruta combina el ocio con la exploraci\u00f3n, mostrando la impresionante costa de Croacia y su vibrante vida marina.<\/p>\n\n\n\n<figure class=\"wp-block-image size-full\"><img decoding=\"async\" width=\"975\" height=\"650\" data-src=\"https:\/\/frikisdelabici.com\/site\/wp-content\/uploads\/2024\/06\/image-10.png\" alt=\"\" class=\"wp-image-2270 lazyload\" data-srcset=\"https:\/\/frikisdelabici.com\/site\/wp-content\/uploads\/2024\/06\/image-10.png 975w, https:\/\/frikisdelabici.com\/site\/wp-content\/uploads\/2024\/06\/image-10-300x200.png 300w, https:\/\/frikisdelabici.com\/site\/wp-content\/uploads\/2024\/06\/image-10-768x512.png 768w, https:\/\/frikisdelabici.com\/site\/wp-content\/uploads\/2024\/06\/image-10-600x400.png 600w\" data-sizes=\"(max-width: 975px) 100vw, 975px\" src=\"data:image\/svg+xml;base64,PHN2ZyB3aWR0aD0iMSIgaGVpZ2h0PSIxIiB4bWxucz0iaHR0cDovL3d3dy53My5vcmcvMjAwMC9zdmciPjwvc3ZnPg==\" style=\"--smush-placeholder-width: 975px; --smush-placeholder-aspect-ratio: 975\/650;\" \/><\/figure>\n\n\n\n<p>Foto de<a href=\"https:\/\/unsplash.com\/@harissuljic?utm_content=creditCopyText&amp;utm_medium=referral&amp;utm_source=unsplash\"> <\/a><a href=\"https:\/\/unsplash.com\/@harissuljic?utm_content=creditCopyText&amp;utm_medium=referral&amp;utm_source=unsplash\">Haris Suljic<\/a> en<a href=\"https:\/\/unsplash.com\/photos\/blue-sea-under-blue-sky-pEKRuuFBvwA?utm_content=creditCopyText&amp;utm_medium=referral&amp;utm_source=unsplash\"> <\/a><a href=\"https:\/\/unsplash.com\/photos\/blue-sea-under-blue-sky-pEKRuuFBvwA?utm_content=creditCopyText&amp;utm_medium=referral&amp;utm_source=unsplash\">Unsplash<\/a><\/p>\n\n\n\n<p><strong>5. Il Bajja Ta San Tumas y Delimara Circular, Malta<br><\/strong>4,4 puntos + 43 opiniones en AllTrails | Nivel de dificultad: dif\u00edcil | Distancia: 28km<\/p>\n\n\n\n<p>Con salida en Il Bajja Ta San Tumas, esta desafiante ruta pavimentada de 28 km lleva a los ciclistas a trav\u00e9s de los escarpados paisajes costeros de Malta hasta Delimara. Los ciclistas podr\u00e1n disfrutar de espectaculares acantilados, aguas turquesas y monumentos hist\u00f3ricos como el faro de Delimara. La dureza del terreno ofrece una experiencia provocadora a los ciclistas experimentados, con la recompensa de unas vistas espectaculares del Mediterr\u00e1neo y un enriquecido fondo cultural.<\/p>\n\n\n\n<figure class=\"wp-block-image size-full\"><img decoding=\"async\" width=\"975\" height=\"781\" data-src=\"https:\/\/frikisdelabici.com\/site\/wp-content\/uploads\/2024\/06\/image-11.png\" alt=\"\" class=\"wp-image-2271 lazyload\" data-srcset=\"https:\/\/frikisdelabici.com\/site\/wp-content\/uploads\/2024\/06\/image-11.png 975w, https:\/\/frikisdelabici.com\/site\/wp-content\/uploads\/2024\/06\/image-11-300x240.png 300w, https:\/\/frikisdelabici.com\/site\/wp-content\/uploads\/2024\/06\/image-11-768x615.png 768w\" data-sizes=\"(max-width: 975px) 100vw, 975px\" src=\"data:image\/svg+xml;base64,PHN2ZyB3aWR0aD0iMSIgaGVpZ2h0PSIxIiB4bWxucz0iaHR0cDovL3d3dy53My5vcmcvMjAwMC9zdmciPjwvc3ZnPg==\" style=\"--smush-placeholder-width: 975px; --smush-placeholder-aspect-ratio: 975\/781;\" \/><\/figure>\n\n\n\n<p>Foto de<a href=\"https:\/\/unsplash.com\/@tomellm?utm_content=creditCopyText&amp;utm_medium=referral&amp;utm_source=unsplash\"> <\/a><a href=\"https:\/\/unsplash.com\/@tomellm?utm_content=creditCopyText&amp;utm_medium=referral&amp;utm_source=unsplash\">Thomas Ellmenreich<\/a> en<a href=\"https:\/\/unsplash.com\/photos\/high-rise-building-near-body-of-water-ExG1SnPztHk?utm_content=creditCopyText&amp;utm_medium=referral&amp;utm_source=unsplash\"> <\/a><a href=\"https:\/\/unsplash.com\/photos\/high-rise-building-near-body-of-water-ExG1SnPztHk?utm_content=creditCopyText&amp;utm_medium=referral&amp;utm_source=unsplash\">Unsplash<\/a><\/p>\n\n\n\n<p><strong><u>\u00bfQu\u00e9 rutas completan el Top 10?<\/u><\/strong><\/p>\n\n\n\n<p><strong>6. Camino Portugu\u00e9s de la Costa: Lisboa &#8211; Santiago de Compostela, Portugal<\/strong><\/p>\n\n\n\n<p><strong>7. El Camino de Corf\u00fa, Grecia<\/strong><\/p>\n\n\n\n<p><strong>8. LF Kustroute: La Haya &#8211; Katwijk aan Zee, Pa\u00edses Bajos<\/strong><\/p>\n\n\n\n<p><strong>9. Un paseo por la costa: Copenhague &#8211; Helsing\u00f8r, Dinamarca<\/strong><\/p>\n\n\n\n<p><strong>10. Torre del Mar &#8211; Algarrobo Costa &#8211; Torrox Costa, Espa\u00f1a<\/strong><\/p>\n\n\n\n<figure class=\"wp-block-image size-full\"><img decoding=\"async\" width=\"880\" height=\"485\" data-src=\"https:\/\/frikisdelabici.com\/site\/wp-content\/uploads\/2024\/06\/image-12.png\" alt=\"\" class=\"wp-image-2272 lazyload\" data-srcset=\"https:\/\/frikisdelabici.com\/site\/wp-content\/uploads\/2024\/06\/image-12.png 880w, https:\/\/frikisdelabici.com\/site\/wp-content\/uploads\/2024\/06\/image-12-300x165.png 300w, https:\/\/frikisdelabici.com\/site\/wp-content\/uploads\/2024\/06\/image-12-768x423.png 768w\" data-sizes=\"(max-width: 880px) 100vw, 880px\" src=\"data:image\/svg+xml;base64,PHN2ZyB3aWR0aD0iMSIgaGVpZ2h0PSIxIiB4bWxucz0iaHR0cDovL3d3dy53My5vcmcvMjAwMC9zdmciPjwvc3ZnPg==\" style=\"--smush-placeholder-width: 880px; --smush-placeholder-aspect-ratio: 880\/485;\" \/><\/figure>\n\n\n\n<p>Foto de<a href=\"https:\/\/unsplash.com\/@stevenvandeursen?utm_content=creditCopyText&amp;utm_medium=referral&amp;utm_source=unsplash\"> Steven V. Deursen<\/a> en<a href=\"https:\/\/unsplash.com\/photos\/a-couple-of-people-riding-bikes-on-top-of-a-stone-wall-ZT5BrGw-tZQ?utm_content=creditCopyText&amp;utm_medium=referral&amp;utm_source=unsplash\"> Unsplash<\/a><\/p>\n\n\n\n<p><\/p>\n\n\n\n<iframe title=\"Top 10 coastal cycling routes \" aria-label=\"Table\" id=\"datawrapper-chart-q2lmj\" data-src=\"https:\/\/datawrapper.dwcdn.net\/q2lmj\/1\/\" scrolling=\"no\" frameborder=\"0\" style=\"width: 0; min-width: 100% !important; border: none;\" height=\"931\" data-external=\"1\" src=\"data:image\/svg+xml;base64,PHN2ZyB3aWR0aD0iMSIgaGVpZ2h0PSIxIiB4bWxucz0iaHR0cDovL3d3dy53My5vcmcvMjAwMC9zdmciPjwvc3ZnPg==\" class=\"lazyload\" data-load-mode=\"1\"><\/iframe><script type=\"text\/javascript\">!function(){\"use strict\";window.addEventListener(\"message\",(function(a){if(void 0!==a.data[\"datawrapper-height\"]){var e=document.querySelectorAll(\"iframe\");for(var t in a.data[\"datawrapper-height\"])for(var r=0;r<e.length;r++)if(e[r].contentWindow===a.source){var i=a.data[\"datawrapper-height\"][t]+\"px\";e[r].style.height=i}}}))}();\n<\/script>\n\n\n\n<p><\/p>\n\n\n\n<p><strong>Metodolog\u00eda:<\/strong><\/p>\n\n\n\n<p>El listado fue creado por buycycle, el mercado l\u00edder de bicicletas de segunda mano de alta gama. Hemos analizado casi 100 rutas de ciclismo a lo largo de la costa europea.M\u00faltiples factores como el nivel de dificultad, la temperatura media en verano, el tipo de terreno, y por supuesto, las rese\u00f1as de los usuarios, han tenido un impacto en el resultado final.<\/p>\n\n\n\n<p><strong><u>\u00bf<\/u><\/strong><strong>Qui\u00e9nes somos?<\/strong><\/p>\n\n\n\n<p>buycycle fue fundada en 2021 por Jonas, Florian y Theo, tres amigos que se conocieron por su afici\u00f3n al ciclismo. Por aquel entonces, era muy dif\u00edcil conseguir bicicletas asequibles para principiantes, sobre todo de segunda mano. Cuando Jonas fue a encargar su primera bicicleta de triatl\u00f3n, no se sinti\u00f3 c\u00f3modo transfiriendo dinero a un desconocido en un mercado en l\u00ednea corriente, ya que no estaba seguro de si la bicicleta llegar\u00eda realmente.<\/p>\n\n\n\n<p>De esta experiencia naci\u00f3 la idea de buycycle, y los tres entusiastas del ciclismo pudieron convertir su pasi\u00f3n en su profesi\u00f3n. Hoy, los fundadores est\u00e1n encantados de trabajar en la visi\u00f3n de buycycle de crear el mercado l\u00edder mundial de bicicletas de segunda mano de alta gama, haciendo que vender y comprar bicicletas de segunda mano, sea tan f\u00e1cil como montar en ellas.<\/p>\n","protected":false},"excerpt":{"rendered":"<p>Las 10 Mejores 10 Rutas de Ciclismo Costero en Europa por buycycle. Los entusiastas del ciclismo y los aventureros est\u00e1n de enhorabuena, ya que buycycle ha dado a conocer sus 10 mejores rutas ciclistas costeras. Bas\u00e1ndose en una exhaustiva investigaci\u00f3n y en comentarios de los usuarios, estas rutas ofrecen paisajes impresionantes, distintos niveles de dificultad&#8230;<\/p>\n","protected":false},"author":1,"featured_media":2270,"comment_status":"open","ping_status":"open","sticky":false,"template":"","format":"standard","meta":{"footnotes":""},"categories":[296],"tags":[428,462,463,461],"series":[],"class_list":["post-2264","post","type-post","status-publish","format-standard","has-post-thumbnail","hentry","category-varios","tag-buycycle","tag-cicloturismo","tag-lifestyle","tag-viajar"],"yoast_head":"<!-- This site is optimized with the Yoast SEO Premium plugin v18.4 (Yoast SEO v26.7) - https:\/\/yoast.com\/wordpress\/plugins\/seo\/ -->\n<title>Explora las mejores rutas ciclistas costeras de Europa. - frikisdelabici.com<\/title>\n<meta name=\"robots\" content=\"index, follow, max-snippet:-1, max-image-preview:large, max-video-preview:-1\" \/>\n<link rel=\"canonical\" href=\"https:\/\/frikisdelabici.com\/site\/explora-las-mejores-rutas-ciclistas-costeras-de-europa\/\" \/>\n<meta property=\"og:locale\" content=\"es_ES\" \/>\n<meta property=\"og:type\" content=\"article\" \/>\n<meta property=\"og:title\" content=\"Explora las mejores rutas ciclistas costeras de Europa.\" \/>\n<meta property=\"og:description\" content=\"Las 10 Mejores 10 Rutas de Ciclismo Costero en Europa por buycycle. Los entusiastas del ciclismo y los aventureros est\u00e1n de enhorabuena, ya que buycycle ha dado a conocer sus 10 mejores rutas ciclistas costeras. Bas\u00e1ndose en una exhaustiva investigaci\u00f3n y en comentarios de los usuarios, estas rutas ofrecen paisajes impresionantes, distintos niveles de dificultad...\" \/>\n<meta property=\"og:url\" content=\"https:\/\/frikisdelabici.com\/site\/explora-las-mejores-rutas-ciclistas-costeras-de-europa\/\" \/>\n<meta property=\"og:site_name\" content=\"frikisdelabici.com\" \/>\n<meta property=\"article:published_time\" content=\"2024-06-21T08:10:45+00:00\" \/>\n<meta property=\"article:modified_time\" content=\"2024-06-21T08:10:46+00:00\" \/>\n<meta property=\"og:image\" content=\"https:\/\/frikisdelabici.com\/site\/wp-content\/uploads\/2024\/06\/image-10.png\" \/>\n\t<meta property=\"og:image:width\" content=\"975\" \/>\n\t<meta property=\"og:image:height\" content=\"650\" \/>\n\t<meta property=\"og:image:type\" content=\"image\/png\" \/>\n<meta name=\"author\" content=\"Rub\u00e9n Fern\u00e1ndez\" \/>\n<meta name=\"twitter:card\" content=\"summary_large_image\" \/>\n<meta name=\"twitter:label1\" content=\"Escrito por\" \/>\n\t<meta name=\"twitter:data1\" content=\"Rub\u00e9n Fern\u00e1ndez\" \/>\n\t<meta name=\"twitter:label2\" content=\"Tiempo de lectura\" \/>\n\t<meta name=\"twitter:data2\" content=\"7 minutos\" \/>\n<script type=\"application\/ld+json\" class=\"yoast-schema-graph\">{\"@context\":\"https:\/\/schema.org\",\"@graph\":[{\"@type\":\"Article\",\"@id\":\"https:\/\/frikisdelabici.com\/site\/explora-las-mejores-rutas-ciclistas-costeras-de-europa\/#article\",\"isPartOf\":{\"@id\":\"https:\/\/frikisdelabici.com\/site\/explora-las-mejores-rutas-ciclistas-costeras-de-europa\/\"},\"author\":{\"name\":\"Rub\u00e9n Fern\u00e1ndez\",\"@id\":\"https:\/\/frikisdelabici.com\/site\/#\/schema\/person\/a7e0f7e0c1ecaf32b75491c779564593\"},\"headline\":\"Explora las mejores rutas ciclistas costeras de Europa.\",\"datePublished\":\"2024-06-21T08:10:45+00:00\",\"dateModified\":\"2024-06-21T08:10:46+00:00\",\"mainEntityOfPage\":{\"@id\":\"https:\/\/frikisdelabici.com\/site\/explora-las-mejores-rutas-ciclistas-costeras-de-europa\/\"},\"wordCount\":1016,\"commentCount\":0,\"publisher\":{\"@id\":\"https:\/\/frikisdelabici.com\/site\/#\/schema\/person\/a7e0f7e0c1ecaf32b75491c779564593\"},\"image\":{\"@id\":\"https:\/\/frikisdelabici.com\/site\/explora-las-mejores-rutas-ciclistas-costeras-de-europa\/#primaryimage\"},\"thumbnailUrl\":\"https:\/\/frikisdelabici.com\/site\/wp-content\/uploads\/2024\/06\/image-10.png\",\"keywords\":[\"buycycle\",\"cicloturismo\",\"lifestyle\",\"viajar\"],\"articleSection\":[\"Varios\"],\"inLanguage\":\"es\",\"potentialAction\":[{\"@type\":\"CommentAction\",\"name\":\"Comment\",\"target\":[\"https:\/\/frikisdelabici.com\/site\/explora-las-mejores-rutas-ciclistas-costeras-de-europa\/#respond\"]}]},{\"@type\":\"WebPage\",\"@id\":\"https:\/\/frikisdelabici.com\/site\/explora-las-mejores-rutas-ciclistas-costeras-de-europa\/\",\"url\":\"https:\/\/frikisdelabici.com\/site\/explora-las-mejores-rutas-ciclistas-costeras-de-europa\/\",\"name\":\"Explora las mejores rutas ciclistas costeras de Europa. - frikisdelabici.com\",\"isPartOf\":{\"@id\":\"https:\/\/frikisdelabici.com\/site\/#website\"},\"primaryImageOfPage\":{\"@id\":\"https:\/\/frikisdelabici.com\/site\/explora-las-mejores-rutas-ciclistas-costeras-de-europa\/#primaryimage\"},\"image\":{\"@id\":\"https:\/\/frikisdelabici.com\/site\/explora-las-mejores-rutas-ciclistas-costeras-de-europa\/#primaryimage\"},\"thumbnailUrl\":\"https:\/\/frikisdelabici.com\/site\/wp-content\/uploads\/2024\/06\/image-10.png\",\"datePublished\":\"2024-06-21T08:10:45+00:00\",\"dateModified\":\"2024-06-21T08:10:46+00:00\",\"breadcrumb\":{\"@id\":\"https:\/\/frikisdelabici.com\/site\/explora-las-mejores-rutas-ciclistas-costeras-de-europa\/#breadcrumb\"},\"inLanguage\":\"es\",\"potentialAction\":[{\"@type\":\"ReadAction\",\"target\":[\"https:\/\/frikisdelabici.com\/site\/explora-las-mejores-rutas-ciclistas-costeras-de-europa\/\"]}]},{\"@type\":\"ImageObject\",\"inLanguage\":\"es\",\"@id\":\"https:\/\/frikisdelabici.com\/site\/explora-las-mejores-rutas-ciclistas-costeras-de-europa\/#primaryimage\",\"url\":\"https:\/\/frikisdelabici.com\/site\/wp-content\/uploads\/2024\/06\/image-10.png\",\"contentUrl\":\"https:\/\/frikisdelabici.com\/site\/wp-content\/uploads\/2024\/06\/image-10.png\",\"width\":975,\"height\":650},{\"@type\":\"BreadcrumbList\",\"@id\":\"https:\/\/frikisdelabici.com\/site\/explora-las-mejores-rutas-ciclistas-costeras-de-europa\/#breadcrumb\",\"itemListElement\":[{\"@type\":\"ListItem\",\"position\":1,\"name\":\"Inicio\",\"item\":\"https:\/\/frikisdelabici.com\/site\/\"},{\"@type\":\"ListItem\",\"position\":2,\"name\":\"Explora las mejores rutas ciclistas costeras de Europa.\"}]},{\"@type\":\"WebSite\",\"@id\":\"https:\/\/frikisdelabici.com\/site\/#website\",\"url\":\"https:\/\/frikisdelabici.com\/site\/\",\"name\":\"frikisdelabici.com\",\"description\":\"Noticias sobre ZWIFT, art\u00edculos sobre entrenamiento, carreras... de todo lo relacionado con el ciclista m\u00e1s friki\",\"publisher\":{\"@id\":\"https:\/\/frikisdelabici.com\/site\/#\/schema\/person\/a7e0f7e0c1ecaf32b75491c779564593\"},\"potentialAction\":[{\"@type\":\"SearchAction\",\"target\":{\"@type\":\"EntryPoint\",\"urlTemplate\":\"https:\/\/frikisdelabici.com\/site\/?s={search_term_string}\"},\"query-input\":{\"@type\":\"PropertyValueSpecification\",\"valueRequired\":true,\"valueName\":\"search_term_string\"}}],\"inLanguage\":\"es\"},{\"@type\":[\"Person\",\"Organization\"],\"@id\":\"https:\/\/frikisdelabici.com\/site\/#\/schema\/person\/a7e0f7e0c1ecaf32b75491c779564593\",\"name\":\"Rub\u00e9n Fern\u00e1ndez\",\"image\":{\"@type\":\"ImageObject\",\"inLanguage\":\"es\",\"@id\":\"https:\/\/frikisdelabici.com\/site\/#\/schema\/person\/image\/\",\"url\":\"https:\/\/frikisdelabici.com\/site\/wp-content\/uploads\/2020\/03\/gran-fondo-san-sebastian-2017-4014569-48213-4286-1-scaled.jpg\",\"contentUrl\":\"https:\/\/frikisdelabici.com\/site\/wp-content\/uploads\/2020\/03\/gran-fondo-san-sebastian-2017-4014569-48213-4286-1-scaled.jpg\",\"width\":2560,\"height\":1707,\"caption\":\"Rub\u00e9n Fern\u00e1ndez\"},\"logo\":{\"@id\":\"https:\/\/frikisdelabici.com\/site\/#\/schema\/person\/image\/\"},\"url\":\"https:\/\/frikisdelabici.com\/site\/author\/rubenextra300\/\"}]}<\/script>\n<!-- \/ Yoast SEO Premium plugin. -->","yoast_head_json":{"title":"Explora las mejores rutas ciclistas costeras de Europa. - frikisdelabici.com","robots":{"index":"index","follow":"follow","max-snippet":"max-snippet:-1","max-image-preview":"max-image-preview:large","max-video-preview":"max-video-preview:-1"},"canonical":"https:\/\/frikisdelabici.com\/site\/explora-las-mejores-rutas-ciclistas-costeras-de-europa\/","og_locale":"es_ES","og_type":"article","og_title":"Explora las mejores rutas ciclistas costeras de Europa.","og_description":"Las 10 Mejores 10 Rutas de Ciclismo Costero en Europa por buycycle. Los entusiastas del ciclismo y los aventureros est\u00e1n de enhorabuena, ya que buycycle ha dado a conocer sus 10 mejores rutas ciclistas costeras. Bas\u00e1ndose en una exhaustiva investigaci\u00f3n y en comentarios de los usuarios, estas rutas ofrecen paisajes impresionantes, distintos niveles de dificultad...","og_url":"https:\/\/frikisdelabici.com\/site\/explora-las-mejores-rutas-ciclistas-costeras-de-europa\/","og_site_name":"frikisdelabici.com","article_published_time":"2024-06-21T08:10:45+00:00","article_modified_time":"2024-06-21T08:10:46+00:00","og_image":[{"width":975,"height":650,"url":"https:\/\/frikisdelabici.com\/site\/wp-content\/uploads\/2024\/06\/image-10.png","type":"image\/png"}],"author":"Rub\u00e9n Fern\u00e1ndez","twitter_card":"summary_large_image","twitter_misc":{"Escrito por":"Rub\u00e9n Fern\u00e1ndez","Tiempo de lectura":"7 minutos"},"schema":{"@context":"https:\/\/schema.org","@graph":[{"@type":"Article","@id":"https:\/\/frikisdelabici.com\/site\/explora-las-mejores-rutas-ciclistas-costeras-de-europa\/#article","isPartOf":{"@id":"https:\/\/frikisdelabici.com\/site\/explora-las-mejores-rutas-ciclistas-costeras-de-europa\/"},"author":{"name":"Rub\u00e9n Fern\u00e1ndez","@id":"https:\/\/frikisdelabici.com\/site\/#\/schema\/person\/a7e0f7e0c1ecaf32b75491c779564593"},"headline":"Explora las mejores rutas ciclistas costeras de Europa.","datePublished":"2024-06-21T08:10:45+00:00","dateModified":"2024-06-21T08:10:46+00:00","mainEntityOfPage":{"@id":"https:\/\/frikisdelabici.com\/site\/explora-las-mejores-rutas-ciclistas-costeras-de-europa\/"},"wordCount":1016,"commentCount":0,"publisher":{"@id":"https:\/\/frikisdelabici.com\/site\/#\/schema\/person\/a7e0f7e0c1ecaf32b75491c779564593"},"image":{"@id":"https:\/\/frikisdelabici.com\/site\/explora-las-mejores-rutas-ciclistas-costeras-de-europa\/#primaryimage"},"thumbnailUrl":"https:\/\/frikisdelabici.com\/site\/wp-content\/uploads\/2024\/06\/image-10.png","keywords":["buycycle","cicloturismo","lifestyle","viajar"],"articleSection":["Varios"],"inLanguage":"es","potentialAction":[{"@type":"CommentAction","name":"Comment","target":["https:\/\/frikisdelabici.com\/site\/explora-las-mejores-rutas-ciclistas-costeras-de-europa\/#respond"]}]},{"@type":"WebPage","@id":"https:\/\/frikisdelabici.com\/site\/explora-las-mejores-rutas-ciclistas-costeras-de-europa\/","url":"https:\/\/frikisdelabici.com\/site\/explora-las-mejores-rutas-ciclistas-costeras-de-europa\/","name":"Explora las mejores rutas ciclistas costeras de Europa. - frikisdelabici.com","isPartOf":{"@id":"https:\/\/frikisdelabici.com\/site\/#website"},"primaryImageOfPage":{"@id":"https:\/\/frikisdelabici.com\/site\/explora-las-mejores-rutas-ciclistas-costeras-de-europa\/#primaryimage"},"image":{"@id":"https:\/\/frikisdelabici.com\/site\/explora-las-mejores-rutas-ciclistas-costeras-de-europa\/#primaryimage"},"thumbnailUrl":"https:\/\/frikisdelabici.com\/site\/wp-content\/uploads\/2024\/06\/image-10.png","datePublished":"2024-06-21T08:10:45+00:00","dateModified":"2024-06-21T08:10:46+00:00","breadcrumb":{"@id":"https:\/\/frikisdelabici.com\/site\/explora-las-mejores-rutas-ciclistas-costeras-de-europa\/#breadcrumb"},"inLanguage":"es","potentialAction":[{"@type":"ReadAction","target":["https:\/\/frikisdelabici.com\/site\/explora-las-mejores-rutas-ciclistas-costeras-de-europa\/"]}]},{"@type":"ImageObject","inLanguage":"es","@id":"https:\/\/frikisdelabici.com\/site\/explora-las-mejores-rutas-ciclistas-costeras-de-europa\/#primaryimage","url":"https:\/\/frikisdelabici.com\/site\/wp-content\/uploads\/2024\/06\/image-10.png","contentUrl":"https:\/\/frikisdelabici.com\/site\/wp-content\/uploads\/2024\/06\/image-10.png","width":975,"height":650},{"@type":"BreadcrumbList","@id":"https:\/\/frikisdelabici.com\/site\/explora-las-mejores-rutas-ciclistas-costeras-de-europa\/#breadcrumb","itemListElement":[{"@type":"ListItem","position":1,"name":"Inicio","item":"https:\/\/frikisdelabici.com\/site\/"},{"@type":"ListItem","position":2,"name":"Explora las mejores rutas ciclistas costeras de Europa."}]},{"@type":"WebSite","@id":"https:\/\/frikisdelabici.com\/site\/#website","url":"https:\/\/frikisdelabici.com\/site\/","name":"frikisdelabici.com","description":"Noticias sobre ZWIFT, art\u00edculos sobre entrenamiento, carreras... de todo lo relacionado con el ciclista m\u00e1s friki","publisher":{"@id":"https:\/\/frikisdelabici.com\/site\/#\/schema\/person\/a7e0f7e0c1ecaf32b75491c779564593"},"potentialAction":[{"@type":"SearchAction","target":{"@type":"EntryPoint","urlTemplate":"https:\/\/frikisdelabici.com\/site\/?s={search_term_string}"},"query-input":{"@type":"PropertyValueSpecification","valueRequired":true,"valueName":"search_term_string"}}],"inLanguage":"es"},{"@type":["Person","Organization"],"@id":"https:\/\/frikisdelabici.com\/site\/#\/schema\/person\/a7e0f7e0c1ecaf32b75491c779564593","name":"Rub\u00e9n Fern\u00e1ndez","image":{"@type":"ImageObject","inLanguage":"es","@id":"https:\/\/frikisdelabici.com\/site\/#\/schema\/person\/image\/","url":"https:\/\/frikisdelabici.com\/site\/wp-content\/uploads\/2020\/03\/gran-fondo-san-sebastian-2017-4014569-48213-4286-1-scaled.jpg","contentUrl":"https:\/\/frikisdelabici.com\/site\/wp-content\/uploads\/2020\/03\/gran-fondo-san-sebastian-2017-4014569-48213-4286-1-scaled.jpg","width":2560,"height":1707,"caption":"Rub\u00e9n Fern\u00e1ndez"},"logo":{"@id":"https:\/\/frikisdelabici.com\/site\/#\/schema\/person\/image\/"},"url":"https:\/\/frikisdelabici.com\/site\/author\/rubenextra300\/"}]}},"_links":{"self":[{"href":"https:\/\/frikisdelabici.com\/site\/wp-json\/wp\/v2\/posts\/2264","targetHints":{"allow":["GET"]}}],"collection":[{"href":"https:\/\/frikisdelabici.com\/site\/wp-json\/wp\/v2\/posts"}],"about":[{"href":"https:\/\/frikisdelabici.com\/site\/wp-json\/wp\/v2\/types\/post"}],"author":[{"embeddable":true,"href":"https:\/\/frikisdelabici.com\/site\/wp-json\/wp\/v2\/users\/1"}],"replies":[{"embeddable":true,"href":"https:\/\/frikisdelabici.com\/site\/wp-json\/wp\/v2\/comments?post=2264"}],"version-history":[{"count":3,"href":"https:\/\/frikisdelabici.com\/site\/wp-json\/wp\/v2\/posts\/2264\/revisions"}],"predecessor-version":[{"id":2276,"href":"https:\/\/frikisdelabici.com\/site\/wp-json\/wp\/v2\/posts\/2264\/revisions\/2276"}],"wp:featuredmedia":[{"embeddable":true,"href":"https:\/\/frikisdelabici.com\/site\/wp-json\/wp\/v2\/media\/2270"}],"wp:attachment":[{"href":"https:\/\/frikisdelabici.com\/site\/wp-json\/wp\/v2\/media?parent=2264"}],"wp:term":[{"taxonomy":"category","embeddable":true,"href":"https:\/\/frikisdelabici.com\/site\/wp-json\/wp\/v2\/categories?post=2264"},{"taxonomy":"post_tag","embeddable":true,"href":"https:\/\/frikisdelabici.com\/site\/wp-json\/wp\/v2\/tags?post=2264"},{"taxonomy":"series","embeddable":true,"href":"https:\/\/frikisdelabici.com\/site\/wp-json\/wp\/v2\/series?post=2264"}],"curies":[{"name":"wp","href":"https:\/\/api.w.org\/{rel}","templated":true}]}}