{"id":2328,"date":"2024-07-17T12:37:48","date_gmt":"2024-07-17T10:37:48","guid":{"rendered":"https:\/\/frikisdelabici.com\/site\/?p=2328"},"modified":"2024-07-17T12:37:50","modified_gmt":"2024-07-17T10:37:50","slug":"vuelve-la-zwift-academy-para-encontrar-a-las-proximas-estrellas-del-peloton","status":"publish","type":"post","link":"https:\/\/frikisdelabici.com\/site\/vuelve-la-zwift-academy-para-encontrar-a-las-proximas-estrellas-del-peloton\/","title":{"rendered":"VUELVE LA ZWIFT ACADEMY PARA ENCONTRAR A LAS PR\u00d3XIMAS ESTRELLAS DEL PELOT\u00d3N"},"content":{"rendered":"\n<p>La extensi\u00f3n tiene como objetivo ayudar a los ciclistas aspirantes a ganar un contrato profesional con los equipos CANYON\/\/SRAM Generation y Alpecin-Deceuninck Development<\/p>\n\n\n\n<figure class=\"wp-block-image size-full\"><img decoding=\"async\" width=\"940\" height=\"529\" data-src=\"https:\/\/frikisdelabici.com\/site\/wp-content\/uploads\/2024\/07\/image-1.png\" alt=\"\" class=\"wp-image-2330 lazyload\" data-srcset=\"https:\/\/frikisdelabici.com\/site\/wp-content\/uploads\/2024\/07\/image-1.png 940w, https:\/\/frikisdelabici.com\/site\/wp-content\/uploads\/2024\/07\/image-1-300x169.png 300w, https:\/\/frikisdelabici.com\/site\/wp-content\/uploads\/2024\/07\/image-1-768x432.png 768w\" data-sizes=\"(max-width: 940px) 100vw, 940px\" src=\"data:image\/svg+xml;base64,PHN2ZyB3aWR0aD0iMSIgaGVpZ2h0PSIxIiB4bWxucz0iaHR0cDovL3d3dy53My5vcmcvMjAwMC9zdmciPjwvc3ZnPg==\" style=\"--smush-placeholder-width: 940px; --smush-placeholder-aspect-ratio: 940\/529;\" \/><\/figure>\n\n\n\n<p><a href=\"https:\/\/drive.google.com\/file\/d\/1znFSgQDNhIoETBezyWfa4MZjvpKgM57P\/view?usp=sharing\"><\/a><\/p>\n\n\n\n<p><em>15 de Julio<\/em> &#8211; <strong>Zwift<\/strong>, la plataforma global de fitness en l\u00ednea para ciclistas, anunci\u00f3 hoy el lanzamiento de la Zwift Academy. Este programa es el reconocido camino de identificaci\u00f3n de talentos de Zwift, dise\u00f1ado para descubrir talentos ocultos y apoyar su desarrollo en el \u00e1mbito profesional, uni\u00e9ndose a una \u00e9lite de exalumnos, incluyendo a Jay Vine y Neve Bradbury. Neve acaba de ganar la Etapa Reina, la Clasificaci\u00f3n de J\u00f3venes Ciclistas y termin\u00f3 tercera en la general del Giro d&#8217;Italia Femenino.<\/p>\n\n\n\n<p>El per\u00edodo de <strong>inscripci\u00f3n<\/strong> para la Zwift Academy empez\u00f3 el 16 de julio, y el programa se llevar\u00e1 a cabo del 5 de agosto al 3 de noviembre. El programa estar\u00e1 disponible por un per\u00edodo m\u00e1s largo en comparaci\u00f3n con a\u00f1os anteriores, proporcionando a los ciclistas aspirantes mayor flexibilidad para optimizar sus calendarios de entrenamiento y competencia para estar en su mejor forma de cara al desaf\u00edo de la <strong>Zwift Academy<\/strong>.<\/p>\n\n\n\n<p>Los entrenamientos mundiales pondr\u00e1n a prueba y desafiar\u00e1n a los participantes m\u00e1s que nunca. Los entrenamientos estar\u00e1n disponibles a demanda, brindando a los ciclistas control total sobre su programa. Cada entrenamiento est\u00e1 dise\u00f1ado para llevar a los Zwifters al l\u00edmite, siendo el \u00fanico protocolo de identificaci\u00f3n de talentos y pruebas del WorldTour accesible globalmente. Adem\u00e1s de los entrenamientos de prueba, los ciclistas tambi\u00e9n deber\u00e1n competir en dos momentos de carrera para completar la campa\u00f1a. Las carreras ayudar\u00e1n a proporcionar una visi\u00f3n de c\u00f3mo los ciclistas despliegan sus capacidades f\u00edsicas en un entorno competitivo.<\/p>\n\n\n\n<p>\u201cZwift Academy ha entregado con consistencia ciclistas de alto rendimiento a Alpecin &#8211; Deceuninck. Desde Jay Vine en 2020, hasta Luca Vergalito que este a\u00f1o pas\u00f3 al WorldTour, el est\u00e1ndar ha aumentado cada a\u00f1o y estamos muy emocionados de descubrir qui\u00e9n se unir\u00e1 al equipo en 2025\u201d, dijo Kristof de Kegel, Director de Rendimiento de <strong>Alpecin &#8211; Deceuninck<\/strong>.<\/p>\n\n\n\n<p>Dan Fleeman, Director de Rendimiento en <strong>CANYON\/\/SRAM<\/strong>, coment\u00f3: \u201cHemos dise\u00f1ado el programa de Zwift Academy este a\u00f1o para realmente superar los l\u00edmites para todos los participantes, llev\u00e1ndolos a trav\u00e9s de una serie de entrenamientos que reflejan las demandas de las carreras del World Tour, basados en datos reales del World Tour. Sabemos que los ciclistas que obtengan los contratos con Alpecin &#8211; Deceuninck y CANYON\/\/SRAM tendr\u00e1n carreras extremadamente prometedoras como ciclistas profesionales\u201d.<\/p>\n\n\n\n<p>Zwift Academy est\u00e1 abierta a todos, y el a\u00f1o pasado participaron m\u00e1s de 100,000 ciclistas. Todos los Zwifters que completen los entrenamientos y carreras ganar\u00e1n desbloqueos exclusivos en el juego, incluyendo el kit de la Zwift Academy despu\u00e9s de la segunda actividad y, despu\u00e9s de completar todas las actividades de la Zwift Academy, los Zwifters desbloquear\u00e1n el dise\u00f1o de pintura de la bicicleta ZA. Un afortunado participante de la Zwift Academy tambi\u00e9n ganar\u00e1 una Canyon Aeroad en los colores de la Zwift Academy.<\/p>\n\n\n\n<figure class=\"wp-block-image size-full\"><img decoding=\"async\" width=\"940\" height=\"529\" data-src=\"https:\/\/frikisdelabici.com\/site\/wp-content\/uploads\/2024\/07\/image-2.png\" alt=\"\" class=\"wp-image-2331 lazyload\" data-srcset=\"https:\/\/frikisdelabici.com\/site\/wp-content\/uploads\/2024\/07\/image-2.png 940w, https:\/\/frikisdelabici.com\/site\/wp-content\/uploads\/2024\/07\/image-2-300x169.png 300w, https:\/\/frikisdelabici.com\/site\/wp-content\/uploads\/2024\/07\/image-2-768x432.png 768w\" data-sizes=\"(max-width: 940px) 100vw, 940px\" src=\"data:image\/svg+xml;base64,PHN2ZyB3aWR0aD0iMSIgaGVpZ2h0PSIxIiB4bWxucz0iaHR0cDovL3d3dy53My5vcmcvMjAwMC9zdmciPjwvc3ZnPg==\" style=\"--smush-placeholder-width: 940px; --smush-placeholder-aspect-ratio: 940\/529;\" \/><\/figure>\n\n\n\n<p><a href=\"https:\/\/drive.google.com\/file\/d\/1pJGkFsKYsj7QVIxP_aW7o6v2pyIcpfyI\/view?usp=sharing\"><\/a><\/p>\n\n\n\n<p>Lanzada por primera vez en 2016, la Zwift Academy ha demostrado ser un reconocido programa de identificaci\u00f3n de talentos que tiene el objetivo de encontrar ciclistas j\u00f3venes dispuestos a dar el siguiente paso. Las participantes femeninas tendr\u00e1n la oportunidad de ganar un contrato con CANYON\/\/SRAM Generation, siguiendo los pasos de la ganadora del a\u00f1o pasado, Maddie Le Roux. Los participantes masculinos competir\u00e1n por un contrato con el equipo de desarrollo de Alpecin-Deceuninck, uni\u00e9ndose al ganador del a\u00f1o pasado, Louis Kitzki. Estos equipos de desarrollo crean un camino formal hacia el World Tour, como la promoci\u00f3n del ganador de la Zwift Academy 2022, Luca Vergallito, al equipo de desarrollo despu\u00e9s de solo un a\u00f1o.<\/p>\n\n\n\n<p>Para m\u00e1s informaci\u00f3n sobre la Zwift Academy 2024, visita<a href=\"https:\/\/www.zwift.com\/zwift-academy\"> www.zwift.com\/zwift-academy<\/a>.<\/p>\n\n\n\n<p><strong>Presentaci\u00f3n del equipo femenino<\/strong><\/p>\n\n\n\n<figure class=\"wp-block-embed is-type-video is-provider-youtube wp-block-embed-youtube wp-embed-aspect-16-9 wp-has-aspect-ratio\"><div class=\"wp-block-embed__wrapper\">\n<iframe title=\"Zwift Academy 2024 | Join Canyon\/\/SRAM&#039;s Women&#039;s Team\" width=\"640\" height=\"360\" data-src=\"https:\/\/www.youtube.com\/embed\/oZUl0efmS90?feature=oembed\" frameborder=\"0\" allow=\"accelerometer; autoplay; clipboard-write; encrypted-media; gyroscope; picture-in-picture; web-share\" referrerpolicy=\"strict-origin-when-cross-origin\" allowfullscreen src=\"data:image\/svg+xml;base64,PHN2ZyB3aWR0aD0iMSIgaGVpZ2h0PSIxIiB4bWxucz0iaHR0cDovL3d3dy53My5vcmcvMjAwMC9zdmciPjwvc3ZnPg==\" class=\"lazyload\" data-load-mode=\"1\"><\/iframe>\n<\/div><\/figure>\n\n\n\n<p><\/p>\n\n\n\n<p><strong>Presentaci\u00f3n del equipo masculino<\/strong><\/p>\n\n\n\n<figure class=\"wp-block-embed is-type-video is-provider-youtube wp-block-embed-youtube wp-embed-aspect-16-9 wp-has-aspect-ratio\"><div class=\"wp-block-embed__wrapper\">\n<iframe title=\"Zwift Academy 2024 | Join Alpecin-Deceuninck&#039;s Men&#039;s Team\" width=\"640\" height=\"360\" data-src=\"https:\/\/www.youtube.com\/embed\/T3PiyTEhyUk?feature=oembed\" frameborder=\"0\" allow=\"accelerometer; autoplay; clipboard-write; encrypted-media; gyroscope; picture-in-picture; web-share\" referrerpolicy=\"strict-origin-when-cross-origin\" allowfullscreen src=\"data:image\/svg+xml;base64,PHN2ZyB3aWR0aD0iMSIgaGVpZ2h0PSIxIiB4bWxucz0iaHR0cDovL3d3dy53My5vcmcvMjAwMC9zdmciPjwvc3ZnPg==\" class=\"lazyload\" data-load-mode=\"1\"><\/iframe>\n<\/div><\/figure>\n","protected":false},"excerpt":{"rendered":"<p>Zwift vuelve a poner en marcha la Zwift Academy con el objetivo de descubrir a las nuevas y futuras estrellas del ciclismo<\/p>\n","protected":false},"author":1,"featured_media":2332,"comment_status":"open","ping_status":"open","sticky":false,"template":"","format":"standard","meta":{"footnotes":""},"categories":[455],"tags":[6,338,28,201,84,405,20],"series":[],"class_list":["post-2328","post","type-post","status-publish","format-standard","has-post-thumbnail","hentry","category-zwift","tag-ciclismo","tag-ciclismo-indoor","tag-como-usar-zwift","tag-simulador-de-ciclismo-zwift","tag-zwift","tag-zwift-academy","tag-zwift-en-espanol"],"yoast_head":"<!-- This site is optimized with the Yoast SEO Premium plugin v18.4 (Yoast SEO v26.7) - https:\/\/yoast.com\/wordpress\/plugins\/seo\/ -->\n<title>VUELVE LA ZWIFT ACADEMY PARA ENCONTRAR A LAS PR\u00d3XIMAS ESTRELLAS DEL PELOT\u00d3N - frikisdelabici.com<\/title>\n<meta name=\"description\" content=\"Zwift vuelve a poner en marcha la Zwift Academy con el objetivo de descubrir a las nuevas y futuras estrellas del ciclismo\" \/>\n<meta name=\"robots\" content=\"index, follow, max-snippet:-1, max-image-preview:large, max-video-preview:-1\" \/>\n<link rel=\"canonical\" href=\"https:\/\/frikisdelabici.com\/site\/vuelve-la-zwift-academy-para-encontrar-a-las-proximas-estrellas-del-peloton\/\" \/>\n<meta property=\"og:locale\" content=\"es_ES\" \/>\n<meta property=\"og:type\" content=\"article\" \/>\n<meta property=\"og:title\" content=\"VUELVE LA ZWIFT ACADEMY PARA ENCONTRAR A LAS PR\u00d3XIMAS ESTRELLAS DEL PELOT\u00d3N\" \/>\n<meta property=\"og:description\" content=\"Zwift vuelve a poner en marcha la Zwift Academy con el objetivo de descubrir a las nuevas y futuras estrellas del ciclismo\" \/>\n<meta property=\"og:url\" content=\"https:\/\/frikisdelabici.com\/site\/vuelve-la-zwift-academy-para-encontrar-a-las-proximas-estrellas-del-peloton\/\" \/>\n<meta property=\"og:site_name\" content=\"frikisdelabici.com\" \/>\n<meta property=\"article:published_time\" content=\"2024-07-17T10:37:48+00:00\" \/>\n<meta property=\"article:modified_time\" content=\"2024-07-17T10:37:50+00:00\" \/>\n<meta property=\"og:image\" content=\"https:\/\/frikisdelabici.com\/site\/wp-content\/uploads\/2024\/07\/240716_Zwift-Academy.jpeg\" \/>\n\t<meta property=\"og:image:width\" content=\"800\" \/>\n\t<meta property=\"og:image:height\" content=\"450\" \/>\n\t<meta property=\"og:image:type\" content=\"image\/jpeg\" \/>\n<meta name=\"author\" content=\"Rub\u00e9n Fern\u00e1ndez\" \/>\n<meta name=\"twitter:card\" content=\"summary_large_image\" \/>\n<meta name=\"twitter:label1\" content=\"Escrito por\" \/>\n\t<meta name=\"twitter:data1\" content=\"Rub\u00e9n Fern\u00e1ndez\" \/>\n\t<meta name=\"twitter:label2\" content=\"Tiempo de lectura\" \/>\n\t<meta name=\"twitter:data2\" content=\"4 minutos\" \/>\n<script type=\"application\/ld+json\" class=\"yoast-schema-graph\">{\"@context\":\"https:\/\/schema.org\",\"@graph\":[{\"@type\":\"Article\",\"@id\":\"https:\/\/frikisdelabici.com\/site\/vuelve-la-zwift-academy-para-encontrar-a-las-proximas-estrellas-del-peloton\/#article\",\"isPartOf\":{\"@id\":\"https:\/\/frikisdelabici.com\/site\/vuelve-la-zwift-academy-para-encontrar-a-las-proximas-estrellas-del-peloton\/\"},\"author\":{\"name\":\"Rub\u00e9n Fern\u00e1ndez\",\"@id\":\"https:\/\/frikisdelabici.com\/site\/#\/schema\/person\/a7e0f7e0c1ecaf32b75491c779564593\"},\"headline\":\"VUELVE LA ZWIFT ACADEMY PARA ENCONTRAR A LAS PR\u00d3XIMAS ESTRELLAS DEL PELOT\u00d3N\",\"datePublished\":\"2024-07-17T10:37:48+00:00\",\"dateModified\":\"2024-07-17T10:37:50+00:00\",\"mainEntityOfPage\":{\"@id\":\"https:\/\/frikisdelabici.com\/site\/vuelve-la-zwift-academy-para-encontrar-a-las-proximas-estrellas-del-peloton\/\"},\"wordCount\":699,\"commentCount\":0,\"publisher\":{\"@id\":\"https:\/\/frikisdelabici.com\/site\/#\/schema\/person\/a7e0f7e0c1ecaf32b75491c779564593\"},\"image\":{\"@id\":\"https:\/\/frikisdelabici.com\/site\/vuelve-la-zwift-academy-para-encontrar-a-las-proximas-estrellas-del-peloton\/#primaryimage\"},\"thumbnailUrl\":\"https:\/\/frikisdelabici.com\/site\/wp-content\/uploads\/2024\/07\/240716_Zwift-Academy.jpeg\",\"keywords\":[\"ciclismo\",\"ciclismo indoor\",\"como usar zwift\",\"simulador de ciclismo zwift\",\"zwift\",\"zwift academy\",\"zwift en espa\u00f1ol\"],\"articleSection\":[\"Zwift\"],\"inLanguage\":\"es\",\"potentialAction\":[{\"@type\":\"CommentAction\",\"name\":\"Comment\",\"target\":[\"https:\/\/frikisdelabici.com\/site\/vuelve-la-zwift-academy-para-encontrar-a-las-proximas-estrellas-del-peloton\/#respond\"]}]},{\"@type\":\"WebPage\",\"@id\":\"https:\/\/frikisdelabici.com\/site\/vuelve-la-zwift-academy-para-encontrar-a-las-proximas-estrellas-del-peloton\/\",\"url\":\"https:\/\/frikisdelabici.com\/site\/vuelve-la-zwift-academy-para-encontrar-a-las-proximas-estrellas-del-peloton\/\",\"name\":\"VUELVE LA ZWIFT ACADEMY PARA ENCONTRAR A LAS PR\u00d3XIMAS ESTRELLAS DEL PELOT\u00d3N - frikisdelabici.com\",\"isPartOf\":{\"@id\":\"https:\/\/frikisdelabici.com\/site\/#website\"},\"primaryImageOfPage\":{\"@id\":\"https:\/\/frikisdelabici.com\/site\/vuelve-la-zwift-academy-para-encontrar-a-las-proximas-estrellas-del-peloton\/#primaryimage\"},\"image\":{\"@id\":\"https:\/\/frikisdelabici.com\/site\/vuelve-la-zwift-academy-para-encontrar-a-las-proximas-estrellas-del-peloton\/#primaryimage\"},\"thumbnailUrl\":\"https:\/\/frikisdelabici.com\/site\/wp-content\/uploads\/2024\/07\/240716_Zwift-Academy.jpeg\",\"datePublished\":\"2024-07-17T10:37:48+00:00\",\"dateModified\":\"2024-07-17T10:37:50+00:00\",\"description\":\"Zwift vuelve a poner en marcha la Zwift Academy con el objetivo de descubrir a las nuevas y futuras estrellas del ciclismo\",\"breadcrumb\":{\"@id\":\"https:\/\/frikisdelabici.com\/site\/vuelve-la-zwift-academy-para-encontrar-a-las-proximas-estrellas-del-peloton\/#breadcrumb\"},\"inLanguage\":\"es\",\"potentialAction\":[{\"@type\":\"ReadAction\",\"target\":[\"https:\/\/frikisdelabici.com\/site\/vuelve-la-zwift-academy-para-encontrar-a-las-proximas-estrellas-del-peloton\/\"]}]},{\"@type\":\"ImageObject\",\"inLanguage\":\"es\",\"@id\":\"https:\/\/frikisdelabici.com\/site\/vuelve-la-zwift-academy-para-encontrar-a-las-proximas-estrellas-del-peloton\/#primaryimage\",\"url\":\"https:\/\/frikisdelabici.com\/site\/wp-content\/uploads\/2024\/07\/240716_Zwift-Academy.jpeg\",\"contentUrl\":\"https:\/\/frikisdelabici.com\/site\/wp-content\/uploads\/2024\/07\/240716_Zwift-Academy.jpeg\",\"width\":800,\"height\":450},{\"@type\":\"BreadcrumbList\",\"@id\":\"https:\/\/frikisdelabici.com\/site\/vuelve-la-zwift-academy-para-encontrar-a-las-proximas-estrellas-del-peloton\/#breadcrumb\",\"itemListElement\":[{\"@type\":\"ListItem\",\"position\":1,\"name\":\"Inicio\",\"item\":\"https:\/\/frikisdelabici.com\/site\/\"},{\"@type\":\"ListItem\",\"position\":2,\"name\":\"VUELVE LA ZWIFT ACADEMY PARA ENCONTRAR A LAS PR\u00d3XIMAS ESTRELLAS DEL PELOT\u00d3N\"}]},{\"@type\":\"WebSite\",\"@id\":\"https:\/\/frikisdelabici.com\/site\/#website\",\"url\":\"https:\/\/frikisdelabici.com\/site\/\",\"name\":\"frikisdelabici.com\",\"description\":\"Noticias sobre ZWIFT, art\u00edculos sobre entrenamiento, carreras... de todo lo relacionado con el ciclista m\u00e1s friki\",\"publisher\":{\"@id\":\"https:\/\/frikisdelabici.com\/site\/#\/schema\/person\/a7e0f7e0c1ecaf32b75491c779564593\"},\"potentialAction\":[{\"@type\":\"SearchAction\",\"target\":{\"@type\":\"EntryPoint\",\"urlTemplate\":\"https:\/\/frikisdelabici.com\/site\/?s={search_term_string}\"},\"query-input\":{\"@type\":\"PropertyValueSpecification\",\"valueRequired\":true,\"valueName\":\"search_term_string\"}}],\"inLanguage\":\"es\"},{\"@type\":[\"Person\",\"Organization\"],\"@id\":\"https:\/\/frikisdelabici.com\/site\/#\/schema\/person\/a7e0f7e0c1ecaf32b75491c779564593\",\"name\":\"Rub\u00e9n Fern\u00e1ndez\",\"image\":{\"@type\":\"ImageObject\",\"inLanguage\":\"es\",\"@id\":\"https:\/\/frikisdelabici.com\/site\/#\/schema\/person\/image\/\",\"url\":\"https:\/\/frikisdelabici.com\/site\/wp-content\/uploads\/2020\/03\/gran-fondo-san-sebastian-2017-4014569-48213-4286-1-scaled.jpg\",\"contentUrl\":\"https:\/\/frikisdelabici.com\/site\/wp-content\/uploads\/2020\/03\/gran-fondo-san-sebastian-2017-4014569-48213-4286-1-scaled.jpg\",\"width\":2560,\"height\":1707,\"caption\":\"Rub\u00e9n Fern\u00e1ndez\"},\"logo\":{\"@id\":\"https:\/\/frikisdelabici.com\/site\/#\/schema\/person\/image\/\"},\"url\":\"https:\/\/frikisdelabici.com\/site\/author\/rubenextra300\/\"}]}<\/script>\n<!-- \/ Yoast SEO Premium plugin. -->","yoast_head_json":{"title":"VUELVE LA ZWIFT ACADEMY PARA ENCONTRAR A LAS PR\u00d3XIMAS ESTRELLAS DEL PELOT\u00d3N - frikisdelabici.com","description":"Zwift vuelve a poner en marcha la Zwift Academy con el objetivo de descubrir a las nuevas y futuras estrellas del ciclismo","robots":{"index":"index","follow":"follow","max-snippet":"max-snippet:-1","max-image-preview":"max-image-preview:large","max-video-preview":"max-video-preview:-1"},"canonical":"https:\/\/frikisdelabici.com\/site\/vuelve-la-zwift-academy-para-encontrar-a-las-proximas-estrellas-del-peloton\/","og_locale":"es_ES","og_type":"article","og_title":"VUELVE LA ZWIFT ACADEMY PARA ENCONTRAR A LAS PR\u00d3XIMAS ESTRELLAS DEL PELOT\u00d3N","og_description":"Zwift vuelve a poner en marcha la Zwift Academy con el objetivo de descubrir a las nuevas y futuras estrellas del ciclismo","og_url":"https:\/\/frikisdelabici.com\/site\/vuelve-la-zwift-academy-para-encontrar-a-las-proximas-estrellas-del-peloton\/","og_site_name":"frikisdelabici.com","article_published_time":"2024-07-17T10:37:48+00:00","article_modified_time":"2024-07-17T10:37:50+00:00","og_image":[{"width":800,"height":450,"url":"https:\/\/frikisdelabici.com\/site\/wp-content\/uploads\/2024\/07\/240716_Zwift-Academy.jpeg","type":"image\/jpeg"}],"author":"Rub\u00e9n Fern\u00e1ndez","twitter_card":"summary_large_image","twitter_misc":{"Escrito por":"Rub\u00e9n Fern\u00e1ndez","Tiempo de lectura":"4 minutos"},"schema":{"@context":"https:\/\/schema.org","@graph":[{"@type":"Article","@id":"https:\/\/frikisdelabici.com\/site\/vuelve-la-zwift-academy-para-encontrar-a-las-proximas-estrellas-del-peloton\/#article","isPartOf":{"@id":"https:\/\/frikisdelabici.com\/site\/vuelve-la-zwift-academy-para-encontrar-a-las-proximas-estrellas-del-peloton\/"},"author":{"name":"Rub\u00e9n Fern\u00e1ndez","@id":"https:\/\/frikisdelabici.com\/site\/#\/schema\/person\/a7e0f7e0c1ecaf32b75491c779564593"},"headline":"VUELVE LA ZWIFT ACADEMY PARA ENCONTRAR A LAS PR\u00d3XIMAS ESTRELLAS DEL PELOT\u00d3N","datePublished":"2024-07-17T10:37:48+00:00","dateModified":"2024-07-17T10:37:50+00:00","mainEntityOfPage":{"@id":"https:\/\/frikisdelabici.com\/site\/vuelve-la-zwift-academy-para-encontrar-a-las-proximas-estrellas-del-peloton\/"},"wordCount":699,"commentCount":0,"publisher":{"@id":"https:\/\/frikisdelabici.com\/site\/#\/schema\/person\/a7e0f7e0c1ecaf32b75491c779564593"},"image":{"@id":"https:\/\/frikisdelabici.com\/site\/vuelve-la-zwift-academy-para-encontrar-a-las-proximas-estrellas-del-peloton\/#primaryimage"},"thumbnailUrl":"https:\/\/frikisdelabici.com\/site\/wp-content\/uploads\/2024\/07\/240716_Zwift-Academy.jpeg","keywords":["ciclismo","ciclismo indoor","como usar zwift","simulador de ciclismo zwift","zwift","zwift academy","zwift en espa\u00f1ol"],"articleSection":["Zwift"],"inLanguage":"es","potentialAction":[{"@type":"CommentAction","name":"Comment","target":["https:\/\/frikisdelabici.com\/site\/vuelve-la-zwift-academy-para-encontrar-a-las-proximas-estrellas-del-peloton\/#respond"]}]},{"@type":"WebPage","@id":"https:\/\/frikisdelabici.com\/site\/vuelve-la-zwift-academy-para-encontrar-a-las-proximas-estrellas-del-peloton\/","url":"https:\/\/frikisdelabici.com\/site\/vuelve-la-zwift-academy-para-encontrar-a-las-proximas-estrellas-del-peloton\/","name":"VUELVE LA ZWIFT ACADEMY PARA ENCONTRAR A LAS PR\u00d3XIMAS ESTRELLAS DEL PELOT\u00d3N - frikisdelabici.com","isPartOf":{"@id":"https:\/\/frikisdelabici.com\/site\/#website"},"primaryImageOfPage":{"@id":"https:\/\/frikisdelabici.com\/site\/vuelve-la-zwift-academy-para-encontrar-a-las-proximas-estrellas-del-peloton\/#primaryimage"},"image":{"@id":"https:\/\/frikisdelabici.com\/site\/vuelve-la-zwift-academy-para-encontrar-a-las-proximas-estrellas-del-peloton\/#primaryimage"},"thumbnailUrl":"https:\/\/frikisdelabici.com\/site\/wp-content\/uploads\/2024\/07\/240716_Zwift-Academy.jpeg","datePublished":"2024-07-17T10:37:48+00:00","dateModified":"2024-07-17T10:37:50+00:00","description":"Zwift vuelve a poner en marcha la Zwift Academy con el objetivo de descubrir a las nuevas y futuras estrellas del ciclismo","breadcrumb":{"@id":"https:\/\/frikisdelabici.com\/site\/vuelve-la-zwift-academy-para-encontrar-a-las-proximas-estrellas-del-peloton\/#breadcrumb"},"inLanguage":"es","potentialAction":[{"@type":"ReadAction","target":["https:\/\/frikisdelabici.com\/site\/vuelve-la-zwift-academy-para-encontrar-a-las-proximas-estrellas-del-peloton\/"]}]},{"@type":"ImageObject","inLanguage":"es","@id":"https:\/\/frikisdelabici.com\/site\/vuelve-la-zwift-academy-para-encontrar-a-las-proximas-estrellas-del-peloton\/#primaryimage","url":"https:\/\/frikisdelabici.com\/site\/wp-content\/uploads\/2024\/07\/240716_Zwift-Academy.jpeg","contentUrl":"https:\/\/frikisdelabici.com\/site\/wp-content\/uploads\/2024\/07\/240716_Zwift-Academy.jpeg","width":800,"height":450},{"@type":"BreadcrumbList","@id":"https:\/\/frikisdelabici.com\/site\/vuelve-la-zwift-academy-para-encontrar-a-las-proximas-estrellas-del-peloton\/#breadcrumb","itemListElement":[{"@type":"ListItem","position":1,"name":"Inicio","item":"https:\/\/frikisdelabici.com\/site\/"},{"@type":"ListItem","position":2,"name":"VUELVE LA ZWIFT ACADEMY PARA ENCONTRAR A LAS PR\u00d3XIMAS ESTRELLAS DEL PELOT\u00d3N"}]},{"@type":"WebSite","@id":"https:\/\/frikisdelabici.com\/site\/#website","url":"https:\/\/frikisdelabici.com\/site\/","name":"frikisdelabici.com","description":"Noticias sobre ZWIFT, art\u00edculos sobre entrenamiento, carreras... de todo lo relacionado con el ciclista m\u00e1s friki","publisher":{"@id":"https:\/\/frikisdelabici.com\/site\/#\/schema\/person\/a7e0f7e0c1ecaf32b75491c779564593"},"potentialAction":[{"@type":"SearchAction","target":{"@type":"EntryPoint","urlTemplate":"https:\/\/frikisdelabici.com\/site\/?s={search_term_string}"},"query-input":{"@type":"PropertyValueSpecification","valueRequired":true,"valueName":"search_term_string"}}],"inLanguage":"es"},{"@type":["Person","Organization"],"@id":"https:\/\/frikisdelabici.com\/site\/#\/schema\/person\/a7e0f7e0c1ecaf32b75491c779564593","name":"Rub\u00e9n Fern\u00e1ndez","image":{"@type":"ImageObject","inLanguage":"es","@id":"https:\/\/frikisdelabici.com\/site\/#\/schema\/person\/image\/","url":"https:\/\/frikisdelabici.com\/site\/wp-content\/uploads\/2020\/03\/gran-fondo-san-sebastian-2017-4014569-48213-4286-1-scaled.jpg","contentUrl":"https:\/\/frikisdelabici.com\/site\/wp-content\/uploads\/2020\/03\/gran-fondo-san-sebastian-2017-4014569-48213-4286-1-scaled.jpg","width":2560,"height":1707,"caption":"Rub\u00e9n Fern\u00e1ndez"},"logo":{"@id":"https:\/\/frikisdelabici.com\/site\/#\/schema\/person\/image\/"},"url":"https:\/\/frikisdelabici.com\/site\/author\/rubenextra300\/"}]}},"_links":{"self":[{"href":"https:\/\/frikisdelabici.com\/site\/wp-json\/wp\/v2\/posts\/2328","targetHints":{"allow":["GET"]}}],"collection":[{"href":"https:\/\/frikisdelabici.com\/site\/wp-json\/wp\/v2\/posts"}],"about":[{"href":"https:\/\/frikisdelabici.com\/site\/wp-json\/wp\/v2\/types\/post"}],"author":[{"embeddable":true,"href":"https:\/\/frikisdelabici.com\/site\/wp-json\/wp\/v2\/users\/1"}],"replies":[{"embeddable":true,"href":"https:\/\/frikisdelabici.com\/site\/wp-json\/wp\/v2\/comments?post=2328"}],"version-history":[{"count":1,"href":"https:\/\/frikisdelabici.com\/site\/wp-json\/wp\/v2\/posts\/2328\/revisions"}],"predecessor-version":[{"id":2333,"href":"https:\/\/frikisdelabici.com\/site\/wp-json\/wp\/v2\/posts\/2328\/revisions\/2333"}],"wp:featuredmedia":[{"embeddable":true,"href":"https:\/\/frikisdelabici.com\/site\/wp-json\/wp\/v2\/media\/2332"}],"wp:attachment":[{"href":"https:\/\/frikisdelabici.com\/site\/wp-json\/wp\/v2\/media?parent=2328"}],"wp:term":[{"taxonomy":"category","embeddable":true,"href":"https:\/\/frikisdelabici.com\/site\/wp-json\/wp\/v2\/categories?post=2328"},{"taxonomy":"post_tag","embeddable":true,"href":"https:\/\/frikisdelabici.com\/site\/wp-json\/wp\/v2\/tags?post=2328"},{"taxonomy":"series","embeddable":true,"href":"https:\/\/frikisdelabici.com\/site\/wp-json\/wp\/v2\/series?post=2328"}],"curies":[{"name":"wp","href":"https:\/\/api.w.org\/{rel}","templated":true}]}}