{"id":2336,"date":"2024-09-04T17:00:00","date_gmt":"2024-09-04T15:00:00","guid":{"rendered":"https:\/\/frikisdelabici.com\/site\/?p=2336"},"modified":"2024-09-04T18:07:28","modified_gmt":"2024-09-04T16:07:28","slug":"this-season-on-zwift-descubre-sus-novedades-y-celebra-los-10-anos-de-zwift","status":"publish","type":"post","link":"https:\/\/frikisdelabici.com\/site\/this-season-on-zwift-descubre-sus-novedades-y-celebra-los-10-anos-de-zwift\/","title":{"rendered":"This season on Zwift: descubre sus novedades y celebra los 10 a\u00f1os de Zwift"},"content":{"rendered":"\n<p>Zwift Ride Smart Frame, nuevas rutas, actualizaciones en las bicicletas, pantallas de datos personalizables y mucho m\u00e1s llegan a Zwift esta temporada<br>Mientras Zwift celebra una d\u00e9cada transformando el entrenamiento en interiores, la marca ha presentado un conjunto de <strong>actualizaciones de software <\/strong>que llegar\u00e1n desde septiembre de 2024. Prometiendo mejorar la experiencia del usuario y traer a\u00fan m\u00e1s emoci\u00f3n al mundo virtual del ciclismo, estas actualizaciones est\u00e1n dise\u00f1adas para hacer el entrenamiento m\u00e1s divertido, accesible y personalizado para los Zwifters en todo el mundo.<\/p>\n\n\n\n<p><strong>Expansi\u00f3n de Watopia: Nuevas rutas que se lanzar\u00e1n durante el Tour de Watopia &#8211; Noviembre<\/strong><\/p>\n\n\n\n<p>Noviembre trae una expansi\u00f3n al mundo virtual m\u00e1s popular de Zwift: <strong>Watopia<\/strong>. Los Zwifters podr\u00edan notar algo inusual emergiendo del oc\u00e9ano, justo frente a la costa de Watopia &#8211; \u00bfpodr\u00edan ser estructuras antiguas? Los Zwifters tendr\u00e1n que esperar hasta noviembre para la Etapa 5 del Tour de Watopia para explorar esta nueva tierra.<\/p>\n\n\n\n<p>La Etapa 5 no es todo lo que los Zwifters pueden esperar durante el Tour de Watopia este a\u00f1o. Celebrando una d\u00e9cada de ciclismo y carreras en Zwift, los Zwifters disfrutar\u00e1n de<strong> cinco etapas de expansiones de Watopia<\/strong>, comenzando con algunas de las rutas m\u00e1s antiguas. Los Zwifters tendr\u00e1n la opci\u00f3n de tres opciones de distancia y doble XP, cuando se completan en vivo durante los Eventos, o 1.5x XP cuando se montan bajo demanda.<\/p>\n\n\n\n<figure class=\"wp-block-image size-full\"><img decoding=\"async\" width=\"940\" height=\"529\" data-src=\"https:\/\/frikisdelabici.com\/site\/wp-content\/uploads\/2024\/09\/image-1.png\" alt=\"\" class=\"wp-image-2339 lazyload\" data-srcset=\"https:\/\/frikisdelabici.com\/site\/wp-content\/uploads\/2024\/09\/image-1.png 940w, https:\/\/frikisdelabici.com\/site\/wp-content\/uploads\/2024\/09\/image-1-300x169.png 300w, https:\/\/frikisdelabici.com\/site\/wp-content\/uploads\/2024\/09\/image-1-768x432.png 768w\" data-sizes=\"(max-width: 940px) 100vw, 940px\" src=\"data:image\/svg+xml;base64,PHN2ZyB3aWR0aD0iMSIgaGVpZ2h0PSIxIiB4bWxucz0iaHR0cDovL3d3dy53My5vcmcvMjAwMC9zdmciPjwvc3ZnPg==\" style=\"--smush-placeholder-width: 940px; --smush-placeholder-aspect-ratio: 940\/529;\" \/><\/figure>\n\n\n\n<p><strong>Panel de Control Actualizado para una Experiencia Personalizada &#8211; Disponible Ahora<\/strong><\/p>\n\n\n\n<figure class=\"wp-block-image size-full\"><img decoding=\"async\" width=\"940\" height=\"529\" data-src=\"https:\/\/frikisdelabici.com\/site\/wp-content\/uploads\/2024\/09\/image-2.png\" alt=\"\" class=\"wp-image-2340 lazyload\" data-srcset=\"https:\/\/frikisdelabici.com\/site\/wp-content\/uploads\/2024\/09\/image-2.png 940w, https:\/\/frikisdelabici.com\/site\/wp-content\/uploads\/2024\/09\/image-2-300x169.png 300w, https:\/\/frikisdelabici.com\/site\/wp-content\/uploads\/2024\/09\/image-2-768x432.png 768w\" data-sizes=\"(max-width: 940px) 100vw, 940px\" src=\"data:image\/svg+xml;base64,PHN2ZyB3aWR0aD0iMSIgaGVpZ2h0PSIxIiB4bWxucz0iaHR0cDovL3d3dy53My5vcmcvMjAwMC9zdmciPjwvc3ZnPg==\" style=\"--smush-placeholder-width: 940px; --smush-placeholder-aspect-ratio: 940\/529;\" \/><\/figure>\n\n\n\n<p>En respuesta a los comentarios de la comunidad, un <strong>Panel de Control Actualizado<\/strong> (HUD) asegura que la informaci\u00f3n m\u00e1s cr\u00edtica est\u00e9 justo donde los usuarios la necesitan. Con siete m\u00e9tricas personalizables, incluyendo cadencia, frecuencia card\u00edaca, vatios promedio y vatios por kilogramo, entre otros, los usuarios pueden personalizar su experiencia como nunca antes. Los corredores tambi\u00e9n reciben una actualizaci\u00f3n al <strong>HUD<\/strong>, que muestra un display fijo de una barra de distribuci\u00f3n de zonas de frecuencia card\u00edaca, frecuencia card\u00edaca y pasos por minuto. Los propietarios de<strong> Wahoo KICKR Run<\/strong> tambi\u00e9n ver\u00e1n el nuevo display de Elevaci\u00f3n Din\u00e1mica al utilizar el Control de Inclinaci\u00f3n.<\/p>\n\n\n\n<figure class=\"wp-block-image size-full is-resized\"><img decoding=\"async\" width=\"460\" height=\"307\" data-src=\"https:\/\/frikisdelabici.com\/site\/wp-content\/uploads\/2024\/09\/image-3.png\" alt=\"\" class=\"wp-image-2341 lazyload\" style=\"--smush-placeholder-width: 460px; --smush-placeholder-aspect-ratio: 460\/307;width:388px;height:auto\" data-srcset=\"https:\/\/frikisdelabici.com\/site\/wp-content\/uploads\/2024\/09\/image-3.png 460w, https:\/\/frikisdelabici.com\/site\/wp-content\/uploads\/2024\/09\/image-3-300x200.png 300w\" data-sizes=\"(max-width: 460px) 100vw, 460px\" src=\"data:image\/svg+xml;base64,PHN2ZyB3aWR0aD0iMSIgaGVpZ2h0PSIxIiB4bWxucz0iaHR0cDovL3d3dy53My5vcmcvMjAwMC9zdmciPjwvc3ZnPg==\" \/><\/figure>\n\n\n\n<figure class=\"wp-block-image size-full is-resized\"><img decoding=\"async\" width=\"464\" height=\"307\" data-src=\"https:\/\/frikisdelabici.com\/site\/wp-content\/uploads\/2024\/09\/image-4.png\" alt=\"\" class=\"wp-image-2342 lazyload\" style=\"--smush-placeholder-width: 464px; --smush-placeholder-aspect-ratio: 464\/307;width:391px;height:auto\" data-srcset=\"https:\/\/frikisdelabici.com\/site\/wp-content\/uploads\/2024\/09\/image-4.png 464w, https:\/\/frikisdelabici.com\/site\/wp-content\/uploads\/2024\/09\/image-4-300x198.png 300w\" data-sizes=\"(max-width: 464px) 100vw, 464px\" src=\"data:image\/svg+xml;base64,PHN2ZyB3aWR0aD0iMSIgaGVpZ2h0PSIxIiB4bWxucz0iaHR0cDovL3d3dy53My5vcmcvMjAwMC9zdmciPjwvc3ZnPg==\" \/><\/figure>\n\n\n\n<p><strong>Zwift Ride Smart Frame Disponible<\/strong><\/p>\n\n\n\n<p>Ahora disponible para comprar hoy, el <strong>Zwift Ride Smart Frame <\/strong>tiene un precio de 799.99 \u20ac&nbsp; y est\u00e1 disponible en los EE. UU., la UE y el Reino Unido desde Zwift.com. El <strong>Zwift Ride Smart Frame<\/strong> es exclusivamente compatible con los entrenadores inteligentes <strong>Zwift Ready<\/strong>.<\/p>\n\n\n\n<figure class=\"wp-block-table\"><table class=\"has-fixed-layout\"><tbody><tr><td>Haz clic <a href=\"https:\/\/frikisdelabici.com\/site\/zwift-lanza-el-zwift-ride-smart-frame-y-el-programa-zwift-ready\/\">AQU\u00cd<\/a> para aprender m\u00e1s sobre el Zwift Ride Smart Frame y Zwift Ready.<\/td><\/tr><\/tbody><\/table><\/figure>\n\n\n\n<p><strong>Desbloquea Nuevos Desaf\u00edos y Gana Recompensas &#8211; Desde el 9 de septiembre<\/strong><\/p>\n\n\n\n<figure class=\"wp-block-image size-full\"><img decoding=\"async\" width=\"940\" height=\"529\" data-src=\"https:\/\/frikisdelabici.com\/site\/wp-content\/uploads\/2024\/09\/image-5.png\" alt=\"\" class=\"wp-image-2343 lazyload\" data-srcset=\"https:\/\/frikisdelabici.com\/site\/wp-content\/uploads\/2024\/09\/image-5.png 940w, https:\/\/frikisdelabici.com\/site\/wp-content\/uploads\/2024\/09\/image-5-300x169.png 300w, https:\/\/frikisdelabici.com\/site\/wp-content\/uploads\/2024\/09\/image-5-768x432.png 768w\" data-sizes=\"(max-width: 940px) 100vw, 940px\" src=\"data:image\/svg+xml;base64,PHN2ZyB3aWR0aD0iMSIgaGVpZ2h0PSIxIiB4bWxucz0iaHR0cDovL3d3dy53My5vcmcvMjAwMC9zdmciPjwvc3ZnPg==\" style=\"--smush-placeholder-width: 940px; --smush-placeholder-aspect-ratio: 940\/529;\" \/><\/figure>\n\n\n\n<p>Presentamos una serie de nuevos desaf\u00edos, a los que se puede acceder a trav\u00e9s de la secci\u00f3n de <strong>Desaf\u00edos<\/strong> en la Pantalla Principal y se pueden completar junto con un &#8216;desaf\u00edo principal&#8217; adicional &#8211; Everest, Italia o California.<\/p>\n\n\n\n<p><strong>Cardio Crusher &#8211; 9 de septiembre<\/strong><\/p>\n\n\n\n<p>Atendiendo a una amplia gama de objetivos de fitness y para atletas con poco tiempo, el desaf\u00edo Cardio Crusher ofrece cinco nuevos entrenamientos, todos de menos de una hora. Los Zwifters que completen los cinco entrenamientos desbloquear\u00e1n 250 XP.<\/p>\n\n\n\n<p><strong>Route Chaser: The Grade &#8211; 3 de octubre<\/strong><\/p>\n\n\n\n<p>Ideal para usuarios que buscan un Desaf\u00edo para ganar nuevas insignias. Los Zwifters deben completar cinco rutas para completar el desaf\u00edo, tres de las cuales son nuevas &#8211; Mayan 8 (23.1km con 241m de ganancia de elevaci\u00f3n), Radio Rendezvous (20.5km con 736m de ganancia de elevaci\u00f3n), y Power to the Tower (44.7km con 1492m de ganancia de elevaci\u00f3n).<\/p>\n\n\n\n<p>Se agregar\u00e1n m\u00e1s Desaf\u00edos en los pr\u00f3ximos meses.<\/p>\n\n\n\n<p><strong>Experiencia de Carreras Mejorada con Zwift Racing Score &#8211; Octubre<\/strong><\/p>\n\n\n\n<figure class=\"wp-block-image size-full\"><img decoding=\"async\" width=\"940\" height=\"529\" data-src=\"https:\/\/frikisdelabici.com\/site\/wp-content\/uploads\/2024\/09\/image-6.png\" alt=\"\" class=\"wp-image-2344 lazyload\" data-srcset=\"https:\/\/frikisdelabici.com\/site\/wp-content\/uploads\/2024\/09\/image-6.png 940w, https:\/\/frikisdelabici.com\/site\/wp-content\/uploads\/2024\/09\/image-6-300x169.png 300w, https:\/\/frikisdelabici.com\/site\/wp-content\/uploads\/2024\/09\/image-6-768x432.png 768w\" data-sizes=\"(max-width: 940px) 100vw, 940px\" src=\"data:image\/svg+xml;base64,PHN2ZyB3aWR0aD0iMSIgaGVpZ2h0PSIxIiB4bWxucz0iaHR0cDovL3d3dy53My5vcmcvMjAwMC9zdmciPjwvc3ZnPg==\" style=\"--smush-placeholder-width: 940px; --smush-placeholder-aspect-ratio: 940\/529;\" \/><\/figure>\n\n\n\n<p><strong>Zwift Racing Score<\/strong> est\u00e1 listo para revolucionar las carreras en Zwift. Esta actualizaci\u00f3n garantizar\u00e1 que los corredores sean colocados en la categor\u00eda correcta desde el comienzo de su trayectoria de carreras, haciendo las carreras m\u00e1s competitivas y disfrutables. El puntaje se ajusta din\u00e1micamente en base a tu condici\u00f3n f\u00edsica actual y tambi\u00e9n tu rendimiento en carreras. Con un emparejamiento mejorado y recompensas por t\u00e1cticas de carrera estrat\u00e9gicas, Zwift Racing Score est\u00e1 dise\u00f1ado para elevar la experiencia competitiva.<\/p>\n\n\n\n<p><strong>Calendario de Carreras de Zwift:<\/strong><\/p>\n\n\n\n<p>Las carreras en Zwift han recorrido un largo camino desde que la comunidad comenz\u00f3 a organizar carreras en la Isla Jarvis. Hoy en d\u00eda, hay m\u00e1s de 100 organizadores de eventos comunitarios organizando carreras en la plataforma, ayudando a crear un espacio competitivo para los Zwifters a nivel mundial.<\/p>\n\n\n\n<p><strong>Complementando los eventos comunitarios de Zwift est\u00e1 el Calendario de Carreras de Zwift. Dividido en cuatro pilares clave:<\/strong><\/p>\n\n\n\n<ul class=\"wp-block-list\">\n<li>zRacing Monthly &#8211; Carreras durante todo el a\u00f1o con nuevas rutas cada mes.<\/li>\n\n\n\n<li>Zwift Racing League &#8211; El evento de equipo m\u00e1s grande en el ciclismo con 2,610 equipos participando en la temporada 23\/24, la liga re\u00fane a Zwifters ofreciendo 3 rondas que consisten en 6 carreras cada una entre septiembre y febrero.<\/li>\n\n\n\n<li>Zwift World Series &#8211; Cinco carreras que abarcan de septiembre a enero, los cursos hechos a medida ofrecen tres niveles de desaf\u00edos de carreras mensuales monumentales.<\/li>\n\n\n\n<li>Zwift Games &#8211; Lanzados en marzo, los Campeonatos de Zwift volver\u00e1n por segundo a\u00f1o, ofreciendo a los Zwifters la oportunidad de competir en niveles Comunitarios y \u00c9lite con m\u00e1s detalles por revelar en los pr\u00f3ximos meses.<\/li>\n<\/ul>\n\n\n\n<figure class=\"wp-block-image size-full\"><img decoding=\"async\" width=\"940\" height=\"529\" data-src=\"https:\/\/frikisdelabici.com\/site\/wp-content\/uploads\/2024\/09\/image-7.png\" alt=\"\" class=\"wp-image-2345 lazyload\" data-srcset=\"https:\/\/frikisdelabici.com\/site\/wp-content\/uploads\/2024\/09\/image-7.png 940w, https:\/\/frikisdelabici.com\/site\/wp-content\/uploads\/2024\/09\/image-7-300x169.png 300w, https:\/\/frikisdelabici.com\/site\/wp-content\/uploads\/2024\/09\/image-7-768x432.png 768w\" data-sizes=\"(max-width: 940px) 100vw, 940px\" src=\"data:image\/svg+xml;base64,PHN2ZyB3aWR0aD0iMSIgaGVpZ2h0PSIxIiB4bWxucz0iaHR0cDovL3d3dy53My5vcmcvMjAwMC9zdmciPjwvc3ZnPg==\" style=\"--smush-placeholder-width: 940px; --smush-placeholder-aspect-ratio: 940\/529;\" \/><\/figure>\n\n\n\n<p>M\u00e1s informaci\u00f3n sobre las carreras en Zwift se puede encontrar en <a href=\"http:\/\/www.zwift.com\/racing\">www.zwift.com\/racing<\/a><\/p>\n\n\n\n<p><strong>Actualizaciones del Garage: Personaliza tu experiencia &#8211; Q4 2024<\/strong><\/p>\n\n\n\n<p>El <strong>Zwift Garage <\/strong>est\u00e1 recibiendo una renovaci\u00f3n para 2024. Por primera vez, los Zwifters pueden esperar actualizar sus bicicletas virtuales. Los Zwifters podr\u00e1n mejorar sus bicicletas completando Desaf\u00edos de Actualizaci\u00f3n para desbloquear la capacidad de comprar la siguiente Etapa de Actualizaci\u00f3n usando Drops bien ganados. Todas las bicicletas tendr\u00e1n cinco etapas de actualizaciones, ofreciendo mejoras como reducciones de peso, mejoras aerodin\u00e1micas y menor resistencia al rodaje.<\/p>\n\n\n\n<figure class=\"wp-block-image size-full\"><img decoding=\"async\" width=\"940\" height=\"529\" data-src=\"https:\/\/frikisdelabici.com\/site\/wp-content\/uploads\/2024\/09\/image-8.png\" alt=\"\" class=\"wp-image-2346 lazyload\" data-srcset=\"https:\/\/frikisdelabici.com\/site\/wp-content\/uploads\/2024\/09\/image-8.png 940w, https:\/\/frikisdelabici.com\/site\/wp-content\/uploads\/2024\/09\/image-8-300x169.png 300w, https:\/\/frikisdelabici.com\/site\/wp-content\/uploads\/2024\/09\/image-8-768x432.png 768w\" data-sizes=\"(max-width: 940px) 100vw, 940px\" src=\"data:image\/svg+xml;base64,PHN2ZyB3aWR0aD0iMSIgaGVpZ2h0PSIxIiB4bWxucz0iaHR0cDovL3d3dy53My5vcmcvMjAwMC9zdmciPjwvc3ZnPg==\" style=\"--smush-placeholder-width: 940px; --smush-placeholder-aspect-ratio: 940\/529;\" \/><\/figure>\n\n\n\n<p>Para los Zwifters con Drops quemando un agujero en los bolsillos de su jersey virtual, Zwift tambi\u00e9n introducir\u00e1 Halo Bikes. Halo Bikes, como el Pinarello Espada, ofrecer\u00e1n alto rendimiento y mucho prestigio en la calle. Solo los clientes m\u00e1s leales de Drop Shop ser\u00e1n invitados a comprar Halo Bikes. M\u00e1s detalles pr\u00f3ximamente.<\/p>\n\n\n\n<p><strong>Contenido de Entrenamiento de Oto\u00f1o<\/strong><\/p>\n\n\n\n<p>Zwift Academy regresa &#8211; 5 de agosto &#8211; 3 de noviembre<\/p>\n\n\n\n<p>Zwift Academy est\u00e1 de vuelta y listo para desafiar a todos los ciclistas a mejorar su forma f\u00edsica mientras compiten por una oportunidad de unirse a un equipo profesional de ciclismo. Este a\u00f1o ofrece una ventana extendida para que los ciclistas compitan, desde el 5 de agosto hasta el 3 de noviembre, lo que pretende facilitar la participaci\u00f3n de ciclistas en ambos hemisferios norte y sur.<\/p>\n\n\n\n<p>2024 tiene un enfoque m\u00e1s agudo en la identificaci\u00f3n de talentos con los entrenamientos realmente enfocados en probar capacidades fisiol\u00f3gicas. Los ciclistas que completen el programa pueden ganar el kit Zwift Academy en el juego, un trabajo de pintura Zwift Academy Canyon Aeroad en el juego, y una oportunidad de ganar un contrato profesional con CANYON\/\/SRAM Generation o Alpecin-Deceuninck Development para el mejor ciclista femenino y masculino respectivamente.<\/p>\n\n\n\n<p>Zwift Camp: Baseline &#8211; 18 de noviembre &#8211; 5 de enero<\/p>\n\n\n\n<p>Introduciendo un nuevo Programa de Entrenamiento dise\u00f1ado para ayudar a los Zwifters a aprender m\u00e1s sobre s\u00ed mismos con seis entrenamientos con versiones largas y cortas para adaptarse a todos los atletas. Al completar, los Zwifters recibir\u00e1n un informe que ayudar\u00e1 a identificar sus fortalezas y debilidades basadas en su tipo de ciclista. Despu\u00e9s del programa, habr\u00e1 nuevos Desaf\u00edos disponibles para que los ciclistas den el siguiente paso con sus objetivos de fitness.<\/p>\n\n\n\n<p><strong>Celebrando 10 A\u00f1os en Zwift &#8211; Septiembre &#8211; Diciembre<\/strong><\/p>\n\n\n\n<figure class=\"wp-block-image size-full\"><img decoding=\"async\" width=\"940\" height=\"529\" data-src=\"https:\/\/frikisdelabici.com\/site\/wp-content\/uploads\/2024\/09\/image-9.png\" alt=\"\" class=\"wp-image-2347 lazyload\" data-srcset=\"https:\/\/frikisdelabici.com\/site\/wp-content\/uploads\/2024\/09\/image-9.png 940w, https:\/\/frikisdelabici.com\/site\/wp-content\/uploads\/2024\/09\/image-9-300x169.png 300w, https:\/\/frikisdelabici.com\/site\/wp-content\/uploads\/2024\/09\/image-9-768x432.png 768w\" data-sizes=\"(max-width: 940px) 100vw, 940px\" src=\"data:image\/svg+xml;base64,PHN2ZyB3aWR0aD0iMSIgaGVpZ2h0PSIxIiB4bWxucz0iaHR0cDovL3d3dy53My5vcmcvMjAwMC9zdmciPjwvc3ZnPg==\" style=\"--smush-placeholder-width: 940px; --smush-placeholder-aspect-ratio: 940\/529;\" \/><\/figure>\n\n\n\n<p>Esta temporada, Zwift celebra una d\u00e9cada ayudando a que m\u00e1s personas sean m\u00e1s activas con m\u00e1s frecuencia. En ese tiempo, <strong>la comunidad de Zwift ha registrado colectivamente 8.72 mil millones de kil\u00f3metros<\/strong>, <strong>ascendiendo 81.56 mil millones de metros<\/strong>.<\/p>\n\n\n\n<p>Zwift es una experiencia colectiva, por lo que muchos de esos kil\u00f3metros se han logrado montando junto a otros Zwifters de todos los rincones del mundo en eventos grupales. Los organizadores de eventos comunitarios son la columna vertebral de los eventos de Zwift y han organizado la impresionante cantidad de <strong>4,034,556 eventos <\/strong>durante los \u00faltimos diez a\u00f1os. \u00a1A todos esos organizadores comunitarios, les damos las gracias!<\/p>\n\n\n\n<p><strong>Sobre Zwift:<\/strong><br><br>Zwift es una empresa de fitness nacida del mundo de los videojuegos. Somos entusiastas del fitness con experiencia, desarrolladores de videojuegos experimentados y pensadores disruptivos. El juego est\u00e1 en nuestro ADN y sabemos que la diversi\u00f3n impulsa resultados. Zwift utiliza tecnolog\u00eda de juegos en l\u00ednea multijugador masivos para crear mundos ricos y tridimensionales listos para ser explorados. \u00danete a miles de ciclistas y corredores en parques de juegos inmersivos como Londres, Nueva York y Par\u00eds, as\u00ed como en nuestro propio Watopia.<\/p>\n\n\n\n<p>Nuestra aplicaci\u00f3n se conecta de forma inal\u00e1mbrica a equipos de ejercicio: rodillos de bicicleta, cintas de correr y m\u00e1s, por lo que tu esfuerzo en el mundo real impulsa a tu avatar en el juego. Desde carreras amistosas hasta paseos sociales y programas de entrenamiento estructurados, Zwift une a una comunidad diversa en la b\u00fasqueda de una experiencia de fitness m\u00e1s divertida, inmersiva y social.<\/p>\n","protected":false},"excerpt":{"rendered":"<p>Zwift Ride Smart Frame, nuevas rutas, actualizaciones en las bicicletas, pantallas de datos personalizables y mucho m\u00e1s llegan a Zwift esta temporadaMientras Zwift celebra una d\u00e9cada transformando el entrenamiento en interiores, la marca ha presentado un conjunto de actualizaciones de software que llegar\u00e1n desde septiembre de 2024. Prometiendo mejorar la experiencia del usuario y traer&#8230;<\/p>\n","protected":false},"author":1,"featured_media":2338,"comment_status":"open","ping_status":"open","sticky":false,"template":"","format":"standard","meta":{"footnotes":""},"categories":[455],"tags":[],"series":[],"class_list":["post-2336","post","type-post","status-publish","format-standard","has-post-thumbnail","hentry","category-zwift"],"yoast_head":"<!-- This site is optimized with the Yoast SEO Premium plugin v18.4 (Yoast SEO v26.7) - https:\/\/yoast.com\/wordpress\/plugins\/seo\/ -->\n<title>This season on Zwift: descubre sus novedades y celebra los 10 a\u00f1os de Zwift - frikisdelabici.com<\/title>\n<meta name=\"robots\" content=\"index, follow, max-snippet:-1, max-image-preview:large, max-video-preview:-1\" \/>\n<link rel=\"canonical\" href=\"https:\/\/frikisdelabici.com\/site\/this-season-on-zwift-descubre-sus-novedades-y-celebra-los-10-anos-de-zwift\/\" \/>\n<meta property=\"og:locale\" content=\"es_ES\" \/>\n<meta property=\"og:type\" content=\"article\" \/>\n<meta property=\"og:title\" content=\"This season on Zwift: descubre sus novedades y celebra los 10 a\u00f1os de Zwift\" \/>\n<meta property=\"og:description\" content=\"Zwift Ride Smart Frame, nuevas rutas, actualizaciones en las bicicletas, pantallas de datos personalizables y mucho m\u00e1s llegan a Zwift esta temporadaMientras Zwift celebra una d\u00e9cada transformando el entrenamiento en interiores, la marca ha presentado un conjunto de actualizaciones de software que llegar\u00e1n desde septiembre de 2024. Prometiendo mejorar la experiencia del usuario y traer...\" \/>\n<meta property=\"og:url\" content=\"https:\/\/frikisdelabici.com\/site\/this-season-on-zwift-descubre-sus-novedades-y-celebra-los-10-anos-de-zwift\/\" \/>\n<meta property=\"og:site_name\" content=\"frikisdelabici.com\" \/>\n<meta property=\"article:published_time\" content=\"2024-09-04T15:00:00+00:00\" \/>\n<meta property=\"article:modified_time\" content=\"2024-09-04T16:07:28+00:00\" \/>\n<meta property=\"og:image\" content=\"https:\/\/frikisdelabici.com\/site\/wp-content\/uploads\/2024\/09\/image.png\" \/>\n\t<meta property=\"og:image:width\" content=\"940\" \/>\n\t<meta property=\"og:image:height\" content=\"529\" \/>\n\t<meta property=\"og:image:type\" content=\"image\/png\" \/>\n<meta name=\"author\" content=\"Rub\u00e9n Fern\u00e1ndez\" \/>\n<meta name=\"twitter:card\" content=\"summary_large_image\" \/>\n<meta name=\"twitter:label1\" content=\"Escrito por\" \/>\n\t<meta name=\"twitter:data1\" content=\"Rub\u00e9n Fern\u00e1ndez\" \/>\n\t<meta name=\"twitter:label2\" content=\"Tiempo de lectura\" \/>\n\t<meta name=\"twitter:data2\" content=\"9 minutos\" \/>\n<script type=\"application\/ld+json\" class=\"yoast-schema-graph\">{\"@context\":\"https:\/\/schema.org\",\"@graph\":[{\"@type\":\"Article\",\"@id\":\"https:\/\/frikisdelabici.com\/site\/this-season-on-zwift-descubre-sus-novedades-y-celebra-los-10-anos-de-zwift\/#article\",\"isPartOf\":{\"@id\":\"https:\/\/frikisdelabici.com\/site\/this-season-on-zwift-descubre-sus-novedades-y-celebra-los-10-anos-de-zwift\/\"},\"author\":{\"name\":\"Rub\u00e9n Fern\u00e1ndez\",\"@id\":\"https:\/\/frikisdelabici.com\/site\/#\/schema\/person\/a7e0f7e0c1ecaf32b75491c779564593\"},\"headline\":\"This season on Zwift: descubre sus novedades y celebra los 10 a\u00f1os de Zwift\",\"datePublished\":\"2024-09-04T15:00:00+00:00\",\"dateModified\":\"2024-09-04T16:07:28+00:00\",\"mainEntityOfPage\":{\"@id\":\"https:\/\/frikisdelabici.com\/site\/this-season-on-zwift-descubre-sus-novedades-y-celebra-los-10-anos-de-zwift\/\"},\"wordCount\":1592,\"commentCount\":0,\"publisher\":{\"@id\":\"https:\/\/frikisdelabici.com\/site\/#\/schema\/person\/a7e0f7e0c1ecaf32b75491c779564593\"},\"image\":{\"@id\":\"https:\/\/frikisdelabici.com\/site\/this-season-on-zwift-descubre-sus-novedades-y-celebra-los-10-anos-de-zwift\/#primaryimage\"},\"thumbnailUrl\":\"https:\/\/frikisdelabici.com\/site\/wp-content\/uploads\/2024\/09\/image.png\",\"articleSection\":[\"Zwift\"],\"inLanguage\":\"es\",\"potentialAction\":[{\"@type\":\"CommentAction\",\"name\":\"Comment\",\"target\":[\"https:\/\/frikisdelabici.com\/site\/this-season-on-zwift-descubre-sus-novedades-y-celebra-los-10-anos-de-zwift\/#respond\"]}]},{\"@type\":\"WebPage\",\"@id\":\"https:\/\/frikisdelabici.com\/site\/this-season-on-zwift-descubre-sus-novedades-y-celebra-los-10-anos-de-zwift\/\",\"url\":\"https:\/\/frikisdelabici.com\/site\/this-season-on-zwift-descubre-sus-novedades-y-celebra-los-10-anos-de-zwift\/\",\"name\":\"This season on Zwift: descubre sus novedades y celebra los 10 a\u00f1os de Zwift - frikisdelabici.com\",\"isPartOf\":{\"@id\":\"https:\/\/frikisdelabici.com\/site\/#website\"},\"primaryImageOfPage\":{\"@id\":\"https:\/\/frikisdelabici.com\/site\/this-season-on-zwift-descubre-sus-novedades-y-celebra-los-10-anos-de-zwift\/#primaryimage\"},\"image\":{\"@id\":\"https:\/\/frikisdelabici.com\/site\/this-season-on-zwift-descubre-sus-novedades-y-celebra-los-10-anos-de-zwift\/#primaryimage\"},\"thumbnailUrl\":\"https:\/\/frikisdelabici.com\/site\/wp-content\/uploads\/2024\/09\/image.png\",\"datePublished\":\"2024-09-04T15:00:00+00:00\",\"dateModified\":\"2024-09-04T16:07:28+00:00\",\"breadcrumb\":{\"@id\":\"https:\/\/frikisdelabici.com\/site\/this-season-on-zwift-descubre-sus-novedades-y-celebra-los-10-anos-de-zwift\/#breadcrumb\"},\"inLanguage\":\"es\",\"potentialAction\":[{\"@type\":\"ReadAction\",\"target\":[\"https:\/\/frikisdelabici.com\/site\/this-season-on-zwift-descubre-sus-novedades-y-celebra-los-10-anos-de-zwift\/\"]}]},{\"@type\":\"ImageObject\",\"inLanguage\":\"es\",\"@id\":\"https:\/\/frikisdelabici.com\/site\/this-season-on-zwift-descubre-sus-novedades-y-celebra-los-10-anos-de-zwift\/#primaryimage\",\"url\":\"https:\/\/frikisdelabici.com\/site\/wp-content\/uploads\/2024\/09\/image.png\",\"contentUrl\":\"https:\/\/frikisdelabici.com\/site\/wp-content\/uploads\/2024\/09\/image.png\",\"width\":940,\"height\":529},{\"@type\":\"BreadcrumbList\",\"@id\":\"https:\/\/frikisdelabici.com\/site\/this-season-on-zwift-descubre-sus-novedades-y-celebra-los-10-anos-de-zwift\/#breadcrumb\",\"itemListElement\":[{\"@type\":\"ListItem\",\"position\":1,\"name\":\"Inicio\",\"item\":\"https:\/\/frikisdelabici.com\/site\/\"},{\"@type\":\"ListItem\",\"position\":2,\"name\":\"This season on Zwift: descubre sus novedades y celebra los 10 a\u00f1os de Zwift\"}]},{\"@type\":\"WebSite\",\"@id\":\"https:\/\/frikisdelabici.com\/site\/#website\",\"url\":\"https:\/\/frikisdelabici.com\/site\/\",\"name\":\"frikisdelabici.com\",\"description\":\"Noticias sobre ZWIFT, art\u00edculos sobre entrenamiento, carreras... de todo lo relacionado con el ciclista m\u00e1s friki\",\"publisher\":{\"@id\":\"https:\/\/frikisdelabici.com\/site\/#\/schema\/person\/a7e0f7e0c1ecaf32b75491c779564593\"},\"potentialAction\":[{\"@type\":\"SearchAction\",\"target\":{\"@type\":\"EntryPoint\",\"urlTemplate\":\"https:\/\/frikisdelabici.com\/site\/?s={search_term_string}\"},\"query-input\":{\"@type\":\"PropertyValueSpecification\",\"valueRequired\":true,\"valueName\":\"search_term_string\"}}],\"inLanguage\":\"es\"},{\"@type\":[\"Person\",\"Organization\"],\"@id\":\"https:\/\/frikisdelabici.com\/site\/#\/schema\/person\/a7e0f7e0c1ecaf32b75491c779564593\",\"name\":\"Rub\u00e9n Fern\u00e1ndez\",\"image\":{\"@type\":\"ImageObject\",\"inLanguage\":\"es\",\"@id\":\"https:\/\/frikisdelabici.com\/site\/#\/schema\/person\/image\/\",\"url\":\"https:\/\/frikisdelabici.com\/site\/wp-content\/uploads\/2020\/03\/gran-fondo-san-sebastian-2017-4014569-48213-4286-1-scaled.jpg\",\"contentUrl\":\"https:\/\/frikisdelabici.com\/site\/wp-content\/uploads\/2020\/03\/gran-fondo-san-sebastian-2017-4014569-48213-4286-1-scaled.jpg\",\"width\":2560,\"height\":1707,\"caption\":\"Rub\u00e9n Fern\u00e1ndez\"},\"logo\":{\"@id\":\"https:\/\/frikisdelabici.com\/site\/#\/schema\/person\/image\/\"},\"url\":\"https:\/\/frikisdelabici.com\/site\/author\/rubenextra300\/\"}]}<\/script>\n<!-- \/ Yoast SEO Premium plugin. -->","yoast_head_json":{"title":"This season on Zwift: descubre sus novedades y celebra los 10 a\u00f1os de Zwift - frikisdelabici.com","robots":{"index":"index","follow":"follow","max-snippet":"max-snippet:-1","max-image-preview":"max-image-preview:large","max-video-preview":"max-video-preview:-1"},"canonical":"https:\/\/frikisdelabici.com\/site\/this-season-on-zwift-descubre-sus-novedades-y-celebra-los-10-anos-de-zwift\/","og_locale":"es_ES","og_type":"article","og_title":"This season on Zwift: descubre sus novedades y celebra los 10 a\u00f1os de Zwift","og_description":"Zwift Ride Smart Frame, nuevas rutas, actualizaciones en las bicicletas, pantallas de datos personalizables y mucho m\u00e1s llegan a Zwift esta temporadaMientras Zwift celebra una d\u00e9cada transformando el entrenamiento en interiores, la marca ha presentado un conjunto de actualizaciones de software que llegar\u00e1n desde septiembre de 2024. Prometiendo mejorar la experiencia del usuario y traer...","og_url":"https:\/\/frikisdelabici.com\/site\/this-season-on-zwift-descubre-sus-novedades-y-celebra-los-10-anos-de-zwift\/","og_site_name":"frikisdelabici.com","article_published_time":"2024-09-04T15:00:00+00:00","article_modified_time":"2024-09-04T16:07:28+00:00","og_image":[{"width":940,"height":529,"url":"https:\/\/frikisdelabici.com\/site\/wp-content\/uploads\/2024\/09\/image.png","type":"image\/png"}],"author":"Rub\u00e9n Fern\u00e1ndez","twitter_card":"summary_large_image","twitter_misc":{"Escrito por":"Rub\u00e9n Fern\u00e1ndez","Tiempo de lectura":"9 minutos"},"schema":{"@context":"https:\/\/schema.org","@graph":[{"@type":"Article","@id":"https:\/\/frikisdelabici.com\/site\/this-season-on-zwift-descubre-sus-novedades-y-celebra-los-10-anos-de-zwift\/#article","isPartOf":{"@id":"https:\/\/frikisdelabici.com\/site\/this-season-on-zwift-descubre-sus-novedades-y-celebra-los-10-anos-de-zwift\/"},"author":{"name":"Rub\u00e9n Fern\u00e1ndez","@id":"https:\/\/frikisdelabici.com\/site\/#\/schema\/person\/a7e0f7e0c1ecaf32b75491c779564593"},"headline":"This season on Zwift: descubre sus novedades y celebra los 10 a\u00f1os de Zwift","datePublished":"2024-09-04T15:00:00+00:00","dateModified":"2024-09-04T16:07:28+00:00","mainEntityOfPage":{"@id":"https:\/\/frikisdelabici.com\/site\/this-season-on-zwift-descubre-sus-novedades-y-celebra-los-10-anos-de-zwift\/"},"wordCount":1592,"commentCount":0,"publisher":{"@id":"https:\/\/frikisdelabici.com\/site\/#\/schema\/person\/a7e0f7e0c1ecaf32b75491c779564593"},"image":{"@id":"https:\/\/frikisdelabici.com\/site\/this-season-on-zwift-descubre-sus-novedades-y-celebra-los-10-anos-de-zwift\/#primaryimage"},"thumbnailUrl":"https:\/\/frikisdelabici.com\/site\/wp-content\/uploads\/2024\/09\/image.png","articleSection":["Zwift"],"inLanguage":"es","potentialAction":[{"@type":"CommentAction","name":"Comment","target":["https:\/\/frikisdelabici.com\/site\/this-season-on-zwift-descubre-sus-novedades-y-celebra-los-10-anos-de-zwift\/#respond"]}]},{"@type":"WebPage","@id":"https:\/\/frikisdelabici.com\/site\/this-season-on-zwift-descubre-sus-novedades-y-celebra-los-10-anos-de-zwift\/","url":"https:\/\/frikisdelabici.com\/site\/this-season-on-zwift-descubre-sus-novedades-y-celebra-los-10-anos-de-zwift\/","name":"This season on Zwift: descubre sus novedades y celebra los 10 a\u00f1os de Zwift - frikisdelabici.com","isPartOf":{"@id":"https:\/\/frikisdelabici.com\/site\/#website"},"primaryImageOfPage":{"@id":"https:\/\/frikisdelabici.com\/site\/this-season-on-zwift-descubre-sus-novedades-y-celebra-los-10-anos-de-zwift\/#primaryimage"},"image":{"@id":"https:\/\/frikisdelabici.com\/site\/this-season-on-zwift-descubre-sus-novedades-y-celebra-los-10-anos-de-zwift\/#primaryimage"},"thumbnailUrl":"https:\/\/frikisdelabici.com\/site\/wp-content\/uploads\/2024\/09\/image.png","datePublished":"2024-09-04T15:00:00+00:00","dateModified":"2024-09-04T16:07:28+00:00","breadcrumb":{"@id":"https:\/\/frikisdelabici.com\/site\/this-season-on-zwift-descubre-sus-novedades-y-celebra-los-10-anos-de-zwift\/#breadcrumb"},"inLanguage":"es","potentialAction":[{"@type":"ReadAction","target":["https:\/\/frikisdelabici.com\/site\/this-season-on-zwift-descubre-sus-novedades-y-celebra-los-10-anos-de-zwift\/"]}]},{"@type":"ImageObject","inLanguage":"es","@id":"https:\/\/frikisdelabici.com\/site\/this-season-on-zwift-descubre-sus-novedades-y-celebra-los-10-anos-de-zwift\/#primaryimage","url":"https:\/\/frikisdelabici.com\/site\/wp-content\/uploads\/2024\/09\/image.png","contentUrl":"https:\/\/frikisdelabici.com\/site\/wp-content\/uploads\/2024\/09\/image.png","width":940,"height":529},{"@type":"BreadcrumbList","@id":"https:\/\/frikisdelabici.com\/site\/this-season-on-zwift-descubre-sus-novedades-y-celebra-los-10-anos-de-zwift\/#breadcrumb","itemListElement":[{"@type":"ListItem","position":1,"name":"Inicio","item":"https:\/\/frikisdelabici.com\/site\/"},{"@type":"ListItem","position":2,"name":"This season on Zwift: descubre sus novedades y celebra los 10 a\u00f1os de Zwift"}]},{"@type":"WebSite","@id":"https:\/\/frikisdelabici.com\/site\/#website","url":"https:\/\/frikisdelabici.com\/site\/","name":"frikisdelabici.com","description":"Noticias sobre ZWIFT, art\u00edculos sobre entrenamiento, carreras... de todo lo relacionado con el ciclista m\u00e1s friki","publisher":{"@id":"https:\/\/frikisdelabici.com\/site\/#\/schema\/person\/a7e0f7e0c1ecaf32b75491c779564593"},"potentialAction":[{"@type":"SearchAction","target":{"@type":"EntryPoint","urlTemplate":"https:\/\/frikisdelabici.com\/site\/?s={search_term_string}"},"query-input":{"@type":"PropertyValueSpecification","valueRequired":true,"valueName":"search_term_string"}}],"inLanguage":"es"},{"@type":["Person","Organization"],"@id":"https:\/\/frikisdelabici.com\/site\/#\/schema\/person\/a7e0f7e0c1ecaf32b75491c779564593","name":"Rub\u00e9n Fern\u00e1ndez","image":{"@type":"ImageObject","inLanguage":"es","@id":"https:\/\/frikisdelabici.com\/site\/#\/schema\/person\/image\/","url":"https:\/\/frikisdelabici.com\/site\/wp-content\/uploads\/2020\/03\/gran-fondo-san-sebastian-2017-4014569-48213-4286-1-scaled.jpg","contentUrl":"https:\/\/frikisdelabici.com\/site\/wp-content\/uploads\/2020\/03\/gran-fondo-san-sebastian-2017-4014569-48213-4286-1-scaled.jpg","width":2560,"height":1707,"caption":"Rub\u00e9n Fern\u00e1ndez"},"logo":{"@id":"https:\/\/frikisdelabici.com\/site\/#\/schema\/person\/image\/"},"url":"https:\/\/frikisdelabici.com\/site\/author\/rubenextra300\/"}]}},"_links":{"self":[{"href":"https:\/\/frikisdelabici.com\/site\/wp-json\/wp\/v2\/posts\/2336","targetHints":{"allow":["GET"]}}],"collection":[{"href":"https:\/\/frikisdelabici.com\/site\/wp-json\/wp\/v2\/posts"}],"about":[{"href":"https:\/\/frikisdelabici.com\/site\/wp-json\/wp\/v2\/types\/post"}],"author":[{"embeddable":true,"href":"https:\/\/frikisdelabici.com\/site\/wp-json\/wp\/v2\/users\/1"}],"replies":[{"embeddable":true,"href":"https:\/\/frikisdelabici.com\/site\/wp-json\/wp\/v2\/comments?post=2336"}],"version-history":[{"count":1,"href":"https:\/\/frikisdelabici.com\/site\/wp-json\/wp\/v2\/posts\/2336\/revisions"}],"predecessor-version":[{"id":2354,"href":"https:\/\/frikisdelabici.com\/site\/wp-json\/wp\/v2\/posts\/2336\/revisions\/2354"}],"wp:featuredmedia":[{"embeddable":true,"href":"https:\/\/frikisdelabici.com\/site\/wp-json\/wp\/v2\/media\/2338"}],"wp:attachment":[{"href":"https:\/\/frikisdelabici.com\/site\/wp-json\/wp\/v2\/media?parent=2336"}],"wp:term":[{"taxonomy":"category","embeddable":true,"href":"https:\/\/frikisdelabici.com\/site\/wp-json\/wp\/v2\/categories?post=2336"},{"taxonomy":"post_tag","embeddable":true,"href":"https:\/\/frikisdelabici.com\/site\/wp-json\/wp\/v2\/tags?post=2336"},{"taxonomy":"series","embeddable":true,"href":"https:\/\/frikisdelabici.com\/site\/wp-json\/wp\/v2\/series?post=2336"}],"curies":[{"name":"wp","href":"https:\/\/api.w.org\/{rel}","templated":true}]}}