{"id":2355,"date":"2024-09-06T08:00:00","date_gmt":"2024-09-06T06:00:00","guid":{"rendered":"https:\/\/frikisdelabici.com\/site\/?p=2355"},"modified":"2024-09-05T13:02:11","modified_gmt":"2024-09-05T11:02:11","slug":"podcast-sobre-ciclismo-capo-abierto-3a-temporada","status":"publish","type":"post","link":"https:\/\/frikisdelabici.com\/site\/podcast-sobre-ciclismo-capo-abierto-3a-temporada\/","title":{"rendered":"Cap\u00f3 Abierto: 3\u00aa temporada"},"content":{"rendered":"\n<h2 class=\"wp-block-heading\">Retomamos nuestro podcast de ciclismo<\/h2>\n\n\n<div class=\"wp-block-image\">\n<figure class=\"alignright size-large is-resized\"><img decoding=\"async\" width=\"960\" height=\"720\" data-src=\"https:\/\/frikisdelabici.com\/site\/wp-content\/uploads\/2024\/09\/image-13-edited.png\" alt=\"Goyini y Rub\u00e9n durante sus vacaciones\" class=\"wp-image-2375 lazyload\" style=\"--smush-placeholder-width: 960px; --smush-placeholder-aspect-ratio: 960\/720;width:259px;height:auto\" data-srcset=\"https:\/\/frikisdelabici.com\/site\/wp-content\/uploads\/2024\/09\/image-13-edited.png 960w, https:\/\/frikisdelabici.com\/site\/wp-content\/uploads\/2024\/09\/image-13-edited-300x225.png 300w, https:\/\/frikisdelabici.com\/site\/wp-content\/uploads\/2024\/09\/image-13-edited-768x576.png 768w\" data-sizes=\"(max-width: 960px) 100vw, 960px\" src=\"data:image\/svg+xml;base64,PHN2ZyB3aWR0aD0iMSIgaGVpZ2h0PSIxIiB4bWxucz0iaHR0cDovL3d3dy53My5vcmcvMjAwMC9zdmciPjwvc3ZnPg==\" \/><figcaption class=\"wp-element-caption\"><em><sub>Goyini y El Friki durante su descanso estival<\/sub><\/em><\/figcaption><\/figure>\n<\/div>\n\n\n<p>Est\u00e1 confirmado. Tras un merecid\u00edsimo descanso, los chicos del podcast sobre ciclismo<em> <a href=\"\/site\/series\/capo-abierto\/\">Cap\u00f3 Abierto<\/a><\/em> retoman su programa de manera regular desde el pr\u00f3ximo <mark style=\"background-color:rgba(0, 0, 0, 0)\" class=\"has-inline-color has-vivid-red-color\"><strong>lunes 16 de septiembre<\/strong>.<\/mark> Tras duras e intensas negociaciones (s\u00f3lo comparables al fichaje de Ronaldo por parte del Real Madrid), Rakytin ha firmado por una temporada m\u00e1s. El resto del equipo ten\u00edan a\u00fan contrato en vigor por lo que todo est\u00e1 ya listo para comenzar.<\/p>\n\n\n\n<p>As\u00ed pues, <strong>Ana Dillana, Goyini, Rakytin y Rub\u00e9n Fern\u00e1ndez \u00abEl Friki\u00bb<\/strong> estar\u00e1n un a\u00f1o m\u00e1s detr\u00e1s de los micr\u00f3fonos tratando de informaros, ayudaros, amenizaros y mineralizaros.<\/p>\n\n\n\n<h2 class=\"wp-block-heading\">Las condiciones de Rakytin<\/h2>\n\n\n\n<p>La intrahistoria quedar\u00e1 para alg\u00fan programa de esta nueva temporada. Ha sido un verano largo, muy largo, durante el cual <strong>David Alc\u00f3n se ha despachado con m\u00faltiples condiciones para forzar su renovaci\u00f3n<\/strong>, argumentando en todo caso que \u00ab<strong>los de BiciLab est\u00e1n esperando una respuesta por mi parte<\/strong>\u00ab.<\/p>\n\n\n\n<p>Si bien es cierto que la mayor parte de los detalles no pueden ser publicados por el bien del equipo, algunas de sus exigencias fueron:<\/p>\n\n\n<div class=\"wp-block-image\">\n<figure class=\"alignright size-full is-resized\"><img decoding=\"async\" width=\"392\" height=\"199\" data-src=\"https:\/\/frikisdelabici.com\/site\/wp-content\/uploads\/2024\/09\/image-12.png\" alt=\"Rakytin en el podcast\" class=\"wp-image-2359 lazyload\" style=\"--smush-placeholder-width: 392px; --smush-placeholder-aspect-ratio: 392\/199;width:384px;height:auto\" data-srcset=\"https:\/\/frikisdelabici.com\/site\/wp-content\/uploads\/2024\/09\/image-12.png 392w, https:\/\/frikisdelabici.com\/site\/wp-content\/uploads\/2024\/09\/image-12-300x152.png 300w\" data-sizes=\"(max-width: 392px) 100vw, 392px\" src=\"data:image\/svg+xml;base64,PHN2ZyB3aWR0aD0iMSIgaGVpZ2h0PSIxIiB4bWxucz0iaHR0cDovL3d3dy53My5vcmcvMjAwMC9zdmciPjwvc3ZnPg==\" \/><figcaption class=\"wp-element-caption\"><em><sup>Rakytin durante las negociaciones<\/sup><\/em><\/figcaption><\/figure>\n<\/div>\n\n\n<ul class=\"wp-block-list\">\n<li><strong>Suministro ilimitado de tabaco<\/strong> americano para poder fumar durante el programa<\/li>\n\n\n\n<li><strong>Incluir <\/strong>como integrante y parte del programa<strong> a su cu\u00f1ado Kuljabbi<\/strong><\/li>\n\n\n\n<li>5 cajas de <strong>botellines<\/strong><\/li>\n\n\n\n<li>Una <strong>secci\u00f3n propia sobre kalimotxo<\/strong> 70\/30 palentino<\/li>\n<\/ul>\n\n\n\n<p>Teniendo en cuenta el car\u00e1cter de sus peticiones, quedar\u00e1 en la privacidad de las negociaciones cu\u00e1les de estas condiciones han sido aceptadas por parte de la Producci\u00f3n del programa.<\/p>\n\n\n\n<p><\/p>\n\n\n\n<h2 class=\"wp-block-heading\">Novedades<\/h2>\n\n\n\n<p>Como cualquier programa de radio, TV o podcast, hay que ir incluyendo cosas nuevas para no anclarse y someter a la rutina a los seguidores. Es por ello que el equipo pretende aportar nuevas secciones y mejoras dentro del plano t\u00e9cnico que hagan m\u00e1s atractivo el show. Aunque a lo largo de la temporada se pondr\u00e1n en pr\u00e1ctica todas las ideas m\u00e1s absurdas que se les ocurran, de inicio \u00e9stas son algunas de las novedades:<\/p>\n\n\n\n<ul class=\"wp-block-list\">\n<li><strong><em>El consultorio<\/em><\/strong>. Para esto te necesitamos a ti. Queremos abrir al p\u00fablico la opci\u00f3n de escuchar su voz en el programa y trasladarnos sus preguntas, inquietudes, an\u00e9cdotas&#8230; cualquier cosa que quieras que comentemos. Por supuesto pondremos tu audio en directo. M\u00e1s abajo tienes las diferentes maneras de hacernos llegar tus audios.<\/li>\n\n\n\n<li><strong><em>La Goyinipedia<\/em><\/strong>. Bueno, si nos escuchas habitualmente habr\u00e1s comprobado que Goyini es una enciclopedia con patas en muchos sentidos, pero especialmente en ciclismo indoor. Cada semana procuraremos contar curiosidades respecto a este emergente universo.<\/li>\n\n\n\n<li><strong><em>El anecdotario<\/em><\/strong>. En esta secci\u00f3n trataremos de ir contando nuestras an\u00e9cdotas (de ciclismo o no) que os puedan ser de utilidad, divertidas, o en las que pod\u00e1is sentiros identificados.<\/li>\n\n\n\n<li><strong>Mejoras dentro del plano t\u00e9cnico<\/strong>, o eso creemos. El Friki se ha comprado un aparato en Aliexpress lleno de botones de pl\u00e1stico y amenaza con usarlo.<\/li>\n\n\n\n<li>Sin dejar de lado <strong>entrevistas <\/strong>y dem\u00e1s cositas que ir\u00e9is viendo poco a poco&#8230;<\/li>\n<\/ul>\n\n\n\n<p>Recordad que pod\u00e9is seguir informados:<\/p>\n\n\n\n<p>&#8211; Instagram: <a>@capoabierto<\/a><br>&#8211; Telegram: <a href=\"https:\/\/t.me\/+dXZmzTiZI7AwMDdk\" target=\"_blank\" rel=\"noreferrer noopener\">https:\/\/t.me\/+dXZmzTiZI7AwMDdk<\/a><\/p>\n\n\n\n<p>Pod\u00e9is vernos en directo cada lunes alrededor de las 20h en:<\/p>\n\n\n\n<p>&#8211; Youtube: <a href=\"https:\/\/www.youtube.com\/@frikisdelabici\" target=\"_blank\" rel=\"noreferrer noopener\">https:\/\/www.youtube.com\/@frikisdelabici<\/a><br>&#8211; Twitch: <a href=\"https:\/\/www.twitch.tv\/petazetateam\" target=\"_blank\" rel=\"noreferrer noopener\">https:\/\/www.twitch.tv\/petazetateam<\/a><\/p>\n\n\n\n<p>O si nos quer\u00e9is escuchar en riguroso diferido:<\/p>\n\n\n\n<p>&#8211; Estamos en las principales plataformas de podcast (<a href=\"https:\/\/open.spotify.com\/show\/3NfjQuEcWaUxLcblYruolC?si=dcbe450227ec4f26\">Spotify<\/a>, Apple Podcast, Amazon Music, <a href=\"https:\/\/go.ivoox.com\/sq\/1684704\">Ivoox<\/a>, &#8230;)<\/p>\n\n\n\n<p><strong>Env\u00edanos tus audios<\/strong> por mensaje directo <strong>a nuestra cuenta de Instagram o por Telegram<\/strong> a @rubenextra300<\/p>\n\n\n\n<p><strong>\u00a1Paz y amor!<\/strong><\/p>\n\n\n<div class=\"wp-block-image\">\n<figure class=\"aligncenter size-large is-resized\"><img decoding=\"async\" width=\"1024\" height=\"576\" data-src=\"https:\/\/frikisdelabici.com\/site\/wp-content\/uploads\/2024\/09\/image-15-1024x576.png\" alt=\"Integrantes del podcast Cap\u00f3 Abierto sobre ciclismo\" class=\"wp-image-2366 lazyload\" style=\"--smush-placeholder-width: 1024px; --smush-placeholder-aspect-ratio: 1024\/576;width:839px;height:auto\" data-srcset=\"https:\/\/frikisdelabici.com\/site\/wp-content\/uploads\/2024\/09\/image-15-1024x576.png 1024w, https:\/\/frikisdelabici.com\/site\/wp-content\/uploads\/2024\/09\/image-15-300x169.png 300w, https:\/\/frikisdelabici.com\/site\/wp-content\/uploads\/2024\/09\/image-15-768x432.png 768w, https:\/\/frikisdelabici.com\/site\/wp-content\/uploads\/2024\/09\/image-15.png 1280w\" data-sizes=\"(max-width: 1024px) 100vw, 1024px\" src=\"data:image\/svg+xml;base64,PHN2ZyB3aWR0aD0iMSIgaGVpZ2h0PSIxIiB4bWxucz0iaHR0cDovL3d3dy53My5vcmcvMjAwMC9zdmciPjwvc3ZnPg==\" \/><\/figure>\n<\/div>","protected":false},"excerpt":{"rendered":"<p>Retomamos nuestro podcast de ciclismo Est\u00e1 confirmado. Tras un merecid\u00edsimo descanso, los chicos del podcast sobre ciclismo Cap\u00f3 Abierto retoman su programa de manera regular desde el pr\u00f3ximo lunes 16 de septiembre. Tras duras e intensas negociaciones (s\u00f3lo comparables al fichaje de Ronaldo por parte del Real Madrid), Rakytin ha firmado por una temporada m\u00e1s&#8230;.<\/p>\n","protected":false},"author":1,"featured_media":2373,"comment_status":"open","ping_status":"open","sticky":false,"template":"","format":"standard","meta":{"footnotes":""},"categories":[373],"tags":[341,6,338,462,339,353,469,268,20],"series":[],"class_list":["post-2355","post","type-post","status-publish","format-standard","has-post-thumbnail","hentry","category-capo-abierto","tag-capo-abierto","tag-ciclismo","tag-ciclismo-indoor","tag-cicloturismo","tag-esports","tag-podcast","tag-radio","tag-rodillo","tag-zwift-en-espanol"],"yoast_head":"<!-- This site is optimized with the Yoast SEO Premium plugin v18.4 (Yoast SEO v26.7) - https:\/\/yoast.com\/wordpress\/plugins\/seo\/ -->\n<title>Podcast sobre ciclismo - Cap\u00f3 Abierto: 3\u00aa temporada - frikisdelabici.com<\/title>\n<meta name=\"description\" content=\"Cap\u00f3 abierto, el podcast de ciclismo m\u00e1s ameno en espa\u00f1ol, comienza su tercera temporada con unas cuantas novedades. No te lo pierdas...\" \/>\n<meta name=\"robots\" content=\"index, follow, max-snippet:-1, max-image-preview:large, max-video-preview:-1\" \/>\n<link rel=\"canonical\" href=\"https:\/\/frikisdelabici.com\/site\/podcast-sobre-ciclismo-capo-abierto-3a-temporada\/\" \/>\n<meta property=\"og:locale\" content=\"es_ES\" \/>\n<meta property=\"og:type\" content=\"article\" \/>\n<meta property=\"og:title\" content=\"Cap\u00f3 Abierto: 3\u00aa temporada\" \/>\n<meta property=\"og:description\" content=\"Cap\u00f3 abierto, el podcast de ciclismo m\u00e1s ameno en espa\u00f1ol, comienza su tercera temporada con unas cuantas novedades. No te lo pierdas...\" \/>\n<meta property=\"og:url\" content=\"https:\/\/frikisdelabici.com\/site\/podcast-sobre-ciclismo-capo-abierto-3a-temporada\/\" \/>\n<meta property=\"og:site_name\" content=\"frikisdelabici.com\" \/>\n<meta property=\"article:published_time\" content=\"2024-09-06T06:00:00+00:00\" \/>\n<meta property=\"og:image\" content=\"https:\/\/frikisdelabici.com\/site\/wp-content\/uploads\/2024\/09\/image-16-1024x588.png\" \/>\n\t<meta property=\"og:image:width\" content=\"1024\" \/>\n\t<meta property=\"og:image:height\" content=\"588\" \/>\n\t<meta property=\"og:image:type\" content=\"image\/png\" \/>\n<meta name=\"author\" content=\"Rub\u00e9n Fern\u00e1ndez\" \/>\n<meta name=\"twitter:card\" content=\"summary_large_image\" \/>\n<meta name=\"twitter:label1\" content=\"Escrito por\" \/>\n\t<meta name=\"twitter:data1\" content=\"Rub\u00e9n Fern\u00e1ndez\" \/>\n\t<meta name=\"twitter:label2\" content=\"Tiempo de lectura\" \/>\n\t<meta name=\"twitter:data2\" content=\"4 minutos\" \/>\n<script type=\"application\/ld+json\" class=\"yoast-schema-graph\">{\"@context\":\"https:\/\/schema.org\",\"@graph\":[{\"@type\":\"Article\",\"@id\":\"https:\/\/frikisdelabici.com\/site\/podcast-sobre-ciclismo-capo-abierto-3a-temporada\/#article\",\"isPartOf\":{\"@id\":\"https:\/\/frikisdelabici.com\/site\/podcast-sobre-ciclismo-capo-abierto-3a-temporada\/\"},\"author\":{\"name\":\"Rub\u00e9n Fern\u00e1ndez\",\"@id\":\"https:\/\/frikisdelabici.com\/site\/#\/schema\/person\/a7e0f7e0c1ecaf32b75491c779564593\"},\"headline\":\"Cap\u00f3 Abierto: 3\u00aa temporada\",\"datePublished\":\"2024-09-06T06:00:00+00:00\",\"mainEntityOfPage\":{\"@id\":\"https:\/\/frikisdelabici.com\/site\/podcast-sobre-ciclismo-capo-abierto-3a-temporada\/\"},\"wordCount\":604,\"commentCount\":0,\"publisher\":{\"@id\":\"https:\/\/frikisdelabici.com\/site\/#\/schema\/person\/a7e0f7e0c1ecaf32b75491c779564593\"},\"image\":{\"@id\":\"https:\/\/frikisdelabici.com\/site\/podcast-sobre-ciclismo-capo-abierto-3a-temporada\/#primaryimage\"},\"thumbnailUrl\":\"https:\/\/frikisdelabici.com\/site\/wp-content\/uploads\/2024\/09\/image-16.png\",\"keywords\":[\"capo abierto\",\"ciclismo\",\"ciclismo indoor\",\"cicloturismo\",\"esports\",\"podcast\",\"radio\",\"rodillo\",\"zwift en espa\u00f1ol\"],\"articleSection\":[\"Cap\u00f3 Abierto\"],\"inLanguage\":\"es\",\"potentialAction\":[{\"@type\":\"CommentAction\",\"name\":\"Comment\",\"target\":[\"https:\/\/frikisdelabici.com\/site\/podcast-sobre-ciclismo-capo-abierto-3a-temporada\/#respond\"]}]},{\"@type\":\"WebPage\",\"@id\":\"https:\/\/frikisdelabici.com\/site\/podcast-sobre-ciclismo-capo-abierto-3a-temporada\/\",\"url\":\"https:\/\/frikisdelabici.com\/site\/podcast-sobre-ciclismo-capo-abierto-3a-temporada\/\",\"name\":\"Podcast sobre ciclismo - Cap\u00f3 Abierto: 3\u00aa temporada - frikisdelabici.com\",\"isPartOf\":{\"@id\":\"https:\/\/frikisdelabici.com\/site\/#website\"},\"primaryImageOfPage\":{\"@id\":\"https:\/\/frikisdelabici.com\/site\/podcast-sobre-ciclismo-capo-abierto-3a-temporada\/#primaryimage\"},\"image\":{\"@id\":\"https:\/\/frikisdelabici.com\/site\/podcast-sobre-ciclismo-capo-abierto-3a-temporada\/#primaryimage\"},\"thumbnailUrl\":\"https:\/\/frikisdelabici.com\/site\/wp-content\/uploads\/2024\/09\/image-16.png\",\"datePublished\":\"2024-09-06T06:00:00+00:00\",\"description\":\"Cap\u00f3 abierto, el podcast de ciclismo m\u00e1s ameno en espa\u00f1ol, comienza su tercera temporada con unas cuantas novedades. No te lo pierdas...\",\"breadcrumb\":{\"@id\":\"https:\/\/frikisdelabici.com\/site\/podcast-sobre-ciclismo-capo-abierto-3a-temporada\/#breadcrumb\"},\"inLanguage\":\"es\",\"potentialAction\":[{\"@type\":\"ReadAction\",\"target\":[\"https:\/\/frikisdelabici.com\/site\/podcast-sobre-ciclismo-capo-abierto-3a-temporada\/\"]}]},{\"@type\":\"ImageObject\",\"inLanguage\":\"es\",\"@id\":\"https:\/\/frikisdelabici.com\/site\/podcast-sobre-ciclismo-capo-abierto-3a-temporada\/#primaryimage\",\"url\":\"https:\/\/frikisdelabici.com\/site\/wp-content\/uploads\/2024\/09\/image-16.png\",\"contentUrl\":\"https:\/\/frikisdelabici.com\/site\/wp-content\/uploads\/2024\/09\/image-16.png\",\"width\":1891,\"height\":1086,\"caption\":\"Equipo de Cap\u00f3 Abierto durante la retransmisi\u00f3n del mundial UCI de eSports en Movistar Riders\"},{\"@type\":\"BreadcrumbList\",\"@id\":\"https:\/\/frikisdelabici.com\/site\/podcast-sobre-ciclismo-capo-abierto-3a-temporada\/#breadcrumb\",\"itemListElement\":[{\"@type\":\"ListItem\",\"position\":1,\"name\":\"Inicio\",\"item\":\"https:\/\/frikisdelabici.com\/site\/\"},{\"@type\":\"ListItem\",\"position\":2,\"name\":\"Cap\u00f3 Abierto: 3\u00aa temporada\"}]},{\"@type\":\"WebSite\",\"@id\":\"https:\/\/frikisdelabici.com\/site\/#website\",\"url\":\"https:\/\/frikisdelabici.com\/site\/\",\"name\":\"frikisdelabici.com\",\"description\":\"Noticias sobre ZWIFT, art\u00edculos sobre entrenamiento, carreras... de todo lo relacionado con el ciclista m\u00e1s friki\",\"publisher\":{\"@id\":\"https:\/\/frikisdelabici.com\/site\/#\/schema\/person\/a7e0f7e0c1ecaf32b75491c779564593\"},\"potentialAction\":[{\"@type\":\"SearchAction\",\"target\":{\"@type\":\"EntryPoint\",\"urlTemplate\":\"https:\/\/frikisdelabici.com\/site\/?s={search_term_string}\"},\"query-input\":{\"@type\":\"PropertyValueSpecification\",\"valueRequired\":true,\"valueName\":\"search_term_string\"}}],\"inLanguage\":\"es\"},{\"@type\":[\"Person\",\"Organization\"],\"@id\":\"https:\/\/frikisdelabici.com\/site\/#\/schema\/person\/a7e0f7e0c1ecaf32b75491c779564593\",\"name\":\"Rub\u00e9n Fern\u00e1ndez\",\"image\":{\"@type\":\"ImageObject\",\"inLanguage\":\"es\",\"@id\":\"https:\/\/frikisdelabici.com\/site\/#\/schema\/person\/image\/\",\"url\":\"https:\/\/frikisdelabici.com\/site\/wp-content\/uploads\/2020\/03\/gran-fondo-san-sebastian-2017-4014569-48213-4286-1-scaled.jpg\",\"contentUrl\":\"https:\/\/frikisdelabici.com\/site\/wp-content\/uploads\/2020\/03\/gran-fondo-san-sebastian-2017-4014569-48213-4286-1-scaled.jpg\",\"width\":2560,\"height\":1707,\"caption\":\"Rub\u00e9n Fern\u00e1ndez\"},\"logo\":{\"@id\":\"https:\/\/frikisdelabici.com\/site\/#\/schema\/person\/image\/\"},\"url\":\"https:\/\/frikisdelabici.com\/site\/author\/rubenextra300\/\"}]}<\/script>\n<!-- \/ Yoast SEO Premium plugin. -->","yoast_head_json":{"title":"Podcast sobre ciclismo - Cap\u00f3 Abierto: 3\u00aa temporada - frikisdelabici.com","description":"Cap\u00f3 abierto, el podcast de ciclismo m\u00e1s ameno en espa\u00f1ol, comienza su tercera temporada con unas cuantas novedades. No te lo pierdas...","robots":{"index":"index","follow":"follow","max-snippet":"max-snippet:-1","max-image-preview":"max-image-preview:large","max-video-preview":"max-video-preview:-1"},"canonical":"https:\/\/frikisdelabici.com\/site\/podcast-sobre-ciclismo-capo-abierto-3a-temporada\/","og_locale":"es_ES","og_type":"article","og_title":"Cap\u00f3 Abierto: 3\u00aa temporada","og_description":"Cap\u00f3 abierto, el podcast de ciclismo m\u00e1s ameno en espa\u00f1ol, comienza su tercera temporada con unas cuantas novedades. No te lo pierdas...","og_url":"https:\/\/frikisdelabici.com\/site\/podcast-sobre-ciclismo-capo-abierto-3a-temporada\/","og_site_name":"frikisdelabici.com","article_published_time":"2024-09-06T06:00:00+00:00","og_image":[{"width":1024,"height":588,"url":"https:\/\/frikisdelabici.com\/site\/wp-content\/uploads\/2024\/09\/image-16-1024x588.png","type":"image\/png"}],"author":"Rub\u00e9n Fern\u00e1ndez","twitter_card":"summary_large_image","twitter_misc":{"Escrito por":"Rub\u00e9n Fern\u00e1ndez","Tiempo de lectura":"4 minutos"},"schema":{"@context":"https:\/\/schema.org","@graph":[{"@type":"Article","@id":"https:\/\/frikisdelabici.com\/site\/podcast-sobre-ciclismo-capo-abierto-3a-temporada\/#article","isPartOf":{"@id":"https:\/\/frikisdelabici.com\/site\/podcast-sobre-ciclismo-capo-abierto-3a-temporada\/"},"author":{"name":"Rub\u00e9n Fern\u00e1ndez","@id":"https:\/\/frikisdelabici.com\/site\/#\/schema\/person\/a7e0f7e0c1ecaf32b75491c779564593"},"headline":"Cap\u00f3 Abierto: 3\u00aa temporada","datePublished":"2024-09-06T06:00:00+00:00","mainEntityOfPage":{"@id":"https:\/\/frikisdelabici.com\/site\/podcast-sobre-ciclismo-capo-abierto-3a-temporada\/"},"wordCount":604,"commentCount":0,"publisher":{"@id":"https:\/\/frikisdelabici.com\/site\/#\/schema\/person\/a7e0f7e0c1ecaf32b75491c779564593"},"image":{"@id":"https:\/\/frikisdelabici.com\/site\/podcast-sobre-ciclismo-capo-abierto-3a-temporada\/#primaryimage"},"thumbnailUrl":"https:\/\/frikisdelabici.com\/site\/wp-content\/uploads\/2024\/09\/image-16.png","keywords":["capo abierto","ciclismo","ciclismo indoor","cicloturismo","esports","podcast","radio","rodillo","zwift en espa\u00f1ol"],"articleSection":["Cap\u00f3 Abierto"],"inLanguage":"es","potentialAction":[{"@type":"CommentAction","name":"Comment","target":["https:\/\/frikisdelabici.com\/site\/podcast-sobre-ciclismo-capo-abierto-3a-temporada\/#respond"]}]},{"@type":"WebPage","@id":"https:\/\/frikisdelabici.com\/site\/podcast-sobre-ciclismo-capo-abierto-3a-temporada\/","url":"https:\/\/frikisdelabici.com\/site\/podcast-sobre-ciclismo-capo-abierto-3a-temporada\/","name":"Podcast sobre ciclismo - Cap\u00f3 Abierto: 3\u00aa temporada - frikisdelabici.com","isPartOf":{"@id":"https:\/\/frikisdelabici.com\/site\/#website"},"primaryImageOfPage":{"@id":"https:\/\/frikisdelabici.com\/site\/podcast-sobre-ciclismo-capo-abierto-3a-temporada\/#primaryimage"},"image":{"@id":"https:\/\/frikisdelabici.com\/site\/podcast-sobre-ciclismo-capo-abierto-3a-temporada\/#primaryimage"},"thumbnailUrl":"https:\/\/frikisdelabici.com\/site\/wp-content\/uploads\/2024\/09\/image-16.png","datePublished":"2024-09-06T06:00:00+00:00","description":"Cap\u00f3 abierto, el podcast de ciclismo m\u00e1s ameno en espa\u00f1ol, comienza su tercera temporada con unas cuantas novedades. No te lo pierdas...","breadcrumb":{"@id":"https:\/\/frikisdelabici.com\/site\/podcast-sobre-ciclismo-capo-abierto-3a-temporada\/#breadcrumb"},"inLanguage":"es","potentialAction":[{"@type":"ReadAction","target":["https:\/\/frikisdelabici.com\/site\/podcast-sobre-ciclismo-capo-abierto-3a-temporada\/"]}]},{"@type":"ImageObject","inLanguage":"es","@id":"https:\/\/frikisdelabici.com\/site\/podcast-sobre-ciclismo-capo-abierto-3a-temporada\/#primaryimage","url":"https:\/\/frikisdelabici.com\/site\/wp-content\/uploads\/2024\/09\/image-16.png","contentUrl":"https:\/\/frikisdelabici.com\/site\/wp-content\/uploads\/2024\/09\/image-16.png","width":1891,"height":1086,"caption":"Equipo de Cap\u00f3 Abierto durante la retransmisi\u00f3n del mundial UCI de eSports en Movistar Riders"},{"@type":"BreadcrumbList","@id":"https:\/\/frikisdelabici.com\/site\/podcast-sobre-ciclismo-capo-abierto-3a-temporada\/#breadcrumb","itemListElement":[{"@type":"ListItem","position":1,"name":"Inicio","item":"https:\/\/frikisdelabici.com\/site\/"},{"@type":"ListItem","position":2,"name":"Cap\u00f3 Abierto: 3\u00aa temporada"}]},{"@type":"WebSite","@id":"https:\/\/frikisdelabici.com\/site\/#website","url":"https:\/\/frikisdelabici.com\/site\/","name":"frikisdelabici.com","description":"Noticias sobre ZWIFT, art\u00edculos sobre entrenamiento, carreras... de todo lo relacionado con el ciclista m\u00e1s friki","publisher":{"@id":"https:\/\/frikisdelabici.com\/site\/#\/schema\/person\/a7e0f7e0c1ecaf32b75491c779564593"},"potentialAction":[{"@type":"SearchAction","target":{"@type":"EntryPoint","urlTemplate":"https:\/\/frikisdelabici.com\/site\/?s={search_term_string}"},"query-input":{"@type":"PropertyValueSpecification","valueRequired":true,"valueName":"search_term_string"}}],"inLanguage":"es"},{"@type":["Person","Organization"],"@id":"https:\/\/frikisdelabici.com\/site\/#\/schema\/person\/a7e0f7e0c1ecaf32b75491c779564593","name":"Rub\u00e9n Fern\u00e1ndez","image":{"@type":"ImageObject","inLanguage":"es","@id":"https:\/\/frikisdelabici.com\/site\/#\/schema\/person\/image\/","url":"https:\/\/frikisdelabici.com\/site\/wp-content\/uploads\/2020\/03\/gran-fondo-san-sebastian-2017-4014569-48213-4286-1-scaled.jpg","contentUrl":"https:\/\/frikisdelabici.com\/site\/wp-content\/uploads\/2020\/03\/gran-fondo-san-sebastian-2017-4014569-48213-4286-1-scaled.jpg","width":2560,"height":1707,"caption":"Rub\u00e9n Fern\u00e1ndez"},"logo":{"@id":"https:\/\/frikisdelabici.com\/site\/#\/schema\/person\/image\/"},"url":"https:\/\/frikisdelabici.com\/site\/author\/rubenextra300\/"}]}},"_links":{"self":[{"href":"https:\/\/frikisdelabici.com\/site\/wp-json\/wp\/v2\/posts\/2355","targetHints":{"allow":["GET"]}}],"collection":[{"href":"https:\/\/frikisdelabici.com\/site\/wp-json\/wp\/v2\/posts"}],"about":[{"href":"https:\/\/frikisdelabici.com\/site\/wp-json\/wp\/v2\/types\/post"}],"author":[{"embeddable":true,"href":"https:\/\/frikisdelabici.com\/site\/wp-json\/wp\/v2\/users\/1"}],"replies":[{"embeddable":true,"href":"https:\/\/frikisdelabici.com\/site\/wp-json\/wp\/v2\/comments?post=2355"}],"version-history":[{"count":24,"href":"https:\/\/frikisdelabici.com\/site\/wp-json\/wp\/v2\/posts\/2355\/revisions"}],"predecessor-version":[{"id":2387,"href":"https:\/\/frikisdelabici.com\/site\/wp-json\/wp\/v2\/posts\/2355\/revisions\/2387"}],"wp:featuredmedia":[{"embeddable":true,"href":"https:\/\/frikisdelabici.com\/site\/wp-json\/wp\/v2\/media\/2373"}],"wp:attachment":[{"href":"https:\/\/frikisdelabici.com\/site\/wp-json\/wp\/v2\/media?parent=2355"}],"wp:term":[{"taxonomy":"category","embeddable":true,"href":"https:\/\/frikisdelabici.com\/site\/wp-json\/wp\/v2\/categories?post=2355"},{"taxonomy":"post_tag","embeddable":true,"href":"https:\/\/frikisdelabici.com\/site\/wp-json\/wp\/v2\/tags?post=2355"},{"taxonomy":"series","embeddable":true,"href":"https:\/\/frikisdelabici.com\/site\/wp-json\/wp\/v2\/series?post=2355"}],"curies":[{"name":"wp","href":"https:\/\/api.w.org\/{rel}","templated":true}]}}