{"id":2404,"date":"2024-09-26T18:27:46","date_gmt":"2024-09-26T16:27:46","guid":{"rendered":"https:\/\/frikisdelabici.com\/site\/?p=2404"},"modified":"2024-09-26T18:27:47","modified_gmt":"2024-09-26T16:27:47","slug":"coros-lanza-una-edicion-especial-del-coros-pace-3-para-celebrar-su-colaboracion-con-el-maraton-de-valencia","status":"publish","type":"post","link":"https:\/\/frikisdelabici.com\/site\/coros-lanza-una-edicion-especial-del-coros-pace-3-para-celebrar-su-colaboracion-con-el-maraton-de-valencia\/","title":{"rendered":"COROS lanza una edici\u00f3n especial del COROS PACE 3 para celebrar su colaboraci\u00f3n con el Marat\u00f3n de Valencia"},"content":{"rendered":"\n<p><strong>IRVINE, California, Jueves 26 de septiembre de 2024,<\/strong> COROS, fabricante de wearables deportivos GPS y software de entrenamiento para atletas de alto rendimiento y de aventura, lanza hoy una edici\u00f3n especial del <a href=\"http:\/\/es.coros.com\/pace3valencia\">COROS PACE 3<\/a> para celebrar nuestra colaboraci\u00f3n con el emblem\u00e1tico Marat\u00f3n de Valencia. Esta edici\u00f3n especial del COROS PACE 3 es un homenaje a la ciudad donde convergen el dise\u00f1o y la velocidad. El Marat\u00f3n de Valencia, conocido por sus tiempos vertiginosos y sus impresionantes paisajes, es el lugar perfecto para establecer tu mejor marca personal. Pero independientemente de si vas a estar en la l\u00ednea de salida el d\u00eda de la carrera, el COROS PACE 3 Edici\u00f3n Valencia es el compa\u00f1ero ideal para cualquier corredor que quiera superar su potencial.<\/p>\n\n\n\n<p><strong>Un homenaje a la ciudad<\/strong><\/p>\n\n\n\n<p>La combinaci\u00f3n de blanco roto y azul intenso que define al COROS PACE 3 Edici\u00f3n Valencia se inspira en la llamativa arquitectura y las brillantes aguas que animan a los corredores a lo largo del recorrido del Marat\u00f3n de Valencia. Inspirado en uno de los maratones m\u00e1s r\u00e1pidos del mundo, el COROS PACE 3 Edici\u00f3n Valencia est\u00e1 hecho para ser veloz. Con s\u00f3lo 39 gramos en su versi\u00f3n de silicona, su dise\u00f1o ultraligero y de perfil bajo no te frenar\u00e1, permiti\u00e9ndote perseguir tu mejor marca personal.<\/p>\n\n\n\n<p>COROS PACE 3 Edici\u00f3n Valencia incluye una correa de silicona flexible para un ajuste seguro y resistente al sudor, ideal para corredores implacables. Tambi\u00e9n puedes optar por la correa de nailon transpirable, que se vende por separado y ofrece una sensaci\u00f3n de ligereza y suavidad para carreras m\u00e1s largas. Ambas correas est\u00e1n dise\u00f1adas para mejorar tu experiencia de carrera, manteniendo COROS PACE 3 c\u00f3modo y seguro en cada kil\u00f3metro.<\/p>\n\n\n\n<figure class=\"wp-block-image size-full\"><img decoding=\"async\" width=\"940\" height=\"652\" data-src=\"https:\/\/frikisdelabici.com\/site\/wp-content\/uploads\/2024\/09\/image-23.png\" alt=\"\" class=\"wp-image-2408 lazyload\" data-srcset=\"https:\/\/frikisdelabici.com\/site\/wp-content\/uploads\/2024\/09\/image-23.png 940w, https:\/\/frikisdelabici.com\/site\/wp-content\/uploads\/2024\/09\/image-23-300x208.png 300w, https:\/\/frikisdelabici.com\/site\/wp-content\/uploads\/2024\/09\/image-23-768x533.png 768w\" data-sizes=\"(max-width: 940px) 100vw, 940px\" src=\"data:image\/svg+xml;base64,PHN2ZyB3aWR0aD0iMSIgaGVpZ2h0PSIxIiB4bWxucz0iaHR0cDovL3d3dy53My5vcmcvMjAwMC9zdmciPjwvc3ZnPg==\" style=\"--smush-placeholder-width: 940px; --smush-placeholder-aspect-ratio: 940\/652;\" \/><\/figure>\n\n\n\n<p><em>\u00abEl marat\u00f3n es el c\u00falmen de las carreras en asfalto y, para la mayor\u00eda de las personas, una aut\u00e9ntica actividad de ensue\u00f1o. COROS ha dise\u00f1ado el PACE 3 y la app COROS para ayudar a las personas, no solo a finalizar un marat\u00f3n, sino a alcanzar sus objetivos de carrera en todas las distancias. La asociaci\u00f3n con Valencia es especial para nosotros, porque no s\u00f3lo es un lugar hermoso, sino tambi\u00e9n un destino que los corredores de todos los niveles eligen como el lugar perfecto para alcanzar su objetivo.\u00bb Alec Duffield &#8211; Responsable de Europa en COROS<\/em><\/p>\n\n\n\n<p>Para m\u00e1s informaci\u00f3n sobre el COROS PACE 3 Edici\u00f3n Valencia, visita <a href=\"http:\/\/es.coros.com\/pace3valencia\">es.COROS.com\/pace3valencia<\/a><\/p>\n\n\n\n<p><strong>Precios y disponibilidad<\/strong><strong><\/strong><\/p>\n\n\n\n<p>EUR 249 | GBP 219 | USD 229 | CAD 329<\/p>\n\n\n\n<p>Los pedidos pueden realizarse en <a href=\"http:\/\/es.coros.com\/\">es.COROS.com<\/a>, distribuidores y minoristas autorizados de COROS y Amazon\u00ae.<\/p>\n\n\n\n<p><strong>La confianza de los mejores<\/strong><strong><\/strong><\/p>\n\n\n\n<p>El COROS PACE 3 es el reloj elegido por algunos de los mejores atletas y maratonianos m\u00e1s r\u00e1pidos del mundo, como <a href=\"https:\/\/www.instagram.com\/p\/Cz6c-LJNx2a\/?utm_source=ig_web_copy_link&amp;igsh=MzRlODBiNWFlZA==\">Eliud Kipchoge<\/a>, <a href=\"https:\/\/es.coros.com\/stories\/more-than-splits\/c\/inside-the-numbers-jakob-ingebrigtsen-5000-meter-gold-medal\">Jakob Ingebrigtsen<\/a>, el <a href=\"https:\/\/www.instagram.com\/p\/CjQyBUtPVf6\/?utm_source=ig_web_copy_link\">NN Running Team<\/a> y m\u00e1s.<\/p>\n\n\n\n<p><strong>Actualizaciones recientes<\/strong><strong><\/strong><\/p>\n\n\n\n<p>Si se ha perdido nuestros comunicados de prensa y actualizaciones m\u00e1s recientes, puede encontrarlos aqu\u00ed:<br><br><\/p>\n\n\n\n<ul class=\"wp-block-list\">\n<li><a href=\"https:\/\/es.coros.com\/stories\/latest-news\/c\/september-2024\">Actualizaci\u00f3n de funciones de septiembre de 2024<\/a>. Esta actualizaci\u00f3n incluye del seguimiento del equipamiento, control del sue\u00f1o durante todo el d\u00eda, puntuaciones de la calidad del sue\u00f1o y mucho m\u00e1s.<\/li>\n\n\n\n<li><a href=\"https:\/\/es.coros.com\/stories\/latest-news\/c\/september-2024-dura\">Actualizaci\u00f3n de las caracter\u00edsticas de DURA de septiembre de 2024 <\/a>. Esta actualizaci\u00f3n incluye p\u00e1gina de resumen de vueltas y datos de elevaci\u00f3n, lecturas de potencia en ambos lados, nuevas funciones de escalada, optimizaciones de navegaci\u00f3n y mucho m\u00e1s.<\/li>\n<\/ul>\n\n\n\n<p><strong>Sobre COROS<\/strong><\/p>\n\n\n\n<p>COROS es una empresa de tecnolog\u00eda deportiva de alto rendimiento que ayuda a los atletas a entrenarse para dar lo mejor de s\u00ed mismos.<\/p>\n\n\n\n<p>Para COROS, todo empieza al aire libre, las monta\u00f1as y un estilo de vida apasionado y activo. Combinamos hardware de alta calidad con tecnolog\u00eda innovadora para proporcionar a los atletas de resistencia el equipo en el que conf\u00edan en los entornos m\u00e1s extremos del mundo. La tecnolog\u00eda avanzada con una experiencia de usuario eficiente e intuitiva est\u00e1 en nuestra esencia. Cuando utilizas un producto COROS, sabes que est\u00e1s recibiendo una herramienta que ha sido dise\u00f1ada, probada y perfeccionada para el atleta por el atleta. Los usuarios de COROS han batido r\u00e9cords mundiales y han llegado al punto m\u00e1s alto de la tierra, llevando nuestros productos al extremo. En COROS, la creaci\u00f3n y la innovaci\u00f3n no tienen fin. Nuestros usuarios, los atletas, hacen COROS &#8211; forma parte de nuestra comunidad @COROSGlobal @corosesp en Facebook e Instagram.<\/p>\n","protected":false},"excerpt":{"rendered":"<p>IRVINE, California, Jueves 26 de septiembre de 2024, COROS, fabricante de wearables deportivos GPS y software de entrenamiento para atletas de alto rendimiento y de aventura, lanza hoy una edici\u00f3n especial del COROS PACE 3 para celebrar nuestra colaboraci\u00f3n con el emblem\u00e1tico Marat\u00f3n de Valencia. Esta edici\u00f3n especial del COROS PACE 3 es un homenaje&#8230;<\/p>\n","protected":false},"author":1,"featured_media":2406,"comment_status":"open","ping_status":"open","sticky":false,"template":"","format":"standard","meta":{"footnotes":""},"categories":[40,296],"tags":[436,476,479,478,446,480,42,477],"series":[],"class_list":["post-2404","post","type-post","status-publish","format-standard","has-post-thumbnail","hentry","category-consejos-y-utilidades","category-varios","tag-coros","tag-coros-pace","tag-deporte","tag-pace-3","tag-reloj-deportivo","tag-reloj-para-correr","tag-running","tag-smartwatch"],"yoast_head":"<!-- This site is optimized with the Yoast SEO Premium plugin v18.4 (Yoast SEO v26.7) - https:\/\/yoast.com\/wordpress\/plugins\/seo\/ -->\n<title>COROS lanza una edici\u00f3n especial del COROS PACE 3 para celebrar su colaboraci\u00f3n con el Marat\u00f3n de Valencia - frikisdelabici.com<\/title>\n<meta name=\"robots\" content=\"index, follow, max-snippet:-1, max-image-preview:large, max-video-preview:-1\" \/>\n<link rel=\"canonical\" href=\"https:\/\/frikisdelabici.com\/site\/coros-lanza-una-edicion-especial-del-coros-pace-3-para-celebrar-su-colaboracion-con-el-maraton-de-valencia\/\" \/>\n<meta property=\"og:locale\" content=\"es_ES\" \/>\n<meta property=\"og:type\" content=\"article\" \/>\n<meta property=\"og:title\" content=\"COROS lanza una edici\u00f3n especial del COROS PACE 3 para celebrar su colaboraci\u00f3n con el Marat\u00f3n de Valencia\" \/>\n<meta property=\"og:description\" content=\"IRVINE, California, Jueves 26 de septiembre de 2024, COROS, fabricante de wearables deportivos GPS y software de entrenamiento para atletas de alto rendimiento y de aventura, lanza hoy una edici\u00f3n especial del COROS PACE 3 para celebrar nuestra colaboraci\u00f3n con el emblem\u00e1tico Marat\u00f3n de Valencia. Esta edici\u00f3n especial del COROS PACE 3 es un homenaje...\" \/>\n<meta property=\"og:url\" content=\"https:\/\/frikisdelabici.com\/site\/coros-lanza-una-edicion-especial-del-coros-pace-3-para-celebrar-su-colaboracion-con-el-maraton-de-valencia\/\" \/>\n<meta property=\"og:site_name\" content=\"frikisdelabici.com\" \/>\n<meta property=\"article:published_time\" content=\"2024-09-26T16:27:46+00:00\" \/>\n<meta property=\"article:modified_time\" content=\"2024-09-26T16:27:47+00:00\" \/>\n<meta property=\"og:image\" content=\"https:\/\/frikisdelabici.com\/site\/wp-content\/uploads\/2024\/09\/image-22.png\" \/>\n\t<meta property=\"og:image:width\" content=\"940\" \/>\n\t<meta property=\"og:image:height\" content=\"627\" \/>\n\t<meta property=\"og:image:type\" content=\"image\/png\" \/>\n<meta name=\"author\" content=\"Rub\u00e9n Fern\u00e1ndez\" \/>\n<meta name=\"twitter:card\" content=\"summary_large_image\" \/>\n<meta name=\"twitter:label1\" content=\"Escrito por\" \/>\n\t<meta name=\"twitter:data1\" content=\"Rub\u00e9n Fern\u00e1ndez\" \/>\n\t<meta name=\"twitter:label2\" content=\"Tiempo de lectura\" \/>\n\t<meta name=\"twitter:data2\" content=\"4 minutos\" \/>\n<script type=\"application\/ld+json\" class=\"yoast-schema-graph\">{\"@context\":\"https:\/\/schema.org\",\"@graph\":[{\"@type\":\"Article\",\"@id\":\"https:\/\/frikisdelabici.com\/site\/coros-lanza-una-edicion-especial-del-coros-pace-3-para-celebrar-su-colaboracion-con-el-maraton-de-valencia\/#article\",\"isPartOf\":{\"@id\":\"https:\/\/frikisdelabici.com\/site\/coros-lanza-una-edicion-especial-del-coros-pace-3-para-celebrar-su-colaboracion-con-el-maraton-de-valencia\/\"},\"author\":{\"name\":\"Rub\u00e9n Fern\u00e1ndez\",\"@id\":\"https:\/\/frikisdelabici.com\/site\/#\/schema\/person\/a7e0f7e0c1ecaf32b75491c779564593\"},\"headline\":\"COROS lanza una edici\u00f3n especial del COROS PACE 3 para celebrar su colaboraci\u00f3n con el Marat\u00f3n de Valencia\",\"datePublished\":\"2024-09-26T16:27:46+00:00\",\"dateModified\":\"2024-09-26T16:27:47+00:00\",\"mainEntityOfPage\":{\"@id\":\"https:\/\/frikisdelabici.com\/site\/coros-lanza-una-edicion-especial-del-coros-pace-3-para-celebrar-su-colaboracion-con-el-maraton-de-valencia\/\"},\"wordCount\":777,\"commentCount\":0,\"publisher\":{\"@id\":\"https:\/\/frikisdelabici.com\/site\/#\/schema\/person\/a7e0f7e0c1ecaf32b75491c779564593\"},\"image\":{\"@id\":\"https:\/\/frikisdelabici.com\/site\/coros-lanza-una-edicion-especial-del-coros-pace-3-para-celebrar-su-colaboracion-con-el-maraton-de-valencia\/#primaryimage\"},\"thumbnailUrl\":\"https:\/\/frikisdelabici.com\/site\/wp-content\/uploads\/2024\/09\/image-22.png\",\"keywords\":[\"coros\",\"COROS PACE\",\"deporte\",\"pace 3\",\"reloj deportivo\",\"reloj para correr\",\"running\",\"smartwatch\"],\"articleSection\":[\"Consejos y Utilidades\",\"Varios\"],\"inLanguage\":\"es\",\"potentialAction\":[{\"@type\":\"CommentAction\",\"name\":\"Comment\",\"target\":[\"https:\/\/frikisdelabici.com\/site\/coros-lanza-una-edicion-especial-del-coros-pace-3-para-celebrar-su-colaboracion-con-el-maraton-de-valencia\/#respond\"]}]},{\"@type\":\"WebPage\",\"@id\":\"https:\/\/frikisdelabici.com\/site\/coros-lanza-una-edicion-especial-del-coros-pace-3-para-celebrar-su-colaboracion-con-el-maraton-de-valencia\/\",\"url\":\"https:\/\/frikisdelabici.com\/site\/coros-lanza-una-edicion-especial-del-coros-pace-3-para-celebrar-su-colaboracion-con-el-maraton-de-valencia\/\",\"name\":\"COROS lanza una edici\u00f3n especial del COROS PACE 3 para celebrar su colaboraci\u00f3n con el Marat\u00f3n de Valencia - frikisdelabici.com\",\"isPartOf\":{\"@id\":\"https:\/\/frikisdelabici.com\/site\/#website\"},\"primaryImageOfPage\":{\"@id\":\"https:\/\/frikisdelabici.com\/site\/coros-lanza-una-edicion-especial-del-coros-pace-3-para-celebrar-su-colaboracion-con-el-maraton-de-valencia\/#primaryimage\"},\"image\":{\"@id\":\"https:\/\/frikisdelabici.com\/site\/coros-lanza-una-edicion-especial-del-coros-pace-3-para-celebrar-su-colaboracion-con-el-maraton-de-valencia\/#primaryimage\"},\"thumbnailUrl\":\"https:\/\/frikisdelabici.com\/site\/wp-content\/uploads\/2024\/09\/image-22.png\",\"datePublished\":\"2024-09-26T16:27:46+00:00\",\"dateModified\":\"2024-09-26T16:27:47+00:00\",\"breadcrumb\":{\"@id\":\"https:\/\/frikisdelabici.com\/site\/coros-lanza-una-edicion-especial-del-coros-pace-3-para-celebrar-su-colaboracion-con-el-maraton-de-valencia\/#breadcrumb\"},\"inLanguage\":\"es\",\"potentialAction\":[{\"@type\":\"ReadAction\",\"target\":[\"https:\/\/frikisdelabici.com\/site\/coros-lanza-una-edicion-especial-del-coros-pace-3-para-celebrar-su-colaboracion-con-el-maraton-de-valencia\/\"]}]},{\"@type\":\"ImageObject\",\"inLanguage\":\"es\",\"@id\":\"https:\/\/frikisdelabici.com\/site\/coros-lanza-una-edicion-especial-del-coros-pace-3-para-celebrar-su-colaboracion-con-el-maraton-de-valencia\/#primaryimage\",\"url\":\"https:\/\/frikisdelabici.com\/site\/wp-content\/uploads\/2024\/09\/image-22.png\",\"contentUrl\":\"https:\/\/frikisdelabici.com\/site\/wp-content\/uploads\/2024\/09\/image-22.png\",\"width\":940,\"height\":627},{\"@type\":\"BreadcrumbList\",\"@id\":\"https:\/\/frikisdelabici.com\/site\/coros-lanza-una-edicion-especial-del-coros-pace-3-para-celebrar-su-colaboracion-con-el-maraton-de-valencia\/#breadcrumb\",\"itemListElement\":[{\"@type\":\"ListItem\",\"position\":1,\"name\":\"Inicio\",\"item\":\"https:\/\/frikisdelabici.com\/site\/\"},{\"@type\":\"ListItem\",\"position\":2,\"name\":\"COROS lanza una edici\u00f3n especial del COROS PACE 3 para celebrar su colaboraci\u00f3n con el Marat\u00f3n de Valencia\"}]},{\"@type\":\"WebSite\",\"@id\":\"https:\/\/frikisdelabici.com\/site\/#website\",\"url\":\"https:\/\/frikisdelabici.com\/site\/\",\"name\":\"frikisdelabici.com\",\"description\":\"Noticias sobre ZWIFT, art\u00edculos sobre entrenamiento, carreras... de todo lo relacionado con el ciclista m\u00e1s friki\",\"publisher\":{\"@id\":\"https:\/\/frikisdelabici.com\/site\/#\/schema\/person\/a7e0f7e0c1ecaf32b75491c779564593\"},\"potentialAction\":[{\"@type\":\"SearchAction\",\"target\":{\"@type\":\"EntryPoint\",\"urlTemplate\":\"https:\/\/frikisdelabici.com\/site\/?s={search_term_string}\"},\"query-input\":{\"@type\":\"PropertyValueSpecification\",\"valueRequired\":true,\"valueName\":\"search_term_string\"}}],\"inLanguage\":\"es\"},{\"@type\":[\"Person\",\"Organization\"],\"@id\":\"https:\/\/frikisdelabici.com\/site\/#\/schema\/person\/a7e0f7e0c1ecaf32b75491c779564593\",\"name\":\"Rub\u00e9n Fern\u00e1ndez\",\"image\":{\"@type\":\"ImageObject\",\"inLanguage\":\"es\",\"@id\":\"https:\/\/frikisdelabici.com\/site\/#\/schema\/person\/image\/\",\"url\":\"https:\/\/frikisdelabici.com\/site\/wp-content\/uploads\/2020\/03\/gran-fondo-san-sebastian-2017-4014569-48213-4286-1-scaled.jpg\",\"contentUrl\":\"https:\/\/frikisdelabici.com\/site\/wp-content\/uploads\/2020\/03\/gran-fondo-san-sebastian-2017-4014569-48213-4286-1-scaled.jpg\",\"width\":2560,\"height\":1707,\"caption\":\"Rub\u00e9n Fern\u00e1ndez\"},\"logo\":{\"@id\":\"https:\/\/frikisdelabici.com\/site\/#\/schema\/person\/image\/\"},\"url\":\"https:\/\/frikisdelabici.com\/site\/author\/rubenextra300\/\"}]}<\/script>\n<!-- \/ Yoast SEO Premium plugin. -->","yoast_head_json":{"title":"COROS lanza una edici\u00f3n especial del COROS PACE 3 para celebrar su colaboraci\u00f3n con el Marat\u00f3n de Valencia - frikisdelabici.com","robots":{"index":"index","follow":"follow","max-snippet":"max-snippet:-1","max-image-preview":"max-image-preview:large","max-video-preview":"max-video-preview:-1"},"canonical":"https:\/\/frikisdelabici.com\/site\/coros-lanza-una-edicion-especial-del-coros-pace-3-para-celebrar-su-colaboracion-con-el-maraton-de-valencia\/","og_locale":"es_ES","og_type":"article","og_title":"COROS lanza una edici\u00f3n especial del COROS PACE 3 para celebrar su colaboraci\u00f3n con el Marat\u00f3n de Valencia","og_description":"IRVINE, California, Jueves 26 de septiembre de 2024, COROS, fabricante de wearables deportivos GPS y software de entrenamiento para atletas de alto rendimiento y de aventura, lanza hoy una edici\u00f3n especial del COROS PACE 3 para celebrar nuestra colaboraci\u00f3n con el emblem\u00e1tico Marat\u00f3n de Valencia. Esta edici\u00f3n especial del COROS PACE 3 es un homenaje...","og_url":"https:\/\/frikisdelabici.com\/site\/coros-lanza-una-edicion-especial-del-coros-pace-3-para-celebrar-su-colaboracion-con-el-maraton-de-valencia\/","og_site_name":"frikisdelabici.com","article_published_time":"2024-09-26T16:27:46+00:00","article_modified_time":"2024-09-26T16:27:47+00:00","og_image":[{"width":940,"height":627,"url":"https:\/\/frikisdelabici.com\/site\/wp-content\/uploads\/2024\/09\/image-22.png","type":"image\/png"}],"author":"Rub\u00e9n Fern\u00e1ndez","twitter_card":"summary_large_image","twitter_misc":{"Escrito por":"Rub\u00e9n Fern\u00e1ndez","Tiempo de lectura":"4 minutos"},"schema":{"@context":"https:\/\/schema.org","@graph":[{"@type":"Article","@id":"https:\/\/frikisdelabici.com\/site\/coros-lanza-una-edicion-especial-del-coros-pace-3-para-celebrar-su-colaboracion-con-el-maraton-de-valencia\/#article","isPartOf":{"@id":"https:\/\/frikisdelabici.com\/site\/coros-lanza-una-edicion-especial-del-coros-pace-3-para-celebrar-su-colaboracion-con-el-maraton-de-valencia\/"},"author":{"name":"Rub\u00e9n Fern\u00e1ndez","@id":"https:\/\/frikisdelabici.com\/site\/#\/schema\/person\/a7e0f7e0c1ecaf32b75491c779564593"},"headline":"COROS lanza una edici\u00f3n especial del COROS PACE 3 para celebrar su colaboraci\u00f3n con el Marat\u00f3n de Valencia","datePublished":"2024-09-26T16:27:46+00:00","dateModified":"2024-09-26T16:27:47+00:00","mainEntityOfPage":{"@id":"https:\/\/frikisdelabici.com\/site\/coros-lanza-una-edicion-especial-del-coros-pace-3-para-celebrar-su-colaboracion-con-el-maraton-de-valencia\/"},"wordCount":777,"commentCount":0,"publisher":{"@id":"https:\/\/frikisdelabici.com\/site\/#\/schema\/person\/a7e0f7e0c1ecaf32b75491c779564593"},"image":{"@id":"https:\/\/frikisdelabici.com\/site\/coros-lanza-una-edicion-especial-del-coros-pace-3-para-celebrar-su-colaboracion-con-el-maraton-de-valencia\/#primaryimage"},"thumbnailUrl":"https:\/\/frikisdelabici.com\/site\/wp-content\/uploads\/2024\/09\/image-22.png","keywords":["coros","COROS PACE","deporte","pace 3","reloj deportivo","reloj para correr","running","smartwatch"],"articleSection":["Consejos y Utilidades","Varios"],"inLanguage":"es","potentialAction":[{"@type":"CommentAction","name":"Comment","target":["https:\/\/frikisdelabici.com\/site\/coros-lanza-una-edicion-especial-del-coros-pace-3-para-celebrar-su-colaboracion-con-el-maraton-de-valencia\/#respond"]}]},{"@type":"WebPage","@id":"https:\/\/frikisdelabici.com\/site\/coros-lanza-una-edicion-especial-del-coros-pace-3-para-celebrar-su-colaboracion-con-el-maraton-de-valencia\/","url":"https:\/\/frikisdelabici.com\/site\/coros-lanza-una-edicion-especial-del-coros-pace-3-para-celebrar-su-colaboracion-con-el-maraton-de-valencia\/","name":"COROS lanza una edici\u00f3n especial del COROS PACE 3 para celebrar su colaboraci\u00f3n con el Marat\u00f3n de Valencia - frikisdelabici.com","isPartOf":{"@id":"https:\/\/frikisdelabici.com\/site\/#website"},"primaryImageOfPage":{"@id":"https:\/\/frikisdelabici.com\/site\/coros-lanza-una-edicion-especial-del-coros-pace-3-para-celebrar-su-colaboracion-con-el-maraton-de-valencia\/#primaryimage"},"image":{"@id":"https:\/\/frikisdelabici.com\/site\/coros-lanza-una-edicion-especial-del-coros-pace-3-para-celebrar-su-colaboracion-con-el-maraton-de-valencia\/#primaryimage"},"thumbnailUrl":"https:\/\/frikisdelabici.com\/site\/wp-content\/uploads\/2024\/09\/image-22.png","datePublished":"2024-09-26T16:27:46+00:00","dateModified":"2024-09-26T16:27:47+00:00","breadcrumb":{"@id":"https:\/\/frikisdelabici.com\/site\/coros-lanza-una-edicion-especial-del-coros-pace-3-para-celebrar-su-colaboracion-con-el-maraton-de-valencia\/#breadcrumb"},"inLanguage":"es","potentialAction":[{"@type":"ReadAction","target":["https:\/\/frikisdelabici.com\/site\/coros-lanza-una-edicion-especial-del-coros-pace-3-para-celebrar-su-colaboracion-con-el-maraton-de-valencia\/"]}]},{"@type":"ImageObject","inLanguage":"es","@id":"https:\/\/frikisdelabici.com\/site\/coros-lanza-una-edicion-especial-del-coros-pace-3-para-celebrar-su-colaboracion-con-el-maraton-de-valencia\/#primaryimage","url":"https:\/\/frikisdelabici.com\/site\/wp-content\/uploads\/2024\/09\/image-22.png","contentUrl":"https:\/\/frikisdelabici.com\/site\/wp-content\/uploads\/2024\/09\/image-22.png","width":940,"height":627},{"@type":"BreadcrumbList","@id":"https:\/\/frikisdelabici.com\/site\/coros-lanza-una-edicion-especial-del-coros-pace-3-para-celebrar-su-colaboracion-con-el-maraton-de-valencia\/#breadcrumb","itemListElement":[{"@type":"ListItem","position":1,"name":"Inicio","item":"https:\/\/frikisdelabici.com\/site\/"},{"@type":"ListItem","position":2,"name":"COROS lanza una edici\u00f3n especial del COROS PACE 3 para celebrar su colaboraci\u00f3n con el Marat\u00f3n de Valencia"}]},{"@type":"WebSite","@id":"https:\/\/frikisdelabici.com\/site\/#website","url":"https:\/\/frikisdelabici.com\/site\/","name":"frikisdelabici.com","description":"Noticias sobre ZWIFT, art\u00edculos sobre entrenamiento, carreras... de todo lo relacionado con el ciclista m\u00e1s friki","publisher":{"@id":"https:\/\/frikisdelabici.com\/site\/#\/schema\/person\/a7e0f7e0c1ecaf32b75491c779564593"},"potentialAction":[{"@type":"SearchAction","target":{"@type":"EntryPoint","urlTemplate":"https:\/\/frikisdelabici.com\/site\/?s={search_term_string}"},"query-input":{"@type":"PropertyValueSpecification","valueRequired":true,"valueName":"search_term_string"}}],"inLanguage":"es"},{"@type":["Person","Organization"],"@id":"https:\/\/frikisdelabici.com\/site\/#\/schema\/person\/a7e0f7e0c1ecaf32b75491c779564593","name":"Rub\u00e9n Fern\u00e1ndez","image":{"@type":"ImageObject","inLanguage":"es","@id":"https:\/\/frikisdelabici.com\/site\/#\/schema\/person\/image\/","url":"https:\/\/frikisdelabici.com\/site\/wp-content\/uploads\/2020\/03\/gran-fondo-san-sebastian-2017-4014569-48213-4286-1-scaled.jpg","contentUrl":"https:\/\/frikisdelabici.com\/site\/wp-content\/uploads\/2020\/03\/gran-fondo-san-sebastian-2017-4014569-48213-4286-1-scaled.jpg","width":2560,"height":1707,"caption":"Rub\u00e9n Fern\u00e1ndez"},"logo":{"@id":"https:\/\/frikisdelabici.com\/site\/#\/schema\/person\/image\/"},"url":"https:\/\/frikisdelabici.com\/site\/author\/rubenextra300\/"}]}},"_links":{"self":[{"href":"https:\/\/frikisdelabici.com\/site\/wp-json\/wp\/v2\/posts\/2404","targetHints":{"allow":["GET"]}}],"collection":[{"href":"https:\/\/frikisdelabici.com\/site\/wp-json\/wp\/v2\/posts"}],"about":[{"href":"https:\/\/frikisdelabici.com\/site\/wp-json\/wp\/v2\/types\/post"}],"author":[{"embeddable":true,"href":"https:\/\/frikisdelabici.com\/site\/wp-json\/wp\/v2\/users\/1"}],"replies":[{"embeddable":true,"href":"https:\/\/frikisdelabici.com\/site\/wp-json\/wp\/v2\/comments?post=2404"}],"version-history":[{"count":1,"href":"https:\/\/frikisdelabici.com\/site\/wp-json\/wp\/v2\/posts\/2404\/revisions"}],"predecessor-version":[{"id":2409,"href":"https:\/\/frikisdelabici.com\/site\/wp-json\/wp\/v2\/posts\/2404\/revisions\/2409"}],"wp:featuredmedia":[{"embeddable":true,"href":"https:\/\/frikisdelabici.com\/site\/wp-json\/wp\/v2\/media\/2406"}],"wp:attachment":[{"href":"https:\/\/frikisdelabici.com\/site\/wp-json\/wp\/v2\/media?parent=2404"}],"wp:term":[{"taxonomy":"category","embeddable":true,"href":"https:\/\/frikisdelabici.com\/site\/wp-json\/wp\/v2\/categories?post=2404"},{"taxonomy":"post_tag","embeddable":true,"href":"https:\/\/frikisdelabici.com\/site\/wp-json\/wp\/v2\/tags?post=2404"},{"taxonomy":"series","embeddable":true,"href":"https:\/\/frikisdelabici.com\/site\/wp-json\/wp\/v2\/series?post=2404"}],"curies":[{"name":"wp","href":"https:\/\/api.w.org\/{rel}","templated":true}]}}