{"id":2410,"date":"2024-09-25T08:37:52","date_gmt":"2024-09-25T08:37:52","guid":{"rendered":"https:\/\/frikisdelabici.com\/site\/capo-abierto-3x02-coros-dura-y-strava-con-su-curiosa-gestion-de-ciertas-regiones-de-espana\/"},"modified":"2024-09-25T08:37:52","modified_gmt":"2024-09-25T08:37:52","slug":"capo-abierto-3x02-coros-dura-y-strava-con-su-curiosa-gestion-de-ciertas-regiones-de-espana","status":"publish","type":"post","link":"https:\/\/frikisdelabici.com\/site\/capo-abierto-3x02-coros-dura-y-strava-con-su-curiosa-gestion-de-ciertas-regiones-de-espana\/","title":{"rendered":"Cap\u00f3 Abierto &#8211; 3&#215;02 &#8211; COROS DURA y Strava con su curiosa gesti\u00f3n de ciertas regiones de Espa\u00f1a"},"content":{"rendered":"\r\n                \r\n                <figure class=\"wp-block-embed-youtube wp-block-embed is-type-video is-provider-youtube\"><div class=\"wp-block-embed__wrapper\"> \r\n                <iframe title=\"Cap\u00f3 Abierto - 3x02 - COROS DURA y Strava con su curiosa gesti\u00f3n de ciertas regiones de Espa\u00f1a\" width=\"640\" height=\"360\" data-src=\"https:\/\/www.youtube.com\/embed\/eFMcf6TwZOQ?feature=oembed\" frameborder=\"0\" allow=\"accelerometer; autoplay; clipboard-write; encrypted-media; gyroscope; picture-in-picture; web-share\" referrerpolicy=\"strict-origin-when-cross-origin\" allowfullscreen src=\"data:image\/svg+xml;base64,PHN2ZyB3aWR0aD0iMSIgaGVpZ2h0PSIxIiB4bWxucz0iaHR0cDovL3d3dy53My5vcmcvMjAwMC9zdmciPjwvc3ZnPg==\" class=\"lazyload\" data-load-mode=\"1\"><\/iframe>\r\n                <\/div><\/figure>\r\n                Es flipante. Strava no detecta a algunos catalanes como espa\u00f1oles para su plan familiar. Adem\u00e1s os hablamos del COROS DURA, el nuevo ciclocomputador de COROS que hemos probado (bueno, en realidad Rakytin lo ha secuestrado) durante el verano&#8230; y ya os adelantamos que es una opci\u00f3n muy muy buena a tener en cuenta.<br \/>\nAdem\u00e1s volvemos a la secci\u00f3n del Confesionario, donde vuestros audios son los protagonistas, estrenamos Goyinipedia donde os explicamos en detalle cosas de Zwift como el nuevo mecanismo de categorizaci\u00f3n de niveles, alguna an\u00e9cdota curiosa y la secci\u00f3n de noticias de Rakytin.<br \/>\nA ver, que este podcast nunca ser\u00e1 el Nadie sabe nada de Buenafuente y Berto Romero, pero si le das una oportunidad lo mismo hasta te diviertes.<br \/>\n<br \/>\n\u00a1S\u00edguenos!<br \/>\n<br \/>\nNuestro chat de Telegram: https:\/\/t.me\/+_PkK2liJebU4NTRk<br \/>\nRecuerda, estamos en instagram en @capoabierto<br \/>\n<br \/>\n\u00a1Suscr\u00edbete a este canal y as\u00ed no te perder\u00e1s nada! Dale aqu\u00ed: https:\/\/www.youtube.com\/channel\/UCqs9h1nVVC7spAy_3xmlqQQ","protected":false},"excerpt":{"rendered":"<p>Es flipante. Strava no detecta a algunos catalanes como espa\u00f1oles para su plan familiar. Adem\u00e1s os hablamos del COROS DURA, el nuevo ciclocomputador de COROS que hemos probado (bueno, en realidad Rakytin lo ha secuestrado) durante el verano&#8230; y ya os adelantamos que es una opci\u00f3n muy muy buena a tener en cuenta. Adem\u00e1s volvemos&#8230;<\/p>\n","protected":false},"author":1,"featured_media":2413,"comment_status":"open","ping_status":"open","sticky":false,"template":"","format":"standard","meta":{"footnotes":""},"categories":[373],"tags":[384,28,201,20],"series":[372],"class_list":["post-2410","post","type-post","status-publish","format-standard","has-post-thumbnail","hentry","category-capo-abierto","tag-cape-epic","tag-como-usar-zwift","tag-simulador-de-ciclismo-zwift","tag-zwift-en-espanol","series-capo-abierto"],"yoast_head":"<!-- This site is optimized with the Yoast SEO Premium plugin v18.4 (Yoast SEO v26.7) - https:\/\/yoast.com\/wordpress\/plugins\/seo\/ -->\n<title>Cap\u00f3 Abierto - 3x02 - COROS DURA y Strava con su curiosa gesti\u00f3n de ciertas regiones de Espa\u00f1a - frikisdelabici.com<\/title>\n<meta name=\"robots\" content=\"index, follow, max-snippet:-1, max-image-preview:large, max-video-preview:-1\" \/>\n<link rel=\"canonical\" href=\"https:\/\/frikisdelabici.com\/site\/capo-abierto-3x02-coros-dura-y-strava-con-su-curiosa-gestion-de-ciertas-regiones-de-espana\/\" \/>\n<meta property=\"og:locale\" content=\"es_ES\" \/>\n<meta property=\"og:type\" content=\"article\" \/>\n<meta property=\"og:title\" content=\"Cap\u00f3 Abierto - 3x02 - COROS DURA y Strava con su curiosa gesti\u00f3n de ciertas regiones de Espa\u00f1a\" \/>\n<meta property=\"og:description\" content=\"Es flipante. Strava no detecta a algunos catalanes como espa\u00f1oles para su plan familiar. Adem\u00e1s os hablamos del COROS DURA, el nuevo ciclocomputador de COROS que hemos probado (bueno, en realidad Rakytin lo ha secuestrado) durante el verano&#8230; y ya os adelantamos que es una opci\u00f3n muy muy buena a tener en cuenta. Adem\u00e1s volvemos...\" \/>\n<meta property=\"og:url\" content=\"https:\/\/frikisdelabici.com\/site\/capo-abierto-3x02-coros-dura-y-strava-con-su-curiosa-gestion-de-ciertas-regiones-de-espana\/\" \/>\n<meta property=\"og:site_name\" content=\"frikisdelabici.com\" \/>\n<meta property=\"article:published_time\" content=\"2024-09-25T08:37:52+00:00\" \/>\n<meta name=\"author\" content=\"Rub\u00e9n Fern\u00e1ndez\" \/>\n<meta name=\"twitter:card\" content=\"summary_large_image\" \/>\n<meta name=\"twitter:label1\" content=\"Escrito por\" \/>\n\t<meta name=\"twitter:data1\" content=\"Rub\u00e9n Fern\u00e1ndez\" \/>\n\t<meta name=\"twitter:label2\" content=\"Tiempo de lectura\" \/>\n\t<meta name=\"twitter:data2\" content=\"1 minuto\" \/>\n<script type=\"application\/ld+json\" class=\"yoast-schema-graph\">{\"@context\":\"https:\/\/schema.org\",\"@graph\":[{\"@type\":\"Article\",\"@id\":\"https:\/\/frikisdelabici.com\/site\/capo-abierto-3x02-coros-dura-y-strava-con-su-curiosa-gestion-de-ciertas-regiones-de-espana\/#article\",\"isPartOf\":{\"@id\":\"https:\/\/frikisdelabici.com\/site\/capo-abierto-3x02-coros-dura-y-strava-con-su-curiosa-gestion-de-ciertas-regiones-de-espana\/\"},\"author\":{\"name\":\"Rub\u00e9n Fern\u00e1ndez\",\"@id\":\"https:\/\/frikisdelabici.com\/site\/#\/schema\/person\/a7e0f7e0c1ecaf32b75491c779564593\"},\"headline\":\"Cap\u00f3 Abierto &#8211; 3&#215;02 &#8211; COROS DURA y Strava con su curiosa gesti\u00f3n de ciertas regiones de Espa\u00f1a\",\"datePublished\":\"2024-09-25T08:37:52+00:00\",\"mainEntityOfPage\":{\"@id\":\"https:\/\/frikisdelabici.com\/site\/capo-abierto-3x02-coros-dura-y-strava-con-su-curiosa-gestion-de-ciertas-regiones-de-espana\/\"},\"wordCount\":199,\"commentCount\":0,\"publisher\":{\"@id\":\"https:\/\/frikisdelabici.com\/site\/#\/schema\/person\/a7e0f7e0c1ecaf32b75491c779564593\"},\"image\":{\"@id\":\"https:\/\/frikisdelabici.com\/site\/capo-abierto-3x02-coros-dura-y-strava-con-su-curiosa-gestion-de-ciertas-regiones-de-espana\/#primaryimage\"},\"thumbnailUrl\":\"https:\/\/frikisdelabici.com\/site\/wp-content\/uploads\/2024\/10\/maxresdefault.jpg\",\"keywords\":[\"cape epic\",\"como usar zwift\",\"simulador de ciclismo zwift\",\"zwift en espa\u00f1ol\"],\"articleSection\":[\"Cap\u00f3 Abierto\"],\"inLanguage\":\"es\",\"potentialAction\":[{\"@type\":\"CommentAction\",\"name\":\"Comment\",\"target\":[\"https:\/\/frikisdelabici.com\/site\/capo-abierto-3x02-coros-dura-y-strava-con-su-curiosa-gestion-de-ciertas-regiones-de-espana\/#respond\"]}]},{\"@type\":\"WebPage\",\"@id\":\"https:\/\/frikisdelabici.com\/site\/capo-abierto-3x02-coros-dura-y-strava-con-su-curiosa-gestion-de-ciertas-regiones-de-espana\/\",\"url\":\"https:\/\/frikisdelabici.com\/site\/capo-abierto-3x02-coros-dura-y-strava-con-su-curiosa-gestion-de-ciertas-regiones-de-espana\/\",\"name\":\"Cap\u00f3 Abierto - 3x02 - COROS DURA y Strava con su curiosa gesti\u00f3n de ciertas regiones de Espa\u00f1a - frikisdelabici.com\",\"isPartOf\":{\"@id\":\"https:\/\/frikisdelabici.com\/site\/#website\"},\"primaryImageOfPage\":{\"@id\":\"https:\/\/frikisdelabici.com\/site\/capo-abierto-3x02-coros-dura-y-strava-con-su-curiosa-gestion-de-ciertas-regiones-de-espana\/#primaryimage\"},\"image\":{\"@id\":\"https:\/\/frikisdelabici.com\/site\/capo-abierto-3x02-coros-dura-y-strava-con-su-curiosa-gestion-de-ciertas-regiones-de-espana\/#primaryimage\"},\"thumbnailUrl\":\"https:\/\/frikisdelabici.com\/site\/wp-content\/uploads\/2024\/10\/maxresdefault.jpg\",\"datePublished\":\"2024-09-25T08:37:52+00:00\",\"breadcrumb\":{\"@id\":\"https:\/\/frikisdelabici.com\/site\/capo-abierto-3x02-coros-dura-y-strava-con-su-curiosa-gestion-de-ciertas-regiones-de-espana\/#breadcrumb\"},\"inLanguage\":\"es\",\"potentialAction\":[{\"@type\":\"ReadAction\",\"target\":[\"https:\/\/frikisdelabici.com\/site\/capo-abierto-3x02-coros-dura-y-strava-con-su-curiosa-gestion-de-ciertas-regiones-de-espana\/\"]}]},{\"@type\":\"ImageObject\",\"inLanguage\":\"es\",\"@id\":\"https:\/\/frikisdelabici.com\/site\/capo-abierto-3x02-coros-dura-y-strava-con-su-curiosa-gestion-de-ciertas-regiones-de-espana\/#primaryimage\",\"url\":\"https:\/\/frikisdelabici.com\/site\/wp-content\/uploads\/2024\/10\/maxresdefault.jpg\",\"contentUrl\":\"https:\/\/frikisdelabici.com\/site\/wp-content\/uploads\/2024\/10\/maxresdefault.jpg\",\"width\":1280,\"height\":720},{\"@type\":\"BreadcrumbList\",\"@id\":\"https:\/\/frikisdelabici.com\/site\/capo-abierto-3x02-coros-dura-y-strava-con-su-curiosa-gestion-de-ciertas-regiones-de-espana\/#breadcrumb\",\"itemListElement\":[{\"@type\":\"ListItem\",\"position\":1,\"name\":\"Inicio\",\"item\":\"https:\/\/frikisdelabici.com\/site\/\"},{\"@type\":\"ListItem\",\"position\":2,\"name\":\"Cap\u00f3 Abierto &#8211; 3&#215;02 &#8211; COROS DURA y Strava con su curiosa gesti\u00f3n de ciertas regiones de Espa\u00f1a\"}]},{\"@type\":\"WebSite\",\"@id\":\"https:\/\/frikisdelabici.com\/site\/#website\",\"url\":\"https:\/\/frikisdelabici.com\/site\/\",\"name\":\"frikisdelabici.com\",\"description\":\"Noticias sobre ZWIFT, art\u00edculos sobre entrenamiento, carreras... de todo lo relacionado con el ciclista m\u00e1s friki\",\"publisher\":{\"@id\":\"https:\/\/frikisdelabici.com\/site\/#\/schema\/person\/a7e0f7e0c1ecaf32b75491c779564593\"},\"potentialAction\":[{\"@type\":\"SearchAction\",\"target\":{\"@type\":\"EntryPoint\",\"urlTemplate\":\"https:\/\/frikisdelabici.com\/site\/?s={search_term_string}\"},\"query-input\":{\"@type\":\"PropertyValueSpecification\",\"valueRequired\":true,\"valueName\":\"search_term_string\"}}],\"inLanguage\":\"es\"},{\"@type\":[\"Person\",\"Organization\"],\"@id\":\"https:\/\/frikisdelabici.com\/site\/#\/schema\/person\/a7e0f7e0c1ecaf32b75491c779564593\",\"name\":\"Rub\u00e9n Fern\u00e1ndez\",\"image\":{\"@type\":\"ImageObject\",\"inLanguage\":\"es\",\"@id\":\"https:\/\/frikisdelabici.com\/site\/#\/schema\/person\/image\/\",\"url\":\"https:\/\/frikisdelabici.com\/site\/wp-content\/uploads\/2020\/03\/gran-fondo-san-sebastian-2017-4014569-48213-4286-1-scaled.jpg\",\"contentUrl\":\"https:\/\/frikisdelabici.com\/site\/wp-content\/uploads\/2020\/03\/gran-fondo-san-sebastian-2017-4014569-48213-4286-1-scaled.jpg\",\"width\":2560,\"height\":1707,\"caption\":\"Rub\u00e9n Fern\u00e1ndez\"},\"logo\":{\"@id\":\"https:\/\/frikisdelabici.com\/site\/#\/schema\/person\/image\/\"},\"url\":\"https:\/\/frikisdelabici.com\/site\/author\/rubenextra300\/\"}]}<\/script>\n<!-- \/ Yoast SEO Premium plugin. -->","yoast_head_json":{"title":"Cap\u00f3 Abierto - 3x02 - COROS DURA y Strava con su curiosa gesti\u00f3n de ciertas regiones de Espa\u00f1a - frikisdelabici.com","robots":{"index":"index","follow":"follow","max-snippet":"max-snippet:-1","max-image-preview":"max-image-preview:large","max-video-preview":"max-video-preview:-1"},"canonical":"https:\/\/frikisdelabici.com\/site\/capo-abierto-3x02-coros-dura-y-strava-con-su-curiosa-gestion-de-ciertas-regiones-de-espana\/","og_locale":"es_ES","og_type":"article","og_title":"Cap\u00f3 Abierto - 3x02 - COROS DURA y Strava con su curiosa gesti\u00f3n de ciertas regiones de Espa\u00f1a","og_description":"Es flipante. Strava no detecta a algunos catalanes como espa\u00f1oles para su plan familiar. Adem\u00e1s os hablamos del COROS DURA, el nuevo ciclocomputador de COROS que hemos probado (bueno, en realidad Rakytin lo ha secuestrado) durante el verano&#8230; y ya os adelantamos que es una opci\u00f3n muy muy buena a tener en cuenta. Adem\u00e1s volvemos...","og_url":"https:\/\/frikisdelabici.com\/site\/capo-abierto-3x02-coros-dura-y-strava-con-su-curiosa-gestion-de-ciertas-regiones-de-espana\/","og_site_name":"frikisdelabici.com","article_published_time":"2024-09-25T08:37:52+00:00","author":"Rub\u00e9n Fern\u00e1ndez","twitter_card":"summary_large_image","twitter_misc":{"Escrito por":"Rub\u00e9n Fern\u00e1ndez","Tiempo de lectura":"1 minuto"},"schema":{"@context":"https:\/\/schema.org","@graph":[{"@type":"Article","@id":"https:\/\/frikisdelabici.com\/site\/capo-abierto-3x02-coros-dura-y-strava-con-su-curiosa-gestion-de-ciertas-regiones-de-espana\/#article","isPartOf":{"@id":"https:\/\/frikisdelabici.com\/site\/capo-abierto-3x02-coros-dura-y-strava-con-su-curiosa-gestion-de-ciertas-regiones-de-espana\/"},"author":{"name":"Rub\u00e9n Fern\u00e1ndez","@id":"https:\/\/frikisdelabici.com\/site\/#\/schema\/person\/a7e0f7e0c1ecaf32b75491c779564593"},"headline":"Cap\u00f3 Abierto &#8211; 3&#215;02 &#8211; COROS DURA y Strava con su curiosa gesti\u00f3n de ciertas regiones de Espa\u00f1a","datePublished":"2024-09-25T08:37:52+00:00","mainEntityOfPage":{"@id":"https:\/\/frikisdelabici.com\/site\/capo-abierto-3x02-coros-dura-y-strava-con-su-curiosa-gestion-de-ciertas-regiones-de-espana\/"},"wordCount":199,"commentCount":0,"publisher":{"@id":"https:\/\/frikisdelabici.com\/site\/#\/schema\/person\/a7e0f7e0c1ecaf32b75491c779564593"},"image":{"@id":"https:\/\/frikisdelabici.com\/site\/capo-abierto-3x02-coros-dura-y-strava-con-su-curiosa-gestion-de-ciertas-regiones-de-espana\/#primaryimage"},"thumbnailUrl":"https:\/\/frikisdelabici.com\/site\/wp-content\/uploads\/2024\/10\/maxresdefault.jpg","keywords":["cape epic","como usar zwift","simulador de ciclismo zwift","zwift en espa\u00f1ol"],"articleSection":["Cap\u00f3 Abierto"],"inLanguage":"es","potentialAction":[{"@type":"CommentAction","name":"Comment","target":["https:\/\/frikisdelabici.com\/site\/capo-abierto-3x02-coros-dura-y-strava-con-su-curiosa-gestion-de-ciertas-regiones-de-espana\/#respond"]}]},{"@type":"WebPage","@id":"https:\/\/frikisdelabici.com\/site\/capo-abierto-3x02-coros-dura-y-strava-con-su-curiosa-gestion-de-ciertas-regiones-de-espana\/","url":"https:\/\/frikisdelabici.com\/site\/capo-abierto-3x02-coros-dura-y-strava-con-su-curiosa-gestion-de-ciertas-regiones-de-espana\/","name":"Cap\u00f3 Abierto - 3x02 - COROS DURA y Strava con su curiosa gesti\u00f3n de ciertas regiones de Espa\u00f1a - frikisdelabici.com","isPartOf":{"@id":"https:\/\/frikisdelabici.com\/site\/#website"},"primaryImageOfPage":{"@id":"https:\/\/frikisdelabici.com\/site\/capo-abierto-3x02-coros-dura-y-strava-con-su-curiosa-gestion-de-ciertas-regiones-de-espana\/#primaryimage"},"image":{"@id":"https:\/\/frikisdelabici.com\/site\/capo-abierto-3x02-coros-dura-y-strava-con-su-curiosa-gestion-de-ciertas-regiones-de-espana\/#primaryimage"},"thumbnailUrl":"https:\/\/frikisdelabici.com\/site\/wp-content\/uploads\/2024\/10\/maxresdefault.jpg","datePublished":"2024-09-25T08:37:52+00:00","breadcrumb":{"@id":"https:\/\/frikisdelabici.com\/site\/capo-abierto-3x02-coros-dura-y-strava-con-su-curiosa-gestion-de-ciertas-regiones-de-espana\/#breadcrumb"},"inLanguage":"es","potentialAction":[{"@type":"ReadAction","target":["https:\/\/frikisdelabici.com\/site\/capo-abierto-3x02-coros-dura-y-strava-con-su-curiosa-gestion-de-ciertas-regiones-de-espana\/"]}]},{"@type":"ImageObject","inLanguage":"es","@id":"https:\/\/frikisdelabici.com\/site\/capo-abierto-3x02-coros-dura-y-strava-con-su-curiosa-gestion-de-ciertas-regiones-de-espana\/#primaryimage","url":"https:\/\/frikisdelabici.com\/site\/wp-content\/uploads\/2024\/10\/maxresdefault.jpg","contentUrl":"https:\/\/frikisdelabici.com\/site\/wp-content\/uploads\/2024\/10\/maxresdefault.jpg","width":1280,"height":720},{"@type":"BreadcrumbList","@id":"https:\/\/frikisdelabici.com\/site\/capo-abierto-3x02-coros-dura-y-strava-con-su-curiosa-gestion-de-ciertas-regiones-de-espana\/#breadcrumb","itemListElement":[{"@type":"ListItem","position":1,"name":"Inicio","item":"https:\/\/frikisdelabici.com\/site\/"},{"@type":"ListItem","position":2,"name":"Cap\u00f3 Abierto &#8211; 3&#215;02 &#8211; COROS DURA y Strava con su curiosa gesti\u00f3n de ciertas regiones de Espa\u00f1a"}]},{"@type":"WebSite","@id":"https:\/\/frikisdelabici.com\/site\/#website","url":"https:\/\/frikisdelabici.com\/site\/","name":"frikisdelabici.com","description":"Noticias sobre ZWIFT, art\u00edculos sobre entrenamiento, carreras... de todo lo relacionado con el ciclista m\u00e1s friki","publisher":{"@id":"https:\/\/frikisdelabici.com\/site\/#\/schema\/person\/a7e0f7e0c1ecaf32b75491c779564593"},"potentialAction":[{"@type":"SearchAction","target":{"@type":"EntryPoint","urlTemplate":"https:\/\/frikisdelabici.com\/site\/?s={search_term_string}"},"query-input":{"@type":"PropertyValueSpecification","valueRequired":true,"valueName":"search_term_string"}}],"inLanguage":"es"},{"@type":["Person","Organization"],"@id":"https:\/\/frikisdelabici.com\/site\/#\/schema\/person\/a7e0f7e0c1ecaf32b75491c779564593","name":"Rub\u00e9n Fern\u00e1ndez","image":{"@type":"ImageObject","inLanguage":"es","@id":"https:\/\/frikisdelabici.com\/site\/#\/schema\/person\/image\/","url":"https:\/\/frikisdelabici.com\/site\/wp-content\/uploads\/2020\/03\/gran-fondo-san-sebastian-2017-4014569-48213-4286-1-scaled.jpg","contentUrl":"https:\/\/frikisdelabici.com\/site\/wp-content\/uploads\/2020\/03\/gran-fondo-san-sebastian-2017-4014569-48213-4286-1-scaled.jpg","width":2560,"height":1707,"caption":"Rub\u00e9n Fern\u00e1ndez"},"logo":{"@id":"https:\/\/frikisdelabici.com\/site\/#\/schema\/person\/image\/"},"url":"https:\/\/frikisdelabici.com\/site\/author\/rubenextra300\/"}]}},"_links":{"self":[{"href":"https:\/\/frikisdelabici.com\/site\/wp-json\/wp\/v2\/posts\/2410","targetHints":{"allow":["GET"]}}],"collection":[{"href":"https:\/\/frikisdelabici.com\/site\/wp-json\/wp\/v2\/posts"}],"about":[{"href":"https:\/\/frikisdelabici.com\/site\/wp-json\/wp\/v2\/types\/post"}],"author":[{"embeddable":true,"href":"https:\/\/frikisdelabici.com\/site\/wp-json\/wp\/v2\/users\/1"}],"replies":[{"embeddable":true,"href":"https:\/\/frikisdelabici.com\/site\/wp-json\/wp\/v2\/comments?post=2410"}],"version-history":[{"count":0,"href":"https:\/\/frikisdelabici.com\/site\/wp-json\/wp\/v2\/posts\/2410\/revisions"}],"wp:featuredmedia":[{"embeddable":true,"href":"https:\/\/frikisdelabici.com\/site\/wp-json\/wp\/v2\/media\/2413"}],"wp:attachment":[{"href":"https:\/\/frikisdelabici.com\/site\/wp-json\/wp\/v2\/media?parent=2410"}],"wp:term":[{"taxonomy":"category","embeddable":true,"href":"https:\/\/frikisdelabici.com\/site\/wp-json\/wp\/v2\/categories?post=2410"},{"taxonomy":"post_tag","embeddable":true,"href":"https:\/\/frikisdelabici.com\/site\/wp-json\/wp\/v2\/tags?post=2410"},{"taxonomy":"series","embeddable":true,"href":"https:\/\/frikisdelabici.com\/site\/wp-json\/wp\/v2\/series?post=2410"}],"curies":[{"name":"wp","href":"https:\/\/api.w.org\/{rel}","templated":true}]}}