{"id":2428,"date":"2024-10-07T11:00:06","date_gmt":"2024-10-07T09:00:06","guid":{"rendered":"https:\/\/frikisdelabici.com\/site\/?p=2428"},"modified":"2024-10-07T11:04:09","modified_gmt":"2024-10-07T09:04:09","slug":"buycycle-sortea-la-bicicleta-de-jan-frodeno-con-fines-beneficos-como-nuevo-patrocinador-de-sgrail100","status":"publish","type":"post","link":"https:\/\/frikisdelabici.com\/site\/buycycle-sortea-la-bicicleta-de-jan-frodeno-con-fines-beneficos-como-nuevo-patrocinador-de-sgrail100\/","title":{"rendered":"buycycle sortea la bicicleta de Jan Frodeno con fines ben\u00e9ficos como nuevo patrocinador de SGRAIL100"},"content":{"rendered":"\n<h3 class=\"wp-block-heading\"><a><\/a><strong>buycycle se asocia con el triatl\u00f3n SGRAIL en Girona y sortear\u00e1 la bicicleta de entrenamiento CANYON original de la estrella del triatl\u00f3n Jan Frodeno para caridad<\/strong><\/h3>\n\n\n\n<p><a href=\"https:\/\/buycycle.com\/en-us\">buycycle<\/a>, el mercado l\u00edder de bicicletas premium de segunda mano, se enorgullece de anunciar su patrocinio del triatl\u00f3n <strong>SGRAIL100 en Girona y su colaboraci\u00f3n con Jan Frodeno<\/strong>, leyenda del triatl\u00f3n. Como parte de esta asociaci\u00f3n, buycycle sortear\u00e1 la bicicleta de entrenamiento CANYON Aeroad original de Frodeno, con el fin de recaudar fondos para la <strong>Frodeno Fund<\/strong>, una iniciativa ben\u00e9fica dedicada a fomentar el deporte entre los m\u00e1s j\u00f3venes.<\/p>\n\n\n\n<figure class=\"wp-block-image size-full\"><img decoding=\"async\" width=\"975\" height=\"491\" data-src=\"https:\/\/frikisdelabici.com\/site\/wp-content\/uploads\/2024\/10\/image-5.png\" alt=\"\" class=\"wp-image-2430 lazyload\" data-srcset=\"https:\/\/frikisdelabici.com\/site\/wp-content\/uploads\/2024\/10\/image-5.png 975w, https:\/\/frikisdelabici.com\/site\/wp-content\/uploads\/2024\/10\/image-5-300x151.png 300w, https:\/\/frikisdelabici.com\/site\/wp-content\/uploads\/2024\/10\/image-5-768x387.png 768w\" data-sizes=\"(max-width: 975px) 100vw, 975px\" src=\"data:image\/svg+xml;base64,PHN2ZyB3aWR0aD0iMSIgaGVpZ2h0PSIxIiB4bWxucz0iaHR0cDovL3d3dy53My5vcmcvMjAwMC9zdmciPjwvc3ZnPg==\" style=\"--smush-placeholder-width: 975px; --smush-placeholder-aspect-ratio: 975\/491;\" \/><\/figure>\n\n\n\n<p>El SGRAIL100 es un evento innovador que combina diversi\u00f3n, naturaleza y alto rendimiento f\u00edsico, un concepto familiar en el ciclismo gravel, pero <strong>nuevo en el triatl\u00f3n<\/strong>. En su cuarta edici\u00f3n, que tendr\u00e1 lugar en 2024 en la hermosa Costa Brava, el evento sigue creciendo bajo el lema \u201cfear less, do more\u201d (\u201cmenos miedo, m\u00e1s acci\u00f3n\u201d). SGRAIL100 naci\u00f3 durante la pandemia, cuando la organizaci\u00f3n de eventos era complicada. Fue Jan Frodeno, quien concibi\u00f3 la idea de este triatl\u00f3n \u00fanico. Desde entonces, el equipo de SGRAIL ha trabajado para expandir la marca y el evento, con planes de convertirlo en una serie internacional.<\/p>\n\n\n\n<h4 class=\"wp-block-heading\"><strong>Una oportunidad \u00fanica para ganar y contribuir a una buena causa<\/strong><\/h4>\n\n\n\n<p>En el marco de esta emocionante colaboraci\u00f3n, los aficionados al triatl\u00f3n y al ciclismo tendr\u00e1n la oportunidad de ganar la bicicleta personal de Frodeno, una Canyon Aeroad personalizada. Los ingresos del sorteo ir\u00e1n destinados directamente a la Frodeno Fund, <strong>cuya misi\u00f3n es ense\u00f1ar a ni\u00f1os y j\u00f3venes de entre 10 y 16 a\u00f1os los beneficios de llevar una vida activa<\/strong>. El acceso a deportes divertidos como el ciclismo les ayudar\u00e1 a desarrollar un estilo de vida saludable y a enfrentar sus retos y frustraciones a trav\u00e9s de la actividad f\u00edsica.<\/p>\n\n\n\n<figure class=\"wp-block-image size-full\"><img decoding=\"async\" width=\"688\" height=\"408\" data-src=\"https:\/\/frikisdelabici.com\/site\/wp-content\/uploads\/2024\/10\/image-6.png\" alt=\"\" class=\"wp-image-2431 lazyload\" data-srcset=\"https:\/\/frikisdelabici.com\/site\/wp-content\/uploads\/2024\/10\/image-6.png 688w, https:\/\/frikisdelabici.com\/site\/wp-content\/uploads\/2024\/10\/image-6-300x178.png 300w\" data-sizes=\"(max-width: 688px) 100vw, 688px\" src=\"data:image\/svg+xml;base64,PHN2ZyB3aWR0aD0iMSIgaGVpZ2h0PSIxIiB4bWxucz0iaHR0cDovL3d3dy53My5vcmcvMjAwMC9zdmciPjwvc3ZnPg==\" style=\"--smush-placeholder-width: 688px; --smush-placeholder-aspect-ratio: 688\/408;\" \/><\/figure>\n\n\n\n<p>El sorteo estar\u00e1 abierto del 23 de septiembre al 1 de octubre. Para participar, se podr\u00e1 comprar <strong>un boleto de sorteo \u00fanico por 25 \u20ac<\/strong>, disponible a trav\u00e9s de buycycle. Todos los ingresos ser\u00e1n destinados a la Frodeno Fund para inspirar a los m\u00e1s j\u00f3venes a enamorarse del ciclismo, tal como lo hacemos todos. El sorteo culminar\u00e1 justo antes del fin de semana del SGRAIL100, lo que a\u00f1adir\u00e1 una emoci\u00f3n extra, ya que el ganador ser\u00e1 anunciado durante el evento, y los representantes de buycycle entregar\u00e1n el cheque a Jan Frodeno, al equipo del Fondo Frodeno y a los ni\u00f1os presentes.<\/p>\n\n\n\n<p>\u00ab<strong>Es un honor para nosotros asociarnos con el SGRAIL100 y apoyar la misi\u00f3n de Jan Frodeno de marcar una diferencia en las vidas de los j\u00f3venes<\/strong>\u00ab, coment\u00f3 Theo Golditchuk, cofundador de Buycycle. \u00abEsta es una oportunidad \u00fanica para que nuestra comunidad gane una bicicleta que ha sido parte de la carrera de una leyenda y, al mismo tiempo, apoye una causa que moldea futuros m\u00e1s brillantes\u00bb.<\/p>\n\n\n\n<figure class=\"wp-block-image size-full\"><img decoding=\"async\" width=\"735\" height=\"408\" data-src=\"https:\/\/frikisdelabici.com\/site\/wp-content\/uploads\/2024\/10\/image-7.png\" alt=\"\" class=\"wp-image-2432 lazyload\" data-srcset=\"https:\/\/frikisdelabici.com\/site\/wp-content\/uploads\/2024\/10\/image-7.png 735w, https:\/\/frikisdelabici.com\/site\/wp-content\/uploads\/2024\/10\/image-7-300x167.png 300w\" data-sizes=\"(max-width: 735px) 100vw, 735px\" src=\"data:image\/svg+xml;base64,PHN2ZyB3aWR0aD0iMSIgaGVpZ2h0PSIxIiB4bWxucz0iaHR0cDovL3d3dy53My5vcmcvMjAwMC9zdmciPjwvc3ZnPg==\" style=\"--smush-placeholder-width: 735px; --smush-placeholder-aspect-ratio: 735\/408;\" \/><\/figure>\n\n\n\n<h4 class=\"wp-block-heading\"><strong>Especificaciones de la bicicleta Canyon Aeroad personalizada de Jan Frodeno:<\/strong><\/h4>\n\n\n\n<ul class=\"wp-block-list\">\n<li>Pintura personalizada: 1 de 1 (Azul mate\/Blanco)<\/li>\n\n\n\n<li>Tama\u00f1o del cuadro: XL<\/li>\n\n\n\n<li>Grupo: SRAM Red eTap AXS<\/li>\n\n\n\n<li>Medidor de potencia: Quarq, 52\/39 + 33-10<\/li>\n\n\n\n<li>Ruedas: ZIPP 303 Firecrest con neum\u00e1ticos Continental 5000<\/li>\n\n\n\n<li>Sill\u00edn: Erg\u00f3n<\/li>\n\n\n\n<li>Portabidones: ZIPP de carbono<\/li>\n<\/ul>\n\n\n\n<h4 class=\"wp-block-heading\"><strong><br>Enlace al sorteo de bicicletas:<\/strong><br><a href=\"https:\/\/buycycle.com\/es-es\/jan-frodeno-raffle\">https:\/\/buycycle.com\/es-es\/jan-frodeno-raffle<\/a><strong><\/strong><\/h4>\n\n\n\n<p><\/p>\n\n\n\n<p><strong>Sobre nosotros<br><\/strong>buycice fue fundada en 2021 por Jonas, Florian y Theo, tres amigos que se conocieron gracias a su amor por el ciclismo. En aquel entonces, era muy dif\u00edcil conseguir bicicletas asequibles para principiantes, especialmente las usadas. Cuando Jonas fue a pedir su primera bicicleta de triatl\u00f3n, no se sent\u00eda c\u00f3modo transfiriendo dinero a un extra\u00f1o en un mercado local en l\u00ednea, ya que no estaba seguro de si la bicicleta llegar\u00eda realmente. De esta experiencia naci\u00f3 la idea de buycycle y los tres apasionados del ciclismo pudieron convertir su pasi\u00f3n en su profesi\u00f3n. Hoy, los fundadores est\u00e1n encantados de trabajar en la visi\u00f3n de buycycle de crear el mercado l\u00edder mundial para bicicletas usadas de alto valor, haciendo que vender y comprar bicicletas usadas sea tan f\u00e1cil como montarlas.<\/p>\n\n\n\n<figure class=\"wp-block-image size-full\"><img decoding=\"async\" width=\"975\" height=\"402\" data-src=\"https:\/\/frikisdelabici.com\/site\/wp-content\/uploads\/2024\/10\/image-8.png\" alt=\"\" class=\"wp-image-2433 lazyload\" data-srcset=\"https:\/\/frikisdelabici.com\/site\/wp-content\/uploads\/2024\/10\/image-8.png 975w, https:\/\/frikisdelabici.com\/site\/wp-content\/uploads\/2024\/10\/image-8-300x124.png 300w, https:\/\/frikisdelabici.com\/site\/wp-content\/uploads\/2024\/10\/image-8-768x317.png 768w\" data-sizes=\"(max-width: 975px) 100vw, 975px\" src=\"data:image\/svg+xml;base64,PHN2ZyB3aWR0aD0iMSIgaGVpZ2h0PSIxIiB4bWxucz0iaHR0cDovL3d3dy53My5vcmcvMjAwMC9zdmciPjwvc3ZnPg==\" style=\"--smush-placeholder-width: 975px; --smush-placeholder-aspect-ratio: 975\/402;\" \/><\/figure>\n","protected":false},"excerpt":{"rendered":"<p>buycycle se asocia con el triatl\u00f3n SGRAIL en Girona y sortear\u00e1 la bicicleta de entrenamiento CANYON original de la estrella del triatl\u00f3n Jan Frodeno para caridad buycycle, el mercado l\u00edder de bicicletas premium de segunda mano, se enorgullece de anunciar su patrocinio del triatl\u00f3n SGRAIL100 en Girona y su colaboraci\u00f3n con Jan Frodeno, leyenda del&#8230;<\/p>\n","protected":false},"author":1,"featured_media":2431,"comment_status":"open","ping_status":"open","sticky":false,"template":"","format":"standard","meta":{"footnotes":""},"categories":[296],"tags":[483,428,482,6,479,481,484],"series":[],"class_list":["post-2428","post","type-post","status-publish","format-standard","has-post-thumbnail","hentry","category-varios","tag-aeroad","tag-buycycle","tag-canyon","tag-ciclismo","tag-deporte","tag-rifa-de-bicicleta","tag-sorteo"],"yoast_head":"<!-- This site is optimized with the Yoast SEO Premium plugin v18.4 (Yoast SEO v26.7) - https:\/\/yoast.com\/wordpress\/plugins\/seo\/ -->\n<title>buycycle sortea la bicicleta de Jan Frodeno con fines ben\u00e9ficos como nuevo patrocinador de SGRAIL100 - frikisdelabici.com<\/title>\n<meta name=\"description\" content=\"El sorteo estar\u00e1 abierto del 23 de septiembre al 1 de octubre. Para participar, se podr\u00e1 comprar un boleto de sorteo \u00fanico por 25 \u20ac.\" \/>\n<meta name=\"robots\" content=\"index, follow, max-snippet:-1, max-image-preview:large, max-video-preview:-1\" \/>\n<link rel=\"canonical\" href=\"https:\/\/frikisdelabici.com\/site\/buycycle-sortea-la-bicicleta-de-jan-frodeno-con-fines-beneficos-como-nuevo-patrocinador-de-sgrail100\/\" \/>\n<meta property=\"og:locale\" content=\"es_ES\" \/>\n<meta property=\"og:type\" content=\"article\" \/>\n<meta property=\"og:title\" content=\"buycycle sortea la bicicleta de Jan Frodeno con fines ben\u00e9ficos como nuevo patrocinador de SGRAIL100\" \/>\n<meta property=\"og:description\" content=\"El sorteo estar\u00e1 abierto del 23 de septiembre al 1 de octubre. Para participar, se podr\u00e1 comprar un boleto de sorteo \u00fanico por 25 \u20ac.\" \/>\n<meta property=\"og:url\" content=\"https:\/\/frikisdelabici.com\/site\/buycycle-sortea-la-bicicleta-de-jan-frodeno-con-fines-beneficos-como-nuevo-patrocinador-de-sgrail100\/\" \/>\n<meta property=\"og:site_name\" content=\"frikisdelabici.com\" \/>\n<meta property=\"article:published_time\" content=\"2024-10-07T09:00:06+00:00\" \/>\n<meta property=\"article:modified_time\" content=\"2024-10-07T09:04:09+00:00\" \/>\n<meta property=\"og:image\" content=\"https:\/\/frikisdelabici.com\/site\/wp-content\/uploads\/2024\/10\/image-6.png\" \/>\n\t<meta property=\"og:image:width\" content=\"688\" \/>\n\t<meta property=\"og:image:height\" content=\"408\" \/>\n\t<meta property=\"og:image:type\" content=\"image\/png\" \/>\n<meta name=\"author\" content=\"Rub\u00e9n Fern\u00e1ndez\" \/>\n<meta name=\"twitter:card\" content=\"summary_large_image\" \/>\n<meta name=\"twitter:label1\" content=\"Escrito por\" \/>\n\t<meta name=\"twitter:data1\" content=\"Rub\u00e9n Fern\u00e1ndez\" \/>\n\t<meta name=\"twitter:label2\" content=\"Tiempo de lectura\" \/>\n\t<meta name=\"twitter:data2\" content=\"4 minutos\" \/>\n<script type=\"application\/ld+json\" class=\"yoast-schema-graph\">{\"@context\":\"https:\/\/schema.org\",\"@graph\":[{\"@type\":\"Article\",\"@id\":\"https:\/\/frikisdelabici.com\/site\/buycycle-sortea-la-bicicleta-de-jan-frodeno-con-fines-beneficos-como-nuevo-patrocinador-de-sgrail100\/#article\",\"isPartOf\":{\"@id\":\"https:\/\/frikisdelabici.com\/site\/buycycle-sortea-la-bicicleta-de-jan-frodeno-con-fines-beneficos-como-nuevo-patrocinador-de-sgrail100\/\"},\"author\":{\"name\":\"Rub\u00e9n Fern\u00e1ndez\",\"@id\":\"https:\/\/frikisdelabici.com\/site\/#\/schema\/person\/a7e0f7e0c1ecaf32b75491c779564593\"},\"headline\":\"buycycle sortea la bicicleta de Jan Frodeno con fines ben\u00e9ficos como nuevo patrocinador de SGRAIL100\",\"datePublished\":\"2024-10-07T09:00:06+00:00\",\"dateModified\":\"2024-10-07T09:04:09+00:00\",\"mainEntityOfPage\":{\"@id\":\"https:\/\/frikisdelabici.com\/site\/buycycle-sortea-la-bicicleta-de-jan-frodeno-con-fines-beneficos-como-nuevo-patrocinador-de-sgrail100\/\"},\"wordCount\":711,\"commentCount\":0,\"publisher\":{\"@id\":\"https:\/\/frikisdelabici.com\/site\/#\/schema\/person\/a7e0f7e0c1ecaf32b75491c779564593\"},\"image\":{\"@id\":\"https:\/\/frikisdelabici.com\/site\/buycycle-sortea-la-bicicleta-de-jan-frodeno-con-fines-beneficos-como-nuevo-patrocinador-de-sgrail100\/#primaryimage\"},\"thumbnailUrl\":\"https:\/\/frikisdelabici.com\/site\/wp-content\/uploads\/2024\/10\/image-6.png\",\"keywords\":[\"aeroad\",\"buycycle\",\"canyon\",\"ciclismo\",\"deporte\",\"rifa de bicicleta\",\"sorteo\"],\"articleSection\":[\"Varios\"],\"inLanguage\":\"es\",\"potentialAction\":[{\"@type\":\"CommentAction\",\"name\":\"Comment\",\"target\":[\"https:\/\/frikisdelabici.com\/site\/buycycle-sortea-la-bicicleta-de-jan-frodeno-con-fines-beneficos-como-nuevo-patrocinador-de-sgrail100\/#respond\"]}]},{\"@type\":\"WebPage\",\"@id\":\"https:\/\/frikisdelabici.com\/site\/buycycle-sortea-la-bicicleta-de-jan-frodeno-con-fines-beneficos-como-nuevo-patrocinador-de-sgrail100\/\",\"url\":\"https:\/\/frikisdelabici.com\/site\/buycycle-sortea-la-bicicleta-de-jan-frodeno-con-fines-beneficos-como-nuevo-patrocinador-de-sgrail100\/\",\"name\":\"buycycle sortea la bicicleta de Jan Frodeno con fines ben\u00e9ficos como nuevo patrocinador de SGRAIL100 - frikisdelabici.com\",\"isPartOf\":{\"@id\":\"https:\/\/frikisdelabici.com\/site\/#website\"},\"primaryImageOfPage\":{\"@id\":\"https:\/\/frikisdelabici.com\/site\/buycycle-sortea-la-bicicleta-de-jan-frodeno-con-fines-beneficos-como-nuevo-patrocinador-de-sgrail100\/#primaryimage\"},\"image\":{\"@id\":\"https:\/\/frikisdelabici.com\/site\/buycycle-sortea-la-bicicleta-de-jan-frodeno-con-fines-beneficos-como-nuevo-patrocinador-de-sgrail100\/#primaryimage\"},\"thumbnailUrl\":\"https:\/\/frikisdelabici.com\/site\/wp-content\/uploads\/2024\/10\/image-6.png\",\"datePublished\":\"2024-10-07T09:00:06+00:00\",\"dateModified\":\"2024-10-07T09:04:09+00:00\",\"description\":\"El sorteo estar\u00e1 abierto del 23 de septiembre al 1 de octubre. Para participar, se podr\u00e1 comprar un boleto de sorteo \u00fanico por 25 \u20ac.\",\"breadcrumb\":{\"@id\":\"https:\/\/frikisdelabici.com\/site\/buycycle-sortea-la-bicicleta-de-jan-frodeno-con-fines-beneficos-como-nuevo-patrocinador-de-sgrail100\/#breadcrumb\"},\"inLanguage\":\"es\",\"potentialAction\":[{\"@type\":\"ReadAction\",\"target\":[\"https:\/\/frikisdelabici.com\/site\/buycycle-sortea-la-bicicleta-de-jan-frodeno-con-fines-beneficos-como-nuevo-patrocinador-de-sgrail100\/\"]}]},{\"@type\":\"ImageObject\",\"inLanguage\":\"es\",\"@id\":\"https:\/\/frikisdelabici.com\/site\/buycycle-sortea-la-bicicleta-de-jan-frodeno-con-fines-beneficos-como-nuevo-patrocinador-de-sgrail100\/#primaryimage\",\"url\":\"https:\/\/frikisdelabici.com\/site\/wp-content\/uploads\/2024\/10\/image-6.png\",\"contentUrl\":\"https:\/\/frikisdelabici.com\/site\/wp-content\/uploads\/2024\/10\/image-6.png\",\"width\":688,\"height\":408},{\"@type\":\"BreadcrumbList\",\"@id\":\"https:\/\/frikisdelabici.com\/site\/buycycle-sortea-la-bicicleta-de-jan-frodeno-con-fines-beneficos-como-nuevo-patrocinador-de-sgrail100\/#breadcrumb\",\"itemListElement\":[{\"@type\":\"ListItem\",\"position\":1,\"name\":\"Inicio\",\"item\":\"https:\/\/frikisdelabici.com\/site\/\"},{\"@type\":\"ListItem\",\"position\":2,\"name\":\"buycycle sortea la bicicleta de Jan Frodeno con fines ben\u00e9ficos como nuevo patrocinador de SGRAIL100\"}]},{\"@type\":\"WebSite\",\"@id\":\"https:\/\/frikisdelabici.com\/site\/#website\",\"url\":\"https:\/\/frikisdelabici.com\/site\/\",\"name\":\"frikisdelabici.com\",\"description\":\"Noticias sobre ZWIFT, art\u00edculos sobre entrenamiento, carreras... de todo lo relacionado con el ciclista m\u00e1s friki\",\"publisher\":{\"@id\":\"https:\/\/frikisdelabici.com\/site\/#\/schema\/person\/a7e0f7e0c1ecaf32b75491c779564593\"},\"potentialAction\":[{\"@type\":\"SearchAction\",\"target\":{\"@type\":\"EntryPoint\",\"urlTemplate\":\"https:\/\/frikisdelabici.com\/site\/?s={search_term_string}\"},\"query-input\":{\"@type\":\"PropertyValueSpecification\",\"valueRequired\":true,\"valueName\":\"search_term_string\"}}],\"inLanguage\":\"es\"},{\"@type\":[\"Person\",\"Organization\"],\"@id\":\"https:\/\/frikisdelabici.com\/site\/#\/schema\/person\/a7e0f7e0c1ecaf32b75491c779564593\",\"name\":\"Rub\u00e9n Fern\u00e1ndez\",\"image\":{\"@type\":\"ImageObject\",\"inLanguage\":\"es\",\"@id\":\"https:\/\/frikisdelabici.com\/site\/#\/schema\/person\/image\/\",\"url\":\"https:\/\/frikisdelabici.com\/site\/wp-content\/uploads\/2020\/03\/gran-fondo-san-sebastian-2017-4014569-48213-4286-1-scaled.jpg\",\"contentUrl\":\"https:\/\/frikisdelabici.com\/site\/wp-content\/uploads\/2020\/03\/gran-fondo-san-sebastian-2017-4014569-48213-4286-1-scaled.jpg\",\"width\":2560,\"height\":1707,\"caption\":\"Rub\u00e9n Fern\u00e1ndez\"},\"logo\":{\"@id\":\"https:\/\/frikisdelabici.com\/site\/#\/schema\/person\/image\/\"},\"url\":\"https:\/\/frikisdelabici.com\/site\/author\/rubenextra300\/\"}]}<\/script>\n<!-- \/ Yoast SEO Premium plugin. -->","yoast_head_json":{"title":"buycycle sortea la bicicleta de Jan Frodeno con fines ben\u00e9ficos como nuevo patrocinador de SGRAIL100 - frikisdelabici.com","description":"El sorteo estar\u00e1 abierto del 23 de septiembre al 1 de octubre. Para participar, se podr\u00e1 comprar un boleto de sorteo \u00fanico por 25 \u20ac.","robots":{"index":"index","follow":"follow","max-snippet":"max-snippet:-1","max-image-preview":"max-image-preview:large","max-video-preview":"max-video-preview:-1"},"canonical":"https:\/\/frikisdelabici.com\/site\/buycycle-sortea-la-bicicleta-de-jan-frodeno-con-fines-beneficos-como-nuevo-patrocinador-de-sgrail100\/","og_locale":"es_ES","og_type":"article","og_title":"buycycle sortea la bicicleta de Jan Frodeno con fines ben\u00e9ficos como nuevo patrocinador de SGRAIL100","og_description":"El sorteo estar\u00e1 abierto del 23 de septiembre al 1 de octubre. Para participar, se podr\u00e1 comprar un boleto de sorteo \u00fanico por 25 \u20ac.","og_url":"https:\/\/frikisdelabici.com\/site\/buycycle-sortea-la-bicicleta-de-jan-frodeno-con-fines-beneficos-como-nuevo-patrocinador-de-sgrail100\/","og_site_name":"frikisdelabici.com","article_published_time":"2024-10-07T09:00:06+00:00","article_modified_time":"2024-10-07T09:04:09+00:00","og_image":[{"width":688,"height":408,"url":"https:\/\/frikisdelabici.com\/site\/wp-content\/uploads\/2024\/10\/image-6.png","type":"image\/png"}],"author":"Rub\u00e9n Fern\u00e1ndez","twitter_card":"summary_large_image","twitter_misc":{"Escrito por":"Rub\u00e9n Fern\u00e1ndez","Tiempo de lectura":"4 minutos"},"schema":{"@context":"https:\/\/schema.org","@graph":[{"@type":"Article","@id":"https:\/\/frikisdelabici.com\/site\/buycycle-sortea-la-bicicleta-de-jan-frodeno-con-fines-beneficos-como-nuevo-patrocinador-de-sgrail100\/#article","isPartOf":{"@id":"https:\/\/frikisdelabici.com\/site\/buycycle-sortea-la-bicicleta-de-jan-frodeno-con-fines-beneficos-como-nuevo-patrocinador-de-sgrail100\/"},"author":{"name":"Rub\u00e9n Fern\u00e1ndez","@id":"https:\/\/frikisdelabici.com\/site\/#\/schema\/person\/a7e0f7e0c1ecaf32b75491c779564593"},"headline":"buycycle sortea la bicicleta de Jan Frodeno con fines ben\u00e9ficos como nuevo patrocinador de SGRAIL100","datePublished":"2024-10-07T09:00:06+00:00","dateModified":"2024-10-07T09:04:09+00:00","mainEntityOfPage":{"@id":"https:\/\/frikisdelabici.com\/site\/buycycle-sortea-la-bicicleta-de-jan-frodeno-con-fines-beneficos-como-nuevo-patrocinador-de-sgrail100\/"},"wordCount":711,"commentCount":0,"publisher":{"@id":"https:\/\/frikisdelabici.com\/site\/#\/schema\/person\/a7e0f7e0c1ecaf32b75491c779564593"},"image":{"@id":"https:\/\/frikisdelabici.com\/site\/buycycle-sortea-la-bicicleta-de-jan-frodeno-con-fines-beneficos-como-nuevo-patrocinador-de-sgrail100\/#primaryimage"},"thumbnailUrl":"https:\/\/frikisdelabici.com\/site\/wp-content\/uploads\/2024\/10\/image-6.png","keywords":["aeroad","buycycle","canyon","ciclismo","deporte","rifa de bicicleta","sorteo"],"articleSection":["Varios"],"inLanguage":"es","potentialAction":[{"@type":"CommentAction","name":"Comment","target":["https:\/\/frikisdelabici.com\/site\/buycycle-sortea-la-bicicleta-de-jan-frodeno-con-fines-beneficos-como-nuevo-patrocinador-de-sgrail100\/#respond"]}]},{"@type":"WebPage","@id":"https:\/\/frikisdelabici.com\/site\/buycycle-sortea-la-bicicleta-de-jan-frodeno-con-fines-beneficos-como-nuevo-patrocinador-de-sgrail100\/","url":"https:\/\/frikisdelabici.com\/site\/buycycle-sortea-la-bicicleta-de-jan-frodeno-con-fines-beneficos-como-nuevo-patrocinador-de-sgrail100\/","name":"buycycle sortea la bicicleta de Jan Frodeno con fines ben\u00e9ficos como nuevo patrocinador de SGRAIL100 - frikisdelabici.com","isPartOf":{"@id":"https:\/\/frikisdelabici.com\/site\/#website"},"primaryImageOfPage":{"@id":"https:\/\/frikisdelabici.com\/site\/buycycle-sortea-la-bicicleta-de-jan-frodeno-con-fines-beneficos-como-nuevo-patrocinador-de-sgrail100\/#primaryimage"},"image":{"@id":"https:\/\/frikisdelabici.com\/site\/buycycle-sortea-la-bicicleta-de-jan-frodeno-con-fines-beneficos-como-nuevo-patrocinador-de-sgrail100\/#primaryimage"},"thumbnailUrl":"https:\/\/frikisdelabici.com\/site\/wp-content\/uploads\/2024\/10\/image-6.png","datePublished":"2024-10-07T09:00:06+00:00","dateModified":"2024-10-07T09:04:09+00:00","description":"El sorteo estar\u00e1 abierto del 23 de septiembre al 1 de octubre. Para participar, se podr\u00e1 comprar un boleto de sorteo \u00fanico por 25 \u20ac.","breadcrumb":{"@id":"https:\/\/frikisdelabici.com\/site\/buycycle-sortea-la-bicicleta-de-jan-frodeno-con-fines-beneficos-como-nuevo-patrocinador-de-sgrail100\/#breadcrumb"},"inLanguage":"es","potentialAction":[{"@type":"ReadAction","target":["https:\/\/frikisdelabici.com\/site\/buycycle-sortea-la-bicicleta-de-jan-frodeno-con-fines-beneficos-como-nuevo-patrocinador-de-sgrail100\/"]}]},{"@type":"ImageObject","inLanguage":"es","@id":"https:\/\/frikisdelabici.com\/site\/buycycle-sortea-la-bicicleta-de-jan-frodeno-con-fines-beneficos-como-nuevo-patrocinador-de-sgrail100\/#primaryimage","url":"https:\/\/frikisdelabici.com\/site\/wp-content\/uploads\/2024\/10\/image-6.png","contentUrl":"https:\/\/frikisdelabici.com\/site\/wp-content\/uploads\/2024\/10\/image-6.png","width":688,"height":408},{"@type":"BreadcrumbList","@id":"https:\/\/frikisdelabici.com\/site\/buycycle-sortea-la-bicicleta-de-jan-frodeno-con-fines-beneficos-como-nuevo-patrocinador-de-sgrail100\/#breadcrumb","itemListElement":[{"@type":"ListItem","position":1,"name":"Inicio","item":"https:\/\/frikisdelabici.com\/site\/"},{"@type":"ListItem","position":2,"name":"buycycle sortea la bicicleta de Jan Frodeno con fines ben\u00e9ficos como nuevo patrocinador de SGRAIL100"}]},{"@type":"WebSite","@id":"https:\/\/frikisdelabici.com\/site\/#website","url":"https:\/\/frikisdelabici.com\/site\/","name":"frikisdelabici.com","description":"Noticias sobre ZWIFT, art\u00edculos sobre entrenamiento, carreras... de todo lo relacionado con el ciclista m\u00e1s friki","publisher":{"@id":"https:\/\/frikisdelabici.com\/site\/#\/schema\/person\/a7e0f7e0c1ecaf32b75491c779564593"},"potentialAction":[{"@type":"SearchAction","target":{"@type":"EntryPoint","urlTemplate":"https:\/\/frikisdelabici.com\/site\/?s={search_term_string}"},"query-input":{"@type":"PropertyValueSpecification","valueRequired":true,"valueName":"search_term_string"}}],"inLanguage":"es"},{"@type":["Person","Organization"],"@id":"https:\/\/frikisdelabici.com\/site\/#\/schema\/person\/a7e0f7e0c1ecaf32b75491c779564593","name":"Rub\u00e9n Fern\u00e1ndez","image":{"@type":"ImageObject","inLanguage":"es","@id":"https:\/\/frikisdelabici.com\/site\/#\/schema\/person\/image\/","url":"https:\/\/frikisdelabici.com\/site\/wp-content\/uploads\/2020\/03\/gran-fondo-san-sebastian-2017-4014569-48213-4286-1-scaled.jpg","contentUrl":"https:\/\/frikisdelabici.com\/site\/wp-content\/uploads\/2020\/03\/gran-fondo-san-sebastian-2017-4014569-48213-4286-1-scaled.jpg","width":2560,"height":1707,"caption":"Rub\u00e9n Fern\u00e1ndez"},"logo":{"@id":"https:\/\/frikisdelabici.com\/site\/#\/schema\/person\/image\/"},"url":"https:\/\/frikisdelabici.com\/site\/author\/rubenextra300\/"}]}},"_links":{"self":[{"href":"https:\/\/frikisdelabici.com\/site\/wp-json\/wp\/v2\/posts\/2428","targetHints":{"allow":["GET"]}}],"collection":[{"href":"https:\/\/frikisdelabici.com\/site\/wp-json\/wp\/v2\/posts"}],"about":[{"href":"https:\/\/frikisdelabici.com\/site\/wp-json\/wp\/v2\/types\/post"}],"author":[{"embeddable":true,"href":"https:\/\/frikisdelabici.com\/site\/wp-json\/wp\/v2\/users\/1"}],"replies":[{"embeddable":true,"href":"https:\/\/frikisdelabici.com\/site\/wp-json\/wp\/v2\/comments?post=2428"}],"version-history":[{"count":2,"href":"https:\/\/frikisdelabici.com\/site\/wp-json\/wp\/v2\/posts\/2428\/revisions"}],"predecessor-version":[{"id":2436,"href":"https:\/\/frikisdelabici.com\/site\/wp-json\/wp\/v2\/posts\/2428\/revisions\/2436"}],"wp:featuredmedia":[{"embeddable":true,"href":"https:\/\/frikisdelabici.com\/site\/wp-json\/wp\/v2\/media\/2431"}],"wp:attachment":[{"href":"https:\/\/frikisdelabici.com\/site\/wp-json\/wp\/v2\/media?parent=2428"}],"wp:term":[{"taxonomy":"category","embeddable":true,"href":"https:\/\/frikisdelabici.com\/site\/wp-json\/wp\/v2\/categories?post=2428"},{"taxonomy":"post_tag","embeddable":true,"href":"https:\/\/frikisdelabici.com\/site\/wp-json\/wp\/v2\/tags?post=2428"},{"taxonomy":"series","embeddable":true,"href":"https:\/\/frikisdelabici.com\/site\/wp-json\/wp\/v2\/series?post=2428"}],"curies":[{"name":"wp","href":"https:\/\/api.w.org\/{rel}","templated":true}]}}