{"id":2466,"date":"2024-10-29T10:44:34","date_gmt":"2024-10-29T08:44:34","guid":{"rendered":"https:\/\/frikisdelabici.com\/site\/?p=2466"},"modified":"2024-10-29T10:44:34","modified_gmt":"2024-10-29T08:44:34","slug":"buycycle-amplia-su-oferta-de-productos-para-incluir-componentes","status":"publish","type":"post","link":"https:\/\/frikisdelabici.com\/site\/buycycle-amplia-su-oferta-de-productos-para-incluir-componentes\/","title":{"rendered":"buycycle, ampl\u00eda su oferta de productos para incluir componentes"},"content":{"rendered":"\n<p><strong><em>El mercado mundial de bicicletas de segunda mano ofrecer\u00e1 a partir de ahora una gama completa de componentes para bicicletas de segunda mano<\/em><\/strong><strong><em><\/em><\/strong><\/p>\n\n\n\n<p><a href=\"https:\/\/buycycle.com\/en-us\"><em>buycycle<\/em><\/a>, el mercado l\u00edder de bicicletas de segunda mano de alta calidad, lanza un mercado dedicado a los componentes para bicicletas. Esta iniciativa pretende llenar un vac\u00edo en el mercado de bicicletas de segunda mano, facilitando a los ciclistas la compra y venta de piezas esenciales.<\/p>\n\n\n\n<p><strong>Aprovechar un mercado en crecimiento<\/strong><\/p>\n\n\n\n<p>Con una oferta actual de m\u00e1s de 25.000 bicicletas, <em>buycycle<\/em> se ha convertido en un destino de confianza para ciclistas de todo el mundo. Con la intenci\u00f3n de reforzar a\u00fan m\u00e1s la posici\u00f3n de la plataforma, la decisi\u00f3n de expandirse a los componentes para bicicletas llega en un momento estrat\u00e9gico. La demanda mundial de piezas de bicicleta est\u00e1 en auge: Seg\u00fan informes recientes, se prev\u00e9 que el mercado mundial de componentes para bicicletas alcance los 12.350 millones de d\u00f3lares a finales de 2024 y casi se duplique hasta los 23.700 millones de d\u00f3lares en 2034, creciendo a una tasa de crecimiento anual compuesto (TCAC) constante del 6,7% <a href=\"https:\/\/www.factmr.com\/report\/bicycle-component-market\">Fact.MR<\/a>). Este aumento de la demanda de recambios ciclistas sostenibles, asequibles y actualizados ha creado, por tanto, una oportunidad \u00fanica para <em>buycycle<\/em> de atender a un p\u00fablico m\u00e1s amplio que la empresa est\u00e1 dispuesta a aprovechar.<br><br><\/p>\n\n\n\n<figure class=\"wp-block-image size-full\"><img decoding=\"async\" width=\"975\" height=\"719\" data-src=\"https:\/\/frikisdelabici.com\/site\/wp-content\/uploads\/2024\/10\/image-18.png\" alt=\"\" class=\"wp-image-2469 lazyload\" data-srcset=\"https:\/\/frikisdelabici.com\/site\/wp-content\/uploads\/2024\/10\/image-18.png 975w, https:\/\/frikisdelabici.com\/site\/wp-content\/uploads\/2024\/10\/image-18-300x221.png 300w, https:\/\/frikisdelabici.com\/site\/wp-content\/uploads\/2024\/10\/image-18-768x566.png 768w\" data-sizes=\"(max-width: 975px) 100vw, 975px\" src=\"data:image\/svg+xml;base64,PHN2ZyB3aWR0aD0iMSIgaGVpZ2h0PSIxIiB4bWxucz0iaHR0cDovL3d3dy53My5vcmcvMjAwMC9zdmciPjwvc3ZnPg==\" style=\"--smush-placeholder-width: 975px; --smush-placeholder-aspect-ratio: 975\/719;\" \/><\/figure>\n\n\n\n<p><strong>\u00bfQu\u00e9 incluye el nuevo mercado?<\/strong><\/p>\n\n\n\n<p>El mercado se lanzar\u00e1 simult\u00e1neamente en Europa y EE.UU., lo que simplificar\u00e1 las transacciones nacionales en ambas regiones. Para mantener el nivel de protecci\u00f3n al cliente que <em>buycycle<\/em> ya ofrece para las bicicletas, el plan de protecci\u00f3n al comprador de piezas de bicicleta cubrir\u00e1 problemas como da\u00f1os en el env\u00edo y discrepancias entre los art\u00edculos listados y los recibidos. Vender en la plataforma es gratuito, por lo que resulta f\u00e1cil y gratuito para los vendedores.<strong><\/strong><\/p>\n\n\n\n<p><strong>Una progresi\u00f3n natural para buycycle<\/strong><\/p>\n\n\n\n<p>El cofundador y consejero delegado de <em>buycycle<\/em>, Theodor Golditchuk, lleva tiempo pensando en los componentes, en la expansi\u00f3n: \u00abLanzar un mercado de componentes es un paso natural para <em>buycycle<\/em>. Hemos escuchado constantemente de nuestra comunidad que hay una necesidad de piezas asequibles y de calidad. Al integrar esto en nuestra plataforma, facilitamos a los ciclistas la actualizaci\u00f3n o modificaci\u00f3n de sus bicicletas sin arruinarse. Esta iniciativa se basa en las opiniones de los clientes y en la fuerte demanda del mercado\u00bb.<\/p>\n\n\n\n<figure class=\"wp-block-image size-full\"><img decoding=\"async\" width=\"975\" height=\"650\" data-src=\"https:\/\/frikisdelabici.com\/site\/wp-content\/uploads\/2024\/10\/image-19.png\" alt=\"\" class=\"wp-image-2470 lazyload\" data-srcset=\"https:\/\/frikisdelabici.com\/site\/wp-content\/uploads\/2024\/10\/image-19.png 975w, https:\/\/frikisdelabici.com\/site\/wp-content\/uploads\/2024\/10\/image-19-300x200.png 300w, https:\/\/frikisdelabici.com\/site\/wp-content\/uploads\/2024\/10\/image-19-768x512.png 768w, https:\/\/frikisdelabici.com\/site\/wp-content\/uploads\/2024\/10\/image-19-600x400.png 600w\" data-sizes=\"(max-width: 975px) 100vw, 975px\" src=\"data:image\/svg+xml;base64,PHN2ZyB3aWR0aD0iMSIgaGVpZ2h0PSIxIiB4bWxucz0iaHR0cDovL3d3dy53My5vcmcvMjAwMC9zdmciPjwvc3ZnPg==\" style=\"--smush-placeholder-width: 975px; --smush-placeholder-aspect-ratio: 975\/650;\" \/><\/figure>\n\n\n\n<p><strong>Construyendo una comunidad ciclista global<\/strong><\/p>\n\n\n\n<p>La misi\u00f3n de <em>buycycle<\/em> siempre ha sido crear una plataforma de confianza para la comunidad mundial de ciclistas para poder comprar y vender bicicletas de segunda mano con facilidad. El mercado permite a cualquiera encontrar bicicletas de ensue\u00f1o a una fracci\u00f3n del coste original, al tiempo que ofrece una experiencia de mercado segura y c\u00f3moda. Ampliar esta misi\u00f3n a los componentes de segunda mano es algo natural y ampliar\u00e1 a\u00fan m\u00e1s la presencia de la empresa en el \u00e1mbito del ciclismo.<\/p>\n\n\n\n<p><strong><u>\u00bf<\/u><\/strong><strong>Qui\u00e9nes somos?<\/strong> Fundada en 2021 por los aficionados del ciclismo Jonas, Florian y Theo, buycycle naci\u00f3 de la necesidad personal de encontrar una forma m\u00e1s segura de comprar bicicletas de segunda mano. Despu\u00e9s de que Jonas experimentara dificultades con vendedores poco fiables en otras plataformas, el tr\u00edo se propuso crear un mercado de confianza donde los ciclistas pudieran comprar y vender bicicletas sin preocupaciones. Hoy, <em>buycycle<\/em> se enorgullece de ser el principal mercado europeo de bicicletas de segunda mano de alta calidad y, con esta \u00faltima expansi\u00f3n, de componentes para bicicletas. El equipo sigue comprometido en poner el ciclismo al alcance de todos.<\/p>\n","protected":false},"excerpt":{"rendered":"<p>El mercado mundial de bicicletas de segunda mano ofrecer\u00e1 a partir de ahora una gama completa de componentes para bicicletas de segunda mano buycycle, el mercado l\u00edder de bicicletas de segunda mano de alta calidad, lanza un mercado dedicado a los componentes para bicicletas. Esta iniciativa pretende llenar un vac\u00edo en el mercado de bicicletas&#8230;<\/p>\n","protected":false},"author":1,"featured_media":2468,"comment_status":"open","ping_status":"open","sticky":false,"template":"","format":"standard","meta":{"footnotes":""},"categories":[296],"tags":[],"series":[],"class_list":["post-2466","post","type-post","status-publish","format-standard","has-post-thumbnail","hentry","category-varios"],"yoast_head":"<!-- This site is optimized with the Yoast SEO Premium plugin v18.4 (Yoast SEO v26.7) - https:\/\/yoast.com\/wordpress\/plugins\/seo\/ -->\n<title>buycycle, ampl\u00eda su oferta de productos para incluir componentes - frikisdelabici.com<\/title>\n<meta name=\"description\" content=\"El objetivo es llenar un vac\u00edo en el mercado de bicis de segunda mano, facilitando a los ciclistas la compra y venta de piezas esenciales.\" \/>\n<meta name=\"robots\" content=\"index, follow, max-snippet:-1, max-image-preview:large, max-video-preview:-1\" \/>\n<link rel=\"canonical\" href=\"https:\/\/frikisdelabici.com\/site\/buycycle-amplia-su-oferta-de-productos-para-incluir-componentes\/\" \/>\n<meta property=\"og:locale\" content=\"es_ES\" \/>\n<meta property=\"og:type\" content=\"article\" \/>\n<meta property=\"og:title\" content=\"buycycle, ampl\u00eda su oferta de productos para incluir componentes\" \/>\n<meta property=\"og:description\" content=\"El objetivo es llenar un vac\u00edo en el mercado de bicis de segunda mano, facilitando a los ciclistas la compra y venta de piezas esenciales.\" \/>\n<meta property=\"og:url\" content=\"https:\/\/frikisdelabici.com\/site\/buycycle-amplia-su-oferta-de-productos-para-incluir-componentes\/\" \/>\n<meta property=\"og:site_name\" content=\"frikisdelabici.com\" \/>\n<meta property=\"article:published_time\" content=\"2024-10-29T08:44:34+00:00\" \/>\n<meta property=\"og:image\" content=\"https:\/\/frikisdelabici.com\/site\/wp-content\/uploads\/2024\/10\/image-17.png\" \/>\n\t<meta property=\"og:image:width\" content=\"975\" \/>\n\t<meta property=\"og:image:height\" content=\"633\" \/>\n\t<meta property=\"og:image:type\" content=\"image\/png\" \/>\n<meta name=\"author\" content=\"Rub\u00e9n Fern\u00e1ndez\" \/>\n<meta name=\"twitter:card\" content=\"summary_large_image\" \/>\n<meta name=\"twitter:label1\" content=\"Escrito por\" \/>\n\t<meta name=\"twitter:data1\" content=\"Rub\u00e9n Fern\u00e1ndez\" \/>\n\t<meta name=\"twitter:label2\" content=\"Tiempo de lectura\" \/>\n\t<meta name=\"twitter:data2\" content=\"4 minutos\" \/>\n<script type=\"application\/ld+json\" class=\"yoast-schema-graph\">{\"@context\":\"https:\/\/schema.org\",\"@graph\":[{\"@type\":\"Article\",\"@id\":\"https:\/\/frikisdelabici.com\/site\/buycycle-amplia-su-oferta-de-productos-para-incluir-componentes\/#article\",\"isPartOf\":{\"@id\":\"https:\/\/frikisdelabici.com\/site\/buycycle-amplia-su-oferta-de-productos-para-incluir-componentes\/\"},\"author\":{\"name\":\"Rub\u00e9n Fern\u00e1ndez\",\"@id\":\"https:\/\/frikisdelabici.com\/site\/#\/schema\/person\/a7e0f7e0c1ecaf32b75491c779564593\"},\"headline\":\"buycycle, ampl\u00eda su oferta de productos para incluir componentes\",\"datePublished\":\"2024-10-29T08:44:34+00:00\",\"mainEntityOfPage\":{\"@id\":\"https:\/\/frikisdelabici.com\/site\/buycycle-amplia-su-oferta-de-productos-para-incluir-componentes\/\"},\"wordCount\":614,\"commentCount\":0,\"publisher\":{\"@id\":\"https:\/\/frikisdelabici.com\/site\/#\/schema\/person\/a7e0f7e0c1ecaf32b75491c779564593\"},\"image\":{\"@id\":\"https:\/\/frikisdelabici.com\/site\/buycycle-amplia-su-oferta-de-productos-para-incluir-componentes\/#primaryimage\"},\"thumbnailUrl\":\"https:\/\/frikisdelabici.com\/site\/wp-content\/uploads\/2024\/10\/image-17.png\",\"articleSection\":[\"Varios\"],\"inLanguage\":\"es\",\"potentialAction\":[{\"@type\":\"CommentAction\",\"name\":\"Comment\",\"target\":[\"https:\/\/frikisdelabici.com\/site\/buycycle-amplia-su-oferta-de-productos-para-incluir-componentes\/#respond\"]}]},{\"@type\":\"WebPage\",\"@id\":\"https:\/\/frikisdelabici.com\/site\/buycycle-amplia-su-oferta-de-productos-para-incluir-componentes\/\",\"url\":\"https:\/\/frikisdelabici.com\/site\/buycycle-amplia-su-oferta-de-productos-para-incluir-componentes\/\",\"name\":\"buycycle, ampl\u00eda su oferta de productos para incluir componentes - frikisdelabici.com\",\"isPartOf\":{\"@id\":\"https:\/\/frikisdelabici.com\/site\/#website\"},\"primaryImageOfPage\":{\"@id\":\"https:\/\/frikisdelabici.com\/site\/buycycle-amplia-su-oferta-de-productos-para-incluir-componentes\/#primaryimage\"},\"image\":{\"@id\":\"https:\/\/frikisdelabici.com\/site\/buycycle-amplia-su-oferta-de-productos-para-incluir-componentes\/#primaryimage\"},\"thumbnailUrl\":\"https:\/\/frikisdelabici.com\/site\/wp-content\/uploads\/2024\/10\/image-17.png\",\"datePublished\":\"2024-10-29T08:44:34+00:00\",\"description\":\"El objetivo es llenar un vac\u00edo en el mercado de bicis de segunda mano, facilitando a los ciclistas la compra y venta de piezas esenciales.\",\"breadcrumb\":{\"@id\":\"https:\/\/frikisdelabici.com\/site\/buycycle-amplia-su-oferta-de-productos-para-incluir-componentes\/#breadcrumb\"},\"inLanguage\":\"es\",\"potentialAction\":[{\"@type\":\"ReadAction\",\"target\":[\"https:\/\/frikisdelabici.com\/site\/buycycle-amplia-su-oferta-de-productos-para-incluir-componentes\/\"]}]},{\"@type\":\"ImageObject\",\"inLanguage\":\"es\",\"@id\":\"https:\/\/frikisdelabici.com\/site\/buycycle-amplia-su-oferta-de-productos-para-incluir-componentes\/#primaryimage\",\"url\":\"https:\/\/frikisdelabici.com\/site\/wp-content\/uploads\/2024\/10\/image-17.png\",\"contentUrl\":\"https:\/\/frikisdelabici.com\/site\/wp-content\/uploads\/2024\/10\/image-17.png\",\"width\":975,\"height\":633},{\"@type\":\"BreadcrumbList\",\"@id\":\"https:\/\/frikisdelabici.com\/site\/buycycle-amplia-su-oferta-de-productos-para-incluir-componentes\/#breadcrumb\",\"itemListElement\":[{\"@type\":\"ListItem\",\"position\":1,\"name\":\"Inicio\",\"item\":\"https:\/\/frikisdelabici.com\/site\/\"},{\"@type\":\"ListItem\",\"position\":2,\"name\":\"buycycle, ampl\u00eda su oferta de productos para incluir componentes\"}]},{\"@type\":\"WebSite\",\"@id\":\"https:\/\/frikisdelabici.com\/site\/#website\",\"url\":\"https:\/\/frikisdelabici.com\/site\/\",\"name\":\"frikisdelabici.com\",\"description\":\"Noticias sobre ZWIFT, art\u00edculos sobre entrenamiento, carreras... de todo lo relacionado con el ciclista m\u00e1s friki\",\"publisher\":{\"@id\":\"https:\/\/frikisdelabici.com\/site\/#\/schema\/person\/a7e0f7e0c1ecaf32b75491c779564593\"},\"potentialAction\":[{\"@type\":\"SearchAction\",\"target\":{\"@type\":\"EntryPoint\",\"urlTemplate\":\"https:\/\/frikisdelabici.com\/site\/?s={search_term_string}\"},\"query-input\":{\"@type\":\"PropertyValueSpecification\",\"valueRequired\":true,\"valueName\":\"search_term_string\"}}],\"inLanguage\":\"es\"},{\"@type\":[\"Person\",\"Organization\"],\"@id\":\"https:\/\/frikisdelabici.com\/site\/#\/schema\/person\/a7e0f7e0c1ecaf32b75491c779564593\",\"name\":\"Rub\u00e9n Fern\u00e1ndez\",\"image\":{\"@type\":\"ImageObject\",\"inLanguage\":\"es\",\"@id\":\"https:\/\/frikisdelabici.com\/site\/#\/schema\/person\/image\/\",\"url\":\"https:\/\/frikisdelabici.com\/site\/wp-content\/uploads\/2020\/03\/gran-fondo-san-sebastian-2017-4014569-48213-4286-1-scaled.jpg\",\"contentUrl\":\"https:\/\/frikisdelabici.com\/site\/wp-content\/uploads\/2020\/03\/gran-fondo-san-sebastian-2017-4014569-48213-4286-1-scaled.jpg\",\"width\":2560,\"height\":1707,\"caption\":\"Rub\u00e9n Fern\u00e1ndez\"},\"logo\":{\"@id\":\"https:\/\/frikisdelabici.com\/site\/#\/schema\/person\/image\/\"},\"url\":\"https:\/\/frikisdelabici.com\/site\/author\/rubenextra300\/\"}]}<\/script>\n<!-- \/ Yoast SEO Premium plugin. -->","yoast_head_json":{"title":"buycycle, ampl\u00eda su oferta de productos para incluir componentes - frikisdelabici.com","description":"El objetivo es llenar un vac\u00edo en el mercado de bicis de segunda mano, facilitando a los ciclistas la compra y venta de piezas esenciales.","robots":{"index":"index","follow":"follow","max-snippet":"max-snippet:-1","max-image-preview":"max-image-preview:large","max-video-preview":"max-video-preview:-1"},"canonical":"https:\/\/frikisdelabici.com\/site\/buycycle-amplia-su-oferta-de-productos-para-incluir-componentes\/","og_locale":"es_ES","og_type":"article","og_title":"buycycle, ampl\u00eda su oferta de productos para incluir componentes","og_description":"El objetivo es llenar un vac\u00edo en el mercado de bicis de segunda mano, facilitando a los ciclistas la compra y venta de piezas esenciales.","og_url":"https:\/\/frikisdelabici.com\/site\/buycycle-amplia-su-oferta-de-productos-para-incluir-componentes\/","og_site_name":"frikisdelabici.com","article_published_time":"2024-10-29T08:44:34+00:00","og_image":[{"width":975,"height":633,"url":"https:\/\/frikisdelabici.com\/site\/wp-content\/uploads\/2024\/10\/image-17.png","type":"image\/png"}],"author":"Rub\u00e9n Fern\u00e1ndez","twitter_card":"summary_large_image","twitter_misc":{"Escrito por":"Rub\u00e9n Fern\u00e1ndez","Tiempo de lectura":"4 minutos"},"schema":{"@context":"https:\/\/schema.org","@graph":[{"@type":"Article","@id":"https:\/\/frikisdelabici.com\/site\/buycycle-amplia-su-oferta-de-productos-para-incluir-componentes\/#article","isPartOf":{"@id":"https:\/\/frikisdelabici.com\/site\/buycycle-amplia-su-oferta-de-productos-para-incluir-componentes\/"},"author":{"name":"Rub\u00e9n Fern\u00e1ndez","@id":"https:\/\/frikisdelabici.com\/site\/#\/schema\/person\/a7e0f7e0c1ecaf32b75491c779564593"},"headline":"buycycle, ampl\u00eda su oferta de productos para incluir componentes","datePublished":"2024-10-29T08:44:34+00:00","mainEntityOfPage":{"@id":"https:\/\/frikisdelabici.com\/site\/buycycle-amplia-su-oferta-de-productos-para-incluir-componentes\/"},"wordCount":614,"commentCount":0,"publisher":{"@id":"https:\/\/frikisdelabici.com\/site\/#\/schema\/person\/a7e0f7e0c1ecaf32b75491c779564593"},"image":{"@id":"https:\/\/frikisdelabici.com\/site\/buycycle-amplia-su-oferta-de-productos-para-incluir-componentes\/#primaryimage"},"thumbnailUrl":"https:\/\/frikisdelabici.com\/site\/wp-content\/uploads\/2024\/10\/image-17.png","articleSection":["Varios"],"inLanguage":"es","potentialAction":[{"@type":"CommentAction","name":"Comment","target":["https:\/\/frikisdelabici.com\/site\/buycycle-amplia-su-oferta-de-productos-para-incluir-componentes\/#respond"]}]},{"@type":"WebPage","@id":"https:\/\/frikisdelabici.com\/site\/buycycle-amplia-su-oferta-de-productos-para-incluir-componentes\/","url":"https:\/\/frikisdelabici.com\/site\/buycycle-amplia-su-oferta-de-productos-para-incluir-componentes\/","name":"buycycle, ampl\u00eda su oferta de productos para incluir componentes - frikisdelabici.com","isPartOf":{"@id":"https:\/\/frikisdelabici.com\/site\/#website"},"primaryImageOfPage":{"@id":"https:\/\/frikisdelabici.com\/site\/buycycle-amplia-su-oferta-de-productos-para-incluir-componentes\/#primaryimage"},"image":{"@id":"https:\/\/frikisdelabici.com\/site\/buycycle-amplia-su-oferta-de-productos-para-incluir-componentes\/#primaryimage"},"thumbnailUrl":"https:\/\/frikisdelabici.com\/site\/wp-content\/uploads\/2024\/10\/image-17.png","datePublished":"2024-10-29T08:44:34+00:00","description":"El objetivo es llenar un vac\u00edo en el mercado de bicis de segunda mano, facilitando a los ciclistas la compra y venta de piezas esenciales.","breadcrumb":{"@id":"https:\/\/frikisdelabici.com\/site\/buycycle-amplia-su-oferta-de-productos-para-incluir-componentes\/#breadcrumb"},"inLanguage":"es","potentialAction":[{"@type":"ReadAction","target":["https:\/\/frikisdelabici.com\/site\/buycycle-amplia-su-oferta-de-productos-para-incluir-componentes\/"]}]},{"@type":"ImageObject","inLanguage":"es","@id":"https:\/\/frikisdelabici.com\/site\/buycycle-amplia-su-oferta-de-productos-para-incluir-componentes\/#primaryimage","url":"https:\/\/frikisdelabici.com\/site\/wp-content\/uploads\/2024\/10\/image-17.png","contentUrl":"https:\/\/frikisdelabici.com\/site\/wp-content\/uploads\/2024\/10\/image-17.png","width":975,"height":633},{"@type":"BreadcrumbList","@id":"https:\/\/frikisdelabici.com\/site\/buycycle-amplia-su-oferta-de-productos-para-incluir-componentes\/#breadcrumb","itemListElement":[{"@type":"ListItem","position":1,"name":"Inicio","item":"https:\/\/frikisdelabici.com\/site\/"},{"@type":"ListItem","position":2,"name":"buycycle, ampl\u00eda su oferta de productos para incluir componentes"}]},{"@type":"WebSite","@id":"https:\/\/frikisdelabici.com\/site\/#website","url":"https:\/\/frikisdelabici.com\/site\/","name":"frikisdelabici.com","description":"Noticias sobre ZWIFT, art\u00edculos sobre entrenamiento, carreras... de todo lo relacionado con el ciclista m\u00e1s friki","publisher":{"@id":"https:\/\/frikisdelabici.com\/site\/#\/schema\/person\/a7e0f7e0c1ecaf32b75491c779564593"},"potentialAction":[{"@type":"SearchAction","target":{"@type":"EntryPoint","urlTemplate":"https:\/\/frikisdelabici.com\/site\/?s={search_term_string}"},"query-input":{"@type":"PropertyValueSpecification","valueRequired":true,"valueName":"search_term_string"}}],"inLanguage":"es"},{"@type":["Person","Organization"],"@id":"https:\/\/frikisdelabici.com\/site\/#\/schema\/person\/a7e0f7e0c1ecaf32b75491c779564593","name":"Rub\u00e9n Fern\u00e1ndez","image":{"@type":"ImageObject","inLanguage":"es","@id":"https:\/\/frikisdelabici.com\/site\/#\/schema\/person\/image\/","url":"https:\/\/frikisdelabici.com\/site\/wp-content\/uploads\/2020\/03\/gran-fondo-san-sebastian-2017-4014569-48213-4286-1-scaled.jpg","contentUrl":"https:\/\/frikisdelabici.com\/site\/wp-content\/uploads\/2020\/03\/gran-fondo-san-sebastian-2017-4014569-48213-4286-1-scaled.jpg","width":2560,"height":1707,"caption":"Rub\u00e9n Fern\u00e1ndez"},"logo":{"@id":"https:\/\/frikisdelabici.com\/site\/#\/schema\/person\/image\/"},"url":"https:\/\/frikisdelabici.com\/site\/author\/rubenextra300\/"}]}},"_links":{"self":[{"href":"https:\/\/frikisdelabici.com\/site\/wp-json\/wp\/v2\/posts\/2466","targetHints":{"allow":["GET"]}}],"collection":[{"href":"https:\/\/frikisdelabici.com\/site\/wp-json\/wp\/v2\/posts"}],"about":[{"href":"https:\/\/frikisdelabici.com\/site\/wp-json\/wp\/v2\/types\/post"}],"author":[{"embeddable":true,"href":"https:\/\/frikisdelabici.com\/site\/wp-json\/wp\/v2\/users\/1"}],"replies":[{"embeddable":true,"href":"https:\/\/frikisdelabici.com\/site\/wp-json\/wp\/v2\/comments?post=2466"}],"version-history":[{"count":1,"href":"https:\/\/frikisdelabici.com\/site\/wp-json\/wp\/v2\/posts\/2466\/revisions"}],"predecessor-version":[{"id":2471,"href":"https:\/\/frikisdelabici.com\/site\/wp-json\/wp\/v2\/posts\/2466\/revisions\/2471"}],"wp:featuredmedia":[{"embeddable":true,"href":"https:\/\/frikisdelabici.com\/site\/wp-json\/wp\/v2\/media\/2468"}],"wp:attachment":[{"href":"https:\/\/frikisdelabici.com\/site\/wp-json\/wp\/v2\/media?parent=2466"}],"wp:term":[{"taxonomy":"category","embeddable":true,"href":"https:\/\/frikisdelabici.com\/site\/wp-json\/wp\/v2\/categories?post=2466"},{"taxonomy":"post_tag","embeddable":true,"href":"https:\/\/frikisdelabici.com\/site\/wp-json\/wp\/v2\/tags?post=2466"},{"taxonomy":"series","embeddable":true,"href":"https:\/\/frikisdelabici.com\/site\/wp-json\/wp\/v2\/series?post=2466"}],"curies":[{"name":"wp","href":"https:\/\/api.w.org\/{rel}","templated":true}]}}