{"id":2577,"date":"2025-03-08T19:00:00","date_gmt":"2025-03-08T17:00:00","guid":{"rendered":"https:\/\/frikisdelabici.com\/site\/?p=2577"},"modified":"2025-03-06T19:52:18","modified_gmt":"2025-03-06T17:52:18","slug":"dos-nuevos-talentos-emergen-de-la-zwift-academy-y-firman-contratos-profesionales-para-2025","status":"publish","type":"post","link":"https:\/\/frikisdelabici.com\/site\/dos-nuevos-talentos-emergen-de-la-zwift-academy-y-firman-contratos-profesionales-para-2025\/","title":{"rendered":"Dos nuevos talentos emergen de la Zwift Academy y firman contratos profesionales para 2025"},"content":{"rendered":"\n<p>Tras una exigente ronda final, Emily Dixon y Noah Ramsay aseguran su futuro en el ciclismo profesional con contratos en CANYON\/\/SRAM zondacrypto Generation y Alpecin-Deceuninck Development Team para la temporada 2025.<\/p>\n\n\n\n<figure class=\"wp-block-image size-full\"><img decoding=\"async\" width=\"940\" height=\"627\" data-src=\"https:\/\/frikisdelabici.com\/site\/wp-content\/uploads\/2025\/03\/image-1.png\" alt=\"\" class=\"wp-image-2579 lazyload\" data-srcset=\"https:\/\/frikisdelabici.com\/site\/wp-content\/uploads\/2025\/03\/image-1.png 940w, https:\/\/frikisdelabici.com\/site\/wp-content\/uploads\/2025\/03\/image-1-300x200.png 300w, https:\/\/frikisdelabici.com\/site\/wp-content\/uploads\/2025\/03\/image-1-768x512.png 768w, https:\/\/frikisdelabici.com\/site\/wp-content\/uploads\/2025\/03\/image-1-600x400.png 600w\" data-sizes=\"(max-width: 940px) 100vw, 940px\" src=\"data:image\/svg+xml;base64,PHN2ZyB3aWR0aD0iMSIgaGVpZ2h0PSIxIiB4bWxucz0iaHR0cDovL3d3dy53My5vcmcvMjAwMC9zdmciPjwvc3ZnPg==\" style=\"--smush-placeholder-width: 940px; --smush-placeholder-aspect-ratio: 940\/627;\" \/><\/figure>\n\n\n\n<p>8 de marzo de 2025, &#8211; En su novena edici\u00f3n, la Zwift Academy, el programa de formaci\u00f3n y detecci\u00f3n de talentos en colaboraci\u00f3n con CANYON\/\/SRAM zondacrypto y Alpecin-Deceuninck, ha premiado con contratos profesionales a dos ciclistas que sobresalieron por su talento y rendimiento.<\/p>\n\n\n\n<p>La australiana Emily Dixon se incorporar\u00e1 al equipo CANYON\/\/SRAM zondacrypto Generation, mientras que el canadiense Noah Ramsay formar\u00e1 parte del Alpecin-Deceuninck Development Team. Estos dos nombres se a\u00f1aden a la prestigiosa lista de ciclistas que han salido de la Zwift Academy, un programa que ha impulsado las carreras de nombres como Neve Bradbury, ganadora de etapa en el Giro d\u2019Italia Women; Luca Vergallito, ascendido al equipo profesional tras solo un a\u00f1o en la escuadra de desarrollo y con recientes buenos resultados en la Volta ao Algarve; o Jay Vine, doble ganador de etapa en la Vuelta a Espa\u00f1a.<\/p>\n\n\n\n<p>Emily y Noah lograron destacar entre m\u00e1s de 100.000 ciclistas que participaron en la Zwift Academy 2024. Ambos formaron parte de los ocho finalistas invitados a los campamentos de sus respectivos equipos, donde se disputaron las pruebas finales. Las cuatro ciclistas femeninas viajaron a Algarve, Portugal, con CANYON\/\/SRAM zondacrypto, mientras que los cuatro finalistas masculinos se unieron a Alpecin-Deceuninck en Denia, Espa\u00f1a.<\/p>\n\n\n\n<p>Durante la ronda final, los aspirantes fueron sometidos a diferentes desaf\u00edos y competiciones, tanto en carretera como en la plataforma Zwift. Adem\u00e1s, tuvieron la oportunidad de conocer a los entrenadores y al personal t\u00e9cnico de los equipos, as\u00ed como compartir entrenamientos con sus futuros compa\u00f1eros. La prueba definitiva consisti\u00f3 en repetir el test realizado cuatro d\u00edas antes, pero esta vez con la fatiga acumulada en las piernas.<\/p>\n\n\n\n<p>Emily Dixon destac\u00f3 gracias a su combinaci\u00f3n de potencia eficiente, t\u00e9cnica impecable y una madurez que supera su edad. Afront\u00f3 cada reto con calma y determinaci\u00f3n, enfoc\u00e1ndose en demostrar su talento sin dejarse influenciar por el rendimiento de sus rivales. A sus 18 a\u00f1os, ten\u00eda claro su objetivo: demostrar que merec\u00eda un lugar en el equipo.<\/p>\n\n\n\n<p>Por su parte, Noah Ramsay dej\u00f3 una gran impresi\u00f3n en los entrenadores de la Zwift Academy y el staff t\u00e9cnico de Alpecin-Deceuninck, gracias a su habilidad en el manejo de la bicicleta, su potencia excepcional y el gran margen de mejora que a\u00fan tiene por delante. Con 22 a\u00f1os, afront\u00f3 las finales con una combinaci\u00f3n de determinaci\u00f3n y estrategia, analizando a sus rivales y asegur\u00e1ndose de dar el paso hacia el ciclismo profesional.<\/p>\n\n\n\n<figure class=\"wp-block-image size-full\"><img decoding=\"async\" width=\"602\" height=\"401\" data-src=\"https:\/\/frikisdelabici.com\/site\/wp-content\/uploads\/2025\/03\/image-2.jpeg\" alt=\"\" class=\"wp-image-2582 lazyload\" data-srcset=\"https:\/\/frikisdelabici.com\/site\/wp-content\/uploads\/2025\/03\/image-2.jpeg 602w, https:\/\/frikisdelabici.com\/site\/wp-content\/uploads\/2025\/03\/image-2-300x200.jpeg 300w, https:\/\/frikisdelabici.com\/site\/wp-content\/uploads\/2025\/03\/image-2-600x400.jpeg 600w\" data-sizes=\"(max-width: 602px) 100vw, 602px\" src=\"data:image\/svg+xml;base64,PHN2ZyB3aWR0aD0iMSIgaGVpZ2h0PSIxIiB4bWxucz0iaHR0cDovL3d3dy53My5vcmcvMjAwMC9zdmciPjwvc3ZnPg==\" style=\"--smush-placeholder-width: 602px; --smush-placeholder-aspect-ratio: 602\/401;\" \/><\/figure>\n\n\n\n<p><strong>Emily Dixon<\/strong>, ganadora en la categor\u00eda femenina, comparti\u00f3 su emoci\u00f3n tras conocer la noticia:<br><em>\u00abHa sido una semana incre\u00edble, he disfrutado cada momento y estoy muy agradecida con Zwift y el equipo de CANYON\/\/SRAM zondacrypto. He aprendido much\u00edsimo y todos han sido muy amables y acogedores. Estoy completamente sin palabras, no esperaba ganar la Zwift Academy 2025 en absoluto. \u00a1Estoy deseando empezar con el equipo!\u00bb<\/em><\/p>\n\n\n\n<p><strong>Noah Ramsay<\/strong>, ganador en la categor\u00eda masculina, tambi\u00e9n expres\u00f3 su sorpresa y entusiasmo:<br><em>\u00abEl proceso de la Zwift Academy ha sido incre\u00edble. Todo ha estado muy bien organizado y me permiti\u00f3 rendir al m\u00e1ximo junto a los ciclistas de Alpecin-Deceuninck y el resto de finalistas. Creo que a\u00fan no he asimilado lo que ha pasado, ya que no pensaba que destacar\u00eda entre los dem\u00e1s. Este a\u00f1o afrontar\u00e9 un nuevo tipo de presi\u00f3n al entrar en el equipo de desarrollo de Alpecin-Deceuninck, pero estoy entusiasmado con el desaf\u00edo que supone.\u00bb<\/em><\/p>\n\n\n\n<p><strong>Adam Szab\u00f3<\/strong>, Director Deportivo de <strong>CANYON\/\/SRAM zondacrypto Generation<\/strong>, elogi\u00f3 el potencial de Emily:<br><em>\u00abEmily es una ciclista muy completa, con una combinaci\u00f3n impresionante de potencia y velocidad, tal y como demostr\u00f3 en la competici\u00f3n y en los distintos desaf\u00edos. Tiene las bases perfectas sobre las que podemos construir a largo plazo. Es exactamente el tipo de corredora que busc\u00e1bamos para el equipo.\u00bb<\/em><\/p>\n\n\n\n<p><strong>Kristof de Kegel<\/strong>, Director de Rendimiento de <strong>Alpecin-Deceuninck<\/strong>, destac\u00f3 la actuaci\u00f3n de Noah:<br><em>\u00abNoah destac\u00f3 en todas las pruebas de la Zwift Academy y, f\u00edsicamente, encaja con el perfil de ciclista que busc\u00e1bamos. Demostr\u00f3 perfectamente c\u00f3mo podr\u00eda integrarse en el equipo durante la prueba de sprint, en la que no solo aguant\u00f3 el ritmo, sino que super\u00f3 al resto de finalistas.\u00bb<\/em><\/p>\n\n\n\n<figure class=\"wp-block-image size-full\"><img decoding=\"async\" width=\"602\" height=\"401\" data-src=\"https:\/\/frikisdelabici.com\/site\/wp-content\/uploads\/2025\/03\/image-1.jpeg\" alt=\"\" class=\"wp-image-2581 lazyload\" data-srcset=\"https:\/\/frikisdelabici.com\/site\/wp-content\/uploads\/2025\/03\/image-1.jpeg 602w, https:\/\/frikisdelabici.com\/site\/wp-content\/uploads\/2025\/03\/image-1-300x200.jpeg 300w, https:\/\/frikisdelabici.com\/site\/wp-content\/uploads\/2025\/03\/image-1-600x400.jpeg 600w\" data-sizes=\"(max-width: 602px) 100vw, 602px\" src=\"data:image\/svg+xml;base64,PHN2ZyB3aWR0aD0iMSIgaGVpZ2h0PSIxIiB4bWxucz0iaHR0cDovL3d3dy53My5vcmcvMjAwMC9zdmciPjwvc3ZnPg==\" style=\"--smush-placeholder-width: 602px; --smush-placeholder-aspect-ratio: 602\/401;\" \/><\/figure>\n\n\n\n<p>La cadena <strong>GCN<\/strong> ha documentado el desarrollo de las finales de la <strong>Zwift Academy<\/strong> en una serie de <strong>cuatro episodios<\/strong> que ya est\u00e1n disponibles para ver <a href=\"https:\/\/www.youtube.com\/playlist?list=PLUdAMlZtaV11H1ZlzlYqwYK9r2c9RtUZv\">aqu\u00ed<\/a>.<\/p>\n\n\n\n<p>Para conocer m\u00e1s sobre los finalistas y estar al d\u00eda con las \u00faltimas novedades de la <strong>Zwift Academy<\/strong>, visita la <a href=\"https:\/\/www.zwift.com\/uk\/zwift-academy-finals\">web de Zwift<\/a>.<\/p>\n","protected":false},"excerpt":{"rendered":"<p>Tras una exigente ronda final, Emily Dixon y Noah Ramsay aseguran su futuro en el ciclismo profesional con contratos en CANYON\/\/SRAM zondacrypto Generation y Alpecin-Deceuninck Development Team para la temporada 2025. 8 de marzo de 2025, &#8211; En su novena edici\u00f3n, la Zwift Academy, el programa de formaci\u00f3n y detecci\u00f3n de talentos en colaboraci\u00f3n con&#8230;<\/p>\n","protected":false},"author":1,"featured_media":2580,"comment_status":"open","ping_status":"open","sticky":false,"template":"","format":"standard","meta":{"footnotes":""},"categories":[455],"tags":[529,482,6,338,28,534,533,201,530,531,84,405,20],"series":[],"class_list":["post-2577","post","type-post","status-publish","format-standard","has-post-thumbnail","hentry","category-zwift","tag-alpecin-deceuninck","tag-canyon","tag-ciclismo","tag-ciclismo-indoor","tag-como-usar-zwift","tag-emily-dixon","tag-noah-ramsay","tag-simulador-de-ciclismo-zwift","tag-sram","tag-zondacrypto-generation","tag-zwift","tag-zwift-academy","tag-zwift-en-espanol"],"yoast_head":"<!-- This site is optimized with the Yoast SEO Premium plugin v18.4 (Yoast SEO v26.7) - https:\/\/yoast.com\/wordpress\/plugins\/seo\/ -->\n<title>Dos nuevos talentos emergen de la Zwift Academy y firman contratos profesionales para 2025 - frikisdelabici.com<\/title>\n<meta name=\"description\" content=\"Emily Dixon y Noah Ramsay aseguran contratos en CANYON\/\/SRAM zondacrypto Generation y Alpecin-Deceuninck Development Team\" \/>\n<meta name=\"robots\" content=\"index, follow, max-snippet:-1, max-image-preview:large, max-video-preview:-1\" \/>\n<link rel=\"canonical\" href=\"https:\/\/frikisdelabici.com\/site\/dos-nuevos-talentos-emergen-de-la-zwift-academy-y-firman-contratos-profesionales-para-2025\/\" \/>\n<meta property=\"og:locale\" content=\"es_ES\" \/>\n<meta property=\"og:type\" content=\"article\" \/>\n<meta property=\"og:title\" content=\"Dos nuevos talentos emergen de la Zwift Academy y firman contratos profesionales para 2025\" \/>\n<meta property=\"og:description\" content=\"Emily Dixon y Noah Ramsay aseguran contratos en CANYON\/\/SRAM zondacrypto Generation y Alpecin-Deceuninck Development Team\" \/>\n<meta property=\"og:url\" content=\"https:\/\/frikisdelabici.com\/site\/dos-nuevos-talentos-emergen-de-la-zwift-academy-y-firman-contratos-profesionales-para-2025\/\" \/>\n<meta property=\"og:site_name\" content=\"frikisdelabici.com\" \/>\n<meta property=\"article:published_time\" content=\"2025-03-08T17:00:00+00:00\" \/>\n<meta property=\"og:image\" content=\"https:\/\/frikisdelabici.com\/site\/wp-content\/uploads\/2025\/03\/image.jpeg\" \/>\n\t<meta property=\"og:image:width\" content=\"602\" \/>\n\t<meta property=\"og:image:height\" content=\"401\" \/>\n\t<meta property=\"og:image:type\" content=\"image\/jpeg\" \/>\n<meta name=\"author\" content=\"Rub\u00e9n Fern\u00e1ndez\" \/>\n<meta name=\"twitter:card\" content=\"summary_large_image\" \/>\n<meta name=\"twitter:label1\" content=\"Escrito por\" \/>\n\t<meta name=\"twitter:data1\" content=\"Rub\u00e9n Fern\u00e1ndez\" \/>\n\t<meta name=\"twitter:label2\" content=\"Tiempo de lectura\" \/>\n\t<meta name=\"twitter:data2\" content=\"5 minutos\" \/>\n<script type=\"application\/ld+json\" class=\"yoast-schema-graph\">{\"@context\":\"https:\/\/schema.org\",\"@graph\":[{\"@type\":\"Article\",\"@id\":\"https:\/\/frikisdelabici.com\/site\/dos-nuevos-talentos-emergen-de-la-zwift-academy-y-firman-contratos-profesionales-para-2025\/#article\",\"isPartOf\":{\"@id\":\"https:\/\/frikisdelabici.com\/site\/dos-nuevos-talentos-emergen-de-la-zwift-academy-y-firman-contratos-profesionales-para-2025\/\"},\"author\":{\"name\":\"Rub\u00e9n Fern\u00e1ndez\",\"@id\":\"https:\/\/frikisdelabici.com\/site\/#\/schema\/person\/a7e0f7e0c1ecaf32b75491c779564593\"},\"headline\":\"Dos nuevos talentos emergen de la Zwift Academy y firman contratos profesionales para 2025\",\"datePublished\":\"2025-03-08T17:00:00+00:00\",\"mainEntityOfPage\":{\"@id\":\"https:\/\/frikisdelabici.com\/site\/dos-nuevos-talentos-emergen-de-la-zwift-academy-y-firman-contratos-profesionales-para-2025\/\"},\"wordCount\":823,\"commentCount\":0,\"publisher\":{\"@id\":\"https:\/\/frikisdelabici.com\/site\/#\/schema\/person\/a7e0f7e0c1ecaf32b75491c779564593\"},\"image\":{\"@id\":\"https:\/\/frikisdelabici.com\/site\/dos-nuevos-talentos-emergen-de-la-zwift-academy-y-firman-contratos-profesionales-para-2025\/#primaryimage\"},\"thumbnailUrl\":\"https:\/\/frikisdelabici.com\/site\/wp-content\/uploads\/2025\/03\/image.jpeg\",\"keywords\":[\"Alpecin-Deceuninck\",\"canyon\",\"ciclismo\",\"ciclismo indoor\",\"como usar zwift\",\"Emily Dixon\",\"Noah Ramsay\",\"simulador de ciclismo zwift\",\"SRAM\",\"zondacrypto Generation\",\"zwift\",\"zwift academy\",\"zwift en espa\u00f1ol\"],\"articleSection\":[\"Zwift\"],\"inLanguage\":\"es\",\"potentialAction\":[{\"@type\":\"CommentAction\",\"name\":\"Comment\",\"target\":[\"https:\/\/frikisdelabici.com\/site\/dos-nuevos-talentos-emergen-de-la-zwift-academy-y-firman-contratos-profesionales-para-2025\/#respond\"]}]},{\"@type\":\"WebPage\",\"@id\":\"https:\/\/frikisdelabici.com\/site\/dos-nuevos-talentos-emergen-de-la-zwift-academy-y-firman-contratos-profesionales-para-2025\/\",\"url\":\"https:\/\/frikisdelabici.com\/site\/dos-nuevos-talentos-emergen-de-la-zwift-academy-y-firman-contratos-profesionales-para-2025\/\",\"name\":\"Dos nuevos talentos emergen de la Zwift Academy y firman contratos profesionales para 2025 - frikisdelabici.com\",\"isPartOf\":{\"@id\":\"https:\/\/frikisdelabici.com\/site\/#website\"},\"primaryImageOfPage\":{\"@id\":\"https:\/\/frikisdelabici.com\/site\/dos-nuevos-talentos-emergen-de-la-zwift-academy-y-firman-contratos-profesionales-para-2025\/#primaryimage\"},\"image\":{\"@id\":\"https:\/\/frikisdelabici.com\/site\/dos-nuevos-talentos-emergen-de-la-zwift-academy-y-firman-contratos-profesionales-para-2025\/#primaryimage\"},\"thumbnailUrl\":\"https:\/\/frikisdelabici.com\/site\/wp-content\/uploads\/2025\/03\/image.jpeg\",\"datePublished\":\"2025-03-08T17:00:00+00:00\",\"description\":\"Emily Dixon y Noah Ramsay aseguran contratos en CANYON\/\/SRAM zondacrypto Generation y Alpecin-Deceuninck Development Team\",\"breadcrumb\":{\"@id\":\"https:\/\/frikisdelabici.com\/site\/dos-nuevos-talentos-emergen-de-la-zwift-academy-y-firman-contratos-profesionales-para-2025\/#breadcrumb\"},\"inLanguage\":\"es\",\"potentialAction\":[{\"@type\":\"ReadAction\",\"target\":[\"https:\/\/frikisdelabici.com\/site\/dos-nuevos-talentos-emergen-de-la-zwift-academy-y-firman-contratos-profesionales-para-2025\/\"]}]},{\"@type\":\"ImageObject\",\"inLanguage\":\"es\",\"@id\":\"https:\/\/frikisdelabici.com\/site\/dos-nuevos-talentos-emergen-de-la-zwift-academy-y-firman-contratos-profesionales-para-2025\/#primaryimage\",\"url\":\"https:\/\/frikisdelabici.com\/site\/wp-content\/uploads\/2025\/03\/image.jpeg\",\"contentUrl\":\"https:\/\/frikisdelabici.com\/site\/wp-content\/uploads\/2025\/03\/image.jpeg\",\"width\":602,\"height\":401},{\"@type\":\"BreadcrumbList\",\"@id\":\"https:\/\/frikisdelabici.com\/site\/dos-nuevos-talentos-emergen-de-la-zwift-academy-y-firman-contratos-profesionales-para-2025\/#breadcrumb\",\"itemListElement\":[{\"@type\":\"ListItem\",\"position\":1,\"name\":\"Inicio\",\"item\":\"https:\/\/frikisdelabici.com\/site\/\"},{\"@type\":\"ListItem\",\"position\":2,\"name\":\"Dos nuevos talentos emergen de la Zwift Academy y firman contratos profesionales para 2025\"}]},{\"@type\":\"WebSite\",\"@id\":\"https:\/\/frikisdelabici.com\/site\/#website\",\"url\":\"https:\/\/frikisdelabici.com\/site\/\",\"name\":\"frikisdelabici.com\",\"description\":\"Noticias sobre ZWIFT, art\u00edculos sobre entrenamiento, carreras... de todo lo relacionado con el ciclista m\u00e1s friki\",\"publisher\":{\"@id\":\"https:\/\/frikisdelabici.com\/site\/#\/schema\/person\/a7e0f7e0c1ecaf32b75491c779564593\"},\"potentialAction\":[{\"@type\":\"SearchAction\",\"target\":{\"@type\":\"EntryPoint\",\"urlTemplate\":\"https:\/\/frikisdelabici.com\/site\/?s={search_term_string}\"},\"query-input\":{\"@type\":\"PropertyValueSpecification\",\"valueRequired\":true,\"valueName\":\"search_term_string\"}}],\"inLanguage\":\"es\"},{\"@type\":[\"Person\",\"Organization\"],\"@id\":\"https:\/\/frikisdelabici.com\/site\/#\/schema\/person\/a7e0f7e0c1ecaf32b75491c779564593\",\"name\":\"Rub\u00e9n Fern\u00e1ndez\",\"image\":{\"@type\":\"ImageObject\",\"inLanguage\":\"es\",\"@id\":\"https:\/\/frikisdelabici.com\/site\/#\/schema\/person\/image\/\",\"url\":\"https:\/\/frikisdelabici.com\/site\/wp-content\/uploads\/2020\/03\/gran-fondo-san-sebastian-2017-4014569-48213-4286-1-scaled.jpg\",\"contentUrl\":\"https:\/\/frikisdelabici.com\/site\/wp-content\/uploads\/2020\/03\/gran-fondo-san-sebastian-2017-4014569-48213-4286-1-scaled.jpg\",\"width\":2560,\"height\":1707,\"caption\":\"Rub\u00e9n Fern\u00e1ndez\"},\"logo\":{\"@id\":\"https:\/\/frikisdelabici.com\/site\/#\/schema\/person\/image\/\"},\"url\":\"https:\/\/frikisdelabici.com\/site\/author\/rubenextra300\/\"}]}<\/script>\n<!-- \/ Yoast SEO Premium plugin. -->","yoast_head_json":{"title":"Dos nuevos talentos emergen de la Zwift Academy y firman contratos profesionales para 2025 - frikisdelabici.com","description":"Emily Dixon y Noah Ramsay aseguran contratos en CANYON\/\/SRAM zondacrypto Generation y Alpecin-Deceuninck Development Team","robots":{"index":"index","follow":"follow","max-snippet":"max-snippet:-1","max-image-preview":"max-image-preview:large","max-video-preview":"max-video-preview:-1"},"canonical":"https:\/\/frikisdelabici.com\/site\/dos-nuevos-talentos-emergen-de-la-zwift-academy-y-firman-contratos-profesionales-para-2025\/","og_locale":"es_ES","og_type":"article","og_title":"Dos nuevos talentos emergen de la Zwift Academy y firman contratos profesionales para 2025","og_description":"Emily Dixon y Noah Ramsay aseguran contratos en CANYON\/\/SRAM zondacrypto Generation y Alpecin-Deceuninck Development Team","og_url":"https:\/\/frikisdelabici.com\/site\/dos-nuevos-talentos-emergen-de-la-zwift-academy-y-firman-contratos-profesionales-para-2025\/","og_site_name":"frikisdelabici.com","article_published_time":"2025-03-08T17:00:00+00:00","og_image":[{"width":602,"height":401,"url":"https:\/\/frikisdelabici.com\/site\/wp-content\/uploads\/2025\/03\/image.jpeg","type":"image\/jpeg"}],"author":"Rub\u00e9n Fern\u00e1ndez","twitter_card":"summary_large_image","twitter_misc":{"Escrito por":"Rub\u00e9n Fern\u00e1ndez","Tiempo de lectura":"5 minutos"},"schema":{"@context":"https:\/\/schema.org","@graph":[{"@type":"Article","@id":"https:\/\/frikisdelabici.com\/site\/dos-nuevos-talentos-emergen-de-la-zwift-academy-y-firman-contratos-profesionales-para-2025\/#article","isPartOf":{"@id":"https:\/\/frikisdelabici.com\/site\/dos-nuevos-talentos-emergen-de-la-zwift-academy-y-firman-contratos-profesionales-para-2025\/"},"author":{"name":"Rub\u00e9n Fern\u00e1ndez","@id":"https:\/\/frikisdelabici.com\/site\/#\/schema\/person\/a7e0f7e0c1ecaf32b75491c779564593"},"headline":"Dos nuevos talentos emergen de la Zwift Academy y firman contratos profesionales para 2025","datePublished":"2025-03-08T17:00:00+00:00","mainEntityOfPage":{"@id":"https:\/\/frikisdelabici.com\/site\/dos-nuevos-talentos-emergen-de-la-zwift-academy-y-firman-contratos-profesionales-para-2025\/"},"wordCount":823,"commentCount":0,"publisher":{"@id":"https:\/\/frikisdelabici.com\/site\/#\/schema\/person\/a7e0f7e0c1ecaf32b75491c779564593"},"image":{"@id":"https:\/\/frikisdelabici.com\/site\/dos-nuevos-talentos-emergen-de-la-zwift-academy-y-firman-contratos-profesionales-para-2025\/#primaryimage"},"thumbnailUrl":"https:\/\/frikisdelabici.com\/site\/wp-content\/uploads\/2025\/03\/image.jpeg","keywords":["Alpecin-Deceuninck","canyon","ciclismo","ciclismo indoor","como usar zwift","Emily Dixon","Noah Ramsay","simulador de ciclismo zwift","SRAM","zondacrypto Generation","zwift","zwift academy","zwift en espa\u00f1ol"],"articleSection":["Zwift"],"inLanguage":"es","potentialAction":[{"@type":"CommentAction","name":"Comment","target":["https:\/\/frikisdelabici.com\/site\/dos-nuevos-talentos-emergen-de-la-zwift-academy-y-firman-contratos-profesionales-para-2025\/#respond"]}]},{"@type":"WebPage","@id":"https:\/\/frikisdelabici.com\/site\/dos-nuevos-talentos-emergen-de-la-zwift-academy-y-firman-contratos-profesionales-para-2025\/","url":"https:\/\/frikisdelabici.com\/site\/dos-nuevos-talentos-emergen-de-la-zwift-academy-y-firman-contratos-profesionales-para-2025\/","name":"Dos nuevos talentos emergen de la Zwift Academy y firman contratos profesionales para 2025 - frikisdelabici.com","isPartOf":{"@id":"https:\/\/frikisdelabici.com\/site\/#website"},"primaryImageOfPage":{"@id":"https:\/\/frikisdelabici.com\/site\/dos-nuevos-talentos-emergen-de-la-zwift-academy-y-firman-contratos-profesionales-para-2025\/#primaryimage"},"image":{"@id":"https:\/\/frikisdelabici.com\/site\/dos-nuevos-talentos-emergen-de-la-zwift-academy-y-firman-contratos-profesionales-para-2025\/#primaryimage"},"thumbnailUrl":"https:\/\/frikisdelabici.com\/site\/wp-content\/uploads\/2025\/03\/image.jpeg","datePublished":"2025-03-08T17:00:00+00:00","description":"Emily Dixon y Noah Ramsay aseguran contratos en CANYON\/\/SRAM zondacrypto Generation y Alpecin-Deceuninck Development Team","breadcrumb":{"@id":"https:\/\/frikisdelabici.com\/site\/dos-nuevos-talentos-emergen-de-la-zwift-academy-y-firman-contratos-profesionales-para-2025\/#breadcrumb"},"inLanguage":"es","potentialAction":[{"@type":"ReadAction","target":["https:\/\/frikisdelabici.com\/site\/dos-nuevos-talentos-emergen-de-la-zwift-academy-y-firman-contratos-profesionales-para-2025\/"]}]},{"@type":"ImageObject","inLanguage":"es","@id":"https:\/\/frikisdelabici.com\/site\/dos-nuevos-talentos-emergen-de-la-zwift-academy-y-firman-contratos-profesionales-para-2025\/#primaryimage","url":"https:\/\/frikisdelabici.com\/site\/wp-content\/uploads\/2025\/03\/image.jpeg","contentUrl":"https:\/\/frikisdelabici.com\/site\/wp-content\/uploads\/2025\/03\/image.jpeg","width":602,"height":401},{"@type":"BreadcrumbList","@id":"https:\/\/frikisdelabici.com\/site\/dos-nuevos-talentos-emergen-de-la-zwift-academy-y-firman-contratos-profesionales-para-2025\/#breadcrumb","itemListElement":[{"@type":"ListItem","position":1,"name":"Inicio","item":"https:\/\/frikisdelabici.com\/site\/"},{"@type":"ListItem","position":2,"name":"Dos nuevos talentos emergen de la Zwift Academy y firman contratos profesionales para 2025"}]},{"@type":"WebSite","@id":"https:\/\/frikisdelabici.com\/site\/#website","url":"https:\/\/frikisdelabici.com\/site\/","name":"frikisdelabici.com","description":"Noticias sobre ZWIFT, art\u00edculos sobre entrenamiento, carreras... de todo lo relacionado con el ciclista m\u00e1s friki","publisher":{"@id":"https:\/\/frikisdelabici.com\/site\/#\/schema\/person\/a7e0f7e0c1ecaf32b75491c779564593"},"potentialAction":[{"@type":"SearchAction","target":{"@type":"EntryPoint","urlTemplate":"https:\/\/frikisdelabici.com\/site\/?s={search_term_string}"},"query-input":{"@type":"PropertyValueSpecification","valueRequired":true,"valueName":"search_term_string"}}],"inLanguage":"es"},{"@type":["Person","Organization"],"@id":"https:\/\/frikisdelabici.com\/site\/#\/schema\/person\/a7e0f7e0c1ecaf32b75491c779564593","name":"Rub\u00e9n Fern\u00e1ndez","image":{"@type":"ImageObject","inLanguage":"es","@id":"https:\/\/frikisdelabici.com\/site\/#\/schema\/person\/image\/","url":"https:\/\/frikisdelabici.com\/site\/wp-content\/uploads\/2020\/03\/gran-fondo-san-sebastian-2017-4014569-48213-4286-1-scaled.jpg","contentUrl":"https:\/\/frikisdelabici.com\/site\/wp-content\/uploads\/2020\/03\/gran-fondo-san-sebastian-2017-4014569-48213-4286-1-scaled.jpg","width":2560,"height":1707,"caption":"Rub\u00e9n Fern\u00e1ndez"},"logo":{"@id":"https:\/\/frikisdelabici.com\/site\/#\/schema\/person\/image\/"},"url":"https:\/\/frikisdelabici.com\/site\/author\/rubenextra300\/"}]}},"_links":{"self":[{"href":"https:\/\/frikisdelabici.com\/site\/wp-json\/wp\/v2\/posts\/2577","targetHints":{"allow":["GET"]}}],"collection":[{"href":"https:\/\/frikisdelabici.com\/site\/wp-json\/wp\/v2\/posts"}],"about":[{"href":"https:\/\/frikisdelabici.com\/site\/wp-json\/wp\/v2\/types\/post"}],"author":[{"embeddable":true,"href":"https:\/\/frikisdelabici.com\/site\/wp-json\/wp\/v2\/users\/1"}],"replies":[{"embeddable":true,"href":"https:\/\/frikisdelabici.com\/site\/wp-json\/wp\/v2\/comments?post=2577"}],"version-history":[{"count":1,"href":"https:\/\/frikisdelabici.com\/site\/wp-json\/wp\/v2\/posts\/2577\/revisions"}],"predecessor-version":[{"id":2583,"href":"https:\/\/frikisdelabici.com\/site\/wp-json\/wp\/v2\/posts\/2577\/revisions\/2583"}],"wp:featuredmedia":[{"embeddable":true,"href":"https:\/\/frikisdelabici.com\/site\/wp-json\/wp\/v2\/media\/2580"}],"wp:attachment":[{"href":"https:\/\/frikisdelabici.com\/site\/wp-json\/wp\/v2\/media?parent=2577"}],"wp:term":[{"taxonomy":"category","embeddable":true,"href":"https:\/\/frikisdelabici.com\/site\/wp-json\/wp\/v2\/categories?post=2577"},{"taxonomy":"post_tag","embeddable":true,"href":"https:\/\/frikisdelabici.com\/site\/wp-json\/wp\/v2\/tags?post=2577"},{"taxonomy":"series","embeddable":true,"href":"https:\/\/frikisdelabici.com\/site\/wp-json\/wp\/v2\/series?post=2577"}],"curies":[{"name":"wp","href":"https:\/\/api.w.org\/{rel}","templated":true}]}}