{"id":2638,"date":"2025-06-23T11:26:10","date_gmt":"2025-06-23T09:26:10","guid":{"rendered":"https:\/\/frikisdelabici.com\/site\/?p=2638"},"modified":"2025-06-23T11:26:12","modified_gmt":"2025-06-23T09:26:12","slug":"el-cambio-virtual-de-zwift-llega-a-los-rodillos-inteligentes-tacx-neo","status":"publish","type":"post","link":"https:\/\/frikisdelabici.com\/site\/el-cambio-virtual-de-zwift-llega-a-los-rodillos-inteligentes-tacx-neo\/","title":{"rendered":"El cambio virtual de Zwift llega a los rodillos inteligentes Tacx NEO"},"content":{"rendered":"\n<h3 class=\"wp-block-heading\">Garmin y Zwift anuncian una integraci\u00f3n ampliada y nuevas funciones para los modelos Tacx\u00ae NEO 2T y 3M<\/h3>\n\n\n\n<p><em>18 de junio de 2025 &#8211;<\/em> Zwift, la plataforma global de entrenamiento para ciclistas de todo el mundo, presenta una ampliaci\u00f3n de compatibilidad con dos rodillos inteligentes de Garmin, concretamente los Tacx\u00ae NEO 2T y Tacx\u00ae NEO 3M. Con estas novedades, los ciclistas lo tendr\u00e1n a\u00fan m\u00e1s f\u00e1cil para vivir una experiencia realista desde casa.<\/p>\n\n\n\n<p>Por un lado, el Zwift Cog, el cambio virtual de la plataforma, reemplaza el cassette del Tacx NEO 2T o 3M y es compatible con casi cualquier bicicleta de 8 a 12 velocidades. Por otro lado, el cambio de marchas in\u00e1lambrico, Zwift Click, se monta f\u00e1cilmente en cualquier tipo de manillar, permitiendo a los usuarios de Zwift disfrutar de cambios virtuales silenciosos e instant\u00e1neos mientras entrenan, compiten o simplemente ruedan en Zwift.<\/p>\n\n\n\n<p>El Tacx NEO 2T ahora es compatible con el Zwift Ride Smart Frame, lo que proporciona a los ciclistas una configuraci\u00f3n siempre lapta para entrenar, con controles integrados en el manillar y cambios virtuales personalizables mientras pedalean en Zwift.<\/p>\n\n\n\n<blockquote class=\"wp-block-quote is-layout-flow wp-block-quote-is-layout-flow\">\n<p>\u201cGracias a la fant\u00e1stica colaboraci\u00f3n entre nuestras dos compa\u00f1\u00edas, estamos encantados de ofrecer la experiencia Zwift Ready a los usuarios de Garmin. Creemos firmemente que el cambio virtual, habilitado por Zwift Cog y Click, brinda la mejor experiencia de ciclismo en Zwift, y me alegra que los usuarios de Garmin ahora puedan disfrutar plenamente de los beneficios de esta tecnolog\u00eda.\u201d \u2014 subraya Eric Min, Cofundador y CEO de Zwift.<\/p>\n<\/blockquote>\n\n\n\n<blockquote class=\"wp-block-quote is-layout-flow wp-block-quote-is-layout-flow\">\n<p>\u201cEstamos emocionados de colaborar con Zwift para hacer que el ciclismo indoor sea a\u00fan m\u00e1s realista. Ya sea entrenando para la pr\u00f3xima gran carrera o simplemente disfrutando de una salida grupal con amigos, estas nuevas integraciones pueden ayudar a los usuarios a sacar el m\u00e1ximo provecho de su experiencia en Zwift.\u201d \u2014 destaca Susan Lyman, Vicepresidenta de Ventas y Marketing al Consumidor de Garmin.<\/p>\n<\/blockquote>\n\n\n\n<p>Ya disponible en <a href=\"https:\/\/garmin.com\/\">garmin.com<\/a>, los clientes de Estados Unidos pueden comprar un Tacx\u00ae NEO 2T o 3M en un paquete que incluye el Zwift Cog y Click. Los usuarios actuales de los NEO 2T y 3M en la Uni\u00f3n Europea, Reino Unido y EE.UU., tambi\u00e9n pueden adquirir por separado el paquete Zwift Cog &amp; Click en <a href=\"https:\/\/zwift.com\/\">zwift.com<\/a>.<\/p>\n\n\n\n<p><a href=\"https:\/\/cdn.uc.assets.prezly.com\/aeea7e84-91bd-4341-a027-fe34379abb8d\/Copy%20of%20Zwift_20250520_Blue_Rear%C2%BE_B4%20(1).jpg\"><\/a><\/p>\n\n\n\n<p><strong>SOBRE ZWIFT<\/strong><\/p>\n\n\n\n<p>Zwift es una empresa de fitness nacida del videojuego, creada por entusiastas del entrenamiento, desarrolladores experimentados de videojuegos y pensadores disruptivos. La cultura del videojuego est\u00e1 en el ADN de la compa\u00f1\u00eda, que tiene claro que la diversi\u00f3n impulsa a los usuarios a mejorar sus resultados.<\/p>\n\n\n\n<p>Zwift utiliza la tecnolog\u00eda de los videojuegos en l\u00ednea multijugador creando mundos explorados por los jugadores en una experiencia en 3D. Los usuarios se pueden unir a miles de ciclistas y corredores en lugares inmersivos como Londres, Nueva York y Par\u00eds, as\u00ed como en nuestra propia Watopia.<\/p>\n\n\n\n<p>Zwift se conecta de forma inal\u00e1mbrica a los diferentes equipos de ejercicio: rodillos de bicicleta y cintas de correr, por lo que el esfuerzo del usuario en el mundo real activa a su avatar en el juego.<\/p>\n\n\n\n<p>Desde carreras amistosas hasta salidas sociales y programas de entrenamiento estructurados, Zwift une a una comunidad diversa en busca de una experiencia fitness m\u00e1s divertida, inmersiva y social.<\/p>\n\n\n\n<p><strong>SOBRE GARMIN<\/strong><\/p>\n\n\n\n<p>Dise\u00f1ados por dentro para la vida al aire libre, los productos de Garmin han revolucionado la vida de corredores, ciclistas, nadadores y atletas de todos los niveles y capacidades. Comprometidos con el desarrollo de tecnolog\u00eda que ayuda a las personas a mantenerse activas y mejorar su rendimiento, en Garmin creemos que cada d\u00eda es una oportunidad para innovar y superar los logros de ayer.<\/p>\n","protected":false},"excerpt":{"rendered":"<p>Garmin y Zwift anuncian una integraci\u00f3n ampliada y nuevas funciones para los modelos Tacx\u00ae NEO 2T y 3M 18 de junio de 2025 &#8211; Zwift, la plataforma global de entrenamiento para ciclistas de todo el mundo, presenta una ampliaci\u00f3n de compatibilidad con dos rodillos inteligentes de Garmin, concretamente los Tacx\u00ae NEO 2T y Tacx\u00ae NEO&#8230;<\/p>\n","protected":false},"author":1,"featured_media":2639,"comment_status":"open","ping_status":"open","sticky":false,"template":"","format":"standard","meta":{"footnotes":""},"categories":[455],"tags":[6,338,28,268,201,84,20],"series":[],"class_list":["post-2638","post","type-post","status-publish","format-standard","has-post-thumbnail","hentry","category-zwift","tag-ciclismo","tag-ciclismo-indoor","tag-como-usar-zwift","tag-rodillo","tag-simulador-de-ciclismo-zwift","tag-zwift","tag-zwift-en-espanol"],"yoast_head":"<!-- This site is optimized with the Yoast SEO Premium plugin v18.4 (Yoast SEO v26.7) - https:\/\/yoast.com\/wordpress\/plugins\/seo\/ -->\n<title>El cambio virtual de Zwift llega a los rodillos inteligentes Tacx NEO - frikisdelabici.com<\/title>\n<meta name=\"description\" content=\"Zwift sigue avanzando y presenta una interesante ampliaci\u00f3n de compatibilidad con dos rodillos inteligentes de Garmin\" \/>\n<meta name=\"robots\" content=\"index, follow, max-snippet:-1, max-image-preview:large, max-video-preview:-1\" \/>\n<link rel=\"canonical\" href=\"https:\/\/frikisdelabici.com\/site\/el-cambio-virtual-de-zwift-llega-a-los-rodillos-inteligentes-tacx-neo\/\" \/>\n<meta property=\"og:locale\" content=\"es_ES\" \/>\n<meta property=\"og:type\" content=\"article\" \/>\n<meta property=\"og:title\" content=\"El cambio virtual de Zwift llega a los rodillos inteligentes Tacx NEO\" \/>\n<meta property=\"og:description\" content=\"Zwift sigue avanzando y presenta una interesante ampliaci\u00f3n de compatibilidad con dos rodillos inteligentes de Garmin\" \/>\n<meta property=\"og:url\" content=\"https:\/\/frikisdelabici.com\/site\/el-cambio-virtual-de-zwift-llega-a-los-rodillos-inteligentes-tacx-neo\/\" \/>\n<meta property=\"og:site_name\" content=\"frikisdelabici.com\" \/>\n<meta property=\"article:published_time\" content=\"2025-06-23T09:26:10+00:00\" \/>\n<meta property=\"article:modified_time\" content=\"2025-06-23T09:26:12+00:00\" \/>\n<meta property=\"og:image\" content=\"https:\/\/frikisdelabici.com\/site\/wp-content\/uploads\/2025\/06\/image.png\" \/>\n\t<meta property=\"og:image:width\" content=\"1200\" \/>\n\t<meta property=\"og:image:height\" content=\"900\" \/>\n\t<meta property=\"og:image:type\" content=\"image\/png\" \/>\n<meta name=\"author\" content=\"Rub\u00e9n Fern\u00e1ndez\" \/>\n<meta name=\"twitter:card\" content=\"summary_large_image\" \/>\n<meta name=\"twitter:label1\" content=\"Escrito por\" \/>\n\t<meta name=\"twitter:data1\" content=\"Rub\u00e9n Fern\u00e1ndez\" \/>\n\t<meta name=\"twitter:label2\" content=\"Tiempo de lectura\" \/>\n\t<meta name=\"twitter:data2\" content=\"3 minutos\" \/>\n<script type=\"application\/ld+json\" class=\"yoast-schema-graph\">{\"@context\":\"https:\/\/schema.org\",\"@graph\":[{\"@type\":\"Article\",\"@id\":\"https:\/\/frikisdelabici.com\/site\/el-cambio-virtual-de-zwift-llega-a-los-rodillos-inteligentes-tacx-neo\/#article\",\"isPartOf\":{\"@id\":\"https:\/\/frikisdelabici.com\/site\/el-cambio-virtual-de-zwift-llega-a-los-rodillos-inteligentes-tacx-neo\/\"},\"author\":{\"name\":\"Rub\u00e9n Fern\u00e1ndez\",\"@id\":\"https:\/\/frikisdelabici.com\/site\/#\/schema\/person\/a7e0f7e0c1ecaf32b75491c779564593\"},\"headline\":\"El cambio virtual de Zwift llega a los rodillos inteligentes Tacx NEO\",\"datePublished\":\"2025-06-23T09:26:10+00:00\",\"dateModified\":\"2025-06-23T09:26:12+00:00\",\"mainEntityOfPage\":{\"@id\":\"https:\/\/frikisdelabici.com\/site\/el-cambio-virtual-de-zwift-llega-a-los-rodillos-inteligentes-tacx-neo\/\"},\"wordCount\":639,\"commentCount\":0,\"publisher\":{\"@id\":\"https:\/\/frikisdelabici.com\/site\/#\/schema\/person\/a7e0f7e0c1ecaf32b75491c779564593\"},\"image\":{\"@id\":\"https:\/\/frikisdelabici.com\/site\/el-cambio-virtual-de-zwift-llega-a-los-rodillos-inteligentes-tacx-neo\/#primaryimage\"},\"thumbnailUrl\":\"https:\/\/frikisdelabici.com\/site\/wp-content\/uploads\/2025\/06\/image.png\",\"keywords\":[\"ciclismo\",\"ciclismo indoor\",\"como usar zwift\",\"rodillo\",\"simulador de ciclismo zwift\",\"zwift\",\"zwift en espa\u00f1ol\"],\"articleSection\":[\"Zwift\"],\"inLanguage\":\"es\",\"potentialAction\":[{\"@type\":\"CommentAction\",\"name\":\"Comment\",\"target\":[\"https:\/\/frikisdelabici.com\/site\/el-cambio-virtual-de-zwift-llega-a-los-rodillos-inteligentes-tacx-neo\/#respond\"]}]},{\"@type\":\"WebPage\",\"@id\":\"https:\/\/frikisdelabici.com\/site\/el-cambio-virtual-de-zwift-llega-a-los-rodillos-inteligentes-tacx-neo\/\",\"url\":\"https:\/\/frikisdelabici.com\/site\/el-cambio-virtual-de-zwift-llega-a-los-rodillos-inteligentes-tacx-neo\/\",\"name\":\"El cambio virtual de Zwift llega a los rodillos inteligentes Tacx NEO - frikisdelabici.com\",\"isPartOf\":{\"@id\":\"https:\/\/frikisdelabici.com\/site\/#website\"},\"primaryImageOfPage\":{\"@id\":\"https:\/\/frikisdelabici.com\/site\/el-cambio-virtual-de-zwift-llega-a-los-rodillos-inteligentes-tacx-neo\/#primaryimage\"},\"image\":{\"@id\":\"https:\/\/frikisdelabici.com\/site\/el-cambio-virtual-de-zwift-llega-a-los-rodillos-inteligentes-tacx-neo\/#primaryimage\"},\"thumbnailUrl\":\"https:\/\/frikisdelabici.com\/site\/wp-content\/uploads\/2025\/06\/image.png\",\"datePublished\":\"2025-06-23T09:26:10+00:00\",\"dateModified\":\"2025-06-23T09:26:12+00:00\",\"description\":\"Zwift sigue avanzando y presenta una interesante ampliaci\u00f3n de compatibilidad con dos rodillos inteligentes de Garmin\",\"breadcrumb\":{\"@id\":\"https:\/\/frikisdelabici.com\/site\/el-cambio-virtual-de-zwift-llega-a-los-rodillos-inteligentes-tacx-neo\/#breadcrumb\"},\"inLanguage\":\"es\",\"potentialAction\":[{\"@type\":\"ReadAction\",\"target\":[\"https:\/\/frikisdelabici.com\/site\/el-cambio-virtual-de-zwift-llega-a-los-rodillos-inteligentes-tacx-neo\/\"]}]},{\"@type\":\"ImageObject\",\"inLanguage\":\"es\",\"@id\":\"https:\/\/frikisdelabici.com\/site\/el-cambio-virtual-de-zwift-llega-a-los-rodillos-inteligentes-tacx-neo\/#primaryimage\",\"url\":\"https:\/\/frikisdelabici.com\/site\/wp-content\/uploads\/2025\/06\/image.png\",\"contentUrl\":\"https:\/\/frikisdelabici.com\/site\/wp-content\/uploads\/2025\/06\/image.png\",\"width\":1200,\"height\":900},{\"@type\":\"BreadcrumbList\",\"@id\":\"https:\/\/frikisdelabici.com\/site\/el-cambio-virtual-de-zwift-llega-a-los-rodillos-inteligentes-tacx-neo\/#breadcrumb\",\"itemListElement\":[{\"@type\":\"ListItem\",\"position\":1,\"name\":\"Inicio\",\"item\":\"https:\/\/frikisdelabici.com\/site\/\"},{\"@type\":\"ListItem\",\"position\":2,\"name\":\"El cambio virtual de Zwift llega a los rodillos inteligentes Tacx NEO\"}]},{\"@type\":\"WebSite\",\"@id\":\"https:\/\/frikisdelabici.com\/site\/#website\",\"url\":\"https:\/\/frikisdelabici.com\/site\/\",\"name\":\"frikisdelabici.com\",\"description\":\"Noticias sobre ZWIFT, art\u00edculos sobre entrenamiento, carreras... de todo lo relacionado con el ciclista m\u00e1s friki\",\"publisher\":{\"@id\":\"https:\/\/frikisdelabici.com\/site\/#\/schema\/person\/a7e0f7e0c1ecaf32b75491c779564593\"},\"potentialAction\":[{\"@type\":\"SearchAction\",\"target\":{\"@type\":\"EntryPoint\",\"urlTemplate\":\"https:\/\/frikisdelabici.com\/site\/?s={search_term_string}\"},\"query-input\":{\"@type\":\"PropertyValueSpecification\",\"valueRequired\":true,\"valueName\":\"search_term_string\"}}],\"inLanguage\":\"es\"},{\"@type\":[\"Person\",\"Organization\"],\"@id\":\"https:\/\/frikisdelabici.com\/site\/#\/schema\/person\/a7e0f7e0c1ecaf32b75491c779564593\",\"name\":\"Rub\u00e9n Fern\u00e1ndez\",\"image\":{\"@type\":\"ImageObject\",\"inLanguage\":\"es\",\"@id\":\"https:\/\/frikisdelabici.com\/site\/#\/schema\/person\/image\/\",\"url\":\"https:\/\/frikisdelabici.com\/site\/wp-content\/uploads\/2020\/03\/gran-fondo-san-sebastian-2017-4014569-48213-4286-1-scaled.jpg\",\"contentUrl\":\"https:\/\/frikisdelabici.com\/site\/wp-content\/uploads\/2020\/03\/gran-fondo-san-sebastian-2017-4014569-48213-4286-1-scaled.jpg\",\"width\":2560,\"height\":1707,\"caption\":\"Rub\u00e9n Fern\u00e1ndez\"},\"logo\":{\"@id\":\"https:\/\/frikisdelabici.com\/site\/#\/schema\/person\/image\/\"},\"url\":\"https:\/\/frikisdelabici.com\/site\/author\/rubenextra300\/\"}]}<\/script>\n<!-- \/ Yoast SEO Premium plugin. -->","yoast_head_json":{"title":"El cambio virtual de Zwift llega a los rodillos inteligentes Tacx NEO - frikisdelabici.com","description":"Zwift sigue avanzando y presenta una interesante ampliaci\u00f3n de compatibilidad con dos rodillos inteligentes de Garmin","robots":{"index":"index","follow":"follow","max-snippet":"max-snippet:-1","max-image-preview":"max-image-preview:large","max-video-preview":"max-video-preview:-1"},"canonical":"https:\/\/frikisdelabici.com\/site\/el-cambio-virtual-de-zwift-llega-a-los-rodillos-inteligentes-tacx-neo\/","og_locale":"es_ES","og_type":"article","og_title":"El cambio virtual de Zwift llega a los rodillos inteligentes Tacx NEO","og_description":"Zwift sigue avanzando y presenta una interesante ampliaci\u00f3n de compatibilidad con dos rodillos inteligentes de Garmin","og_url":"https:\/\/frikisdelabici.com\/site\/el-cambio-virtual-de-zwift-llega-a-los-rodillos-inteligentes-tacx-neo\/","og_site_name":"frikisdelabici.com","article_published_time":"2025-06-23T09:26:10+00:00","article_modified_time":"2025-06-23T09:26:12+00:00","og_image":[{"width":1200,"height":900,"url":"https:\/\/frikisdelabici.com\/site\/wp-content\/uploads\/2025\/06\/image.png","type":"image\/png"}],"author":"Rub\u00e9n Fern\u00e1ndez","twitter_card":"summary_large_image","twitter_misc":{"Escrito por":"Rub\u00e9n Fern\u00e1ndez","Tiempo de lectura":"3 minutos"},"schema":{"@context":"https:\/\/schema.org","@graph":[{"@type":"Article","@id":"https:\/\/frikisdelabici.com\/site\/el-cambio-virtual-de-zwift-llega-a-los-rodillos-inteligentes-tacx-neo\/#article","isPartOf":{"@id":"https:\/\/frikisdelabici.com\/site\/el-cambio-virtual-de-zwift-llega-a-los-rodillos-inteligentes-tacx-neo\/"},"author":{"name":"Rub\u00e9n Fern\u00e1ndez","@id":"https:\/\/frikisdelabici.com\/site\/#\/schema\/person\/a7e0f7e0c1ecaf32b75491c779564593"},"headline":"El cambio virtual de Zwift llega a los rodillos inteligentes Tacx NEO","datePublished":"2025-06-23T09:26:10+00:00","dateModified":"2025-06-23T09:26:12+00:00","mainEntityOfPage":{"@id":"https:\/\/frikisdelabici.com\/site\/el-cambio-virtual-de-zwift-llega-a-los-rodillos-inteligentes-tacx-neo\/"},"wordCount":639,"commentCount":0,"publisher":{"@id":"https:\/\/frikisdelabici.com\/site\/#\/schema\/person\/a7e0f7e0c1ecaf32b75491c779564593"},"image":{"@id":"https:\/\/frikisdelabici.com\/site\/el-cambio-virtual-de-zwift-llega-a-los-rodillos-inteligentes-tacx-neo\/#primaryimage"},"thumbnailUrl":"https:\/\/frikisdelabici.com\/site\/wp-content\/uploads\/2025\/06\/image.png","keywords":["ciclismo","ciclismo indoor","como usar zwift","rodillo","simulador de ciclismo zwift","zwift","zwift en espa\u00f1ol"],"articleSection":["Zwift"],"inLanguage":"es","potentialAction":[{"@type":"CommentAction","name":"Comment","target":["https:\/\/frikisdelabici.com\/site\/el-cambio-virtual-de-zwift-llega-a-los-rodillos-inteligentes-tacx-neo\/#respond"]}]},{"@type":"WebPage","@id":"https:\/\/frikisdelabici.com\/site\/el-cambio-virtual-de-zwift-llega-a-los-rodillos-inteligentes-tacx-neo\/","url":"https:\/\/frikisdelabici.com\/site\/el-cambio-virtual-de-zwift-llega-a-los-rodillos-inteligentes-tacx-neo\/","name":"El cambio virtual de Zwift llega a los rodillos inteligentes Tacx NEO - frikisdelabici.com","isPartOf":{"@id":"https:\/\/frikisdelabici.com\/site\/#website"},"primaryImageOfPage":{"@id":"https:\/\/frikisdelabici.com\/site\/el-cambio-virtual-de-zwift-llega-a-los-rodillos-inteligentes-tacx-neo\/#primaryimage"},"image":{"@id":"https:\/\/frikisdelabici.com\/site\/el-cambio-virtual-de-zwift-llega-a-los-rodillos-inteligentes-tacx-neo\/#primaryimage"},"thumbnailUrl":"https:\/\/frikisdelabici.com\/site\/wp-content\/uploads\/2025\/06\/image.png","datePublished":"2025-06-23T09:26:10+00:00","dateModified":"2025-06-23T09:26:12+00:00","description":"Zwift sigue avanzando y presenta una interesante ampliaci\u00f3n de compatibilidad con dos rodillos inteligentes de Garmin","breadcrumb":{"@id":"https:\/\/frikisdelabici.com\/site\/el-cambio-virtual-de-zwift-llega-a-los-rodillos-inteligentes-tacx-neo\/#breadcrumb"},"inLanguage":"es","potentialAction":[{"@type":"ReadAction","target":["https:\/\/frikisdelabici.com\/site\/el-cambio-virtual-de-zwift-llega-a-los-rodillos-inteligentes-tacx-neo\/"]}]},{"@type":"ImageObject","inLanguage":"es","@id":"https:\/\/frikisdelabici.com\/site\/el-cambio-virtual-de-zwift-llega-a-los-rodillos-inteligentes-tacx-neo\/#primaryimage","url":"https:\/\/frikisdelabici.com\/site\/wp-content\/uploads\/2025\/06\/image.png","contentUrl":"https:\/\/frikisdelabici.com\/site\/wp-content\/uploads\/2025\/06\/image.png","width":1200,"height":900},{"@type":"BreadcrumbList","@id":"https:\/\/frikisdelabici.com\/site\/el-cambio-virtual-de-zwift-llega-a-los-rodillos-inteligentes-tacx-neo\/#breadcrumb","itemListElement":[{"@type":"ListItem","position":1,"name":"Inicio","item":"https:\/\/frikisdelabici.com\/site\/"},{"@type":"ListItem","position":2,"name":"El cambio virtual de Zwift llega a los rodillos inteligentes Tacx NEO"}]},{"@type":"WebSite","@id":"https:\/\/frikisdelabici.com\/site\/#website","url":"https:\/\/frikisdelabici.com\/site\/","name":"frikisdelabici.com","description":"Noticias sobre ZWIFT, art\u00edculos sobre entrenamiento, carreras... de todo lo relacionado con el ciclista m\u00e1s friki","publisher":{"@id":"https:\/\/frikisdelabici.com\/site\/#\/schema\/person\/a7e0f7e0c1ecaf32b75491c779564593"},"potentialAction":[{"@type":"SearchAction","target":{"@type":"EntryPoint","urlTemplate":"https:\/\/frikisdelabici.com\/site\/?s={search_term_string}"},"query-input":{"@type":"PropertyValueSpecification","valueRequired":true,"valueName":"search_term_string"}}],"inLanguage":"es"},{"@type":["Person","Organization"],"@id":"https:\/\/frikisdelabici.com\/site\/#\/schema\/person\/a7e0f7e0c1ecaf32b75491c779564593","name":"Rub\u00e9n Fern\u00e1ndez","image":{"@type":"ImageObject","inLanguage":"es","@id":"https:\/\/frikisdelabici.com\/site\/#\/schema\/person\/image\/","url":"https:\/\/frikisdelabici.com\/site\/wp-content\/uploads\/2020\/03\/gran-fondo-san-sebastian-2017-4014569-48213-4286-1-scaled.jpg","contentUrl":"https:\/\/frikisdelabici.com\/site\/wp-content\/uploads\/2020\/03\/gran-fondo-san-sebastian-2017-4014569-48213-4286-1-scaled.jpg","width":2560,"height":1707,"caption":"Rub\u00e9n Fern\u00e1ndez"},"logo":{"@id":"https:\/\/frikisdelabici.com\/site\/#\/schema\/person\/image\/"},"url":"https:\/\/frikisdelabici.com\/site\/author\/rubenextra300\/"}]}},"_links":{"self":[{"href":"https:\/\/frikisdelabici.com\/site\/wp-json\/wp\/v2\/posts\/2638","targetHints":{"allow":["GET"]}}],"collection":[{"href":"https:\/\/frikisdelabici.com\/site\/wp-json\/wp\/v2\/posts"}],"about":[{"href":"https:\/\/frikisdelabici.com\/site\/wp-json\/wp\/v2\/types\/post"}],"author":[{"embeddable":true,"href":"https:\/\/frikisdelabici.com\/site\/wp-json\/wp\/v2\/users\/1"}],"replies":[{"embeddable":true,"href":"https:\/\/frikisdelabici.com\/site\/wp-json\/wp\/v2\/comments?post=2638"}],"version-history":[{"count":1,"href":"https:\/\/frikisdelabici.com\/site\/wp-json\/wp\/v2\/posts\/2638\/revisions"}],"predecessor-version":[{"id":2640,"href":"https:\/\/frikisdelabici.com\/site\/wp-json\/wp\/v2\/posts\/2638\/revisions\/2640"}],"wp:featuredmedia":[{"embeddable":true,"href":"https:\/\/frikisdelabici.com\/site\/wp-json\/wp\/v2\/media\/2639"}],"wp:attachment":[{"href":"https:\/\/frikisdelabici.com\/site\/wp-json\/wp\/v2\/media?parent=2638"}],"wp:term":[{"taxonomy":"category","embeddable":true,"href":"https:\/\/frikisdelabici.com\/site\/wp-json\/wp\/v2\/categories?post=2638"},{"taxonomy":"post_tag","embeddable":true,"href":"https:\/\/frikisdelabici.com\/site\/wp-json\/wp\/v2\/tags?post=2638"},{"taxonomy":"series","embeddable":true,"href":"https:\/\/frikisdelabici.com\/site\/wp-json\/wp\/v2\/series?post=2638"}],"curies":[{"name":"wp","href":"https:\/\/api.w.org\/{rel}","templated":true}]}}