{"id":2642,"date":"2025-07-02T18:00:00","date_gmt":"2025-07-02T16:00:00","guid":{"rendered":"https:\/\/frikisdelabici.com\/site\/?p=2642"},"modified":"2025-07-02T16:44:09","modified_gmt":"2025-07-02T14:44:09","slug":"zwift-aprovecha-la-llegada-del-verano-para-actualizar-su-aplicacion","status":"publish","type":"post","link":"https:\/\/frikisdelabici.com\/site\/zwift-aprovecha-la-llegada-del-verano-para-actualizar-su-aplicacion\/","title":{"rendered":"Zwift aprovecha la llegada del verano para actualizar su aplicaci\u00f3n"},"content":{"rendered":"\n<h3 class=\"wp-block-heading\">La nueva funci\u00f3n de&nbsp;<em>Fitness Trends<\/em>&nbsp;(tendencias de forma f\u00edsica) estar\u00e1 activa desde el 2 de julio, mientras que las actualizaciones del panel de datos configurable (HUD) estar\u00e1n disponibles a partir del 15 de julio<\/h3>\n\n\n\n<p>2&nbsp;<em>de julio de 2025 &#8211;<\/em>&nbsp;Zwift, la plataforma global de entrenamiento para ciclistas de todo el mundo, presenta una serie de novedades para ayudar a los Zwifters a sacar el m\u00e1ximo provecho a su entrenamiento y progreso f\u00edsico.<\/p>\n\n\n\n<p>Desde hoy,&nbsp;<em>Fitness Trends<\/em>&nbsp;se lanza en la aplicaci\u00f3n Zwift Companion. Esta funci\u00f3n permitir\u00e1 a los Zwifters profundizar a\u00fan m\u00e1s en el seguimiento de su estado de forma a lo largo del tiempo. Al pulsar sobre los bloques de Objetivos y Seguimiento de Forma en la pantalla de inicio de Zwift Companion, los Zwifters acceder\u00e1n a una serie de gr\u00e1ficos que mostrar\u00e1n sus objetivos de entrenamiento, la racha de Zwift (<em>Zwift Streak<\/em>), el estado de entrenamiento hist\u00f3rico y su puntuaci\u00f3n hist\u00f3rica de entrenamiento. Todos los gr\u00e1ficos pueden filtrarse por per\u00edodos de tiempo, lo que facilita una comprensi\u00f3n r\u00e1pida y clara del historial de entrenamiento.<\/p>\n\n\n\n<figure class=\"wp-block-image\"><a href=\"https:\/\/cdn.uc.assets.prezly.com\/42d14a2e-7037-4605-9698-8e5594783b26\/599515-june-july-release_06-25_CS-hud-settings-a6addc-original-1751369286.jpg\"><img decoding=\"async\" data-src=\"https:\/\/cdn.uc.assets.prezly.com\/42d14a2e-7037-4605-9698-8e5594783b26\/-\/format\/auto\/599515-june-july-release_06-25_CS-hud-settings-a6addc-original-1751369286.jpg\" alt=\"\" src=\"data:image\/svg+xml;base64,PHN2ZyB3aWR0aD0iMSIgaGVpZ2h0PSIxIiB4bWxucz0iaHR0cDovL3d3dy53My5vcmcvMjAwMC9zdmciPjwvc3ZnPg==\" class=\"lazyload\" \/><\/a><\/figure>\n\n\n\n<p>Muy pronto, los Zwifters tambi\u00e9n podr\u00e1n mostrar m\u00e1s campos de datos en el HUD configurable, situado en la parte superior izquierda de la pantalla de Zwift. Adem\u00e1s de los campos m\u00e1s solicitados, como la velocidad media y los vatios medios, ahora estar\u00e1n disponibles m\u00e9tricas m\u00e1s avanzadas. Para quienes utilizan medidores de potencia duales, ahora se podr\u00e1 mostrar en tiempo real el equilibrio de potencia izquierda\/derecha.<\/p>\n\n\n\n<p>Por otro lado, el entrenamiento en condiciones de calor se ha vuelto un tema de inter\u00e9s entre los ciclistas de alto nivel, y Zwift se ha asociado con CORE Body Temp para incorporar tambi\u00e9n la Temperatura Corporal CORE y el \u00cdndice de Estr\u00e9s por Calor (CORE HSI) al HUD configurable. El sensor t\u00e9rmico CORE puede emparejarse con una banda de frecuencia card\u00edaca a trav\u00e9s de la app CORE para conectarse como dispositivo port\u00e1til en Zwift.<\/p>\n\n\n\n<figure class=\"wp-block-image\"><a href=\"https:\/\/cdn.uc.assets.prezly.com\/a734d907-7a63-42a2-9e4c-68fa367c77cf\/599515-june-july-release_06-25_CS-hud-settings-a6addc-original-1751369286.jpg\"><img decoding=\"async\" data-src=\"https:\/\/cdn.uc.assets.prezly.com\/a734d907-7a63-42a2-9e4c-68fa367c77cf\/-\/format\/auto\/599515-june-july-release_06-25_CS-hud-settings-a6addc-original-1751369286.jpg\" alt=\"\" src=\"data:image\/svg+xml;base64,PHN2ZyB3aWR0aD0iMSIgaGVpZ2h0PSIxIiB4bWxucz0iaHR0cDovL3d3dy53My5vcmcvMjAwMC9zdmciPjwvc3ZnPg==\" class=\"lazyload\" \/><\/a><\/figure>\n\n\n\n<p>A continuaci\u00f3n, desglosamos la lista completa de los nuevos elementos personalizables del HUD:<\/p>\n\n\n\n<ul class=\"wp-block-list\">\n<li><strong>Velocidad media<\/strong>: Tu ritmo promedio sobre la bicicleta.<\/li>\n\n\n\n<li><strong>Vatios\/kg medios<\/strong>: Tu potencia relativa al peso corporal.<\/li>\n\n\n\n<li><strong>Temperatura CORE<\/strong>: Tu temperatura corporal; si sube demasiado, tu rendimiento baja.<\/li>\n\n\n\n<li><strong>CORE HSI<\/strong>: \u00cdndice de Estr\u00e9s por Calor: cu\u00e1nto se esfuerza tu cuerpo para mantenerse fresco.<\/li>\n\n\n\n<li><strong>Equilibrio I\/D<\/strong>: Simetr\u00eda de pedaleo: m\u00e1xima potencia, sin desperdicio.<\/li>\n\n\n\n<li><strong>Tiempos parciales (Splits)<\/strong>: Sup\u00e9rate vuelta tras vuelta.<\/li>\n<\/ul>\n\n\n\n<p>Puedes encontrar m\u00e1s informaci\u00f3n sobre&nbsp;<em>Fitness Trends<\/em>&nbsp;y la actualizaci\u00f3n del HUD [aqu\u00ed].<\/p>\n\n\n\n<p><strong>Sobre Zwift<\/strong>\u200b<br>\u200b<a href=\"https:\/\/www.zwift.com\/eu-es\" rel=\"noreferrer noopener\" target=\"_blank\"><strong>Zwift<\/strong><\/a>&nbsp;es una empresa de fitness nacida del videojuego, creada por entusiastas del entrenamiento, desarrolladores experimentados de videojuegos y pensadores disruptivos. La cultura del videojuego est\u00e1 en el ADN de la compa\u00f1\u00eda, que tiene claro que la diversi\u00f3n impulsa a los usuarios a mejorar sus resultados. \u200b<br>\u200b\u200b<br>\u200bZwift utiliza la tecnolog\u00eda de los videojuegos en l\u00ednea multijugador creando mundos explorados por los jugadores en una experiencia en 3D. Los usuarios se pueden unir a miles de ciclistas y corredores en lugares inmersivos como Londres, Nueva York y Par\u00eds, as\u00ed como en nuestra propia Watopia. \u200b<br>\u200b\u200b<br>\u200bZwift se conecta de forma inal\u00e1mbrica a los diferentes equipos de ejercicio: rodillos de bicicleta y cintas de correr, por lo que el esfuerzo del usuario en el mundo real activa a su avatar en el juego. \u200b<br>\u200b\u200b<br>\u200bDesde carreras amistosas hasta salidas sociales y programas de entrenamiento estructurados, Zwift une a una comunidad diversa en busca de una experiencia fitness m\u00e1s divertida, inmersiva y social.<\/p>\n\n\n\n<figure class=\"wp-block-image\" id=\"gallery-8f0dce0d-8cce-4377-a7a5-ee1402f28bb8\"><a href=\"https:\/\/cdn.uc.assets.prezly.com\/4548fec5-640f-4167-bc62-69f0047b54ca\/599512-fitness-trends_05-2025_PR-cropped-training-status-31eb00-original-1751369263.jpg\"><img decoding=\"async\" data-src=\"https:\/\/cdn.uc.assets.prezly.com\/4548fec5-640f-4167-bc62-69f0047b54ca\/-\/preview\/1500x1000\/-\/format\/auto\/599512-fitness-trends_05-2025_PR-cropped-training-status-31eb00-original-1751369263.jpg\" alt=\"\" src=\"data:image\/svg+xml;base64,PHN2ZyB3aWR0aD0iMSIgaGVpZ2h0PSIxIiB4bWxucz0iaHR0cDovL3d3dy53My5vcmcvMjAwMC9zdmciPjwvc3ZnPg==\" class=\"lazyload\" \/><\/a><\/figure>\n\n\n\n<p><\/p>\n","protected":false},"excerpt":{"rendered":"<p>La nueva funci\u00f3n de&nbsp;Fitness Trends&nbsp;(tendencias de forma f\u00edsica) estar\u00e1 activa desde el 2 de julio, mientras que las actualizaciones del panel de datos configurable (HUD) estar\u00e1n disponibles a partir del 15 de julio 2&nbsp;de julio de 2025 &#8211;&nbsp;Zwift, la plataforma global de entrenamiento para ciclistas de todo el mundo, presenta una serie de novedades para&#8230;<\/p>\n","protected":false},"author":1,"featured_media":2643,"comment_status":"open","ping_status":"open","sticky":false,"template":"","format":"standard","meta":{"footnotes":""},"categories":[379,455],"tags":[6,28,268,201,376,84,20],"series":[],"class_list":["post-2642","post","type-post","status-publish","format-standard","has-post-thumbnail","hentry","category-carreras-zwift","category-zwift","tag-ciclismo","tag-como-usar-zwift","tag-rodillo","tag-simulador-de-ciclismo-zwift","tag-wahoo","tag-zwift","tag-zwift-en-espanol"],"yoast_head":"<!-- This site is optimized with the Yoast SEO Premium plugin v18.4 (Yoast SEO v26.7) - https:\/\/yoast.com\/wordpress\/plugins\/seo\/ -->\n<title>Zwift aprovecha la llegada del verano para actualizar su aplicaci\u00f3n - frikisdelabici.com<\/title>\n<meta name=\"description\" content=\"Fitness Trends\u00a0permitir\u00e1 a los Zwifters profundizar a\u00fan m\u00e1s en el seguimiento de su estado de forma a lo largo del tiempo\" \/>\n<meta name=\"robots\" content=\"index, follow, max-snippet:-1, max-image-preview:large, max-video-preview:-1\" \/>\n<link rel=\"canonical\" href=\"https:\/\/frikisdelabici.com\/site\/zwift-aprovecha-la-llegada-del-verano-para-actualizar-su-aplicacion\/\" \/>\n<meta property=\"og:locale\" content=\"es_ES\" \/>\n<meta property=\"og:type\" content=\"article\" \/>\n<meta property=\"og:title\" content=\"Zwift aprovecha la llegada del verano para actualizar su aplicaci\u00f3n\" \/>\n<meta property=\"og:description\" content=\"Fitness Trends\u00a0permitir\u00e1 a los Zwifters profundizar a\u00fan m\u00e1s en el seguimiento de su estado de forma a lo largo del tiempo\" \/>\n<meta property=\"og:url\" content=\"https:\/\/frikisdelabici.com\/site\/zwift-aprovecha-la-llegada-del-verano-para-actualizar-su-aplicacion\/\" \/>\n<meta property=\"og:site_name\" content=\"frikisdelabici.com\" \/>\n<meta property=\"article:published_time\" content=\"2025-07-02T16:00:00+00:00\" \/>\n<meta property=\"og:image\" content=\"https:\/\/frikisdelabici.com\/site\/wp-content\/uploads\/2025\/07\/videoframe_1813.png\" \/>\n\t<meta property=\"og:image:width\" content=\"960\" \/>\n\t<meta property=\"og:image:height\" content=\"540\" \/>\n\t<meta property=\"og:image:type\" content=\"image\/png\" \/>\n<meta name=\"author\" content=\"Rub\u00e9n Fern\u00e1ndez\" \/>\n<meta name=\"twitter:card\" content=\"summary_large_image\" \/>\n<meta name=\"twitter:label1\" content=\"Escrito por\" \/>\n\t<meta name=\"twitter:data1\" content=\"Rub\u00e9n Fern\u00e1ndez\" \/>\n\t<meta name=\"twitter:label2\" content=\"Tiempo de lectura\" \/>\n\t<meta name=\"twitter:data2\" content=\"4 minutos\" \/>\n<script type=\"application\/ld+json\" class=\"yoast-schema-graph\">{\"@context\":\"https:\/\/schema.org\",\"@graph\":[{\"@type\":\"Article\",\"@id\":\"https:\/\/frikisdelabici.com\/site\/zwift-aprovecha-la-llegada-del-verano-para-actualizar-su-aplicacion\/#article\",\"isPartOf\":{\"@id\":\"https:\/\/frikisdelabici.com\/site\/zwift-aprovecha-la-llegada-del-verano-para-actualizar-su-aplicacion\/\"},\"author\":{\"name\":\"Rub\u00e9n Fern\u00e1ndez\",\"@id\":\"https:\/\/frikisdelabici.com\/site\/#\/schema\/person\/a7e0f7e0c1ecaf32b75491c779564593\"},\"headline\":\"Zwift aprovecha la llegada del verano para actualizar su aplicaci\u00f3n\",\"datePublished\":\"2025-07-02T16:00:00+00:00\",\"mainEntityOfPage\":{\"@id\":\"https:\/\/frikisdelabici.com\/site\/zwift-aprovecha-la-llegada-del-verano-para-actualizar-su-aplicacion\/\"},\"wordCount\":631,\"commentCount\":0,\"publisher\":{\"@id\":\"https:\/\/frikisdelabici.com\/site\/#\/schema\/person\/a7e0f7e0c1ecaf32b75491c779564593\"},\"image\":{\"@id\":\"https:\/\/frikisdelabici.com\/site\/zwift-aprovecha-la-llegada-del-verano-para-actualizar-su-aplicacion\/#primaryimage\"},\"thumbnailUrl\":\"https:\/\/frikisdelabici.com\/site\/wp-content\/uploads\/2025\/07\/videoframe_1813.png\",\"keywords\":[\"ciclismo\",\"como usar zwift\",\"rodillo\",\"simulador de ciclismo zwift\",\"wahoo\",\"zwift\",\"zwift en espa\u00f1ol\"],\"articleSection\":[\"Carreras ZWIFT\",\"Zwift\"],\"inLanguage\":\"es\",\"potentialAction\":[{\"@type\":\"CommentAction\",\"name\":\"Comment\",\"target\":[\"https:\/\/frikisdelabici.com\/site\/zwift-aprovecha-la-llegada-del-verano-para-actualizar-su-aplicacion\/#respond\"]}]},{\"@type\":\"WebPage\",\"@id\":\"https:\/\/frikisdelabici.com\/site\/zwift-aprovecha-la-llegada-del-verano-para-actualizar-su-aplicacion\/\",\"url\":\"https:\/\/frikisdelabici.com\/site\/zwift-aprovecha-la-llegada-del-verano-para-actualizar-su-aplicacion\/\",\"name\":\"Zwift aprovecha la llegada del verano para actualizar su aplicaci\u00f3n - frikisdelabici.com\",\"isPartOf\":{\"@id\":\"https:\/\/frikisdelabici.com\/site\/#website\"},\"primaryImageOfPage\":{\"@id\":\"https:\/\/frikisdelabici.com\/site\/zwift-aprovecha-la-llegada-del-verano-para-actualizar-su-aplicacion\/#primaryimage\"},\"image\":{\"@id\":\"https:\/\/frikisdelabici.com\/site\/zwift-aprovecha-la-llegada-del-verano-para-actualizar-su-aplicacion\/#primaryimage\"},\"thumbnailUrl\":\"https:\/\/frikisdelabici.com\/site\/wp-content\/uploads\/2025\/07\/videoframe_1813.png\",\"datePublished\":\"2025-07-02T16:00:00+00:00\",\"description\":\"Fitness Trends\u00a0permitir\u00e1 a los Zwifters profundizar a\u00fan m\u00e1s en el seguimiento de su estado de forma a lo largo del tiempo\",\"breadcrumb\":{\"@id\":\"https:\/\/frikisdelabici.com\/site\/zwift-aprovecha-la-llegada-del-verano-para-actualizar-su-aplicacion\/#breadcrumb\"},\"inLanguage\":\"es\",\"potentialAction\":[{\"@type\":\"ReadAction\",\"target\":[\"https:\/\/frikisdelabici.com\/site\/zwift-aprovecha-la-llegada-del-verano-para-actualizar-su-aplicacion\/\"]}]},{\"@type\":\"ImageObject\",\"inLanguage\":\"es\",\"@id\":\"https:\/\/frikisdelabici.com\/site\/zwift-aprovecha-la-llegada-del-verano-para-actualizar-su-aplicacion\/#primaryimage\",\"url\":\"https:\/\/frikisdelabici.com\/site\/wp-content\/uploads\/2025\/07\/videoframe_1813.png\",\"contentUrl\":\"https:\/\/frikisdelabici.com\/site\/wp-content\/uploads\/2025\/07\/videoframe_1813.png\",\"width\":960,\"height\":540},{\"@type\":\"BreadcrumbList\",\"@id\":\"https:\/\/frikisdelabici.com\/site\/zwift-aprovecha-la-llegada-del-verano-para-actualizar-su-aplicacion\/#breadcrumb\",\"itemListElement\":[{\"@type\":\"ListItem\",\"position\":1,\"name\":\"Inicio\",\"item\":\"https:\/\/frikisdelabici.com\/site\/\"},{\"@type\":\"ListItem\",\"position\":2,\"name\":\"Zwift aprovecha la llegada del verano para actualizar su aplicaci\u00f3n\"}]},{\"@type\":\"WebSite\",\"@id\":\"https:\/\/frikisdelabici.com\/site\/#website\",\"url\":\"https:\/\/frikisdelabici.com\/site\/\",\"name\":\"frikisdelabici.com\",\"description\":\"Noticias sobre ZWIFT, art\u00edculos sobre entrenamiento, carreras... de todo lo relacionado con el ciclista m\u00e1s friki\",\"publisher\":{\"@id\":\"https:\/\/frikisdelabici.com\/site\/#\/schema\/person\/a7e0f7e0c1ecaf32b75491c779564593\"},\"potentialAction\":[{\"@type\":\"SearchAction\",\"target\":{\"@type\":\"EntryPoint\",\"urlTemplate\":\"https:\/\/frikisdelabici.com\/site\/?s={search_term_string}\"},\"query-input\":{\"@type\":\"PropertyValueSpecification\",\"valueRequired\":true,\"valueName\":\"search_term_string\"}}],\"inLanguage\":\"es\"},{\"@type\":[\"Person\",\"Organization\"],\"@id\":\"https:\/\/frikisdelabici.com\/site\/#\/schema\/person\/a7e0f7e0c1ecaf32b75491c779564593\",\"name\":\"Rub\u00e9n Fern\u00e1ndez\",\"image\":{\"@type\":\"ImageObject\",\"inLanguage\":\"es\",\"@id\":\"https:\/\/frikisdelabici.com\/site\/#\/schema\/person\/image\/\",\"url\":\"https:\/\/frikisdelabici.com\/site\/wp-content\/uploads\/2020\/03\/gran-fondo-san-sebastian-2017-4014569-48213-4286-1-scaled.jpg\",\"contentUrl\":\"https:\/\/frikisdelabici.com\/site\/wp-content\/uploads\/2020\/03\/gran-fondo-san-sebastian-2017-4014569-48213-4286-1-scaled.jpg\",\"width\":2560,\"height\":1707,\"caption\":\"Rub\u00e9n Fern\u00e1ndez\"},\"logo\":{\"@id\":\"https:\/\/frikisdelabici.com\/site\/#\/schema\/person\/image\/\"},\"url\":\"https:\/\/frikisdelabici.com\/site\/author\/rubenextra300\/\"}]}<\/script>\n<!-- \/ Yoast SEO Premium plugin. -->","yoast_head_json":{"title":"Zwift aprovecha la llegada del verano para actualizar su aplicaci\u00f3n - frikisdelabici.com","description":"Fitness Trends\u00a0permitir\u00e1 a los Zwifters profundizar a\u00fan m\u00e1s en el seguimiento de su estado de forma a lo largo del tiempo","robots":{"index":"index","follow":"follow","max-snippet":"max-snippet:-1","max-image-preview":"max-image-preview:large","max-video-preview":"max-video-preview:-1"},"canonical":"https:\/\/frikisdelabici.com\/site\/zwift-aprovecha-la-llegada-del-verano-para-actualizar-su-aplicacion\/","og_locale":"es_ES","og_type":"article","og_title":"Zwift aprovecha la llegada del verano para actualizar su aplicaci\u00f3n","og_description":"Fitness Trends\u00a0permitir\u00e1 a los Zwifters profundizar a\u00fan m\u00e1s en el seguimiento de su estado de forma a lo largo del tiempo","og_url":"https:\/\/frikisdelabici.com\/site\/zwift-aprovecha-la-llegada-del-verano-para-actualizar-su-aplicacion\/","og_site_name":"frikisdelabici.com","article_published_time":"2025-07-02T16:00:00+00:00","og_image":[{"width":960,"height":540,"url":"https:\/\/frikisdelabici.com\/site\/wp-content\/uploads\/2025\/07\/videoframe_1813.png","type":"image\/png"}],"author":"Rub\u00e9n Fern\u00e1ndez","twitter_card":"summary_large_image","twitter_misc":{"Escrito por":"Rub\u00e9n Fern\u00e1ndez","Tiempo de lectura":"4 minutos"},"schema":{"@context":"https:\/\/schema.org","@graph":[{"@type":"Article","@id":"https:\/\/frikisdelabici.com\/site\/zwift-aprovecha-la-llegada-del-verano-para-actualizar-su-aplicacion\/#article","isPartOf":{"@id":"https:\/\/frikisdelabici.com\/site\/zwift-aprovecha-la-llegada-del-verano-para-actualizar-su-aplicacion\/"},"author":{"name":"Rub\u00e9n Fern\u00e1ndez","@id":"https:\/\/frikisdelabici.com\/site\/#\/schema\/person\/a7e0f7e0c1ecaf32b75491c779564593"},"headline":"Zwift aprovecha la llegada del verano para actualizar su aplicaci\u00f3n","datePublished":"2025-07-02T16:00:00+00:00","mainEntityOfPage":{"@id":"https:\/\/frikisdelabici.com\/site\/zwift-aprovecha-la-llegada-del-verano-para-actualizar-su-aplicacion\/"},"wordCount":631,"commentCount":0,"publisher":{"@id":"https:\/\/frikisdelabici.com\/site\/#\/schema\/person\/a7e0f7e0c1ecaf32b75491c779564593"},"image":{"@id":"https:\/\/frikisdelabici.com\/site\/zwift-aprovecha-la-llegada-del-verano-para-actualizar-su-aplicacion\/#primaryimage"},"thumbnailUrl":"https:\/\/frikisdelabici.com\/site\/wp-content\/uploads\/2025\/07\/videoframe_1813.png","keywords":["ciclismo","como usar zwift","rodillo","simulador de ciclismo zwift","wahoo","zwift","zwift en espa\u00f1ol"],"articleSection":["Carreras ZWIFT","Zwift"],"inLanguage":"es","potentialAction":[{"@type":"CommentAction","name":"Comment","target":["https:\/\/frikisdelabici.com\/site\/zwift-aprovecha-la-llegada-del-verano-para-actualizar-su-aplicacion\/#respond"]}]},{"@type":"WebPage","@id":"https:\/\/frikisdelabici.com\/site\/zwift-aprovecha-la-llegada-del-verano-para-actualizar-su-aplicacion\/","url":"https:\/\/frikisdelabici.com\/site\/zwift-aprovecha-la-llegada-del-verano-para-actualizar-su-aplicacion\/","name":"Zwift aprovecha la llegada del verano para actualizar su aplicaci\u00f3n - frikisdelabici.com","isPartOf":{"@id":"https:\/\/frikisdelabici.com\/site\/#website"},"primaryImageOfPage":{"@id":"https:\/\/frikisdelabici.com\/site\/zwift-aprovecha-la-llegada-del-verano-para-actualizar-su-aplicacion\/#primaryimage"},"image":{"@id":"https:\/\/frikisdelabici.com\/site\/zwift-aprovecha-la-llegada-del-verano-para-actualizar-su-aplicacion\/#primaryimage"},"thumbnailUrl":"https:\/\/frikisdelabici.com\/site\/wp-content\/uploads\/2025\/07\/videoframe_1813.png","datePublished":"2025-07-02T16:00:00+00:00","description":"Fitness Trends\u00a0permitir\u00e1 a los Zwifters profundizar a\u00fan m\u00e1s en el seguimiento de su estado de forma a lo largo del tiempo","breadcrumb":{"@id":"https:\/\/frikisdelabici.com\/site\/zwift-aprovecha-la-llegada-del-verano-para-actualizar-su-aplicacion\/#breadcrumb"},"inLanguage":"es","potentialAction":[{"@type":"ReadAction","target":["https:\/\/frikisdelabici.com\/site\/zwift-aprovecha-la-llegada-del-verano-para-actualizar-su-aplicacion\/"]}]},{"@type":"ImageObject","inLanguage":"es","@id":"https:\/\/frikisdelabici.com\/site\/zwift-aprovecha-la-llegada-del-verano-para-actualizar-su-aplicacion\/#primaryimage","url":"https:\/\/frikisdelabici.com\/site\/wp-content\/uploads\/2025\/07\/videoframe_1813.png","contentUrl":"https:\/\/frikisdelabici.com\/site\/wp-content\/uploads\/2025\/07\/videoframe_1813.png","width":960,"height":540},{"@type":"BreadcrumbList","@id":"https:\/\/frikisdelabici.com\/site\/zwift-aprovecha-la-llegada-del-verano-para-actualizar-su-aplicacion\/#breadcrumb","itemListElement":[{"@type":"ListItem","position":1,"name":"Inicio","item":"https:\/\/frikisdelabici.com\/site\/"},{"@type":"ListItem","position":2,"name":"Zwift aprovecha la llegada del verano para actualizar su aplicaci\u00f3n"}]},{"@type":"WebSite","@id":"https:\/\/frikisdelabici.com\/site\/#website","url":"https:\/\/frikisdelabici.com\/site\/","name":"frikisdelabici.com","description":"Noticias sobre ZWIFT, art\u00edculos sobre entrenamiento, carreras... de todo lo relacionado con el ciclista m\u00e1s friki","publisher":{"@id":"https:\/\/frikisdelabici.com\/site\/#\/schema\/person\/a7e0f7e0c1ecaf32b75491c779564593"},"potentialAction":[{"@type":"SearchAction","target":{"@type":"EntryPoint","urlTemplate":"https:\/\/frikisdelabici.com\/site\/?s={search_term_string}"},"query-input":{"@type":"PropertyValueSpecification","valueRequired":true,"valueName":"search_term_string"}}],"inLanguage":"es"},{"@type":["Person","Organization"],"@id":"https:\/\/frikisdelabici.com\/site\/#\/schema\/person\/a7e0f7e0c1ecaf32b75491c779564593","name":"Rub\u00e9n Fern\u00e1ndez","image":{"@type":"ImageObject","inLanguage":"es","@id":"https:\/\/frikisdelabici.com\/site\/#\/schema\/person\/image\/","url":"https:\/\/frikisdelabici.com\/site\/wp-content\/uploads\/2020\/03\/gran-fondo-san-sebastian-2017-4014569-48213-4286-1-scaled.jpg","contentUrl":"https:\/\/frikisdelabici.com\/site\/wp-content\/uploads\/2020\/03\/gran-fondo-san-sebastian-2017-4014569-48213-4286-1-scaled.jpg","width":2560,"height":1707,"caption":"Rub\u00e9n Fern\u00e1ndez"},"logo":{"@id":"https:\/\/frikisdelabici.com\/site\/#\/schema\/person\/image\/"},"url":"https:\/\/frikisdelabici.com\/site\/author\/rubenextra300\/"}]}},"_links":{"self":[{"href":"https:\/\/frikisdelabici.com\/site\/wp-json\/wp\/v2\/posts\/2642","targetHints":{"allow":["GET"]}}],"collection":[{"href":"https:\/\/frikisdelabici.com\/site\/wp-json\/wp\/v2\/posts"}],"about":[{"href":"https:\/\/frikisdelabici.com\/site\/wp-json\/wp\/v2\/types\/post"}],"author":[{"embeddable":true,"href":"https:\/\/frikisdelabici.com\/site\/wp-json\/wp\/v2\/users\/1"}],"replies":[{"embeddable":true,"href":"https:\/\/frikisdelabici.com\/site\/wp-json\/wp\/v2\/comments?post=2642"}],"version-history":[{"count":1,"href":"https:\/\/frikisdelabici.com\/site\/wp-json\/wp\/v2\/posts\/2642\/revisions"}],"predecessor-version":[{"id":2644,"href":"https:\/\/frikisdelabici.com\/site\/wp-json\/wp\/v2\/posts\/2642\/revisions\/2644"}],"wp:featuredmedia":[{"embeddable":true,"href":"https:\/\/frikisdelabici.com\/site\/wp-json\/wp\/v2\/media\/2643"}],"wp:attachment":[{"href":"https:\/\/frikisdelabici.com\/site\/wp-json\/wp\/v2\/media?parent=2642"}],"wp:term":[{"taxonomy":"category","embeddable":true,"href":"https:\/\/frikisdelabici.com\/site\/wp-json\/wp\/v2\/categories?post=2642"},{"taxonomy":"post_tag","embeddable":true,"href":"https:\/\/frikisdelabici.com\/site\/wp-json\/wp\/v2\/tags?post=2642"},{"taxonomy":"series","embeddable":true,"href":"https:\/\/frikisdelabici.com\/site\/wp-json\/wp\/v2\/series?post=2642"}],"curies":[{"name":"wp","href":"https:\/\/api.w.org\/{rel}","templated":true}]}}