{"id":2645,"date":"2025-07-10T09:54:57","date_gmt":"2025-07-10T07:54:57","guid":{"rendered":"https:\/\/frikisdelabici.com\/site\/?p=2645"},"modified":"2025-07-10T09:54:59","modified_gmt":"2025-07-10T07:54:59","slug":"zwift-se-transforma-en-honor-al-tour-de-francia","status":"publish","type":"post","link":"https:\/\/frikisdelabici.com\/site\/zwift-se-transforma-en-honor-al-tour-de-francia\/","title":{"rendered":"Zwift se transforma en honor al Tour de Francia"},"content":{"rendered":"\n<h2 class=\"wp-block-heading\">La plataforma se viste de amarillo y tematiza su aspecto durante \u200b el mes de julio<\/h2>\n\n\n\n<p>9 de julio de 2025<\/p>\n\n\n\n<p><em>Julio de 2025 &#8211;<\/em>&nbsp;Zwift, la plataforma global de entrenamiento para ciclistas de todo el mundo, lanza una programaci\u00f3n llena de contenido tem\u00e1tico del Tour de Francia, coincidiendo con la celebraci\u00f3n de la vuelta por etapas m\u00e1s importante del calendario.<\/p>\n\n\n\n<figure class=\"wp-block-image\" id=\"gallery-744e2d9c-fb17-4e16-bf0d-aab912cc0fd5\"><a href=\"https:\/\/cdn.uc.assets.prezly.com\/e3cc5d2c-49fe-413a-a99d-5349be9379b8\/598169-PR-didi-3_sticker-544b1c-original-1750413923.png\"><img decoding=\"async\" data-src=\"https:\/\/cdn.uc.assets.prezly.com\/e3cc5d2c-49fe-413a-a99d-5349be9379b8\/-\/preview\/1500x1000\/-\/format\/auto\/598169-PR-didi-3_sticker-544b1c-original-1750413923.png\" alt=\"\" src=\"data:image\/svg+xml;base64,PHN2ZyB3aWR0aD0iMSIgaGVpZ2h0PSIxIiB4bWxucz0iaHR0cDovL3d3dy53My5vcmcvMjAwMC9zdmciPjwvc3ZnPg==\" class=\"lazyload\" \/><\/a><\/figure>\n\n\n\n<p>Para quienes quieran desafiarse este verano, no hay mejor forma que unirse a la Tour Fever en Zwift. Como plataforma oficial de entrenamiento del Tour de Francia, Zwift se complace en lanzar un nuevo&nbsp;<em>Climb Portal Challenge<\/em>, que incluye cuatro ascensos emblem\u00e1ticos del recorrido del Tour de Francia 2025:<\/p>\n\n\n\n<ul class=\"wp-block-list\">\n<li><strong>M\u00fbr De Bretagne<\/strong>\u00a0&#8211; Etapa 7<\/li>\n\n\n\n<li><strong>Col de la Croix Saint-Robert<\/strong>\u00a0&#8211; Etapa 10<\/li>\n\n\n\n<li><strong>Hautacam<\/strong>\u00a0&#8211; Etapa 12<\/li>\n\n\n\n<li><strong>Col de la Madeleine<\/strong>\u00a0&#8211; Etapa 18<\/li>\n<\/ul>\n\n\n\n<p>Los eventos del Climb Portal se celebrar\u00e1n durante todo el desaf\u00edo, ofreciendo una experiencia social en grupo para los zwifters que quieran completar los ascensos virtuales del Tour junto a otros ciclistas. Los participantes pueden completar las subidas en cualquier orden, desbloqueando recompensas progresivamente. Una vez completado el reto, se habilitar\u00e1 el exclusivo maillot y gorra de Didi the Devil!<\/p>\n\n\n\n<h3 class=\"wp-block-heading\"><strong>Vuelve L\u2019\u00c9tape Virtual del 18 al 20 de julio<\/strong><\/h3>\n\n\n\n<p>Zwift recrear\u00e1 virtualmente&nbsp;<strong>L\u2019\u00c9tape du Tour de France<\/strong>, el evento de ciclismo amateur m\u00e1s famoso del mundo. Por primera vez, todos los&nbsp;<em>RoboPacers<\/em>&nbsp;partir\u00e1n al mismo tiempo, lo que permitir\u00e1 a los ciclistas elegir su propio ritmo y encontrar grupos de su mismo nivel.<\/p>\n\n\n\n<p>El 22 de julio, para celebrar la Etapa 16 del Tour de Francia, que incluye el Mont Ventoux como gran atractivo, Zwift organizar\u00e1 rutas en grupo en Ven-Top, la r\u00e9plica en el juego de esta legendaria subida.<\/p>\n\n\n\n<figure class=\"wp-block-image size-large\"><img decoding=\"async\" width=\"1024\" height=\"576\" data-src=\"https:\/\/frikisdelabici.com\/site\/wp-content\/uploads\/2025\/07\/image-1024x576.png\" alt=\"\" class=\"wp-image-2646 lazyload\" data-srcset=\"https:\/\/frikisdelabici.com\/site\/wp-content\/uploads\/2025\/07\/image-1024x576.png 1024w, https:\/\/frikisdelabici.com\/site\/wp-content\/uploads\/2025\/07\/image-300x169.png 300w, https:\/\/frikisdelabici.com\/site\/wp-content\/uploads\/2025\/07\/image-768x432.png 768w, https:\/\/frikisdelabici.com\/site\/wp-content\/uploads\/2025\/07\/image.png 1200w\" data-sizes=\"(max-width: 1024px) 100vw, 1024px\" src=\"data:image\/svg+xml;base64,PHN2ZyB3aWR0aD0iMSIgaGVpZ2h0PSIxIiB4bWxucz0iaHR0cDovL3d3dy53My5vcmcvMjAwMC9zdmciPjwvc3ZnPg==\" style=\"--smush-placeholder-width: 1024px; --smush-placeholder-aspect-ratio: 1024\/576;\" \/><\/figure>\n\n\n\n<p>Pero la Tour Fever no termina ah\u00ed. Durante todo julio, el&nbsp;<em>Entrenamiento de la Semana<\/em>&nbsp;estar\u00e1 compuesto por sesiones inspiradas en atletas y dise\u00f1adas por los ciclistas del equipo Alpecin-Deceuninck.<\/p>\n\n\n\n<p>Con todas estas novedades, Zwift se transforma con el esp\u00edritu del Tour de Francia: arte en las carreteras, ascensos m\u00edticos,&nbsp;<em>RoboPacers<\/em>&nbsp;tem\u00e1ticos del Tour y mucho m\u00e1s.<\/p>\n\n\n\n<p><strong>Reg\u00edstrate a la Tour Fever [<\/strong><a href=\"https:\/\/www.zwift.com\/eu-es\/tour-de-france\" target=\"_blank\" rel=\"noreferrer noopener\"><strong>aqu\u00ed<\/strong><\/a><strong>]<\/strong><\/p>\n\n\n\n<p><\/p>\n\n\n\n<figure class=\"wp-block-image size-large\"><img decoding=\"async\" width=\"1024\" height=\"576\" data-src=\"https:\/\/frikisdelabici.com\/site\/wp-content\/uploads\/2025\/07\/image-1-1024x576.png\" alt=\"\" class=\"wp-image-2647 lazyload\" data-srcset=\"https:\/\/frikisdelabici.com\/site\/wp-content\/uploads\/2025\/07\/image-1-1024x576.png 1024w, https:\/\/frikisdelabici.com\/site\/wp-content\/uploads\/2025\/07\/image-1-300x169.png 300w, https:\/\/frikisdelabici.com\/site\/wp-content\/uploads\/2025\/07\/image-1-768x432.png 768w, https:\/\/frikisdelabici.com\/site\/wp-content\/uploads\/2025\/07\/image-1.png 1200w\" data-sizes=\"(max-width: 1024px) 100vw, 1024px\" src=\"data:image\/svg+xml;base64,PHN2ZyB3aWR0aD0iMSIgaGVpZ2h0PSIxIiB4bWxucz0iaHR0cDovL3d3dy53My5vcmcvMjAwMC9zdmciPjwvc3ZnPg==\" style=\"--smush-placeholder-width: 1024px; --smush-placeholder-aspect-ratio: 1024\/576;\" \/><\/figure>\n\n\n\n<p><strong>Sobre Zwift<\/strong>\u200b<br>\u200b<a href=\"https:\/\/www.zwift.com\/eu-es\" rel=\"noreferrer noopener\" target=\"_blank\"><strong>Zwift<\/strong><\/a>&nbsp;es una empresa de fitness nacida del videojuego, creada por entusiastas del entrenamiento, desarrolladores experimentados de videojuegos y pensadores disruptivos. La cultura del videojuego est\u00e1 en el ADN de la compa\u00f1\u00eda, que tiene claro que la diversi\u00f3n impulsa a los usuarios a mejorar sus resultados. \u200b<br>\u200b\u200b<br>\u200bZwift utiliza la tecnolog\u00eda de los videojuegos en l\u00ednea multijugador creando mundos explorados por los jugadores en una experiencia en 3D. Los usuarios se pueden unir a miles de ciclistas y corredores en lugares inmersivos como Londres, Nueva York y Par\u00eds, as\u00ed como en nuestra propia Watopia. \u200b<br>\u200b\u200b<br>\u200bZwift se conecta de forma inal\u00e1mbrica a los diferentes equipos de ejercicio: rodillos de bicicleta y cintas de correr, por lo que el esfuerzo del usuario en el mundo real activa a su avatar en el juego. \u200b<br>\u200b\u200b<br>\u200bDesde carreras amistosas hasta salidas sociales y programas de entrenamiento estructurados, Zwift une a una comunidad diversa en busca de una experiencia fitness m\u00e1s divertida, inmersiva y social.<\/p>\n","protected":false},"excerpt":{"rendered":"<p>La plataforma se viste de amarillo y tematiza su aspecto durante \u200b el mes de julio 9 de julio de 2025 Julio de 2025 &#8211;&nbsp;Zwift, la plataforma global de entrenamiento para ciclistas de todo el mundo, lanza una programaci\u00f3n llena de contenido tem\u00e1tico del Tour de Francia, coincidiendo con la celebraci\u00f3n de la vuelta por&#8230;<\/p>\n","protected":false},"author":1,"featured_media":2647,"comment_status":"open","ping_status":"open","sticky":false,"template":"","format":"standard","meta":{"footnotes":""},"categories":[455],"tags":[6,338,28,268,201,84,20],"series":[],"class_list":["post-2645","post","type-post","status-publish","format-standard","has-post-thumbnail","hentry","category-zwift","tag-ciclismo","tag-ciclismo-indoor","tag-como-usar-zwift","tag-rodillo","tag-simulador-de-ciclismo-zwift","tag-zwift","tag-zwift-en-espanol"],"yoast_head":"<!-- This site is optimized with the Yoast SEO Premium plugin v18.4 (Yoast SEO v26.7) - https:\/\/yoast.com\/wordpress\/plugins\/seo\/ -->\n<title>Zwift se transforma en honor al Tour de Francia - frikisdelabici.com<\/title>\n<meta name=\"description\" content=\"Zwift, la plataforma global de entrenamiento para ciclistas, lanza una programaci\u00f3n llena de contenido tem\u00e1tico del Tour de Francia\" \/>\n<meta name=\"robots\" content=\"index, follow, max-snippet:-1, max-image-preview:large, max-video-preview:-1\" \/>\n<link rel=\"canonical\" href=\"https:\/\/frikisdelabici.com\/site\/zwift-se-transforma-en-honor-al-tour-de-francia\/\" \/>\n<meta property=\"og:locale\" content=\"es_ES\" \/>\n<meta property=\"og:type\" content=\"article\" \/>\n<meta property=\"og:title\" content=\"Zwift se transforma en honor al Tour de Francia\" \/>\n<meta property=\"og:description\" content=\"Zwift, la plataforma global de entrenamiento para ciclistas, lanza una programaci\u00f3n llena de contenido tem\u00e1tico del Tour de Francia\" \/>\n<meta property=\"og:url\" content=\"https:\/\/frikisdelabici.com\/site\/zwift-se-transforma-en-honor-al-tour-de-francia\/\" \/>\n<meta property=\"og:site_name\" content=\"frikisdelabici.com\" \/>\n<meta property=\"article:published_time\" content=\"2025-07-10T07:54:57+00:00\" \/>\n<meta property=\"article:modified_time\" content=\"2025-07-10T07:54:59+00:00\" \/>\n<meta property=\"og:image\" content=\"https:\/\/frikisdelabici.com\/site\/wp-content\/uploads\/2025\/07\/image-1.png\" \/>\n\t<meta property=\"og:image:width\" content=\"1200\" \/>\n\t<meta property=\"og:image:height\" content=\"675\" \/>\n\t<meta property=\"og:image:type\" content=\"image\/png\" \/>\n<meta name=\"author\" content=\"Rub\u00e9n Fern\u00e1ndez\" \/>\n<meta name=\"twitter:card\" content=\"summary_large_image\" \/>\n<meta name=\"twitter:label1\" content=\"Escrito por\" \/>\n\t<meta name=\"twitter:data1\" content=\"Rub\u00e9n Fern\u00e1ndez\" \/>\n\t<meta name=\"twitter:label2\" content=\"Tiempo de lectura\" \/>\n\t<meta name=\"twitter:data2\" content=\"4 minutos\" \/>\n<script type=\"application\/ld+json\" class=\"yoast-schema-graph\">{\"@context\":\"https:\/\/schema.org\",\"@graph\":[{\"@type\":\"Article\",\"@id\":\"https:\/\/frikisdelabici.com\/site\/zwift-se-transforma-en-honor-al-tour-de-francia\/#article\",\"isPartOf\":{\"@id\":\"https:\/\/frikisdelabici.com\/site\/zwift-se-transforma-en-honor-al-tour-de-francia\/\"},\"author\":{\"name\":\"Rub\u00e9n Fern\u00e1ndez\",\"@id\":\"https:\/\/frikisdelabici.com\/site\/#\/schema\/person\/a7e0f7e0c1ecaf32b75491c779564593\"},\"headline\":\"Zwift se transforma en honor al Tour de Francia\",\"datePublished\":\"2025-07-10T07:54:57+00:00\",\"dateModified\":\"2025-07-10T07:54:59+00:00\",\"mainEntityOfPage\":{\"@id\":\"https:\/\/frikisdelabici.com\/site\/zwift-se-transforma-en-honor-al-tour-de-francia\/\"},\"wordCount\":540,\"commentCount\":0,\"publisher\":{\"@id\":\"https:\/\/frikisdelabici.com\/site\/#\/schema\/person\/a7e0f7e0c1ecaf32b75491c779564593\"},\"image\":{\"@id\":\"https:\/\/frikisdelabici.com\/site\/zwift-se-transforma-en-honor-al-tour-de-francia\/#primaryimage\"},\"thumbnailUrl\":\"https:\/\/frikisdelabici.com\/site\/wp-content\/uploads\/2025\/07\/image-1.png\",\"keywords\":[\"ciclismo\",\"ciclismo indoor\",\"como usar zwift\",\"rodillo\",\"simulador de ciclismo zwift\",\"zwift\",\"zwift en espa\u00f1ol\"],\"articleSection\":[\"Zwift\"],\"inLanguage\":\"es\",\"potentialAction\":[{\"@type\":\"CommentAction\",\"name\":\"Comment\",\"target\":[\"https:\/\/frikisdelabici.com\/site\/zwift-se-transforma-en-honor-al-tour-de-francia\/#respond\"]}]},{\"@type\":\"WebPage\",\"@id\":\"https:\/\/frikisdelabici.com\/site\/zwift-se-transforma-en-honor-al-tour-de-francia\/\",\"url\":\"https:\/\/frikisdelabici.com\/site\/zwift-se-transforma-en-honor-al-tour-de-francia\/\",\"name\":\"Zwift se transforma en honor al Tour de Francia - frikisdelabici.com\",\"isPartOf\":{\"@id\":\"https:\/\/frikisdelabici.com\/site\/#website\"},\"primaryImageOfPage\":{\"@id\":\"https:\/\/frikisdelabici.com\/site\/zwift-se-transforma-en-honor-al-tour-de-francia\/#primaryimage\"},\"image\":{\"@id\":\"https:\/\/frikisdelabici.com\/site\/zwift-se-transforma-en-honor-al-tour-de-francia\/#primaryimage\"},\"thumbnailUrl\":\"https:\/\/frikisdelabici.com\/site\/wp-content\/uploads\/2025\/07\/image-1.png\",\"datePublished\":\"2025-07-10T07:54:57+00:00\",\"dateModified\":\"2025-07-10T07:54:59+00:00\",\"description\":\"Zwift, la plataforma global de entrenamiento para ciclistas, lanza una programaci\u00f3n llena de contenido tem\u00e1tico del Tour de Francia\",\"breadcrumb\":{\"@id\":\"https:\/\/frikisdelabici.com\/site\/zwift-se-transforma-en-honor-al-tour-de-francia\/#breadcrumb\"},\"inLanguage\":\"es\",\"potentialAction\":[{\"@type\":\"ReadAction\",\"target\":[\"https:\/\/frikisdelabici.com\/site\/zwift-se-transforma-en-honor-al-tour-de-francia\/\"]}]},{\"@type\":\"ImageObject\",\"inLanguage\":\"es\",\"@id\":\"https:\/\/frikisdelabici.com\/site\/zwift-se-transforma-en-honor-al-tour-de-francia\/#primaryimage\",\"url\":\"https:\/\/frikisdelabici.com\/site\/wp-content\/uploads\/2025\/07\/image-1.png\",\"contentUrl\":\"https:\/\/frikisdelabici.com\/site\/wp-content\/uploads\/2025\/07\/image-1.png\",\"width\":1200,\"height\":675},{\"@type\":\"BreadcrumbList\",\"@id\":\"https:\/\/frikisdelabici.com\/site\/zwift-se-transforma-en-honor-al-tour-de-francia\/#breadcrumb\",\"itemListElement\":[{\"@type\":\"ListItem\",\"position\":1,\"name\":\"Inicio\",\"item\":\"https:\/\/frikisdelabici.com\/site\/\"},{\"@type\":\"ListItem\",\"position\":2,\"name\":\"Zwift se transforma en honor al Tour de Francia\"}]},{\"@type\":\"WebSite\",\"@id\":\"https:\/\/frikisdelabici.com\/site\/#website\",\"url\":\"https:\/\/frikisdelabici.com\/site\/\",\"name\":\"frikisdelabici.com\",\"description\":\"Noticias sobre ZWIFT, art\u00edculos sobre entrenamiento, carreras... de todo lo relacionado con el ciclista m\u00e1s friki\",\"publisher\":{\"@id\":\"https:\/\/frikisdelabici.com\/site\/#\/schema\/person\/a7e0f7e0c1ecaf32b75491c779564593\"},\"potentialAction\":[{\"@type\":\"SearchAction\",\"target\":{\"@type\":\"EntryPoint\",\"urlTemplate\":\"https:\/\/frikisdelabici.com\/site\/?s={search_term_string}\"},\"query-input\":{\"@type\":\"PropertyValueSpecification\",\"valueRequired\":true,\"valueName\":\"search_term_string\"}}],\"inLanguage\":\"es\"},{\"@type\":[\"Person\",\"Organization\"],\"@id\":\"https:\/\/frikisdelabici.com\/site\/#\/schema\/person\/a7e0f7e0c1ecaf32b75491c779564593\",\"name\":\"Rub\u00e9n Fern\u00e1ndez\",\"image\":{\"@type\":\"ImageObject\",\"inLanguage\":\"es\",\"@id\":\"https:\/\/frikisdelabici.com\/site\/#\/schema\/person\/image\/\",\"url\":\"https:\/\/frikisdelabici.com\/site\/wp-content\/uploads\/2020\/03\/gran-fondo-san-sebastian-2017-4014569-48213-4286-1-scaled.jpg\",\"contentUrl\":\"https:\/\/frikisdelabici.com\/site\/wp-content\/uploads\/2020\/03\/gran-fondo-san-sebastian-2017-4014569-48213-4286-1-scaled.jpg\",\"width\":2560,\"height\":1707,\"caption\":\"Rub\u00e9n Fern\u00e1ndez\"},\"logo\":{\"@id\":\"https:\/\/frikisdelabici.com\/site\/#\/schema\/person\/image\/\"},\"url\":\"https:\/\/frikisdelabici.com\/site\/author\/rubenextra300\/\"}]}<\/script>\n<!-- \/ Yoast SEO Premium plugin. -->","yoast_head_json":{"title":"Zwift se transforma en honor al Tour de Francia - frikisdelabici.com","description":"Zwift, la plataforma global de entrenamiento para ciclistas, lanza una programaci\u00f3n llena de contenido tem\u00e1tico del Tour de Francia","robots":{"index":"index","follow":"follow","max-snippet":"max-snippet:-1","max-image-preview":"max-image-preview:large","max-video-preview":"max-video-preview:-1"},"canonical":"https:\/\/frikisdelabici.com\/site\/zwift-se-transforma-en-honor-al-tour-de-francia\/","og_locale":"es_ES","og_type":"article","og_title":"Zwift se transforma en honor al Tour de Francia","og_description":"Zwift, la plataforma global de entrenamiento para ciclistas, lanza una programaci\u00f3n llena de contenido tem\u00e1tico del Tour de Francia","og_url":"https:\/\/frikisdelabici.com\/site\/zwift-se-transforma-en-honor-al-tour-de-francia\/","og_site_name":"frikisdelabici.com","article_published_time":"2025-07-10T07:54:57+00:00","article_modified_time":"2025-07-10T07:54:59+00:00","og_image":[{"width":1200,"height":675,"url":"https:\/\/frikisdelabici.com\/site\/wp-content\/uploads\/2025\/07\/image-1.png","type":"image\/png"}],"author":"Rub\u00e9n Fern\u00e1ndez","twitter_card":"summary_large_image","twitter_misc":{"Escrito por":"Rub\u00e9n Fern\u00e1ndez","Tiempo de lectura":"4 minutos"},"schema":{"@context":"https:\/\/schema.org","@graph":[{"@type":"Article","@id":"https:\/\/frikisdelabici.com\/site\/zwift-se-transforma-en-honor-al-tour-de-francia\/#article","isPartOf":{"@id":"https:\/\/frikisdelabici.com\/site\/zwift-se-transforma-en-honor-al-tour-de-francia\/"},"author":{"name":"Rub\u00e9n Fern\u00e1ndez","@id":"https:\/\/frikisdelabici.com\/site\/#\/schema\/person\/a7e0f7e0c1ecaf32b75491c779564593"},"headline":"Zwift se transforma en honor al Tour de Francia","datePublished":"2025-07-10T07:54:57+00:00","dateModified":"2025-07-10T07:54:59+00:00","mainEntityOfPage":{"@id":"https:\/\/frikisdelabici.com\/site\/zwift-se-transforma-en-honor-al-tour-de-francia\/"},"wordCount":540,"commentCount":0,"publisher":{"@id":"https:\/\/frikisdelabici.com\/site\/#\/schema\/person\/a7e0f7e0c1ecaf32b75491c779564593"},"image":{"@id":"https:\/\/frikisdelabici.com\/site\/zwift-se-transforma-en-honor-al-tour-de-francia\/#primaryimage"},"thumbnailUrl":"https:\/\/frikisdelabici.com\/site\/wp-content\/uploads\/2025\/07\/image-1.png","keywords":["ciclismo","ciclismo indoor","como usar zwift","rodillo","simulador de ciclismo zwift","zwift","zwift en espa\u00f1ol"],"articleSection":["Zwift"],"inLanguage":"es","potentialAction":[{"@type":"CommentAction","name":"Comment","target":["https:\/\/frikisdelabici.com\/site\/zwift-se-transforma-en-honor-al-tour-de-francia\/#respond"]}]},{"@type":"WebPage","@id":"https:\/\/frikisdelabici.com\/site\/zwift-se-transforma-en-honor-al-tour-de-francia\/","url":"https:\/\/frikisdelabici.com\/site\/zwift-se-transforma-en-honor-al-tour-de-francia\/","name":"Zwift se transforma en honor al Tour de Francia - frikisdelabici.com","isPartOf":{"@id":"https:\/\/frikisdelabici.com\/site\/#website"},"primaryImageOfPage":{"@id":"https:\/\/frikisdelabici.com\/site\/zwift-se-transforma-en-honor-al-tour-de-francia\/#primaryimage"},"image":{"@id":"https:\/\/frikisdelabici.com\/site\/zwift-se-transforma-en-honor-al-tour-de-francia\/#primaryimage"},"thumbnailUrl":"https:\/\/frikisdelabici.com\/site\/wp-content\/uploads\/2025\/07\/image-1.png","datePublished":"2025-07-10T07:54:57+00:00","dateModified":"2025-07-10T07:54:59+00:00","description":"Zwift, la plataforma global de entrenamiento para ciclistas, lanza una programaci\u00f3n llena de contenido tem\u00e1tico del Tour de Francia","breadcrumb":{"@id":"https:\/\/frikisdelabici.com\/site\/zwift-se-transforma-en-honor-al-tour-de-francia\/#breadcrumb"},"inLanguage":"es","potentialAction":[{"@type":"ReadAction","target":["https:\/\/frikisdelabici.com\/site\/zwift-se-transforma-en-honor-al-tour-de-francia\/"]}]},{"@type":"ImageObject","inLanguage":"es","@id":"https:\/\/frikisdelabici.com\/site\/zwift-se-transforma-en-honor-al-tour-de-francia\/#primaryimage","url":"https:\/\/frikisdelabici.com\/site\/wp-content\/uploads\/2025\/07\/image-1.png","contentUrl":"https:\/\/frikisdelabici.com\/site\/wp-content\/uploads\/2025\/07\/image-1.png","width":1200,"height":675},{"@type":"BreadcrumbList","@id":"https:\/\/frikisdelabici.com\/site\/zwift-se-transforma-en-honor-al-tour-de-francia\/#breadcrumb","itemListElement":[{"@type":"ListItem","position":1,"name":"Inicio","item":"https:\/\/frikisdelabici.com\/site\/"},{"@type":"ListItem","position":2,"name":"Zwift se transforma en honor al Tour de Francia"}]},{"@type":"WebSite","@id":"https:\/\/frikisdelabici.com\/site\/#website","url":"https:\/\/frikisdelabici.com\/site\/","name":"frikisdelabici.com","description":"Noticias sobre ZWIFT, art\u00edculos sobre entrenamiento, carreras... de todo lo relacionado con el ciclista m\u00e1s friki","publisher":{"@id":"https:\/\/frikisdelabici.com\/site\/#\/schema\/person\/a7e0f7e0c1ecaf32b75491c779564593"},"potentialAction":[{"@type":"SearchAction","target":{"@type":"EntryPoint","urlTemplate":"https:\/\/frikisdelabici.com\/site\/?s={search_term_string}"},"query-input":{"@type":"PropertyValueSpecification","valueRequired":true,"valueName":"search_term_string"}}],"inLanguage":"es"},{"@type":["Person","Organization"],"@id":"https:\/\/frikisdelabici.com\/site\/#\/schema\/person\/a7e0f7e0c1ecaf32b75491c779564593","name":"Rub\u00e9n Fern\u00e1ndez","image":{"@type":"ImageObject","inLanguage":"es","@id":"https:\/\/frikisdelabici.com\/site\/#\/schema\/person\/image\/","url":"https:\/\/frikisdelabici.com\/site\/wp-content\/uploads\/2020\/03\/gran-fondo-san-sebastian-2017-4014569-48213-4286-1-scaled.jpg","contentUrl":"https:\/\/frikisdelabici.com\/site\/wp-content\/uploads\/2020\/03\/gran-fondo-san-sebastian-2017-4014569-48213-4286-1-scaled.jpg","width":2560,"height":1707,"caption":"Rub\u00e9n Fern\u00e1ndez"},"logo":{"@id":"https:\/\/frikisdelabici.com\/site\/#\/schema\/person\/image\/"},"url":"https:\/\/frikisdelabici.com\/site\/author\/rubenextra300\/"}]}},"_links":{"self":[{"href":"https:\/\/frikisdelabici.com\/site\/wp-json\/wp\/v2\/posts\/2645","targetHints":{"allow":["GET"]}}],"collection":[{"href":"https:\/\/frikisdelabici.com\/site\/wp-json\/wp\/v2\/posts"}],"about":[{"href":"https:\/\/frikisdelabici.com\/site\/wp-json\/wp\/v2\/types\/post"}],"author":[{"embeddable":true,"href":"https:\/\/frikisdelabici.com\/site\/wp-json\/wp\/v2\/users\/1"}],"replies":[{"embeddable":true,"href":"https:\/\/frikisdelabici.com\/site\/wp-json\/wp\/v2\/comments?post=2645"}],"version-history":[{"count":1,"href":"https:\/\/frikisdelabici.com\/site\/wp-json\/wp\/v2\/posts\/2645\/revisions"}],"predecessor-version":[{"id":2648,"href":"https:\/\/frikisdelabici.com\/site\/wp-json\/wp\/v2\/posts\/2645\/revisions\/2648"}],"wp:featuredmedia":[{"embeddable":true,"href":"https:\/\/frikisdelabici.com\/site\/wp-json\/wp\/v2\/media\/2647"}],"wp:attachment":[{"href":"https:\/\/frikisdelabici.com\/site\/wp-json\/wp\/v2\/media?parent=2645"}],"wp:term":[{"taxonomy":"category","embeddable":true,"href":"https:\/\/frikisdelabici.com\/site\/wp-json\/wp\/v2\/categories?post=2645"},{"taxonomy":"post_tag","embeddable":true,"href":"https:\/\/frikisdelabici.com\/site\/wp-json\/wp\/v2\/tags?post=2645"},{"taxonomy":"series","embeddable":true,"href":"https:\/\/frikisdelabici.com\/site\/wp-json\/wp\/v2\/series?post=2645"}],"curies":[{"name":"wp","href":"https:\/\/api.w.org\/{rel}","templated":true}]}}