{"id":2680,"date":"2025-07-24T12:08:16","date_gmt":"2025-07-24T10:08:16","guid":{"rendered":"https:\/\/frikisdelabici.com\/site\/?p=2680"},"modified":"2025-07-24T12:09:01","modified_gmt":"2025-07-24T10:09:01","slug":"zwift-presenta-una-radiografia-de-la-situacion-actual-del-ciclismo-femenino","status":"publish","type":"post","link":"https:\/\/frikisdelabici.com\/site\/zwift-presenta-una-radiografia-de-la-situacion-actual-del-ciclismo-femenino\/","title":{"rendered":"Zwift presenta una radiograf\u00eda de la situaci\u00f3n actual del ciclismo femenino"},"content":{"rendered":"\n<p><strong>Cuatro a\u00f1os del Tour de France Femmes avec Zwift: La visibilidad lo cambia todo<\/strong><\/p>\n\n\n\n<p>21 de julio de 2025<\/p>\n\n\n\n<p>Durante a\u00f1os, el ciclismo femenino careci\u00f3 de la inversi\u00f3n, la difusi\u00f3n medi\u00e1tica y la visibilidad que merec\u00eda. En 2022, esto cambi\u00f3 con la creaci\u00f3n del Tour de France\u202fFemmes avec Zwift. Gracias a la enorme visibilidad que esta carrera aport\u00f3 al deporte, no solo hizo historia, sino que transform\u00f3 su futuro.<\/p>\n\n\n\n<blockquote class=\"wp-block-quote is-layout-flow wp-block-quote-is-layout-flow\">\n<p>\u201cComo socios fundadores del Tour de France\u202fFemmes avec Zwift, nos enorgullece poder mostrar evidencias de c\u00f3mo ha crecido el deporte desde la primera edici\u00f3n en 2022,\u201d afirma Kate Veronneau, directora de ciclismo femenino en Zwift.<\/p>\n<\/blockquote>\n\n\n\n<blockquote class=\"wp-block-quote is-layout-flow wp-block-quote-is-layout-flow\">\n<p>\u201cEl deporte femenino en todo el mundo se est\u00e1 viendo impulsado por un viento favorable de inter\u00e9s e inversi\u00f3n; sin embargo, hasta 2022, el ciclismo profesional femenino no contaba con la joya del calendario ciclista: el Tour de Francia. Incluir una prueba tan ic\u00f3nica en el Women\u2019s WorldTour fue clave para asegurar que el ciclismo femenino tambi\u00e9n se beneficiara, atrayendo otras marcas, socios y patrocinadores para hacer crecer el deporte en el escenario m\u00e1s importante, bajo la bandera de la carrera m\u00e1s famosa del mundo.\u201d<\/p>\n<\/blockquote>\n\n\n\n<p>Kate Veronneau, directora de ciclismo femenino en Zwift:&nbsp;<em>\u00abIncluir el Tour de France\u202fFemmes avec Zwift en el Women\u2019s WorldTour fue clave para asegurar que el ciclismo femenino tambi\u00e9n se beneficiara, atrayendo otras marcas, socios y patrocinadores.\u00bb<\/em><\/p>\n\n\n\n<p>Desde la introducci\u00f3n del Tour de France\u202fFemmes avec Zwift en 2022, Zwift ha visto un incremento en el n\u00famero de mujeres que se unen a la plataforma. Actualmente, el 23\u202f% de las nuevas suscripciones son de mujeres, frente al 18\u202f% en la primera edici\u00f3n.<\/p>\n\n\n\n<p>Actualmente, el 23\u202f% de las nuevas suscripciones de Zwift son de mujeres, frente al 18\u202f% en la primera edici\u00f3n.<\/p>\n\n\n\n<p>Con la cuarta edici\u00f3n del Tour de France\u202fFemmes avec Zwift a punto de arrancar, Zwift ha trabajado en una encuesta a 5.030 personas para analizar en profundidad el impacto que la carrera ha tenido en el ciclismo femenino\u00b9. En este informe, Zwift examina c\u00f3mo el Tour est\u00e1 impulsando el crecimiento y tambi\u00e9n se\u00f1ala \u00e1reas que requieren mejoras.<\/p>\n\n\n\n<h2 class=\"wp-block-heading\"><strong>EL PELOT\u00d3N DEL WOMEN&#8217;S WORLDTOUR<\/strong><\/h2>\n\n\n\n<h3 class=\"wp-block-heading\">EMPEZAMOS POR LO M\u00c1S ALTO DEL DEPORTE PARA OBSERVAR C\u00d3MO HAN CAMBIADO LAS COSAS<\/h3>\n\n\n\n<p>En el informe de 2023 de Zwift&nbsp;<em>Measuring The Impact of The Tour de France Femmes avec Zwift<\/em>, Ruby Roseman\u2011Gannon, ahora profesional en Liv AlUla Jayco, explicaba la experiencia de su infancia:<\/p>\n\n\n\n<blockquote class=\"wp-block-quote is-layout-flow wp-block-quote-is-layout-flow\">\n<p>\u201cEl Tour de France\u202fFemmes avec Zwift significa que la ni\u00f1a que fui, con cinco a\u00f1os y que solo ve\u00eda a hombres competir en las grandes carreras del mundo (no a mujeres), puede ahora ver c\u00f3mo se hacen realidad sus sue\u00f1os. Nunca pens\u00e9 que el ciclismo ser\u00eda mi profesi\u00f3n; estudi\u00e9 cinco a\u00f1os en la universidad para poder complementar mi carrera como ciclista, pero ahora es una realidad.\u201d<\/p>\n<\/blockquote>\n\n\n\n<p>En 2025, el 85\u202f% de las personas considera que el ciclismo profesional es una salida viable a la que las mujeres pueden aspirar\u00b2. La introducci\u00f3n en 2020 por parte de la UCI de la categor\u00eda WorldTour para el pelot\u00f3n femenino, con salario m\u00ednimo obligatorio, ha sido clave.&nbsp;<strong>En 2020 el salario m\u00ednimo era de 15.000\u202f\u20ac, y en 2025 ha aumentado hasta 31.768\u202f\u20ac para las nuevas ciclistas<\/strong>. En 2025 tambi\u00e9n se cre\u00f3 la categor\u00eda ProTeam con un salario m\u00ednimo de 20.000\u202f\u20ac, que aumentar\u00e1 a 24.000\u202f\u20ac para 2027. Seg\u00fan&nbsp;<em>The Cyclists\u2019 Alliance<\/em>,&nbsp;<strong>en 2024 el salario medio era de 50.000\u202f\u20ac<\/strong>, y el 15\u202f% de las encuestadas ganaba m\u00e1s de 100.000\u202f\u20ac\u00b3. No obstante, a\u00fan persiste una brecha salarial significativa en los equipos de menor categor\u00eda\u2074.<\/p>\n\n\n\n<p>En 2020 el salario m\u00ednimo era de 15.000\u202f\u20ac, y en 2025 ha aumentado hasta 31.768\u202f\u20ac para las nuevas ciclistas.<\/p>\n\n\n\n<p>Seg\u00fan&nbsp;<em>The Cyclists\u2019 Alliance<\/em>, en 2024 el salario medio era de 50.000\u202f\u20ac, y el 15\u202f% de las encuestadas ganaba m\u00e1s de 100.000\u202f\u20ac.<\/p>\n\n\n\n<figure class=\"wp-block-image\"><a href=\"https:\/\/cdn.uc.assets.prezly.com\/d2524343-b269-4517-a741-b0bf6a3b0476\/601858-tdffaz_wtf_impact-report_participation-b0211e-original-1752737754.png\"><img decoding=\"async\" data-src=\"https:\/\/cdn.uc.assets.prezly.com\/d2524343-b269-4517-a741-b0bf6a3b0476\/-\/format\/auto\/601858-tdffaz_wtf_impact-report_participation-b0211e-original-1752737754.png\" alt=\"\" src=\"data:image\/svg+xml;base64,PHN2ZyB3aWR0aD0iMSIgaGVpZ2h0PSIxIiB4bWxucz0iaHR0cDovL3d3dy53My5vcmcvMjAwMC9zdmciPjwvc3ZnPg==\" class=\"lazyload\" \/><\/a><\/figure>\n\n\n\n<p>Puck Pieterse, ciclista del Fenix\u2011Deceuninck, resalta el impacto que los mayores presupuestos est\u00e1n teniendo en la profesionalizaci\u00f3n del pelot\u00f3n:<\/p>\n\n\n\n<blockquote class=\"wp-block-quote is-layout-flow wp-block-quote-is-layout-flow\">\n<p>\u201cAunque no llevo mucho tiempo pedaleando en el pelot\u00f3n profesional, est\u00e1 claro que el panorama ha cambiado much\u00edsimo en solo unos pocos a\u00f1os. Una de las mayores diferencias que he notado es lo organizado que se ha vuelto el pelot\u00f3n. Los sprints finales ahora cuentan con trenes perfectamente estructurados. Los equipos trabajan t\u00e1cticamente, posicionan a sus velocistas con enorme precisi\u00f3n.<\/p>\n<\/blockquote>\n\n\n\n<blockquote class=\"wp-block-quote is-layout-flow wp-block-quote-is-layout-flow\">\n<p>\u00abOtro cambio notable es la mayor profundidad de talento. Hace cinco o seis a\u00f1os, unas pocas ciclistas dominaban la mayor\u00eda de las carreras. Ahora, el nivel m\u00e1s alto es m\u00e1s amplio y m\u00e1s competitivo. Hay especialistas: escaladoras puras, puncheurs explosivas, velocistas dedicadas y m\u00e1s corredoras capaces de optar a la victoria en finales exigentes. La competitividad creciente ha transformado las carreras. Ahora hay m\u00e1s corredoras que pueden ganar; el nivel es tan alto y el pelot\u00f3n tan profundo que&nbsp;<strong>las pruebas son m\u00e1s emocionantes e impredecibles<\/strong>.\u201d<\/p>\n<\/blockquote>\n\n\n\n<p>Puck Pieterse, ciclista del Fenix\u2011Deceuninck:&nbsp;<em>\u00abEl panorama ha cambiado much\u00edsimo en solo unos pocos a\u00f1os. [&#8230;] Los equipos trabajan t\u00e1cticamente. [&#8230;] Ahora hay m\u00e1s corredoras que pueden ganar; el nivel es tan alto y el pelot\u00f3n tan profundo que las pruebas son m\u00e1s emocionantes e impredecibles.\u201d<\/em><\/p>\n\n\n\n<p>Anastasiya Kolesava, corredora del equipo CANYON\/\/SRAM zondacrypto, tambi\u00e9n destaca los cambios positivos:<\/p>\n\n\n\n<blockquote class=\"wp-block-quote is-layout-flow wp-block-quote-is-layout-flow\">\n<p>\u201c<strong>El nivel del ciclismo femenino ha crecido much\u00edsimo en los \u00faltimos a\u00f1os.<\/strong>&nbsp;Es incre\u00edble c\u00f3mo ha cambiado todo. Hay muchas corredoras muy fuertes en la monta\u00f1a y las velocidades son mucho m\u00e1s altas, incluso teniendo en cuenta que ahora hay m\u00e1s subidas en las etapas. T\u00e9cnicamente, tambi\u00e9n hemos mejorado en los descensos, aunque muchos cortes se producen en las bajadas por la velocidad. En general,&nbsp;<strong>es fant\u00e1stico que el ciclismo femenino haya mejorado tanto, no solo en el desarrollo de las ciclistas, sino tambi\u00e9n en la percepci\u00f3n del deporte<\/strong>. Ahora tenemos casi las mismas grandes carreras que los hombres, y eso hace muy feliz a todo el pelot\u00f3n.\u201d<\/p>\n<\/blockquote>\n\n\n\n<p>Anastasiya Kolesava, corredora del equipo CANYON\/\/SRAM zondacrypto:<br>\u200b<em>\u00abEs incre\u00edble c\u00f3mo ha cambiado todo. Hay muchas corredoras muy fuertes en la monta\u00f1a y las velocidades son mucho m\u00e1s altas. [&#8230;] T\u00e9cnicamente, tambi\u00e9n hemos mejorado en descensos. [&#8230;] Ahora tenemos casi las mismas grandes carreras que los hombres, y eso hace muy feliz a todo el pelot\u00f3n.\u00bb<\/em><\/p>\n\n\n\n<figure class=\"wp-block-image\"><a href=\"https:\/\/cdn.uc.assets.prezly.com\/b9c38fae-6729-4892-94ba-b91dae267e5d\/601097-20240814_1537-TdFFaZ-Stage04-LeonvanBon-114A3496-c9244c-original-1752500163.jpg\"><img decoding=\"async\" data-src=\"https:\/\/cdn.uc.assets.prezly.com\/b9c38fae-6729-4892-94ba-b91dae267e5d\/-\/format\/auto\/601097-20240814_1537-TdFFaZ-Stage04-LeonvanBon-114A3496-c9244c-original-1752500163.jpg\" alt=\"\" src=\"data:image\/svg+xml;base64,PHN2ZyB3aWR0aD0iMSIgaGVpZ2h0PSIxIiB4bWxucz0iaHR0cDovL3d3dy53My5vcmcvMjAwMC9zdmciPjwvc3ZnPg==\" class=\"lazyload\" \/><\/a><figcaption class=\"wp-element-caption\">\u00a9 Leon van Bon<\/figcaption><\/figure>\n\n\n\n<p>Un reflejo de esa profundidad de talento fue que la edici\u00f3n 2024 del Tour de France\u202fFemmes avec Zwift se decidi\u00f3 por tan solo 4 segundos \u2014el margen m\u00e1s estrecho en cualquier edici\u00f3n, masculina o femenina\u2014 y hubo seis ganadoras de etapa en ocho jornadas, representando a cinco equipos diferentes.&nbsp;<strong>El aumento de los presupuestos y los salarios fue posible gracias a un notable incremento en la cobertura medi\u00e1tica del ciclismo profesional femenino<\/strong>.<\/p>\n\n\n\n<p>El Tour de France\u202fFemmes avec Zwift de 2024 se decidi\u00f3 por tan solo 4 segundos de diferencia \u2014 el margen m\u00e1s estrecho en cualquier edici\u00f3n, masculina o femenina.<\/p>\n\n\n\n<p>El presupuesto medio de equipo en el Women\u2019s WorldTour pas\u00f3 de 2,35 millones\u202f\u20ac en 2022 a 4,67 millones\u202f\u20ac en 2025\u2075.<\/p>\n\n\n\n<p>El presupuesto medio de equipo en el Women\u2019s WorldTour pas\u00f3 de 2,35 millones\u202f\u20ac en 2022 a 4,67 millones\u202f\u20ac en 2025.<\/p>\n\n\n\n<hr class=\"wp-block-separator has-alpha-channel-opacity\"\/>\n\n\n\n<h2 class=\"wp-block-heading\"><strong>LAS AUDIENCIAS SON LA CLAVE<\/strong><\/h2>\n\n\n\n<h3 class=\"wp-block-heading\">EL CICLISMO SIGUE DEPENDIENDO CASI EXCLUSIVAMENTE DE LOS PATROCINIOS, POR LO QUE ES VITAL LOGRAR LA EXPOSICI\u00d3N NECESARIA PARA ATRAER LA INVERSI\u00d3N<\/h3>\n\n\n\n<p>El Tour de France\u202fFemmes avec Zwift atrae la mayor audiencia del ciclismo profesional femenino: se emite en 190 pa\u00edses. En 2024 se consumieron 80\u202fmillones de horas en siete pa\u00edses europeos, con casi 20 millones de espectadores solamente en Francia\u2076.<\/p>\n\n\n\n<p>El Tour de France\u202fFemmes avec Zwift se emite en 190 pa\u00edses, y en 2024 logr\u00f3 casi 20 millones de espectadores en Francia.<\/p>\n\n\n\n<figure class=\"wp-block-image\"><a href=\"https:\/\/cdn.uc.assets.prezly.com\/690c98f6-13da-4403-91ee-8d2fdca21560\/601861-tdffaz_wtf_impact-report_encouraging-bbac89-original-1752737754.png\"><img decoding=\"async\" data-src=\"https:\/\/cdn.uc.assets.prezly.com\/690c98f6-13da-4403-91ee-8d2fdca21560\/-\/format\/auto\/601861-tdffaz_wtf_impact-report_encouraging-bbac89-original-1752737754.png\" alt=\"\" src=\"data:image\/svg+xml;base64,PHN2ZyB3aWR0aD0iMSIgaGVpZ2h0PSIxIiB4bWxucz0iaHR0cDovL3d3dy53My5vcmcvMjAwMC9zdmciPjwvc3ZnPg==\" class=\"lazyload\" \/><\/a><\/figure>\n\n\n\n<blockquote class=\"wp-block-quote is-layout-flow wp-block-quote-is-layout-flow\">\n<p>\u201cQuiz\u00e1 el cambio m\u00e1s transformador ha sido la cobertura medi\u00e1tica,\u201d comenta Pieterse. \u201cCuando empec\u00e9 a ver carreras femeninas, eran solo unos minutos despu\u00e9s de la transmisi\u00f3n de la carrera masculina, o quiz\u00e1 los \u00faltimos 10 kil\u00f3metros. No era muy accesible.\u00bb<\/p>\n<\/blockquote>\n\n\n\n<blockquote class=\"wp-block-quote is-layout-flow wp-block-quote-is-layout-flow\">\n<p>Esa falta de visibilidad hac\u00eda dif\u00edcil imaginar un lugar en el deporte. Si no lo ves, es dif\u00edcil creer que sea posible. Pero ahora, con mucha m\u00e1s atenci\u00f3n medi\u00e1tica, empiezas a ver el ciclismo femenino como una carrera real y viable.\u201d<\/p>\n<\/blockquote>\n\n\n\n<figure class=\"wp-block-image\"><a href=\"https:\/\/cdn.uc.assets.prezly.com\/bb27dc8a-8b58-4a21-875a-57e159fdf767\/601096-20240814_1505-TdFFaZ-Stage04-LeonvanBon-114A3007-de9855-original-1752500163.jpg\"><img decoding=\"async\" data-src=\"https:\/\/cdn.uc.assets.prezly.com\/bb27dc8a-8b58-4a21-875a-57e159fdf767\/-\/format\/auto\/601096-20240814_1505-TdFFaZ-Stage04-LeonvanBon-114A3007-de9855-original-1752500163.jpg\" alt=\"\" src=\"data:image\/svg+xml;base64,PHN2ZyB3aWR0aD0iMSIgaGVpZ2h0PSIxIiB4bWxucz0iaHR0cDovL3d3dy53My5vcmcvMjAwMC9zdmciPjwvc3ZnPg==\" class=\"lazyload\" \/><\/a><figcaption class=\"wp-element-caption\">\u00a9 Leon van Bon<\/figcaption><\/figure>\n\n\n\n<p>La campa\u00f1a&nbsp;<strong>Watch The \u200b\u202fFemmes<\/strong>&nbsp;de Zwift tiene como n\u00facleo la visibilidad: \u201c<strong>solo puedes ser lo que puedes ver<\/strong>\u201d. La mayor visibilidad del Tour est\u00e1 ayudando a despertar&nbsp;<strong>m\u00e1s inter\u00e9s en el ciclismo femenino<\/strong>, ampliando la audiencia de todas las carreras. De quienes siguieron el Tour en 2024\u2077, el 80\u202f% afirma estar ahora m\u00e1s predispuesto a ver ciclismo femenino\u2078, y el 17\u202f% compr\u00f3 una bicicleta tras haber seguido la carrera\u2079.<\/p>\n\n\n\n<p>De quienes siguieron el Tour en 2024, el 80\u202f% afirma estar ahora m\u00e1s predispuesto a ver ciclismo femenino, y el 17\u202f% compr\u00f3 una bicicleta tras haber seguido la carrera.<\/p>\n\n\n\n<p>Sin embargo,&nbsp;<strong>a\u00fan hay margen de mejora<\/strong>. Mientras que pa\u00edses como Francia disfrutan de cobertura en abierto del&nbsp;<em>Tour de France Femmes avec Zwift<\/em>, los aficionados de otros pa\u00edses pueden encontrar m\u00e1s dif\u00edcil ver la carrera. Como era de esperar, la facilidad de acceso a la cobertura en directo tiene un impacto directo en el seguimiento del deporte.<\/p>\n\n\n\n<p>En Estados Unidos, solo el 6\u202f% de las personas afirma seguir el ciclismo femenino, en comparaci\u00f3n con el 12\u202f% en Francia. Al profundizar en las razones, ante la pregunta \u00ab\u00bfPor qu\u00e9 no ves carreras de ciclismo femenino?\u00bb, el 36\u202f% de los encuestados en EE.\u202fUU. respondi\u00f3 \u00abNo se transmite donde vivo\u00bb, una cifra muy superior a la del Reino Unido (18\u202f%).<\/p>\n\n\n\n<p>En Estados Unidos, solo el 6\u202f% de las personas afirma seguir el ciclismo femenino, en comparaci\u00f3n con el 12\u202f% en Francia. Al profundizar en las razones [&#8230;] el 36\u202f% de los encuestados en EE.\u202fUU. responde \u00abNo se transmite donde vivo\u00bb.<\/p>\n\n\n\n<p>Esto demuestra que en EE.\u202fUU. es m\u00e1s com\u00fan enfrentar dificultades para acceder a la retransmisi\u00f3n, ya sea porque no tienen acceso a la cobertura en directo o no saben d\u00f3nde verla\u00b9\u00b9.&nbsp;<strong>Claramente, se puede hacer un mejor trabajo para promover la \u200b cobertura en directo de las carreras.<\/strong><\/p>\n\n\n\n<p>Peacock es el socio oficial de retransmisi\u00f3n del Tour de France Femmes avec Zwift. La lista completa de emisoras internacionales se puede consultar en la&nbsp;<a href=\"https:\/\/www.letourfemmes.fr\/en\" rel=\"noreferrer noopener\" target=\"_blank\">web oficial<\/a>.<\/p>\n\n\n\n<p>Ante estas dificultades, el p\u00fablico de EE.\u202fUU. recurre a redes sociales: el 45\u202f% usa Instagram, el 43\u202f% Facebook y el 49\u202f% sigue la carrera en YouTube, muy por encima de la media (27\u202f% Instagram, 29\u202f% Facebook\u00b9\u00b2; YouTube 35\u202f%\u00b9\u00b3). Por ello, el ciclismo femenino depende m\u00e1s de las redes sociales que de la televisi\u00f3n tradicional.<\/p>\n\n\n\n<figure class=\"wp-block-image\"><a href=\"https:\/\/cdn.uc.assets.prezly.com\/bd71d6b6-7cdf-403e-819f-a794a283eaa2\/601857-tdffaz_wtf_impact-report-keybarriers_full-map-6a0914-original-1752737754.png\"><img decoding=\"async\" data-src=\"https:\/\/cdn.uc.assets.prezly.com\/bd71d6b6-7cdf-403e-819f-a794a283eaa2\/-\/format\/auto\/601857-tdffaz_wtf_impact-report-keybarriers_full-map-6a0914-original-1752737754.png\" alt=\"\" src=\"data:image\/svg+xml;base64,PHN2ZyB3aWR0aD0iMSIgaGVpZ2h0PSIxIiB4bWxucz0iaHR0cDovL3d3dy53My5vcmcvMjAwMC9zdmciPjwvc3ZnPg==\" class=\"lazyload\" \/><\/a><\/figure>\n\n\n\n<p>Esto no ha mejorado desde el informe anterior de Zwift\u00b9\u2074, donde ya se destacaba la importancia de las redes sociales: el 36\u202f% de los seguidores de ciclismo afirma ver deporte a trav\u00e9s de redes sociales habitualmente, frente al 18\u202f% de la poblaci\u00f3n general.<\/p>\n\n\n\n<p>Las redes sociales no solo sirven para retransmisi\u00f3n en directo, sino que tambi\u00e9n siguen siendo clave en el crecimiento del ciclismo femenino. En la edici\u00f3n inaugural del Tour en 2022, las cuentas de Instagram y Facebook de las 35 mejores ciclistas crecieron un 8,6\u202f%\u00b9\u2075. Actualmente las redes del Tour tienen 2,6\u202fmillones de seguidores (700.000 m\u00e1s que en 2023), los v\u00eddeos alcanzaron 120\u202fmillones de visualizaciones en 2024 (+61\u202f%) y las impresiones subieron un 257\u202f%, hasta 357\u202fmillones\u00b9\u2076. Solo en 2024, los v\u00eddeos oficiales del Tour sumaron 74,4\u202fmillones de visualizaciones (+238\u202f% desde 2022).<\/p>\n\n\n\n<p>En 2024, los v\u00eddeos oficiales del Tour de France\u202fFemmes avec Zwift sumaron 74,4\u202fmillones de visualizaciones (+238\u202f% desde 2022).<\/p>\n\n\n\n<figure class=\"wp-block-image\"><a href=\"https:\/\/cdn.uc.assets.prezly.com\/bdefbe0f-9641-4613-a9fa-9826e3b74cd7\/601860-tdffaz_wtf_impact-report_active-engagement-41d680-original-1752737754.png\"><img decoding=\"async\" data-src=\"https:\/\/cdn.uc.assets.prezly.com\/bdefbe0f-9641-4613-a9fa-9826e3b74cd7\/-\/format\/auto\/601860-tdffaz_wtf_impact-report_active-engagement-41d680-original-1752737754.png\" alt=\"\" src=\"data:image\/svg+xml;base64,PHN2ZyB3aWR0aD0iMSIgaGVpZ2h0PSIxIiB4bWxucz0iaHR0cDovL3d3dy53My5vcmcvMjAwMC9zdmciPjwvc3ZnPg==\" class=\"lazyload\" \/><\/a><\/figure>\n\n\n\n<p>Para quienes siguen el Tour de France\u202fFemmes avec Zwift, la acci\u00f3n no decepciona:&nbsp;<strong>los calificativos m\u00e1s usados para describir la carrera son \u201cemocionante\u201d, \u201cdesafiante\u201d e \u201cinspiradora\u201d\u00b9\u2077.<\/strong>&nbsp;La percepci\u00f3n del Tour y del ciclismo femenino muestra que cuando est\u00e1 disponible para ver, la audiencia no solo se compromete, sino que se deja inspirar, motivar y emocionar.<\/p>\n\n\n\n<figure class=\"wp-block-image\"><a href=\"https:\/\/cdn.uc.assets.prezly.com\/dcaf4866-f2f1-49d1-9efd-4952c55bbcef\/601859-tdffaz_wtf_2025_impact-report-graphic_word-cloud-e7e826-original-1752737754.png\"><img decoding=\"async\" data-src=\"https:\/\/cdn.uc.assets.prezly.com\/dcaf4866-f2f1-49d1-9efd-4952c55bbcef\/-\/format\/auto\/601859-tdffaz_wtf_2025_impact-report-graphic_word-cloud-e7e826-original-1752737754.png\" alt=\"\" src=\"data:image\/svg+xml;base64,PHN2ZyB3aWR0aD0iMSIgaGVpZ2h0PSIxIiB4bWxucz0iaHR0cDovL3d3dy53My5vcmcvMjAwMC9zdmciPjwvc3ZnPg==\" class=\"lazyload\" \/><\/a><\/figure>\n\n\n\n<p>Aunque el Tour ostenta la mayor audiencia,&nbsp;<strong>otras carreras est\u00e1n aprovechando este impulso<\/strong>.&nbsp;<em>Cyclingnews<\/em>&nbsp;observ\u00f3 un aumento del 5\u202f% en visitas a contenidos del Tour 2024 en comparaci\u00f3n con 2023\u00b9\u2078 Sus contenidos sobre Paris\u2011Roubaix Femmes avec Zwift y su blog en directo generaron un 20\u202f% m\u00e1s tr\u00e1fico que en 2023. Esto coincide con un crecimiento constante de la audiencia en las Cl\u00e1sicas de Primavera, como el Tour de Flandes Women.<\/p>\n\n\n\n<p>Kristen Frattini, subdirectora de&nbsp;<em>Cyclingnews<\/em>, comenta:<\/p>\n\n\n\n<blockquote class=\"wp-block-quote is-layout-flow wp-block-quote-is-layout-flow\">\n<p>\u201cLos \u00faltimos cinco a\u00f1os han supuesto un&nbsp;<strong>cambio significativo<\/strong>&nbsp;en el crecimiento y la profesionalizaci\u00f3n del ciclismo femenino:&nbsp;<strong>se introdujo la baja por maternidad y se exigi\u00f3 transmisi\u00f3n en directo obligatoria para eventos del Women\u2019s WorldTour<\/strong>, lo que aument\u00f3 la visibilidad no solo al deporte, sino tambi\u00e9n a marcas, equipos y atletas con historias \u00fanicas que han cautivado a la audiencia: ahora realmente vemos las carreras.\u201d<\/p>\n<\/blockquote>\n\n\n\n<p>Kristen Frattini, subdirectora de Cyclingnews<em>: \u00abEn los \u00faltimos 5 a\u00f1os, se ha introducido la baja por maternidad y se ha implementado la obligaci\u00f3n de retransmitir en directo los eventos del Women\u2019s WorldTour.\u00bb<\/em><\/p>\n\n\n\n<p><strong>Este aumento de la exposici\u00f3n est\u00e1 provocando que grandes marcas como Nike entren en el ciclismo femenino.&nbsp;<\/strong>En abril de 2024, Nike firm\u00f3 un patrocinio personal con Demi Vollering y en enero de 2025, FDJ\u2011Suez y Nike anunciaron que esta marca se convert\u00eda en proveedora oficial de moda lifestyle del equipo.<\/p>\n\n\n\n<figure class=\"wp-block-image\"><a href=\"https:\/\/cdn.uc.assets.prezly.com\/0aaffcef-3321-490b-9b23-67764cddb32d\/601131-20240813_1136-TdFFaZ-Stage02-LeonvanBon-114A8063-7f3c7a-original-1752508110.jpg\"><img decoding=\"async\" data-src=\"https:\/\/cdn.uc.assets.prezly.com\/0aaffcef-3321-490b-9b23-67764cddb32d\/-\/format\/auto\/601131-20240813_1136-TdFFaZ-Stage02-LeonvanBon-114A8063-7f3c7a-original-1752508110.jpg\" alt=\"\" src=\"data:image\/svg+xml;base64,PHN2ZyB3aWR0aD0iMSIgaGVpZ2h0PSIxIiB4bWxucz0iaHR0cDovL3d3dy53My5vcmcvMjAwMC9zdmciPjwvc3ZnPg==\" class=\"lazyload\" \/><\/a><figcaption class=\"wp-element-caption\">\u00a9 Leon van Bon<\/figcaption><\/figure>\n\n\n\n<p>Los niveles m\u00e1s altos del deporte est\u00e1n creciendo gracias a la exposici\u00f3n medi\u00e1tica, el crecimiento en redes sociales y los salarios. Pero, \u00bfese crecimiento llega a otras \u00e1reas del ecosistema ciclista? Y lo m\u00e1s importante: \u00bfcontribuye al aumento de la participaci\u00f3n femenina? Esa es la misi\u00f3n de Zwift.<\/p>\n\n\n\n<p>Aunque el ciclismo sigue siendo un deporte dominado por hombres, hay se\u00f1ales de crecimiento. Especialmente entre los m\u00e1s j\u00f3venes: en el Reino Unido, el n\u00famero de ciclistas menores de 35 a\u00f1os en&nbsp;<em>Strava<\/em>&nbsp;ha aumentado m\u00e1s del 80\u202f% desde 2019, y la actividad ciclista registrada por mujeres ha subido casi un 20\u202f%\u00b9\u2079. Ver el Tour de France Femmes inspir\u00f3 al 69\u202f% de las mujeres a pedalear m\u00e1s\u00b2\u2070.<\/p>\n\n\n\n<p>Sobre el compromiso futuro, Pieterse opina:<\/p>\n\n\n\n<blockquote class=\"wp-block-quote is-layout-flow wp-block-quote-is-layout-flow\">\n<p>\u201cCon eventos emblem\u00e1ticos como el Tour de France\u202fFemmes avec Zwift y un calendario en expansi\u00f3n que incluye Cl\u00e1sicas de Primavera importantes, el deporte contin\u00faa ganando impulso y atrayendo a una audiencia creciente.<br>\u200b<strong>Estamos en el buen camino<\/strong>. El crecimiento en cobertura e inversi\u00f3n es incre\u00edble. Realmente&nbsp;<strong>parece que estamos entrando en una era dorada para el ciclismo femenino, pero tenemos que seguir empujando<\/strong>.\u201d<\/p>\n<\/blockquote>\n\n\n\n<p>Puck Pieterse, ciclista del Fenix\u2011Deceuninck:&nbsp;<em>\u00abEl ciclismo contin\u00faa ganando impulso y atrayendo a una audiencia creciente. [&#8230;] Estamos en el buen camino. [&#8230;] Parece que estamos entrando en una era dorada para el ciclismo femenino, pero tenemos que seguir empujando.\u201d<\/em><\/p>\n\n\n\n<p>Estamos en la ruta correcta. El progreso se est\u00e1 consolidando, pero el verdadero trabajo a\u00fan est\u00e1 por delante.<\/p>\n\n\n\n<p><strong>Watch the Femmes<\/strong>&nbsp;fue concebida para reimaginar y reposicionar el ciclismo femenino como un evento deportivo de primer nivel, pero m\u00e1s fresco, divertido y accesible para todos. Los datos demuestran que el ciclismo femenino est\u00e1 creciendo, pero debemos nutrir y apoyar ese desarrollo. Watch the Femmes ya no es solo sintonizar, es participar. Es un movimiento global que invita a todos a aportar su granito de arena para elevar el ciclismo femenino. Se necesita la fuerza de un esfuerzo colectivo para mantener este impulso, acelerar el cambio y generar oportunidades en todos los niveles del deporte. Watch the Femmes puede ser esa fuerza: inspirar a j\u00f3venes ciclistas a so\u00f1ar m\u00e1s grande, motivar a clubes locales a crecer y alentar a eventos y comunidades a invertir en mejores v\u00edas para la participaci\u00f3n.<\/p>\n\n\n\n<p>\u00danete a Zwift para construir sobre este progreso, afrontar los desaf\u00edos que quedan y trabajar por un futuro brillante para el ciclismo femenino. El compromiso de Zwift con Watch the Femmes es el siguiente:<br>\u200b<\/p>\n\n\n\n<ul class=\"wp-block-list\">\n<li><strong>Impulsar nuestro deporte:\u00a0<\/strong>Estamos comprometidos a reducir la brecha de g\u00e9nero en nuestro deporte y dentro de la comunidad de Zwift. Se ha logrado un gran progreso, pero es necesario mantener ese avance de forma constante a\u00f1o tras a\u00f1o.<\/li>\n\n\n\n<li><strong>Future Femmes:\u00a0<\/strong>Profundizaremos nuestra inversi\u00f3n en programas de desarrollo, iniciativas y eventos que crean oportunidades y moldean la pr\u00f3xima generaci\u00f3n.<\/li>\n\n\n\n<li><strong>Comunidad:\u00a0<\/strong>Seguiremos apoyando y amplificando los esfuerzos de comunidades de ciclismo femenino de base, utilizando nuestra plataforma y eventos para crear m\u00e1s espacios y conexiones para mujeres.<\/li>\n\n\n\n<li><strong>Dise\u00f1o con perspectiva:\u00a0<\/strong>Respetando las experiencias \u00fanicas de las mujeres en el ciclismo, nos esforzaremos por entender mejor las barreras que enfrentan y las motivaciones que las impulsan, para fomentar un compromiso m\u00e1s profundo y una participaci\u00f3n duradera dentro y fuera de Zwift.<\/li>\n\n\n\n<li><strong>Colaboraci\u00f3n:\u00a0<\/strong>Trabajaremos con marcas, embajadoras y medios afines a nuestra misi\u00f3n para amplificar la conciencia y acelerar el cambio.<br>\u200b<\/li>\n<\/ul>\n\n\n\n<p>El futuro del ciclismo femenino no sucede por s\u00ed solo. Lo construimos. Juntas.<\/p>\n\n\n\n<hr class=\"wp-block-separator has-alpha-channel-opacity\"\/>\n\n\n\n<p><strong>Sobre Zwift<\/strong>\u200b<br>\u200b<a href=\"https:\/\/www.zwift.com\/eu-es\" rel=\"noreferrer noopener\" target=\"_blank\"><strong>Zwift<\/strong><\/a>&nbsp;es una empresa de fitness nacida del videojuego, creada por entusiastas del entrenamiento, desarrolladores experimentados de videojuegos y pensadores disruptivos. La cultura del videojuego est\u00e1 en el ADN de la compa\u00f1\u00eda, que tiene claro que la diversi\u00f3n impulsa a los usuarios a mejorar sus resultados. \u200b<br>\u200b\u200b<br>\u200bZwift utiliza la tecnolog\u00eda de los videojuegos en l\u00ednea multijugador creando mundos explorados por los jugadores en una experiencia en 3D. Los usuarios se pueden unir a miles de ciclistas y corredores en lugares inmersivos como Londres, Nueva York y Par\u00eds, as\u00ed como en nuestra propia Watopia. \u200b<br>\u200b\u200b<br>\u200bZwift se conecta de forma inal\u00e1mbrica a los diferentes equipos de ejercicio: rodillos de bicicleta y cintas de correr, por lo que el esfuerzo del usuario en el mundo real activa a su avatar en el juego. \u200b<br>\u200b\u200b<br>\u200bDesde carreras amistosas hasta salidas sociales y programas de entrenamiento estructurados, Zwift une a una comunidad diversa en busca de una experiencia fitness m\u00e1s divertida, inmersiva y social.<\/p>\n\n\n\n<hr class=\"wp-block-separator has-alpha-channel-opacity\"\/>\n\n\n\n<ol class=\"wp-block-list\">\n<li><sup><em>Formaron parte de la encuesta 5.030 personas de los cuatro mercados clave (EE.\u202fUU., Reino Unido, Francia y Alemania). Los encuestados fueron reclutados a trav\u00e9s del panel de investigaci\u00f3n externo de SHIFT, Dynata, lo que asegur\u00f3 muestras de 1.000 encuestados representativos a nivel nacional en cada mercado y 250 aficionados al ciclismo por mercado.<\/em><\/sup><\/li>\n\n\n\n<li><sup><em>El 85\u202f% de los encuestados en los cuatro mercados clave de Zwift considera que el ciclismo profesional es una meta a la que las mujeres pueden aspirar, porcentaje que asciende al 91\u202f% en Francia.<\/em><\/sup><\/li>\n\n\n\n<li><sup><em>Seg\u00fan la Encuesta Anual a Corredoras 2024 de The Cyclists\u2019 Alliance, el 15\u202f% de las encuestadas ganaba m\u00e1s de 100.000\u202f\u20ac y el 44\u202f% m\u00e1s de 50.000\u202f\u20ac.<\/em><\/sup><\/li>\n\n\n\n<li><sup><em>En la Encuesta Anual a Corredoras 2024 de The Cyclists\u2019 Alliance, un 27\u202f% declar\u00f3 recibir pocos o ning\u00fan ingreso.<\/em><\/sup><\/li>\n\n\n\n<li><sup><em>El Women\u2019s WorldTour ha experimentado un fuerte crecimiento, pasando de 33 millones de euros en 2022 a 70 millones en 2025, seg\u00fan informa Gazzetta dello Sport, lo que supone una media de 2,35 millones en 2022 (con 14 equipos) y 4,67 millones en 2025 (con 15 equipos).<\/em><\/sup><\/li>\n\n\n\n<li><a href=\"https:\/\/storage-aso.lequipe.fr\/ASO\/cycling_trf\/key-figures-of-the-tour-de-france-femmes-avec-zwift-2024.pdf\" target=\"_blank\" rel=\"noreferrer noopener\"><sup><em>https:\/\/storage-aso.lequipe.fr\/ASO\/cycling_trf\/key-figures-of-the-tour-de-france-femmes-avec-zwift-2024.pdf<\/em><\/sup><\/a><\/li>\n\n\n\n<li><sup><em>El 11\u202f% de la audiencia total encuestada \u2014definida como quienes vieron la carrera en directo, res\u00famenes o la siguieron en redes sociales\u2014.<\/em><\/sup><\/li>\n\n\n\n<li><sup><em>A la pregunta \u201cVer esta carrera me ha hecho m\u00e1s propenso a ver ciclismo profesional femenino en el futuro\u201d, el 80\u202f% de quienes siguieron el Tour de France Femmes avec Zwift respondieron \u201cMuy de acuerdo\u201d (37\u202f%) o \u201cAlgo de acuerdo\u201d (43\u202f%).<\/em><\/sup><\/li>\n\n\n\n<li><sup><em>A la pregunta \u201c\u00bfRealizaste alguna de las siguientes acciones como resultado de ver el Tour de France Femmes avec Zwift?\u201d, el 17\u202f% de quienes siguieron la carrera indicaron que compraron una bicicleta.<\/em><\/sup><\/li>\n\n\n\n<li><sup><em>En una encuesta representativa nacional de 1.000 adultos por mercado, el 6\u202f% de los encuestados en EE.\u202fUU. dijo ver ciclismo femenino al menos ocasionalmente, frente al 12\u202f% en Francia.<\/em><\/sup><\/li>\n\n\n\n<li><sup><em>En EE.\u202fUU., el 36\u202f% de los encuestados dijo que no se transmite donde vive, mientras que el 26\u202f% respondi\u00f3 \u201cNo sabr\u00eda d\u00f3nde verlo\u201d.<\/em><\/sup><\/li>\n\n\n\n<li><sup><em>A la pregunta \u201c\u00bfD\u00f3nde has visto contenido relacionado con el Tour de France Femmes avec Zwift?\u201d, el 43\u202f% de los encuestados en EE.\u202fUU. se\u00f1al\u00f3 Facebook y el 45\u202f% Instagram. La media en todos los mercados fue del 29\u202f% en Facebook y 27\u202f% en Instagram.<\/em><\/sup><\/li>\n\n\n\n<li><sup><em>A la misma pregunta, el 49\u202f% de los encuestados en EE.\u202fUU. marc\u00f3 YouTube, mientras que la media en los mercados encuestados fue del 35\u202f%.<\/em><\/sup><\/li>\n\n\n\n<li><a href=\"https:\/\/news.zwift.com\/en-WW\/227923-zwift-report-illustrates-the-huge-impact-of-the-tour-de-france-femmes-avec-zwift\" target=\"_blank\" rel=\"noreferrer noopener\"><sup><em>https:\/\/news.zwift.com\/en-WW\/227923-zwift-report-illustrates-the-huge-impact-of-the-tour-de-france-femmes-avec-zwift<\/em><\/sup><\/a><\/li>\n\n\n\n<li><sup><em>Mismo enlace que el punto 14.<\/em><\/sup><\/li>\n\n\n\n<li><sup><em>Proporcionado por ASO, \u2018Presentaci\u00f3n de las cifras clave del TdFFaZ\u2019<\/em><\/sup><\/li>\n\n\n\n<li><sup><em>A la pregunta \u201c\u00bfCu\u00e1l o cu\u00e1les de las siguientes palabras asociar\u00edas con el Tour de France Femmes avec Zwift?\u201d, el 55\u202f% de quienes siguieron la carrera eligieron \u201cEmocionante\u201d, el 46\u202f% \u201cExigente\u201d y el 45\u202f% \u201cInspiradora\u201d.<\/em><\/sup><\/li>\n\n\n\n<li><sup><em>Proporcionado por CyclingNews<\/em><\/sup><\/li>\n\n\n\n<li><a href=\"https:\/\/endurance.biz\/2025\/industry-news\/strava-reveals-uk-cycling-boom-among-gen-z-and-millennials\/\" target=\"_blank\" rel=\"noreferrer noopener\"><sup><em>https:\/\/endurance.biz\/2025\/industry-news\/strava-reveals-uk-cycling-boom-among-gen-z-and-millennials\/<\/em><\/sup><\/a><\/li>\n\n\n\n<li><sup><em>De quienes siguieron el Tour de France Femmes avec Zwift, el 61\u202f% dijo sentirse inspirado a querer pedalear m\u00e1s, cifra que sube al 69\u202f% entre las mujeres.<\/em><\/sup><\/li>\n<\/ol>\n","protected":false},"excerpt":{"rendered":"<p>Cuatro a\u00f1os del Tour de France Femmes avec Zwift: La visibilidad lo cambia todo 21 de julio de 2025 Durante a\u00f1os, el ciclismo femenino careci\u00f3 de la inversi\u00f3n, la difusi\u00f3n medi\u00e1tica y la visibilidad que merec\u00eda. En 2022, esto cambi\u00f3 con la creaci\u00f3n del Tour de France\u202fFemmes avec Zwift. Gracias a la enorme visibilidad que&#8230;<\/p>\n","protected":false},"author":1,"featured_media":2681,"comment_status":"open","ping_status":"open","sticky":false,"template":"","format":"standard","meta":{"footnotes":""},"categories":[455],"tags":[6,338,28,268,201,84,20],"series":[],"class_list":["post-2680","post","type-post","status-publish","format-standard","has-post-thumbnail","hentry","category-zwift","tag-ciclismo","tag-ciclismo-indoor","tag-como-usar-zwift","tag-rodillo","tag-simulador-de-ciclismo-zwift","tag-zwift","tag-zwift-en-espanol"],"yoast_head":"<!-- This site is optimized with the Yoast SEO Premium plugin v18.4 (Yoast SEO v26.7) - https:\/\/yoast.com\/wordpress\/plugins\/seo\/ -->\n<title>Zwift presenta una radiograf\u00eda de la situaci\u00f3n actual del ciclismo femenino - frikisdelabici.com<\/title>\n<meta name=\"description\" content=\"El Tour de France\u202fFemmes avec Zwift atrae la mayor audiencia del ciclismo profesional femenino: se emite en 190 pa\u00edses\" \/>\n<meta name=\"robots\" content=\"index, follow, max-snippet:-1, max-image-preview:large, max-video-preview:-1\" \/>\n<link rel=\"canonical\" href=\"https:\/\/frikisdelabici.com\/site\/zwift-presenta-una-radiografia-de-la-situacion-actual-del-ciclismo-femenino\/\" \/>\n<meta property=\"og:locale\" content=\"es_ES\" \/>\n<meta property=\"og:type\" content=\"article\" \/>\n<meta property=\"og:title\" content=\"Zwift presenta una radiograf\u00eda de la situaci\u00f3n actual del ciclismo femenino\" \/>\n<meta property=\"og:description\" content=\"El Tour de France\u202fFemmes avec Zwift atrae la mayor audiencia del ciclismo profesional femenino: se emite en 190 pa\u00edses\" \/>\n<meta property=\"og:url\" content=\"https:\/\/frikisdelabici.com\/site\/zwift-presenta-una-radiografia-de-la-situacion-actual-del-ciclismo-femenino\/\" \/>\n<meta property=\"og:site_name\" content=\"frikisdelabici.com\" \/>\n<meta property=\"article:published_time\" content=\"2025-07-24T10:08:16+00:00\" \/>\n<meta property=\"article:modified_time\" content=\"2025-07-24T10:09:01+00:00\" \/>\n<meta property=\"og:image\" content=\"https:\/\/frikisdelabici.com\/site\/wp-content\/uploads\/2025\/07\/image-6-1024x756.png\" \/>\n\t<meta property=\"og:image:width\" content=\"1024\" \/>\n\t<meta property=\"og:image:height\" content=\"756\" \/>\n\t<meta property=\"og:image:type\" content=\"image\/png\" \/>\n<meta name=\"author\" content=\"Rub\u00e9n Fern\u00e1ndez\" \/>\n<meta name=\"twitter:card\" content=\"summary_large_image\" \/>\n<meta name=\"twitter:label1\" content=\"Escrito por\" \/>\n\t<meta name=\"twitter:data1\" content=\"Rub\u00e9n Fern\u00e1ndez\" \/>\n\t<meta name=\"twitter:label2\" content=\"Tiempo de lectura\" \/>\n\t<meta name=\"twitter:data2\" content=\"15 minutos\" \/>\n<script type=\"application\/ld+json\" class=\"yoast-schema-graph\">{\"@context\":\"https:\/\/schema.org\",\"@graph\":[{\"@type\":\"Article\",\"@id\":\"https:\/\/frikisdelabici.com\/site\/zwift-presenta-una-radiografia-de-la-situacion-actual-del-ciclismo-femenino\/#article\",\"isPartOf\":{\"@id\":\"https:\/\/frikisdelabici.com\/site\/zwift-presenta-una-radiografia-de-la-situacion-actual-del-ciclismo-femenino\/\"},\"author\":{\"name\":\"Rub\u00e9n Fern\u00e1ndez\",\"@id\":\"https:\/\/frikisdelabici.com\/site\/#\/schema\/person\/a7e0f7e0c1ecaf32b75491c779564593\"},\"headline\":\"Zwift presenta una radiograf\u00eda de la situaci\u00f3n actual del ciclismo femenino\",\"datePublished\":\"2025-07-24T10:08:16+00:00\",\"dateModified\":\"2025-07-24T10:09:01+00:00\",\"mainEntityOfPage\":{\"@id\":\"https:\/\/frikisdelabici.com\/site\/zwift-presenta-una-radiografia-de-la-situacion-actual-del-ciclismo-femenino\/\"},\"wordCount\":3528,\"commentCount\":0,\"publisher\":{\"@id\":\"https:\/\/frikisdelabici.com\/site\/#\/schema\/person\/a7e0f7e0c1ecaf32b75491c779564593\"},\"image\":{\"@id\":\"https:\/\/frikisdelabici.com\/site\/zwift-presenta-una-radiografia-de-la-situacion-actual-del-ciclismo-femenino\/#primaryimage\"},\"thumbnailUrl\":\"https:\/\/frikisdelabici.com\/site\/wp-content\/uploads\/2025\/07\/image-6.png\",\"keywords\":[\"ciclismo\",\"ciclismo indoor\",\"como usar zwift\",\"rodillo\",\"simulador de ciclismo zwift\",\"zwift\",\"zwift en espa\u00f1ol\"],\"articleSection\":[\"Zwift\"],\"inLanguage\":\"es\",\"potentialAction\":[{\"@type\":\"CommentAction\",\"name\":\"Comment\",\"target\":[\"https:\/\/frikisdelabici.com\/site\/zwift-presenta-una-radiografia-de-la-situacion-actual-del-ciclismo-femenino\/#respond\"]}]},{\"@type\":\"WebPage\",\"@id\":\"https:\/\/frikisdelabici.com\/site\/zwift-presenta-una-radiografia-de-la-situacion-actual-del-ciclismo-femenino\/\",\"url\":\"https:\/\/frikisdelabici.com\/site\/zwift-presenta-una-radiografia-de-la-situacion-actual-del-ciclismo-femenino\/\",\"name\":\"Zwift presenta una radiograf\u00eda de la situaci\u00f3n actual del ciclismo femenino - frikisdelabici.com\",\"isPartOf\":{\"@id\":\"https:\/\/frikisdelabici.com\/site\/#website\"},\"primaryImageOfPage\":{\"@id\":\"https:\/\/frikisdelabici.com\/site\/zwift-presenta-una-radiografia-de-la-situacion-actual-del-ciclismo-femenino\/#primaryimage\"},\"image\":{\"@id\":\"https:\/\/frikisdelabici.com\/site\/zwift-presenta-una-radiografia-de-la-situacion-actual-del-ciclismo-femenino\/#primaryimage\"},\"thumbnailUrl\":\"https:\/\/frikisdelabici.com\/site\/wp-content\/uploads\/2025\/07\/image-6.png\",\"datePublished\":\"2025-07-24T10:08:16+00:00\",\"dateModified\":\"2025-07-24T10:09:01+00:00\",\"description\":\"El Tour de France\u202fFemmes avec Zwift atrae la mayor audiencia del ciclismo profesional femenino: se emite en 190 pa\u00edses\",\"breadcrumb\":{\"@id\":\"https:\/\/frikisdelabici.com\/site\/zwift-presenta-una-radiografia-de-la-situacion-actual-del-ciclismo-femenino\/#breadcrumb\"},\"inLanguage\":\"es\",\"potentialAction\":[{\"@type\":\"ReadAction\",\"target\":[\"https:\/\/frikisdelabici.com\/site\/zwift-presenta-una-radiografia-de-la-situacion-actual-del-ciclismo-femenino\/\"]}]},{\"@type\":\"ImageObject\",\"inLanguage\":\"es\",\"@id\":\"https:\/\/frikisdelabici.com\/site\/zwift-presenta-una-radiografia-de-la-situacion-actual-del-ciclismo-femenino\/#primaryimage\",\"url\":\"https:\/\/frikisdelabici.com\/site\/wp-content\/uploads\/2025\/07\/image-6.png\",\"contentUrl\":\"https:\/\/frikisdelabici.com\/site\/wp-content\/uploads\/2025\/07\/image-6.png\",\"width\":1600,\"height\":1182},{\"@type\":\"BreadcrumbList\",\"@id\":\"https:\/\/frikisdelabici.com\/site\/zwift-presenta-una-radiografia-de-la-situacion-actual-del-ciclismo-femenino\/#breadcrumb\",\"itemListElement\":[{\"@type\":\"ListItem\",\"position\":1,\"name\":\"Inicio\",\"item\":\"https:\/\/frikisdelabici.com\/site\/\"},{\"@type\":\"ListItem\",\"position\":2,\"name\":\"Zwift presenta una radiograf\u00eda de la situaci\u00f3n actual del ciclismo femenino\"}]},{\"@type\":\"WebSite\",\"@id\":\"https:\/\/frikisdelabici.com\/site\/#website\",\"url\":\"https:\/\/frikisdelabici.com\/site\/\",\"name\":\"frikisdelabici.com\",\"description\":\"Noticias sobre ZWIFT, art\u00edculos sobre entrenamiento, carreras... de todo lo relacionado con el ciclista m\u00e1s friki\",\"publisher\":{\"@id\":\"https:\/\/frikisdelabici.com\/site\/#\/schema\/person\/a7e0f7e0c1ecaf32b75491c779564593\"},\"potentialAction\":[{\"@type\":\"SearchAction\",\"target\":{\"@type\":\"EntryPoint\",\"urlTemplate\":\"https:\/\/frikisdelabici.com\/site\/?s={search_term_string}\"},\"query-input\":{\"@type\":\"PropertyValueSpecification\",\"valueRequired\":true,\"valueName\":\"search_term_string\"}}],\"inLanguage\":\"es\"},{\"@type\":[\"Person\",\"Organization\"],\"@id\":\"https:\/\/frikisdelabici.com\/site\/#\/schema\/person\/a7e0f7e0c1ecaf32b75491c779564593\",\"name\":\"Rub\u00e9n Fern\u00e1ndez\",\"image\":{\"@type\":\"ImageObject\",\"inLanguage\":\"es\",\"@id\":\"https:\/\/frikisdelabici.com\/site\/#\/schema\/person\/image\/\",\"url\":\"https:\/\/frikisdelabici.com\/site\/wp-content\/uploads\/2020\/03\/gran-fondo-san-sebastian-2017-4014569-48213-4286-1-scaled.jpg\",\"contentUrl\":\"https:\/\/frikisdelabici.com\/site\/wp-content\/uploads\/2020\/03\/gran-fondo-san-sebastian-2017-4014569-48213-4286-1-scaled.jpg\",\"width\":2560,\"height\":1707,\"caption\":\"Rub\u00e9n Fern\u00e1ndez\"},\"logo\":{\"@id\":\"https:\/\/frikisdelabici.com\/site\/#\/schema\/person\/image\/\"},\"url\":\"https:\/\/frikisdelabici.com\/site\/author\/rubenextra300\/\"}]}<\/script>\n<!-- \/ Yoast SEO Premium plugin. -->","yoast_head_json":{"title":"Zwift presenta una radiograf\u00eda de la situaci\u00f3n actual del ciclismo femenino - frikisdelabici.com","description":"El Tour de France\u202fFemmes avec Zwift atrae la mayor audiencia del ciclismo profesional femenino: se emite en 190 pa\u00edses","robots":{"index":"index","follow":"follow","max-snippet":"max-snippet:-1","max-image-preview":"max-image-preview:large","max-video-preview":"max-video-preview:-1"},"canonical":"https:\/\/frikisdelabici.com\/site\/zwift-presenta-una-radiografia-de-la-situacion-actual-del-ciclismo-femenino\/","og_locale":"es_ES","og_type":"article","og_title":"Zwift presenta una radiograf\u00eda de la situaci\u00f3n actual del ciclismo femenino","og_description":"El Tour de France\u202fFemmes avec Zwift atrae la mayor audiencia del ciclismo profesional femenino: se emite en 190 pa\u00edses","og_url":"https:\/\/frikisdelabici.com\/site\/zwift-presenta-una-radiografia-de-la-situacion-actual-del-ciclismo-femenino\/","og_site_name":"frikisdelabici.com","article_published_time":"2025-07-24T10:08:16+00:00","article_modified_time":"2025-07-24T10:09:01+00:00","og_image":[{"width":1024,"height":756,"url":"https:\/\/frikisdelabici.com\/site\/wp-content\/uploads\/2025\/07\/image-6-1024x756.png","type":"image\/png"}],"author":"Rub\u00e9n Fern\u00e1ndez","twitter_card":"summary_large_image","twitter_misc":{"Escrito por":"Rub\u00e9n Fern\u00e1ndez","Tiempo de lectura":"15 minutos"},"schema":{"@context":"https:\/\/schema.org","@graph":[{"@type":"Article","@id":"https:\/\/frikisdelabici.com\/site\/zwift-presenta-una-radiografia-de-la-situacion-actual-del-ciclismo-femenino\/#article","isPartOf":{"@id":"https:\/\/frikisdelabici.com\/site\/zwift-presenta-una-radiografia-de-la-situacion-actual-del-ciclismo-femenino\/"},"author":{"name":"Rub\u00e9n Fern\u00e1ndez","@id":"https:\/\/frikisdelabici.com\/site\/#\/schema\/person\/a7e0f7e0c1ecaf32b75491c779564593"},"headline":"Zwift presenta una radiograf\u00eda de la situaci\u00f3n actual del ciclismo femenino","datePublished":"2025-07-24T10:08:16+00:00","dateModified":"2025-07-24T10:09:01+00:00","mainEntityOfPage":{"@id":"https:\/\/frikisdelabici.com\/site\/zwift-presenta-una-radiografia-de-la-situacion-actual-del-ciclismo-femenino\/"},"wordCount":3528,"commentCount":0,"publisher":{"@id":"https:\/\/frikisdelabici.com\/site\/#\/schema\/person\/a7e0f7e0c1ecaf32b75491c779564593"},"image":{"@id":"https:\/\/frikisdelabici.com\/site\/zwift-presenta-una-radiografia-de-la-situacion-actual-del-ciclismo-femenino\/#primaryimage"},"thumbnailUrl":"https:\/\/frikisdelabici.com\/site\/wp-content\/uploads\/2025\/07\/image-6.png","keywords":["ciclismo","ciclismo indoor","como usar zwift","rodillo","simulador de ciclismo zwift","zwift","zwift en espa\u00f1ol"],"articleSection":["Zwift"],"inLanguage":"es","potentialAction":[{"@type":"CommentAction","name":"Comment","target":["https:\/\/frikisdelabici.com\/site\/zwift-presenta-una-radiografia-de-la-situacion-actual-del-ciclismo-femenino\/#respond"]}]},{"@type":"WebPage","@id":"https:\/\/frikisdelabici.com\/site\/zwift-presenta-una-radiografia-de-la-situacion-actual-del-ciclismo-femenino\/","url":"https:\/\/frikisdelabici.com\/site\/zwift-presenta-una-radiografia-de-la-situacion-actual-del-ciclismo-femenino\/","name":"Zwift presenta una radiograf\u00eda de la situaci\u00f3n actual del ciclismo femenino - frikisdelabici.com","isPartOf":{"@id":"https:\/\/frikisdelabici.com\/site\/#website"},"primaryImageOfPage":{"@id":"https:\/\/frikisdelabici.com\/site\/zwift-presenta-una-radiografia-de-la-situacion-actual-del-ciclismo-femenino\/#primaryimage"},"image":{"@id":"https:\/\/frikisdelabici.com\/site\/zwift-presenta-una-radiografia-de-la-situacion-actual-del-ciclismo-femenino\/#primaryimage"},"thumbnailUrl":"https:\/\/frikisdelabici.com\/site\/wp-content\/uploads\/2025\/07\/image-6.png","datePublished":"2025-07-24T10:08:16+00:00","dateModified":"2025-07-24T10:09:01+00:00","description":"El Tour de France\u202fFemmes avec Zwift atrae la mayor audiencia del ciclismo profesional femenino: se emite en 190 pa\u00edses","breadcrumb":{"@id":"https:\/\/frikisdelabici.com\/site\/zwift-presenta-una-radiografia-de-la-situacion-actual-del-ciclismo-femenino\/#breadcrumb"},"inLanguage":"es","potentialAction":[{"@type":"ReadAction","target":["https:\/\/frikisdelabici.com\/site\/zwift-presenta-una-radiografia-de-la-situacion-actual-del-ciclismo-femenino\/"]}]},{"@type":"ImageObject","inLanguage":"es","@id":"https:\/\/frikisdelabici.com\/site\/zwift-presenta-una-radiografia-de-la-situacion-actual-del-ciclismo-femenino\/#primaryimage","url":"https:\/\/frikisdelabici.com\/site\/wp-content\/uploads\/2025\/07\/image-6.png","contentUrl":"https:\/\/frikisdelabici.com\/site\/wp-content\/uploads\/2025\/07\/image-6.png","width":1600,"height":1182},{"@type":"BreadcrumbList","@id":"https:\/\/frikisdelabici.com\/site\/zwift-presenta-una-radiografia-de-la-situacion-actual-del-ciclismo-femenino\/#breadcrumb","itemListElement":[{"@type":"ListItem","position":1,"name":"Inicio","item":"https:\/\/frikisdelabici.com\/site\/"},{"@type":"ListItem","position":2,"name":"Zwift presenta una radiograf\u00eda de la situaci\u00f3n actual del ciclismo femenino"}]},{"@type":"WebSite","@id":"https:\/\/frikisdelabici.com\/site\/#website","url":"https:\/\/frikisdelabici.com\/site\/","name":"frikisdelabici.com","description":"Noticias sobre ZWIFT, art\u00edculos sobre entrenamiento, carreras... de todo lo relacionado con el ciclista m\u00e1s friki","publisher":{"@id":"https:\/\/frikisdelabici.com\/site\/#\/schema\/person\/a7e0f7e0c1ecaf32b75491c779564593"},"potentialAction":[{"@type":"SearchAction","target":{"@type":"EntryPoint","urlTemplate":"https:\/\/frikisdelabici.com\/site\/?s={search_term_string}"},"query-input":{"@type":"PropertyValueSpecification","valueRequired":true,"valueName":"search_term_string"}}],"inLanguage":"es"},{"@type":["Person","Organization"],"@id":"https:\/\/frikisdelabici.com\/site\/#\/schema\/person\/a7e0f7e0c1ecaf32b75491c779564593","name":"Rub\u00e9n Fern\u00e1ndez","image":{"@type":"ImageObject","inLanguage":"es","@id":"https:\/\/frikisdelabici.com\/site\/#\/schema\/person\/image\/","url":"https:\/\/frikisdelabici.com\/site\/wp-content\/uploads\/2020\/03\/gran-fondo-san-sebastian-2017-4014569-48213-4286-1-scaled.jpg","contentUrl":"https:\/\/frikisdelabici.com\/site\/wp-content\/uploads\/2020\/03\/gran-fondo-san-sebastian-2017-4014569-48213-4286-1-scaled.jpg","width":2560,"height":1707,"caption":"Rub\u00e9n Fern\u00e1ndez"},"logo":{"@id":"https:\/\/frikisdelabici.com\/site\/#\/schema\/person\/image\/"},"url":"https:\/\/frikisdelabici.com\/site\/author\/rubenextra300\/"}]}},"_links":{"self":[{"href":"https:\/\/frikisdelabici.com\/site\/wp-json\/wp\/v2\/posts\/2680","targetHints":{"allow":["GET"]}}],"collection":[{"href":"https:\/\/frikisdelabici.com\/site\/wp-json\/wp\/v2\/posts"}],"about":[{"href":"https:\/\/frikisdelabici.com\/site\/wp-json\/wp\/v2\/types\/post"}],"author":[{"embeddable":true,"href":"https:\/\/frikisdelabici.com\/site\/wp-json\/wp\/v2\/users\/1"}],"replies":[{"embeddable":true,"href":"https:\/\/frikisdelabici.com\/site\/wp-json\/wp\/v2\/comments?post=2680"}],"version-history":[{"count":1,"href":"https:\/\/frikisdelabici.com\/site\/wp-json\/wp\/v2\/posts\/2680\/revisions"}],"predecessor-version":[{"id":2682,"href":"https:\/\/frikisdelabici.com\/site\/wp-json\/wp\/v2\/posts\/2680\/revisions\/2682"}],"wp:featuredmedia":[{"embeddable":true,"href":"https:\/\/frikisdelabici.com\/site\/wp-json\/wp\/v2\/media\/2681"}],"wp:attachment":[{"href":"https:\/\/frikisdelabici.com\/site\/wp-json\/wp\/v2\/media?parent=2680"}],"wp:term":[{"taxonomy":"category","embeddable":true,"href":"https:\/\/frikisdelabici.com\/site\/wp-json\/wp\/v2\/categories?post=2680"},{"taxonomy":"post_tag","embeddable":true,"href":"https:\/\/frikisdelabici.com\/site\/wp-json\/wp\/v2\/tags?post=2680"},{"taxonomy":"series","embeddable":true,"href":"https:\/\/frikisdelabici.com\/site\/wp-json\/wp\/v2\/series?post=2680"}],"curies":[{"name":"wp","href":"https:\/\/api.w.org\/{rel}","templated":true}]}}