{"id":2704,"date":"2025-11-07T10:40:11","date_gmt":"2025-11-07T08:40:11","guid":{"rendered":"https:\/\/frikisdelabici.com\/site\/?p=2704"},"modified":"2025-11-07T10:40:15","modified_gmt":"2025-11-07T08:40:15","slug":"contra-todo-pronostico-vuelve-capo-abierto-%f0%9f%9a%b4%f0%9f%94%a5","status":"publish","type":"post","link":"https:\/\/frikisdelabici.com\/site\/contra-todo-pronostico-vuelve-capo-abierto-%f0%9f%9a%b4%f0%9f%94%a5\/","title":{"rendered":"\u00a1Contra todo pron\u00f3stico\u2026 vuelve Cap\u00f3 Abierto! \ud83d\udeb4\ud83d\udd25"},"content":{"rendered":"\n<h3 class=\"wp-block-heading\">S\u00ed, has le\u00eddo bien. Cuando nadie lo esperaba (ni ellos mismos, probablemente), <strong>Rub\u00e9n Fern\u00e1ndez, Goyini y Rakytin<\/strong> vuelven a abrir el cap\u00f3. Y no, no es para mirar si el motor aguanta otra temporada, sino para darle una buena acelerada al p\u00f3dcast que nos hizo re\u00edr, pensar y, sobre todo, pedalear con una sonrisa.<\/h3>\n\n\n\n<p>Despu\u00e9s de un tiempo en boxes, <strong>el equipo vuelve con m\u00e1s ganas que nunca<\/strong>, con la cadena bien engrasada y una dosis de inconsciencia que ya es marca de la casa. No se trata solo de volver: se trata de <strong>reinventarse<\/strong>, de hacer ruido en el pelot\u00f3n de los contenidos deportivos y de traer ese tono gamberro, ir\u00f3nico y cercano que convirti\u00f3 a <em>Cap\u00f3 Abierto<\/em> en una cita imprescindible para ciclistas\u2026 y para cualquiera que disfrute del buen humor en dos ruedas.<\/p>\n\n\n\n<p>Pero atenci\u00f3n, porque esta vez <strong>el horizonte es m\u00e1s amplio<\/strong>. El ciclismo sigue siendo el alma del programa, s\u00ed, pero la ruta se abre a <strong>otros deportes, historias curiosas y temas de actualidad<\/strong>. Todo contado con esa mezcla inconfundible de <strong>sabidur\u00eda improvisada, charlas de grupeta y risas que se contagian<\/strong>.<\/p>\n\n\n\n<p>No faltar\u00e1n los debates absurdos pero necesarios (\u201c\u00bfQu\u00e9 es peor, un pinchazo o quedarse sin barrita?\u201d), las confesiones post-entrenamiento, ni las secciones nuevas que se ir\u00e1n desvelando poco a poco, como los puertos sorpresa en una etapa de monta\u00f1a.<\/p>\n\n\n\n<p>Porque si algo tienen Rub\u00e9n, Goyini y Rakytin es que <strong>nunca sabes por d\u00f3nde te van a salir<\/strong>\u2026 y esa imprevisibilidad es justo lo que los hace \u00fanicos.<\/p>\n\n\n\n<p>As\u00ed que ya lo sabes: <strong>ajusta el casco, s\u00fabete al rodillo o abre una cerveza<\/strong>, porque <em>Cap\u00f3 Abierto<\/em> vuelve.<br>Y esta vez, <strong>vuelve para quedarse (o al menos hasta la pr\u00f3xima aver\u00eda).<\/strong> \ud83c\udf7b\ud83c\udf99\ufe0f<\/p>\n\n\n\n<figure class=\"wp-block-embed is-type-video is-provider-youtube wp-block-embed-youtube wp-embed-aspect-16-9 wp-has-aspect-ratio\"><div class=\"wp-block-embed__wrapper\">\n<iframe title=\"4x01 El esc\u00e1ndalo del pasaporte biol\u00f3gico de Oier Lazkano\" width=\"640\" height=\"360\" data-src=\"https:\/\/www.youtube.com\/embed\/L9ILcPJh5i8?feature=oembed\" frameborder=\"0\" allow=\"accelerometer; autoplay; clipboard-write; encrypted-media; gyroscope; picture-in-picture; web-share\" referrerpolicy=\"strict-origin-when-cross-origin\" allowfullscreen src=\"data:image\/svg+xml;base64,PHN2ZyB3aWR0aD0iMSIgaGVpZ2h0PSIxIiB4bWxucz0iaHR0cDovL3d3dy53My5vcmcvMjAwMC9zdmciPjwvc3ZnPg==\" class=\"lazyload\" data-load-mode=\"1\"><\/iframe>\n<\/div><\/figure>\n","protected":false},"excerpt":{"rendered":"<p>S\u00ed, has le\u00eddo bien. Cuando nadie lo esperaba (ni ellos mismos, probablemente), Rub\u00e9n Fern\u00e1ndez, Goyini y Rakytin vuelven a abrir el cap\u00f3. Y no, no es para mirar si el motor aguanta otra temporada, sino para darle una buena acelerada al p\u00f3dcast que nos hizo re\u00edr, pensar y, sobre todo, pedalear con una sonrisa. Despu\u00e9s&#8230;<\/p>\n","protected":false},"author":1,"featured_media":2705,"comment_status":"open","ping_status":"open","sticky":false,"template":"","format":"standard","meta":{"footnotes":""},"categories":[373,296,455],"tags":[341,6,338,28,376,84,20],"series":[],"class_list":["post-2704","post","type-post","status-publish","format-standard","has-post-thumbnail","hentry","category-capo-abierto","category-varios","category-zwift","tag-capo-abierto","tag-ciclismo","tag-ciclismo-indoor","tag-como-usar-zwift","tag-wahoo","tag-zwift","tag-zwift-en-espanol"],"yoast_head":"<!-- This site is optimized with the Yoast SEO Premium plugin v18.4 (Yoast SEO v26.7) - https:\/\/yoast.com\/wordpress\/plugins\/seo\/ -->\n<title>\u00a1Contra todo pron\u00f3stico\u2026 vuelve Cap\u00f3 Abierto! \ud83d\udeb4\ud83d\udd25 - frikisdelabici.com<\/title>\n<meta name=\"description\" content=\"El equipo vuelve con m\u00e1s ganas que nunca, con la cadena bien engrasada y una dosis de inconsciencia que ya es marca de la casa\" \/>\n<meta name=\"robots\" content=\"index, follow, max-snippet:-1, max-image-preview:large, max-video-preview:-1\" \/>\n<link rel=\"canonical\" href=\"https:\/\/frikisdelabici.com\/site\/contra-todo-pronostico-vuelve-capo-abierto-\ud83d\udeb4\ud83d\udd25\/\" \/>\n<meta property=\"og:locale\" content=\"es_ES\" \/>\n<meta property=\"og:type\" content=\"article\" \/>\n<meta property=\"og:title\" content=\"\u00a1Contra todo pron\u00f3stico\u2026 vuelve Cap\u00f3 Abierto! \ud83d\udeb4\ud83d\udd25\" \/>\n<meta property=\"og:description\" content=\"El equipo vuelve con m\u00e1s ganas que nunca, con la cadena bien engrasada y una dosis de inconsciencia que ya es marca de la casa\" \/>\n<meta property=\"og:url\" content=\"https:\/\/frikisdelabici.com\/site\/contra-todo-pronostico-vuelve-capo-abierto-\ud83d\udeb4\ud83d\udd25\/\" \/>\n<meta property=\"og:site_name\" content=\"frikisdelabici.com\" \/>\n<meta property=\"article:published_time\" content=\"2025-11-07T08:40:11+00:00\" \/>\n<meta property=\"article:modified_time\" content=\"2025-11-07T08:40:15+00:00\" \/>\n<meta property=\"og:image\" content=\"https:\/\/frikisdelabici.com\/site\/wp-content\/uploads\/2025\/11\/capo-abierto.jpg\" \/>\n\t<meta property=\"og:image:width\" content=\"1382\" \/>\n\t<meta property=\"og:image:height\" content=\"922\" \/>\n\t<meta property=\"og:image:type\" content=\"image\/jpeg\" \/>\n<meta name=\"author\" content=\"Rub\u00e9n Fern\u00e1ndez\" \/>\n<meta name=\"twitter:card\" content=\"summary_large_image\" \/>\n<meta name=\"twitter:label1\" content=\"Escrito por\" \/>\n\t<meta name=\"twitter:data1\" content=\"Rub\u00e9n Fern\u00e1ndez\" \/>\n\t<meta name=\"twitter:label2\" content=\"Tiempo de lectura\" \/>\n\t<meta name=\"twitter:data2\" content=\"2 minutos\" \/>\n<script type=\"application\/ld+json\" class=\"yoast-schema-graph\">{\"@context\":\"https:\/\/schema.org\",\"@graph\":[{\"@type\":\"Article\",\"@id\":\"https:\/\/frikisdelabici.com\/site\/contra-todo-pronostico-vuelve-capo-abierto-%f0%9f%9a%b4%f0%9f%94%a5\/#article\",\"isPartOf\":{\"@id\":\"https:\/\/frikisdelabici.com\/site\/contra-todo-pronostico-vuelve-capo-abierto-%f0%9f%9a%b4%f0%9f%94%a5\/\"},\"author\":{\"name\":\"Rub\u00e9n Fern\u00e1ndez\",\"@id\":\"https:\/\/frikisdelabici.com\/site\/#\/schema\/person\/a7e0f7e0c1ecaf32b75491c779564593\"},\"headline\":\"\u00a1Contra todo pron\u00f3stico\u2026 vuelve Cap\u00f3 Abierto! \ud83d\udeb4\ud83d\udd25\",\"datePublished\":\"2025-11-07T08:40:11+00:00\",\"dateModified\":\"2025-11-07T08:40:15+00:00\",\"mainEntityOfPage\":{\"@id\":\"https:\/\/frikisdelabici.com\/site\/contra-todo-pronostico-vuelve-capo-abierto-%f0%9f%9a%b4%f0%9f%94%a5\/\"},\"wordCount\":321,\"commentCount\":0,\"publisher\":{\"@id\":\"https:\/\/frikisdelabici.com\/site\/#\/schema\/person\/a7e0f7e0c1ecaf32b75491c779564593\"},\"image\":{\"@id\":\"https:\/\/frikisdelabici.com\/site\/contra-todo-pronostico-vuelve-capo-abierto-%f0%9f%9a%b4%f0%9f%94%a5\/#primaryimage\"},\"thumbnailUrl\":\"https:\/\/frikisdelabici.com\/site\/wp-content\/uploads\/2025\/11\/capo-abierto.jpg\",\"keywords\":[\"capo abierto\",\"ciclismo\",\"ciclismo indoor\",\"como usar zwift\",\"wahoo\",\"zwift\",\"zwift en espa\u00f1ol\"],\"articleSection\":[\"Cap\u00f3 Abierto\",\"Varios\",\"Zwift\"],\"inLanguage\":\"es\",\"potentialAction\":[{\"@type\":\"CommentAction\",\"name\":\"Comment\",\"target\":[\"https:\/\/frikisdelabici.com\/site\/contra-todo-pronostico-vuelve-capo-abierto-%f0%9f%9a%b4%f0%9f%94%a5\/#respond\"]}]},{\"@type\":\"WebPage\",\"@id\":\"https:\/\/frikisdelabici.com\/site\/contra-todo-pronostico-vuelve-capo-abierto-%f0%9f%9a%b4%f0%9f%94%a5\/\",\"url\":\"https:\/\/frikisdelabici.com\/site\/contra-todo-pronostico-vuelve-capo-abierto-%f0%9f%9a%b4%f0%9f%94%a5\/\",\"name\":\"\u00a1Contra todo pron\u00f3stico\u2026 vuelve Cap\u00f3 Abierto! \ud83d\udeb4\ud83d\udd25 - frikisdelabici.com\",\"isPartOf\":{\"@id\":\"https:\/\/frikisdelabici.com\/site\/#website\"},\"primaryImageOfPage\":{\"@id\":\"https:\/\/frikisdelabici.com\/site\/contra-todo-pronostico-vuelve-capo-abierto-%f0%9f%9a%b4%f0%9f%94%a5\/#primaryimage\"},\"image\":{\"@id\":\"https:\/\/frikisdelabici.com\/site\/contra-todo-pronostico-vuelve-capo-abierto-%f0%9f%9a%b4%f0%9f%94%a5\/#primaryimage\"},\"thumbnailUrl\":\"https:\/\/frikisdelabici.com\/site\/wp-content\/uploads\/2025\/11\/capo-abierto.jpg\",\"datePublished\":\"2025-11-07T08:40:11+00:00\",\"dateModified\":\"2025-11-07T08:40:15+00:00\",\"description\":\"El equipo vuelve con m\u00e1s ganas que nunca, con la cadena bien engrasada y una dosis de inconsciencia que ya es marca de la casa\",\"breadcrumb\":{\"@id\":\"https:\/\/frikisdelabici.com\/site\/contra-todo-pronostico-vuelve-capo-abierto-%f0%9f%9a%b4%f0%9f%94%a5\/#breadcrumb\"},\"inLanguage\":\"es\",\"potentialAction\":[{\"@type\":\"ReadAction\",\"target\":[\"https:\/\/frikisdelabici.com\/site\/contra-todo-pronostico-vuelve-capo-abierto-%f0%9f%9a%b4%f0%9f%94%a5\/\"]}]},{\"@type\":\"ImageObject\",\"inLanguage\":\"es\",\"@id\":\"https:\/\/frikisdelabici.com\/site\/contra-todo-pronostico-vuelve-capo-abierto-%f0%9f%9a%b4%f0%9f%94%a5\/#primaryimage\",\"url\":\"https:\/\/frikisdelabici.com\/site\/wp-content\/uploads\/2025\/11\/capo-abierto.jpg\",\"contentUrl\":\"https:\/\/frikisdelabici.com\/site\/wp-content\/uploads\/2025\/11\/capo-abierto.jpg\",\"width\":1382,\"height\":922},{\"@type\":\"BreadcrumbList\",\"@id\":\"https:\/\/frikisdelabici.com\/site\/contra-todo-pronostico-vuelve-capo-abierto-%f0%9f%9a%b4%f0%9f%94%a5\/#breadcrumb\",\"itemListElement\":[{\"@type\":\"ListItem\",\"position\":1,\"name\":\"Inicio\",\"item\":\"https:\/\/frikisdelabici.com\/site\/\"},{\"@type\":\"ListItem\",\"position\":2,\"name\":\"\u00a1Contra todo pron\u00f3stico\u2026 vuelve Cap\u00f3 Abierto! \ud83d\udeb4\ud83d\udd25\"}]},{\"@type\":\"WebSite\",\"@id\":\"https:\/\/frikisdelabici.com\/site\/#website\",\"url\":\"https:\/\/frikisdelabici.com\/site\/\",\"name\":\"frikisdelabici.com\",\"description\":\"Noticias sobre ZWIFT, art\u00edculos sobre entrenamiento, carreras... de todo lo relacionado con el ciclista m\u00e1s friki\",\"publisher\":{\"@id\":\"https:\/\/frikisdelabici.com\/site\/#\/schema\/person\/a7e0f7e0c1ecaf32b75491c779564593\"},\"potentialAction\":[{\"@type\":\"SearchAction\",\"target\":{\"@type\":\"EntryPoint\",\"urlTemplate\":\"https:\/\/frikisdelabici.com\/site\/?s={search_term_string}\"},\"query-input\":{\"@type\":\"PropertyValueSpecification\",\"valueRequired\":true,\"valueName\":\"search_term_string\"}}],\"inLanguage\":\"es\"},{\"@type\":[\"Person\",\"Organization\"],\"@id\":\"https:\/\/frikisdelabici.com\/site\/#\/schema\/person\/a7e0f7e0c1ecaf32b75491c779564593\",\"name\":\"Rub\u00e9n Fern\u00e1ndez\",\"image\":{\"@type\":\"ImageObject\",\"inLanguage\":\"es\",\"@id\":\"https:\/\/frikisdelabici.com\/site\/#\/schema\/person\/image\/\",\"url\":\"https:\/\/frikisdelabici.com\/site\/wp-content\/uploads\/2020\/03\/gran-fondo-san-sebastian-2017-4014569-48213-4286-1-scaled.jpg\",\"contentUrl\":\"https:\/\/frikisdelabici.com\/site\/wp-content\/uploads\/2020\/03\/gran-fondo-san-sebastian-2017-4014569-48213-4286-1-scaled.jpg\",\"width\":2560,\"height\":1707,\"caption\":\"Rub\u00e9n Fern\u00e1ndez\"},\"logo\":{\"@id\":\"https:\/\/frikisdelabici.com\/site\/#\/schema\/person\/image\/\"},\"url\":\"https:\/\/frikisdelabici.com\/site\/author\/rubenextra300\/\"}]}<\/script>\n<!-- \/ Yoast SEO Premium plugin. -->","yoast_head_json":{"title":"\u00a1Contra todo pron\u00f3stico\u2026 vuelve Cap\u00f3 Abierto! \ud83d\udeb4\ud83d\udd25 - frikisdelabici.com","description":"El equipo vuelve con m\u00e1s ganas que nunca, con la cadena bien engrasada y una dosis de inconsciencia que ya es marca de la casa","robots":{"index":"index","follow":"follow","max-snippet":"max-snippet:-1","max-image-preview":"max-image-preview:large","max-video-preview":"max-video-preview:-1"},"canonical":"https:\/\/frikisdelabici.com\/site\/contra-todo-pronostico-vuelve-capo-abierto-\ud83d\udeb4\ud83d\udd25\/","og_locale":"es_ES","og_type":"article","og_title":"\u00a1Contra todo pron\u00f3stico\u2026 vuelve Cap\u00f3 Abierto! \ud83d\udeb4\ud83d\udd25","og_description":"El equipo vuelve con m\u00e1s ganas que nunca, con la cadena bien engrasada y una dosis de inconsciencia que ya es marca de la casa","og_url":"https:\/\/frikisdelabici.com\/site\/contra-todo-pronostico-vuelve-capo-abierto-\ud83d\udeb4\ud83d\udd25\/","og_site_name":"frikisdelabici.com","article_published_time":"2025-11-07T08:40:11+00:00","article_modified_time":"2025-11-07T08:40:15+00:00","og_image":[{"width":1382,"height":922,"url":"https:\/\/frikisdelabici.com\/site\/wp-content\/uploads\/2025\/11\/capo-abierto.jpg","type":"image\/jpeg"}],"author":"Rub\u00e9n Fern\u00e1ndez","twitter_card":"summary_large_image","twitter_misc":{"Escrito por":"Rub\u00e9n Fern\u00e1ndez","Tiempo de lectura":"2 minutos"},"schema":{"@context":"https:\/\/schema.org","@graph":[{"@type":"Article","@id":"https:\/\/frikisdelabici.com\/site\/contra-todo-pronostico-vuelve-capo-abierto-%f0%9f%9a%b4%f0%9f%94%a5\/#article","isPartOf":{"@id":"https:\/\/frikisdelabici.com\/site\/contra-todo-pronostico-vuelve-capo-abierto-%f0%9f%9a%b4%f0%9f%94%a5\/"},"author":{"name":"Rub\u00e9n Fern\u00e1ndez","@id":"https:\/\/frikisdelabici.com\/site\/#\/schema\/person\/a7e0f7e0c1ecaf32b75491c779564593"},"headline":"\u00a1Contra todo pron\u00f3stico\u2026 vuelve Cap\u00f3 Abierto! \ud83d\udeb4\ud83d\udd25","datePublished":"2025-11-07T08:40:11+00:00","dateModified":"2025-11-07T08:40:15+00:00","mainEntityOfPage":{"@id":"https:\/\/frikisdelabici.com\/site\/contra-todo-pronostico-vuelve-capo-abierto-%f0%9f%9a%b4%f0%9f%94%a5\/"},"wordCount":321,"commentCount":0,"publisher":{"@id":"https:\/\/frikisdelabici.com\/site\/#\/schema\/person\/a7e0f7e0c1ecaf32b75491c779564593"},"image":{"@id":"https:\/\/frikisdelabici.com\/site\/contra-todo-pronostico-vuelve-capo-abierto-%f0%9f%9a%b4%f0%9f%94%a5\/#primaryimage"},"thumbnailUrl":"https:\/\/frikisdelabici.com\/site\/wp-content\/uploads\/2025\/11\/capo-abierto.jpg","keywords":["capo abierto","ciclismo","ciclismo indoor","como usar zwift","wahoo","zwift","zwift en espa\u00f1ol"],"articleSection":["Cap\u00f3 Abierto","Varios","Zwift"],"inLanguage":"es","potentialAction":[{"@type":"CommentAction","name":"Comment","target":["https:\/\/frikisdelabici.com\/site\/contra-todo-pronostico-vuelve-capo-abierto-%f0%9f%9a%b4%f0%9f%94%a5\/#respond"]}]},{"@type":"WebPage","@id":"https:\/\/frikisdelabici.com\/site\/contra-todo-pronostico-vuelve-capo-abierto-%f0%9f%9a%b4%f0%9f%94%a5\/","url":"https:\/\/frikisdelabici.com\/site\/contra-todo-pronostico-vuelve-capo-abierto-%f0%9f%9a%b4%f0%9f%94%a5\/","name":"\u00a1Contra todo pron\u00f3stico\u2026 vuelve Cap\u00f3 Abierto! \ud83d\udeb4\ud83d\udd25 - frikisdelabici.com","isPartOf":{"@id":"https:\/\/frikisdelabici.com\/site\/#website"},"primaryImageOfPage":{"@id":"https:\/\/frikisdelabici.com\/site\/contra-todo-pronostico-vuelve-capo-abierto-%f0%9f%9a%b4%f0%9f%94%a5\/#primaryimage"},"image":{"@id":"https:\/\/frikisdelabici.com\/site\/contra-todo-pronostico-vuelve-capo-abierto-%f0%9f%9a%b4%f0%9f%94%a5\/#primaryimage"},"thumbnailUrl":"https:\/\/frikisdelabici.com\/site\/wp-content\/uploads\/2025\/11\/capo-abierto.jpg","datePublished":"2025-11-07T08:40:11+00:00","dateModified":"2025-11-07T08:40:15+00:00","description":"El equipo vuelve con m\u00e1s ganas que nunca, con la cadena bien engrasada y una dosis de inconsciencia que ya es marca de la casa","breadcrumb":{"@id":"https:\/\/frikisdelabici.com\/site\/contra-todo-pronostico-vuelve-capo-abierto-%f0%9f%9a%b4%f0%9f%94%a5\/#breadcrumb"},"inLanguage":"es","potentialAction":[{"@type":"ReadAction","target":["https:\/\/frikisdelabici.com\/site\/contra-todo-pronostico-vuelve-capo-abierto-%f0%9f%9a%b4%f0%9f%94%a5\/"]}]},{"@type":"ImageObject","inLanguage":"es","@id":"https:\/\/frikisdelabici.com\/site\/contra-todo-pronostico-vuelve-capo-abierto-%f0%9f%9a%b4%f0%9f%94%a5\/#primaryimage","url":"https:\/\/frikisdelabici.com\/site\/wp-content\/uploads\/2025\/11\/capo-abierto.jpg","contentUrl":"https:\/\/frikisdelabici.com\/site\/wp-content\/uploads\/2025\/11\/capo-abierto.jpg","width":1382,"height":922},{"@type":"BreadcrumbList","@id":"https:\/\/frikisdelabici.com\/site\/contra-todo-pronostico-vuelve-capo-abierto-%f0%9f%9a%b4%f0%9f%94%a5\/#breadcrumb","itemListElement":[{"@type":"ListItem","position":1,"name":"Inicio","item":"https:\/\/frikisdelabici.com\/site\/"},{"@type":"ListItem","position":2,"name":"\u00a1Contra todo pron\u00f3stico\u2026 vuelve Cap\u00f3 Abierto! \ud83d\udeb4\ud83d\udd25"}]},{"@type":"WebSite","@id":"https:\/\/frikisdelabici.com\/site\/#website","url":"https:\/\/frikisdelabici.com\/site\/","name":"frikisdelabici.com","description":"Noticias sobre ZWIFT, art\u00edculos sobre entrenamiento, carreras... de todo lo relacionado con el ciclista m\u00e1s friki","publisher":{"@id":"https:\/\/frikisdelabici.com\/site\/#\/schema\/person\/a7e0f7e0c1ecaf32b75491c779564593"},"potentialAction":[{"@type":"SearchAction","target":{"@type":"EntryPoint","urlTemplate":"https:\/\/frikisdelabici.com\/site\/?s={search_term_string}"},"query-input":{"@type":"PropertyValueSpecification","valueRequired":true,"valueName":"search_term_string"}}],"inLanguage":"es"},{"@type":["Person","Organization"],"@id":"https:\/\/frikisdelabici.com\/site\/#\/schema\/person\/a7e0f7e0c1ecaf32b75491c779564593","name":"Rub\u00e9n Fern\u00e1ndez","image":{"@type":"ImageObject","inLanguage":"es","@id":"https:\/\/frikisdelabici.com\/site\/#\/schema\/person\/image\/","url":"https:\/\/frikisdelabici.com\/site\/wp-content\/uploads\/2020\/03\/gran-fondo-san-sebastian-2017-4014569-48213-4286-1-scaled.jpg","contentUrl":"https:\/\/frikisdelabici.com\/site\/wp-content\/uploads\/2020\/03\/gran-fondo-san-sebastian-2017-4014569-48213-4286-1-scaled.jpg","width":2560,"height":1707,"caption":"Rub\u00e9n Fern\u00e1ndez"},"logo":{"@id":"https:\/\/frikisdelabici.com\/site\/#\/schema\/person\/image\/"},"url":"https:\/\/frikisdelabici.com\/site\/author\/rubenextra300\/"}]}},"_links":{"self":[{"href":"https:\/\/frikisdelabici.com\/site\/wp-json\/wp\/v2\/posts\/2704","targetHints":{"allow":["GET"]}}],"collection":[{"href":"https:\/\/frikisdelabici.com\/site\/wp-json\/wp\/v2\/posts"}],"about":[{"href":"https:\/\/frikisdelabici.com\/site\/wp-json\/wp\/v2\/types\/post"}],"author":[{"embeddable":true,"href":"https:\/\/frikisdelabici.com\/site\/wp-json\/wp\/v2\/users\/1"}],"replies":[{"embeddable":true,"href":"https:\/\/frikisdelabici.com\/site\/wp-json\/wp\/v2\/comments?post=2704"}],"version-history":[{"count":1,"href":"https:\/\/frikisdelabici.com\/site\/wp-json\/wp\/v2\/posts\/2704\/revisions"}],"predecessor-version":[{"id":2706,"href":"https:\/\/frikisdelabici.com\/site\/wp-json\/wp\/v2\/posts\/2704\/revisions\/2706"}],"wp:featuredmedia":[{"embeddable":true,"href":"https:\/\/frikisdelabici.com\/site\/wp-json\/wp\/v2\/media\/2705"}],"wp:attachment":[{"href":"https:\/\/frikisdelabici.com\/site\/wp-json\/wp\/v2\/media?parent=2704"}],"wp:term":[{"taxonomy":"category","embeddable":true,"href":"https:\/\/frikisdelabici.com\/site\/wp-json\/wp\/v2\/categories?post=2704"},{"taxonomy":"post_tag","embeddable":true,"href":"https:\/\/frikisdelabici.com\/site\/wp-json\/wp\/v2\/tags?post=2704"},{"taxonomy":"series","embeddable":true,"href":"https:\/\/frikisdelabici.com\/site\/wp-json\/wp\/v2\/series?post=2704"}],"curies":[{"name":"wp","href":"https:\/\/api.w.org\/{rel}","templated":true}]}}