{"id":2741,"date":"2025-11-26T21:05:56","date_gmt":"2025-11-26T19:05:56","guid":{"rendered":"https:\/\/frikisdelabici.com\/site\/?p=2741"},"modified":"2025-11-26T21:06:02","modified_gmt":"2025-11-26T19:06:02","slug":"zwift-y-maap-lanzan-la-quinta-edicion-de-off-the-maap-con-un-kit-exclusivo-para-2025","status":"publish","type":"post","link":"https:\/\/frikisdelabici.com\/site\/zwift-y-maap-lanzan-la-quinta-edicion-de-off-the-maap-con-un-kit-exclusivo-para-2025\/","title":{"rendered":"Zwift y MAAP lanzan la quinta edici\u00f3n de Off The MAAP con un kit exclusivo para 2025"},"content":{"rendered":"\n<h3 class=\"wp-block-heading\">Los usuarios podr\u00e1n completar las etapas entre el 24 de noviembre y el 22 de diciembre para desbloquear el maillot exclusivo.<\/h3>\n\n\n\n<p>24 de noviembre de 2025<\/p>\n\n\n\n<p>Una de las colaboraciones m\u00e1s atrevidas de Zwift regresa el 24 de noviembre con la quinta edici\u00f3n de Off The MAAP. Esta alianza creativa entre Zwift y MAAP vuelve a fusionar el mundo digital con el real. Zwifters, preparad las piernas y la est\u00e9tica: llega el nuevo kit Zwift x MAAP.<\/p>\n\n\n\n<p>El concepto creativo de Off The MAAP explora el esp\u00edritu compartido de MAAP y Zwift: ir m\u00e1s lejos, m\u00e1s fuerte y m\u00e1s all\u00e1 de lo esperado. Ciclistas de todo el mundo est\u00e1n invitados a dar un punto m\u00e1s, llegar m\u00e1s lejos y competir con m\u00e1s inteligencia, ya sea dentro del juego o en la carretera.<\/p>\n\n\n\n<p>Quienes completen la serie Off The MAAP desbloquear\u00e1n en Zwift el exclusivo kit MAAP.<\/p>\n\n\n\n<figure class=\"wp-block-image\"><a class=\"prezly-slate-image-rollover\" href=\"https:\/\/cdn.uc.assets.prezly.com\/eada2a3a-03f9-4c2a-be2e-7c45c92fb05a\/628142-off-the-maap_09-25_partner-4-998cb7-original-1763561317.jpg\"><img decoding=\"async\" data-src=\"https:\/\/cdn.uc.assets.prezly.com\/eada2a3a-03f9-4c2a-be2e-7c45c92fb05a\/-\/format\/auto\/628142-off-the-maap_09-25_partner-4-998cb7-original-1763561317.jpg\" alt=\"\" src=\"data:image\/svg+xml;base64,PHN2ZyB3aWR0aD0iMSIgaGVpZ2h0PSIxIiB4bWxucz0iaHR0cDovL3d3dy53My5vcmcvMjAwMC9zdmciPjwvc3ZnPg==\" class=\"lazyload\" \/><\/a><\/figure>\n\n\n\n<h3 class=\"wp-block-heading\"><strong>Etapa 1:&nbsp;<\/strong>Keith Hill After Party<\/h3>\n\n\n\n<p><strong>Distancia:<\/strong>&nbsp;36,2 km \/\/&nbsp;<strong>Desnivel:<\/strong>&nbsp;431 m<\/p>\n\n\n\n<h3 class=\"wp-block-heading\"><strong>Etapa 2:<\/strong>&nbsp;NYC KOM After Party<\/h3>\n\n\n\n<p><strong>Distancia:<\/strong>&nbsp;37 km \/\/&nbsp;<strong>Desnivel:<\/strong>&nbsp;480 m<\/p>\n\n\n\n<h3 class=\"wp-block-heading\"><strong>Etapa 3:&nbsp;<\/strong>Power to the Portal, con un desv\u00edo fuera del mapa hasta la cima de Old Willunga Hill en el Climb Portal<\/h3>\n\n\n\n<p><strong>Distancia:<\/strong>&nbsp;19,5 km \/\/&nbsp;<strong>Desnivel:<\/strong>&nbsp;350 m<\/p>\n\n\n\n<p>El kit tambi\u00e9n estar\u00e1 disponible para su compra en cantidades muy limitadas a trav\u00e9s de MAAP. Para acceder a esta colecci\u00f3n exclusiva, los usuarios deber\u00e1n completar primero la serie dentro del juego y as\u00ed obtener el enlace de compra a trav\u00e9s de&nbsp;<a href=\"https:\/\/maap.cc\/\" rel=\"noreferrer noopener\" target=\"_blank\">MAAP.cc<\/a>. Los kits se pondr\u00e1n a la venta al finalizar la serie, a partir del 22 de diciembre.<\/p>\n\n\n\n<figure class=\"wp-block-image\"><a class=\"prezly-slate-image-rollover\" href=\"https:\/\/cdn.uc.assets.prezly.com\/970e30d2-392e-4805-b437-9b56d6b351c3\/628139-ZWIFT%20MAAP_Lookbook_4x3_6-f77d2a-original-1763560961.jpg\"><img decoding=\"async\" data-src=\"https:\/\/cdn.uc.assets.prezly.com\/970e30d2-392e-4805-b437-9b56d6b351c3\/-\/format\/auto\/628139-ZWIFT%20MAAP_Lookbook_4x3_6-f77d2a-original-1763560961.jpg\" alt=\"\" src=\"data:image\/svg+xml;base64,PHN2ZyB3aWR0aD0iMSIgaGVpZ2h0PSIxIiB4bWxucz0iaHR0cDovL3d3dy53My5vcmcvMjAwMC9zdmciPjwvc3ZnPg==\" class=\"lazyload\" \/><\/a><\/figure>\n\n\n\n<p>Las rutas comienzan el 24 de noviembre. Obt\u00e9n m\u00e1s informaci\u00f3n&nbsp;<a href=\"https:\/\/www.zwift.com\/eu-es\/events\/series\/off-the-maap-zwift\" rel=\"noreferrer noopener\" target=\"_blank\">aqu\u00ed<\/a>.<\/p>\n\n\n\n<figure class=\"wp-block-image\" id=\"gallery-7fad6613-1ab3-4362-8d1f-e4dd31fc7cd8\"><a class=\"prezly-slate-image-rollover prezly-slate-gallery-image prezly-slate-gallery-image--with-border-radius\" href=\"https:\/\/cdn.uc.assets.prezly.com\/bc70b989-6465-4450-ac47-77b87878075f\/628138-ZWIFT%20MAAP_Lookbook_4x3_2-27eaa1-original-1763560961.jpg\"><img decoding=\"async\" data-src=\"https:\/\/cdn.uc.assets.prezly.com\/bc70b989-6465-4450-ac47-77b87878075f\/-\/preview\/500x500\/-\/format\/auto\/628138-ZWIFT%20MAAP_Lookbook_4x3_2-27eaa1-original-1763560961.jpg\" alt=\"\" src=\"data:image\/svg+xml;base64,PHN2ZyB3aWR0aD0iMSIgaGVpZ2h0PSIxIiB4bWxucz0iaHR0cDovL3d3dy53My5vcmcvMjAwMC9zdmciPjwvc3ZnPg==\" class=\"lazyload\" \/><\/a><\/figure>\n\n\n\n<hr class=\"wp-block-separator has-alpha-channel-opacity\"\/>\n\n\n\n<p><strong>Sobre Zwift<\/strong>\u200b<br>\u200b<a href=\"https:\/\/www.zwift.com\/eu-es\" rel=\"noreferrer noopener\" target=\"_blank\"><strong>Zwift<\/strong><\/a>&nbsp;es una empresa de fitness nacida del videojuego, creada por entusiastas del entrenamiento, desarrolladores experimentados de videojuegos y pensadores disruptivos. La cultura del videojuego est\u00e1 en el ADN de la compa\u00f1\u00eda, que tiene claro que la diversi\u00f3n impulsa a los usuarios a mejorar sus resultados. \u200b<br>\u200b\u200b<br>\u200bZwift utiliza la tecnolog\u00eda de los videojuegos en l\u00ednea multijugador creando mundos explorados por los jugadores en una experiencia en 3D. Los usuarios se pueden unir a miles de ciclistas y corredores en lugares inmersivos como Londres, Nueva York y Par\u00eds, as\u00ed como en nuestra propia Watopia. \u200b<br>\u200b\u200b<br>\u200bZwift se conecta de forma inal\u00e1mbrica a los diferentes equipos de ejercicio: rodillos de bicicleta y cintas de correr, por lo que el esfuerzo del usuario en el mundo real activa a su avatar en el juego. \u200b<br>\u200b\u200b<br>\u200bDesde carreras amistosas hasta salidas sociales y programas de entrenamiento estructurados, Zwift une a una comunidad diversa en busca de una experiencia fitness m\u00e1s divertida, inmersiva y social.<\/p>\n","protected":false},"excerpt":{"rendered":"<p>Los usuarios podr\u00e1n completar las etapas entre el 24 de noviembre y el 22 de diciembre para desbloquear el maillot exclusivo. 24 de noviembre de 2025 Una de las colaboraciones m\u00e1s atrevidas de Zwift regresa el 24 de noviembre con la quinta edici\u00f3n de Off The MAAP. Esta alianza creativa entre Zwift y MAAP vuelve&#8230;<\/p>\n","protected":false},"author":1,"featured_media":2742,"comment_status":"open","ping_status":"open","sticky":false,"template":"","format":"standard","meta":{"footnotes":""},"categories":[379,455],"tags":[341,6,338,28,63,268,201,376,84,20],"series":[],"class_list":["post-2741","post","type-post","status-publish","format-standard","has-post-thumbnail","hentry","category-carreras-zwift","category-zwift","tag-capo-abierto","tag-ciclismo","tag-ciclismo-indoor","tag-como-usar-zwift","tag-elite-suito","tag-rodillo","tag-simulador-de-ciclismo-zwift","tag-wahoo","tag-zwift","tag-zwift-en-espanol"],"yoast_head":"<!-- This site is optimized with the Yoast SEO Premium plugin v18.4 (Yoast SEO v26.7) - https:\/\/yoast.com\/wordpress\/plugins\/seo\/ -->\n<title>Zwift y MAAP lanzan la quinta edici\u00f3n de Off The MAAP con un kit exclusivo para 2025 - frikisdelabici.com<\/title>\n<meta name=\"description\" content=\"Alianza creativa entre Zwift y MAAP vuelve a fusionar el mundo digital con el real. Zwifters, preparad las piernas y la est\u00e9tica\" \/>\n<meta name=\"robots\" content=\"index, follow, max-snippet:-1, max-image-preview:large, max-video-preview:-1\" \/>\n<link rel=\"canonical\" href=\"https:\/\/frikisdelabici.com\/site\/zwift-y-maap-lanzan-la-quinta-edicion-de-off-the-maap-con-un-kit-exclusivo-para-2025\/\" \/>\n<meta property=\"og:locale\" content=\"es_ES\" \/>\n<meta property=\"og:type\" content=\"article\" \/>\n<meta property=\"og:title\" content=\"Zwift y MAAP lanzan la quinta edici\u00f3n de Off The MAAP con un kit exclusivo para 2025\" \/>\n<meta property=\"og:description\" content=\"Alianza creativa entre Zwift y MAAP vuelve a fusionar el mundo digital con el real. Zwifters, preparad las piernas y la est\u00e9tica\" \/>\n<meta property=\"og:url\" content=\"https:\/\/frikisdelabici.com\/site\/zwift-y-maap-lanzan-la-quinta-edicion-de-off-the-maap-con-un-kit-exclusivo-para-2025\/\" \/>\n<meta property=\"og:site_name\" content=\"frikisdelabici.com\" \/>\n<meta property=\"article:published_time\" content=\"2025-11-26T19:05:56+00:00\" \/>\n<meta property=\"article:modified_time\" content=\"2025-11-26T19:06:02+00:00\" \/>\n<meta property=\"og:image\" content=\"https:\/\/frikisdelabici.com\/site\/wp-content\/uploads\/2025\/11\/maap.jpg\" \/>\n\t<meta property=\"og:image:width\" content=\"1200\" \/>\n\t<meta property=\"og:image:height\" content=\"675\" \/>\n\t<meta property=\"og:image:type\" content=\"image\/jpeg\" \/>\n<meta name=\"author\" content=\"Rub\u00e9n Fern\u00e1ndez\" \/>\n<meta name=\"twitter:card\" content=\"summary_large_image\" \/>\n<meta name=\"twitter:label1\" content=\"Escrito por\" \/>\n\t<meta name=\"twitter:data1\" content=\"Rub\u00e9n Fern\u00e1ndez\" \/>\n\t<meta name=\"twitter:label2\" content=\"Tiempo de lectura\" \/>\n\t<meta name=\"twitter:data2\" content=\"3 minutos\" \/>\n<script type=\"application\/ld+json\" class=\"yoast-schema-graph\">{\"@context\":\"https:\/\/schema.org\",\"@graph\":[{\"@type\":\"Article\",\"@id\":\"https:\/\/frikisdelabici.com\/site\/zwift-y-maap-lanzan-la-quinta-edicion-de-off-the-maap-con-un-kit-exclusivo-para-2025\/#article\",\"isPartOf\":{\"@id\":\"https:\/\/frikisdelabici.com\/site\/zwift-y-maap-lanzan-la-quinta-edicion-de-off-the-maap-con-un-kit-exclusivo-para-2025\/\"},\"author\":{\"name\":\"Rub\u00e9n Fern\u00e1ndez\",\"@id\":\"https:\/\/frikisdelabici.com\/site\/#\/schema\/person\/a7e0f7e0c1ecaf32b75491c779564593\"},\"headline\":\"Zwift y MAAP lanzan la quinta edici\u00f3n de Off The MAAP con un kit exclusivo para 2025\",\"datePublished\":\"2025-11-26T19:05:56+00:00\",\"dateModified\":\"2025-11-26T19:06:02+00:00\",\"mainEntityOfPage\":{\"@id\":\"https:\/\/frikisdelabici.com\/site\/zwift-y-maap-lanzan-la-quinta-edicion-de-off-the-maap-con-un-kit-exclusivo-para-2025\/\"},\"wordCount\":477,\"commentCount\":0,\"publisher\":{\"@id\":\"https:\/\/frikisdelabici.com\/site\/#\/schema\/person\/a7e0f7e0c1ecaf32b75491c779564593\"},\"image\":{\"@id\":\"https:\/\/frikisdelabici.com\/site\/zwift-y-maap-lanzan-la-quinta-edicion-de-off-the-maap-con-un-kit-exclusivo-para-2025\/#primaryimage\"},\"thumbnailUrl\":\"https:\/\/frikisdelabici.com\/site\/wp-content\/uploads\/2025\/11\/maap.jpg\",\"keywords\":[\"capo abierto\",\"ciclismo\",\"ciclismo indoor\",\"como usar zwift\",\"elite suito\",\"rodillo\",\"simulador de ciclismo zwift\",\"wahoo\",\"zwift\",\"zwift en espa\u00f1ol\"],\"articleSection\":[\"Carreras ZWIFT\",\"Zwift\"],\"inLanguage\":\"es\",\"potentialAction\":[{\"@type\":\"CommentAction\",\"name\":\"Comment\",\"target\":[\"https:\/\/frikisdelabici.com\/site\/zwift-y-maap-lanzan-la-quinta-edicion-de-off-the-maap-con-un-kit-exclusivo-para-2025\/#respond\"]}]},{\"@type\":\"WebPage\",\"@id\":\"https:\/\/frikisdelabici.com\/site\/zwift-y-maap-lanzan-la-quinta-edicion-de-off-the-maap-con-un-kit-exclusivo-para-2025\/\",\"url\":\"https:\/\/frikisdelabici.com\/site\/zwift-y-maap-lanzan-la-quinta-edicion-de-off-the-maap-con-un-kit-exclusivo-para-2025\/\",\"name\":\"Zwift y MAAP lanzan la quinta edici\u00f3n de Off The MAAP con un kit exclusivo para 2025 - frikisdelabici.com\",\"isPartOf\":{\"@id\":\"https:\/\/frikisdelabici.com\/site\/#website\"},\"primaryImageOfPage\":{\"@id\":\"https:\/\/frikisdelabici.com\/site\/zwift-y-maap-lanzan-la-quinta-edicion-de-off-the-maap-con-un-kit-exclusivo-para-2025\/#primaryimage\"},\"image\":{\"@id\":\"https:\/\/frikisdelabici.com\/site\/zwift-y-maap-lanzan-la-quinta-edicion-de-off-the-maap-con-un-kit-exclusivo-para-2025\/#primaryimage\"},\"thumbnailUrl\":\"https:\/\/frikisdelabici.com\/site\/wp-content\/uploads\/2025\/11\/maap.jpg\",\"datePublished\":\"2025-11-26T19:05:56+00:00\",\"dateModified\":\"2025-11-26T19:06:02+00:00\",\"description\":\"Alianza creativa entre Zwift y MAAP vuelve a fusionar el mundo digital con el real. Zwifters, preparad las piernas y la est\u00e9tica\",\"breadcrumb\":{\"@id\":\"https:\/\/frikisdelabici.com\/site\/zwift-y-maap-lanzan-la-quinta-edicion-de-off-the-maap-con-un-kit-exclusivo-para-2025\/#breadcrumb\"},\"inLanguage\":\"es\",\"potentialAction\":[{\"@type\":\"ReadAction\",\"target\":[\"https:\/\/frikisdelabici.com\/site\/zwift-y-maap-lanzan-la-quinta-edicion-de-off-the-maap-con-un-kit-exclusivo-para-2025\/\"]}]},{\"@type\":\"ImageObject\",\"inLanguage\":\"es\",\"@id\":\"https:\/\/frikisdelabici.com\/site\/zwift-y-maap-lanzan-la-quinta-edicion-de-off-the-maap-con-un-kit-exclusivo-para-2025\/#primaryimage\",\"url\":\"https:\/\/frikisdelabici.com\/site\/wp-content\/uploads\/2025\/11\/maap.jpg\",\"contentUrl\":\"https:\/\/frikisdelabici.com\/site\/wp-content\/uploads\/2025\/11\/maap.jpg\",\"width\":1200,\"height\":675},{\"@type\":\"BreadcrumbList\",\"@id\":\"https:\/\/frikisdelabici.com\/site\/zwift-y-maap-lanzan-la-quinta-edicion-de-off-the-maap-con-un-kit-exclusivo-para-2025\/#breadcrumb\",\"itemListElement\":[{\"@type\":\"ListItem\",\"position\":1,\"name\":\"Inicio\",\"item\":\"https:\/\/frikisdelabici.com\/site\/\"},{\"@type\":\"ListItem\",\"position\":2,\"name\":\"Zwift y MAAP lanzan la quinta edici\u00f3n de Off The MAAP con un kit exclusivo para 2025\"}]},{\"@type\":\"WebSite\",\"@id\":\"https:\/\/frikisdelabici.com\/site\/#website\",\"url\":\"https:\/\/frikisdelabici.com\/site\/\",\"name\":\"frikisdelabici.com\",\"description\":\"Noticias sobre ZWIFT, art\u00edculos sobre entrenamiento, carreras... de todo lo relacionado con el ciclista m\u00e1s friki\",\"publisher\":{\"@id\":\"https:\/\/frikisdelabici.com\/site\/#\/schema\/person\/a7e0f7e0c1ecaf32b75491c779564593\"},\"potentialAction\":[{\"@type\":\"SearchAction\",\"target\":{\"@type\":\"EntryPoint\",\"urlTemplate\":\"https:\/\/frikisdelabici.com\/site\/?s={search_term_string}\"},\"query-input\":{\"@type\":\"PropertyValueSpecification\",\"valueRequired\":true,\"valueName\":\"search_term_string\"}}],\"inLanguage\":\"es\"},{\"@type\":[\"Person\",\"Organization\"],\"@id\":\"https:\/\/frikisdelabici.com\/site\/#\/schema\/person\/a7e0f7e0c1ecaf32b75491c779564593\",\"name\":\"Rub\u00e9n Fern\u00e1ndez\",\"image\":{\"@type\":\"ImageObject\",\"inLanguage\":\"es\",\"@id\":\"https:\/\/frikisdelabici.com\/site\/#\/schema\/person\/image\/\",\"url\":\"https:\/\/frikisdelabici.com\/site\/wp-content\/uploads\/2020\/03\/gran-fondo-san-sebastian-2017-4014569-48213-4286-1-scaled.jpg\",\"contentUrl\":\"https:\/\/frikisdelabici.com\/site\/wp-content\/uploads\/2020\/03\/gran-fondo-san-sebastian-2017-4014569-48213-4286-1-scaled.jpg\",\"width\":2560,\"height\":1707,\"caption\":\"Rub\u00e9n Fern\u00e1ndez\"},\"logo\":{\"@id\":\"https:\/\/frikisdelabici.com\/site\/#\/schema\/person\/image\/\"},\"url\":\"https:\/\/frikisdelabici.com\/site\/author\/rubenextra300\/\"}]}<\/script>\n<!-- \/ Yoast SEO Premium plugin. -->","yoast_head_json":{"title":"Zwift y MAAP lanzan la quinta edici\u00f3n de Off The MAAP con un kit exclusivo para 2025 - frikisdelabici.com","description":"Alianza creativa entre Zwift y MAAP vuelve a fusionar el mundo digital con el real. Zwifters, preparad las piernas y la est\u00e9tica","robots":{"index":"index","follow":"follow","max-snippet":"max-snippet:-1","max-image-preview":"max-image-preview:large","max-video-preview":"max-video-preview:-1"},"canonical":"https:\/\/frikisdelabici.com\/site\/zwift-y-maap-lanzan-la-quinta-edicion-de-off-the-maap-con-un-kit-exclusivo-para-2025\/","og_locale":"es_ES","og_type":"article","og_title":"Zwift y MAAP lanzan la quinta edici\u00f3n de Off The MAAP con un kit exclusivo para 2025","og_description":"Alianza creativa entre Zwift y MAAP vuelve a fusionar el mundo digital con el real. Zwifters, preparad las piernas y la est\u00e9tica","og_url":"https:\/\/frikisdelabici.com\/site\/zwift-y-maap-lanzan-la-quinta-edicion-de-off-the-maap-con-un-kit-exclusivo-para-2025\/","og_site_name":"frikisdelabici.com","article_published_time":"2025-11-26T19:05:56+00:00","article_modified_time":"2025-11-26T19:06:02+00:00","og_image":[{"width":1200,"height":675,"url":"https:\/\/frikisdelabici.com\/site\/wp-content\/uploads\/2025\/11\/maap.jpg","type":"image\/jpeg"}],"author":"Rub\u00e9n Fern\u00e1ndez","twitter_card":"summary_large_image","twitter_misc":{"Escrito por":"Rub\u00e9n Fern\u00e1ndez","Tiempo de lectura":"3 minutos"},"schema":{"@context":"https:\/\/schema.org","@graph":[{"@type":"Article","@id":"https:\/\/frikisdelabici.com\/site\/zwift-y-maap-lanzan-la-quinta-edicion-de-off-the-maap-con-un-kit-exclusivo-para-2025\/#article","isPartOf":{"@id":"https:\/\/frikisdelabici.com\/site\/zwift-y-maap-lanzan-la-quinta-edicion-de-off-the-maap-con-un-kit-exclusivo-para-2025\/"},"author":{"name":"Rub\u00e9n Fern\u00e1ndez","@id":"https:\/\/frikisdelabici.com\/site\/#\/schema\/person\/a7e0f7e0c1ecaf32b75491c779564593"},"headline":"Zwift y MAAP lanzan la quinta edici\u00f3n de Off The MAAP con un kit exclusivo para 2025","datePublished":"2025-11-26T19:05:56+00:00","dateModified":"2025-11-26T19:06:02+00:00","mainEntityOfPage":{"@id":"https:\/\/frikisdelabici.com\/site\/zwift-y-maap-lanzan-la-quinta-edicion-de-off-the-maap-con-un-kit-exclusivo-para-2025\/"},"wordCount":477,"commentCount":0,"publisher":{"@id":"https:\/\/frikisdelabici.com\/site\/#\/schema\/person\/a7e0f7e0c1ecaf32b75491c779564593"},"image":{"@id":"https:\/\/frikisdelabici.com\/site\/zwift-y-maap-lanzan-la-quinta-edicion-de-off-the-maap-con-un-kit-exclusivo-para-2025\/#primaryimage"},"thumbnailUrl":"https:\/\/frikisdelabici.com\/site\/wp-content\/uploads\/2025\/11\/maap.jpg","keywords":["capo abierto","ciclismo","ciclismo indoor","como usar zwift","elite suito","rodillo","simulador de ciclismo zwift","wahoo","zwift","zwift en espa\u00f1ol"],"articleSection":["Carreras ZWIFT","Zwift"],"inLanguage":"es","potentialAction":[{"@type":"CommentAction","name":"Comment","target":["https:\/\/frikisdelabici.com\/site\/zwift-y-maap-lanzan-la-quinta-edicion-de-off-the-maap-con-un-kit-exclusivo-para-2025\/#respond"]}]},{"@type":"WebPage","@id":"https:\/\/frikisdelabici.com\/site\/zwift-y-maap-lanzan-la-quinta-edicion-de-off-the-maap-con-un-kit-exclusivo-para-2025\/","url":"https:\/\/frikisdelabici.com\/site\/zwift-y-maap-lanzan-la-quinta-edicion-de-off-the-maap-con-un-kit-exclusivo-para-2025\/","name":"Zwift y MAAP lanzan la quinta edici\u00f3n de Off The MAAP con un kit exclusivo para 2025 - frikisdelabici.com","isPartOf":{"@id":"https:\/\/frikisdelabici.com\/site\/#website"},"primaryImageOfPage":{"@id":"https:\/\/frikisdelabici.com\/site\/zwift-y-maap-lanzan-la-quinta-edicion-de-off-the-maap-con-un-kit-exclusivo-para-2025\/#primaryimage"},"image":{"@id":"https:\/\/frikisdelabici.com\/site\/zwift-y-maap-lanzan-la-quinta-edicion-de-off-the-maap-con-un-kit-exclusivo-para-2025\/#primaryimage"},"thumbnailUrl":"https:\/\/frikisdelabici.com\/site\/wp-content\/uploads\/2025\/11\/maap.jpg","datePublished":"2025-11-26T19:05:56+00:00","dateModified":"2025-11-26T19:06:02+00:00","description":"Alianza creativa entre Zwift y MAAP vuelve a fusionar el mundo digital con el real. Zwifters, preparad las piernas y la est\u00e9tica","breadcrumb":{"@id":"https:\/\/frikisdelabici.com\/site\/zwift-y-maap-lanzan-la-quinta-edicion-de-off-the-maap-con-un-kit-exclusivo-para-2025\/#breadcrumb"},"inLanguage":"es","potentialAction":[{"@type":"ReadAction","target":["https:\/\/frikisdelabici.com\/site\/zwift-y-maap-lanzan-la-quinta-edicion-de-off-the-maap-con-un-kit-exclusivo-para-2025\/"]}]},{"@type":"ImageObject","inLanguage":"es","@id":"https:\/\/frikisdelabici.com\/site\/zwift-y-maap-lanzan-la-quinta-edicion-de-off-the-maap-con-un-kit-exclusivo-para-2025\/#primaryimage","url":"https:\/\/frikisdelabici.com\/site\/wp-content\/uploads\/2025\/11\/maap.jpg","contentUrl":"https:\/\/frikisdelabici.com\/site\/wp-content\/uploads\/2025\/11\/maap.jpg","width":1200,"height":675},{"@type":"BreadcrumbList","@id":"https:\/\/frikisdelabici.com\/site\/zwift-y-maap-lanzan-la-quinta-edicion-de-off-the-maap-con-un-kit-exclusivo-para-2025\/#breadcrumb","itemListElement":[{"@type":"ListItem","position":1,"name":"Inicio","item":"https:\/\/frikisdelabici.com\/site\/"},{"@type":"ListItem","position":2,"name":"Zwift y MAAP lanzan la quinta edici\u00f3n de Off The MAAP con un kit exclusivo para 2025"}]},{"@type":"WebSite","@id":"https:\/\/frikisdelabici.com\/site\/#website","url":"https:\/\/frikisdelabici.com\/site\/","name":"frikisdelabici.com","description":"Noticias sobre ZWIFT, art\u00edculos sobre entrenamiento, carreras... de todo lo relacionado con el ciclista m\u00e1s friki","publisher":{"@id":"https:\/\/frikisdelabici.com\/site\/#\/schema\/person\/a7e0f7e0c1ecaf32b75491c779564593"},"potentialAction":[{"@type":"SearchAction","target":{"@type":"EntryPoint","urlTemplate":"https:\/\/frikisdelabici.com\/site\/?s={search_term_string}"},"query-input":{"@type":"PropertyValueSpecification","valueRequired":true,"valueName":"search_term_string"}}],"inLanguage":"es"},{"@type":["Person","Organization"],"@id":"https:\/\/frikisdelabici.com\/site\/#\/schema\/person\/a7e0f7e0c1ecaf32b75491c779564593","name":"Rub\u00e9n Fern\u00e1ndez","image":{"@type":"ImageObject","inLanguage":"es","@id":"https:\/\/frikisdelabici.com\/site\/#\/schema\/person\/image\/","url":"https:\/\/frikisdelabici.com\/site\/wp-content\/uploads\/2020\/03\/gran-fondo-san-sebastian-2017-4014569-48213-4286-1-scaled.jpg","contentUrl":"https:\/\/frikisdelabici.com\/site\/wp-content\/uploads\/2020\/03\/gran-fondo-san-sebastian-2017-4014569-48213-4286-1-scaled.jpg","width":2560,"height":1707,"caption":"Rub\u00e9n Fern\u00e1ndez"},"logo":{"@id":"https:\/\/frikisdelabici.com\/site\/#\/schema\/person\/image\/"},"url":"https:\/\/frikisdelabici.com\/site\/author\/rubenextra300\/"}]}},"_links":{"self":[{"href":"https:\/\/frikisdelabici.com\/site\/wp-json\/wp\/v2\/posts\/2741","targetHints":{"allow":["GET"]}}],"collection":[{"href":"https:\/\/frikisdelabici.com\/site\/wp-json\/wp\/v2\/posts"}],"about":[{"href":"https:\/\/frikisdelabici.com\/site\/wp-json\/wp\/v2\/types\/post"}],"author":[{"embeddable":true,"href":"https:\/\/frikisdelabici.com\/site\/wp-json\/wp\/v2\/users\/1"}],"replies":[{"embeddable":true,"href":"https:\/\/frikisdelabici.com\/site\/wp-json\/wp\/v2\/comments?post=2741"}],"version-history":[{"count":1,"href":"https:\/\/frikisdelabici.com\/site\/wp-json\/wp\/v2\/posts\/2741\/revisions"}],"predecessor-version":[{"id":2743,"href":"https:\/\/frikisdelabici.com\/site\/wp-json\/wp\/v2\/posts\/2741\/revisions\/2743"}],"wp:featuredmedia":[{"embeddable":true,"href":"https:\/\/frikisdelabici.com\/site\/wp-json\/wp\/v2\/media\/2742"}],"wp:attachment":[{"href":"https:\/\/frikisdelabici.com\/site\/wp-json\/wp\/v2\/media?parent=2741"}],"wp:term":[{"taxonomy":"category","embeddable":true,"href":"https:\/\/frikisdelabici.com\/site\/wp-json\/wp\/v2\/categories?post=2741"},{"taxonomy":"post_tag","embeddable":true,"href":"https:\/\/frikisdelabici.com\/site\/wp-json\/wp\/v2\/tags?post=2741"},{"taxonomy":"series","embeddable":true,"href":"https:\/\/frikisdelabici.com\/site\/wp-json\/wp\/v2\/series?post=2741"}],"curies":[{"name":"wp","href":"https:\/\/api.w.org\/{rel}","templated":true}]}}