{"id":2764,"date":"2026-01-08T11:39:11","date_gmt":"2026-01-08T09:39:11","guid":{"rendered":"https:\/\/frikisdelabici.com\/site\/?p=2764"},"modified":"2026-01-08T11:39:15","modified_gmt":"2026-01-08T09:39:15","slug":"el-tour-de-zwift-regresa-para-dar-la-bienvenida-a-2026","status":"publish","type":"post","link":"https:\/\/frikisdelabici.com\/site\/el-tour-de-zwift-regresa-para-dar-la-bienvenida-a-2026\/","title":{"rendered":"El Tour de Zwift regresa para dar la bienvenida a 2026"},"content":{"rendered":"\n<h2 class=\"wp-block-heading\"><strong>El mayor evento de Zwift se celebrar\u00e1 del 5 de enero al 22 de febrero y reunir\u00e1 a ciclistas y corredores de todo el mundo<\/strong><\/h2>\n\n\n\n<p>7 de enero de 2026<\/p>\n\n\n\n<p>El Tour de Zwift, el evento m\u00e1s grande de la plataforma, regresa para ayudar a miles de deportistas a comenzar 2026 con energ\u00eda y motivaci\u00f3n. Desde el 5 de enero hasta el 22 de febrero, cientos de miles de ciclistas y corredores se reunir\u00e1n para pedalear y correr a trav\u00e9s de nueve mundos virtuales, en una aut\u00e9ntica celebraci\u00f3n global del deporte indoor.<\/p>\n\n\n\n<p>El evento se desarrollar\u00e1 a lo largo de seis semanas y contar\u00e1 con actividades tanto programadas como disponibles bajo demanda, lo que permitir\u00e1 a los participantes adaptar el Tour a sus horarios y objetivos personales. Cada etapa tendr\u00e1 una duraci\u00f3n de una semana y ofrecer\u00e1 tres opciones de distancia \u2014Larga, Est\u00e1ndar y Corta\u2014 que podr\u00e1n completarse tanto en formato paseo como en carrera.<\/p>\n\n\n\n<p>Adem\u00e1s, del 16 al 22 de febrero se habilitar\u00e1 una semana de recuperaci\u00f3n, pensada para que los participantes puedan completar aquellas etapas que no hayan podido realizar durante su semana correspondiente.<\/p>\n\n\n\n<p>Para los corredores a pie, el Tour de Zwift incluir\u00e1 eventos m\u00e1s cortos de aproximadamente 5 km entre semana, as\u00ed como una carrera larga de 10 km disponible durante el fin de semana, ofreciendo opciones para todos los niveles.<\/p>\n\n\n\n<figure class=\"wp-block-image\"><a class=\"prezly-slate-image-rollover\" href=\"https:\/\/cdn.assets.prezly.com\/0b49269d-c855-4c03-ade6-601e8070f504\/636359-TDZ26_PR_04-routes-00b3d1-original-1767609099.png\"><img decoding=\"async\" data-src=\"https:\/\/cdn.assets.prezly.com\/0b49269d-c855-4c03-ade6-601e8070f504\/-\/format\/auto\/636359-TDZ26_PR_04-routes-00b3d1-original-1767609099.png\" alt=\"\" src=\"data:image\/svg+xml;base64,PHN2ZyB3aWR0aD0iMSIgaGVpZ2h0PSIxIiB4bWxucz0iaHR0cDovL3d3dy53My5vcmcvMjAwMC9zdmciPjwvc3ZnPg==\" class=\"lazyload\" \/><\/a><\/figure>\n\n\n\n<p>El Tour de Zwift es la mayor celebraci\u00f3n dentro de la plataforma, caracterizada por sus grupos multitudinarios y el esp\u00edritu de comunidad que une a deportistas de todo el mundo. Los participantes podr\u00e1n disfrutar del ambiente festivo, sumar kil\u00f3metros en compa\u00f1\u00eda y desbloquear insignias y equipamiento exclusivo.<\/p>\n\n\n\n<p>Los Zwifters m\u00e1s comprometidos podr\u00e1n enfrentarse al Desaf\u00edo Definitivo (Ultimate Challenge), que consiste en completar las tres distancias \u2014larga, est\u00e1ndar y corta\u2014 en cada una de las seis etapas. Quienes consigan este reto recibir\u00e1n una bonificaci\u00f3n de 12.500 XP y desbloquear\u00e1n la exclusiva Afterparty Cap.<\/p>\n\n\n\n<figure class=\"wp-block-image\"><a class=\"prezly-slate-image-rollover\" href=\"https:\/\/cdn.assets.prezly.com\/143e077c-5e42-47e4-b8b9-e85ea536c632\/636358-TDZ26_PR_03-ride-f1fd92-original-1767609099.png\"><img decoding=\"async\" data-src=\"https:\/\/cdn.assets.prezly.com\/143e077c-5e42-47e4-b8b9-e85ea536c632\/-\/format\/auto\/636358-TDZ26_PR_03-ride-f1fd92-original-1767609099.png\" alt=\"\" src=\"data:image\/svg+xml;base64,PHN2ZyB3aWR0aD0iMSIgaGVpZ2h0PSIxIiB4bWxucz0iaHR0cDovL3d3dy53My5vcmcvMjAwMC9zdmciPjwvc3ZnPg==\" class=\"lazyload\" \/><\/a><\/figure>\n\n\n\n<p>Adem\u00e1s, todos los participantes que completen el Ultimate Challenge entrar\u00e1n autom\u00e1ticamente en el sorteo de un TDZ x Pedal Mafia Zwift Ride Smart Frame, una pieza \u00fanica creada especialmente para el evento.<\/p>\n\n\n\n<p>Para quienes quieran llevar el esp\u00edritu del Tour de Zwift m\u00e1s all\u00e1 de la pantalla, estar\u00e1 disponible el kit de edici\u00f3n limitada Zwift x Pedal Mafia Tour de Zwift, que podr\u00e1 adquirirse a nivel mundial a trav\u00e9s de Pedal Mafia.<\/p>\n\n\n\n<p>M\u00e1s informaci\u00f3n e inscripciones en:<br>\u200b\ud83d\udc49&nbsp;<a href=\"https:\/\/www.zwift.com\/tour-de-zwift\" rel=\"noreferrer noopener\" target=\"_blank\">https:\/\/www.zwift.com\/tour-de-zwift<\/a><\/p>\n","protected":false},"excerpt":{"rendered":"<p>El mayor evento de Zwift se celebrar\u00e1 del 5 de enero al 22 de febrero y reunir\u00e1 a ciclistas y corredores de todo el mundo 7 de enero de 2026 El Tour de Zwift, el evento m\u00e1s grande de la plataforma, regresa para ayudar a miles de deportistas a comenzar 2026 con energ\u00eda y motivaci\u00f3n&#8230;.<\/p>\n","protected":false},"author":1,"featured_media":2765,"comment_status":"open","ping_status":"open","sticky":false,"template":"","format":"standard","meta":{"footnotes":""},"categories":[379,455],"tags":[6,338,28,268,201,84,20],"series":[],"class_list":["post-2764","post","type-post","status-publish","format-standard","has-post-thumbnail","hentry","category-carreras-zwift","category-zwift","tag-ciclismo","tag-ciclismo-indoor","tag-como-usar-zwift","tag-rodillo","tag-simulador-de-ciclismo-zwift","tag-zwift","tag-zwift-en-espanol"],"yoast_head":"<!-- This site is optimized with the Yoast SEO Premium plugin v18.4 (Yoast SEO v26.7) - https:\/\/yoast.com\/wordpress\/plugins\/seo\/ -->\n<title>El Tour de Zwift regresa para dar la bienvenida a 2026 - frikisdelabici.com<\/title>\n<meta name=\"description\" content=\"El mayor evento de Zwift se celebrar\u00e1 del 5 de enero al 22 de febrero y reunir\u00e1 a ciclistas y corredores de todo el mundo\" \/>\n<meta name=\"robots\" content=\"index, follow, max-snippet:-1, max-image-preview:large, max-video-preview:-1\" \/>\n<link rel=\"canonical\" href=\"https:\/\/frikisdelabici.com\/site\/el-tour-de-zwift-regresa-para-dar-la-bienvenida-a-2026\/\" \/>\n<meta property=\"og:locale\" content=\"es_ES\" \/>\n<meta property=\"og:type\" content=\"article\" \/>\n<meta property=\"og:title\" content=\"El Tour de Zwift regresa para dar la bienvenida a 2026\" \/>\n<meta property=\"og:description\" content=\"El mayor evento de Zwift se celebrar\u00e1 del 5 de enero al 22 de febrero y reunir\u00e1 a ciclistas y corredores de todo el mundo\" \/>\n<meta property=\"og:url\" content=\"https:\/\/frikisdelabici.com\/site\/el-tour-de-zwift-regresa-para-dar-la-bienvenida-a-2026\/\" \/>\n<meta property=\"og:site_name\" content=\"frikisdelabici.com\" \/>\n<meta property=\"article:published_time\" content=\"2026-01-08T09:39:11+00:00\" \/>\n<meta property=\"article:modified_time\" content=\"2026-01-08T09:39:15+00:00\" \/>\n<meta property=\"og:image\" content=\"https:\/\/frikisdelabici.com\/site\/wp-content\/uploads\/2026\/01\/image.png\" \/>\n\t<meta property=\"og:image:width\" content=\"1600\" \/>\n\t<meta property=\"og:image:height\" content=\"900\" \/>\n\t<meta property=\"og:image:type\" content=\"image\/png\" \/>\n<meta name=\"author\" content=\"Rub\u00e9n Fern\u00e1ndez\" \/>\n<meta name=\"twitter:card\" content=\"summary_large_image\" \/>\n<meta name=\"twitter:label1\" content=\"Escrito por\" \/>\n\t<meta name=\"twitter:data1\" content=\"Rub\u00e9n Fern\u00e1ndez\" \/>\n\t<meta name=\"twitter:label2\" content=\"Tiempo de lectura\" \/>\n\t<meta name=\"twitter:data2\" content=\"3 minutos\" \/>\n<script type=\"application\/ld+json\" class=\"yoast-schema-graph\">{\"@context\":\"https:\/\/schema.org\",\"@graph\":[{\"@type\":\"Article\",\"@id\":\"https:\/\/frikisdelabici.com\/site\/el-tour-de-zwift-regresa-para-dar-la-bienvenida-a-2026\/#article\",\"isPartOf\":{\"@id\":\"https:\/\/frikisdelabici.com\/site\/el-tour-de-zwift-regresa-para-dar-la-bienvenida-a-2026\/\"},\"author\":{\"name\":\"Rub\u00e9n Fern\u00e1ndez\",\"@id\":\"https:\/\/frikisdelabici.com\/site\/#\/schema\/person\/a7e0f7e0c1ecaf32b75491c779564593\"},\"headline\":\"El Tour de Zwift regresa para dar la bienvenida a 2026\",\"datePublished\":\"2026-01-08T09:39:11+00:00\",\"dateModified\":\"2026-01-08T09:39:15+00:00\",\"mainEntityOfPage\":{\"@id\":\"https:\/\/frikisdelabici.com\/site\/el-tour-de-zwift-regresa-para-dar-la-bienvenida-a-2026\/\"},\"wordCount\":432,\"commentCount\":0,\"publisher\":{\"@id\":\"https:\/\/frikisdelabici.com\/site\/#\/schema\/person\/a7e0f7e0c1ecaf32b75491c779564593\"},\"image\":{\"@id\":\"https:\/\/frikisdelabici.com\/site\/el-tour-de-zwift-regresa-para-dar-la-bienvenida-a-2026\/#primaryimage\"},\"thumbnailUrl\":\"https:\/\/frikisdelabici.com\/site\/wp-content\/uploads\/2026\/01\/image.png\",\"keywords\":[\"ciclismo\",\"ciclismo indoor\",\"como usar zwift\",\"rodillo\",\"simulador de ciclismo zwift\",\"zwift\",\"zwift en espa\u00f1ol\"],\"articleSection\":[\"Carreras ZWIFT\",\"Zwift\"],\"inLanguage\":\"es\",\"potentialAction\":[{\"@type\":\"CommentAction\",\"name\":\"Comment\",\"target\":[\"https:\/\/frikisdelabici.com\/site\/el-tour-de-zwift-regresa-para-dar-la-bienvenida-a-2026\/#respond\"]}]},{\"@type\":\"WebPage\",\"@id\":\"https:\/\/frikisdelabici.com\/site\/el-tour-de-zwift-regresa-para-dar-la-bienvenida-a-2026\/\",\"url\":\"https:\/\/frikisdelabici.com\/site\/el-tour-de-zwift-regresa-para-dar-la-bienvenida-a-2026\/\",\"name\":\"El Tour de Zwift regresa para dar la bienvenida a 2026 - frikisdelabici.com\",\"isPartOf\":{\"@id\":\"https:\/\/frikisdelabici.com\/site\/#website\"},\"primaryImageOfPage\":{\"@id\":\"https:\/\/frikisdelabici.com\/site\/el-tour-de-zwift-regresa-para-dar-la-bienvenida-a-2026\/#primaryimage\"},\"image\":{\"@id\":\"https:\/\/frikisdelabici.com\/site\/el-tour-de-zwift-regresa-para-dar-la-bienvenida-a-2026\/#primaryimage\"},\"thumbnailUrl\":\"https:\/\/frikisdelabici.com\/site\/wp-content\/uploads\/2026\/01\/image.png\",\"datePublished\":\"2026-01-08T09:39:11+00:00\",\"dateModified\":\"2026-01-08T09:39:15+00:00\",\"description\":\"El mayor evento de Zwift se celebrar\u00e1 del 5 de enero al 22 de febrero y reunir\u00e1 a ciclistas y corredores de todo el mundo\",\"breadcrumb\":{\"@id\":\"https:\/\/frikisdelabici.com\/site\/el-tour-de-zwift-regresa-para-dar-la-bienvenida-a-2026\/#breadcrumb\"},\"inLanguage\":\"es\",\"potentialAction\":[{\"@type\":\"ReadAction\",\"target\":[\"https:\/\/frikisdelabici.com\/site\/el-tour-de-zwift-regresa-para-dar-la-bienvenida-a-2026\/\"]}]},{\"@type\":\"ImageObject\",\"inLanguage\":\"es\",\"@id\":\"https:\/\/frikisdelabici.com\/site\/el-tour-de-zwift-regresa-para-dar-la-bienvenida-a-2026\/#primaryimage\",\"url\":\"https:\/\/frikisdelabici.com\/site\/wp-content\/uploads\/2026\/01\/image.png\",\"contentUrl\":\"https:\/\/frikisdelabici.com\/site\/wp-content\/uploads\/2026\/01\/image.png\",\"width\":1600,\"height\":900},{\"@type\":\"BreadcrumbList\",\"@id\":\"https:\/\/frikisdelabici.com\/site\/el-tour-de-zwift-regresa-para-dar-la-bienvenida-a-2026\/#breadcrumb\",\"itemListElement\":[{\"@type\":\"ListItem\",\"position\":1,\"name\":\"Inicio\",\"item\":\"https:\/\/frikisdelabici.com\/site\/\"},{\"@type\":\"ListItem\",\"position\":2,\"name\":\"El Tour de Zwift regresa para dar la bienvenida a 2026\"}]},{\"@type\":\"WebSite\",\"@id\":\"https:\/\/frikisdelabici.com\/site\/#website\",\"url\":\"https:\/\/frikisdelabici.com\/site\/\",\"name\":\"frikisdelabici.com\",\"description\":\"Noticias sobre ZWIFT, art\u00edculos sobre entrenamiento, carreras... de todo lo relacionado con el ciclista m\u00e1s friki\",\"publisher\":{\"@id\":\"https:\/\/frikisdelabici.com\/site\/#\/schema\/person\/a7e0f7e0c1ecaf32b75491c779564593\"},\"potentialAction\":[{\"@type\":\"SearchAction\",\"target\":{\"@type\":\"EntryPoint\",\"urlTemplate\":\"https:\/\/frikisdelabici.com\/site\/?s={search_term_string}\"},\"query-input\":{\"@type\":\"PropertyValueSpecification\",\"valueRequired\":true,\"valueName\":\"search_term_string\"}}],\"inLanguage\":\"es\"},{\"@type\":[\"Person\",\"Organization\"],\"@id\":\"https:\/\/frikisdelabici.com\/site\/#\/schema\/person\/a7e0f7e0c1ecaf32b75491c779564593\",\"name\":\"Rub\u00e9n Fern\u00e1ndez\",\"image\":{\"@type\":\"ImageObject\",\"inLanguage\":\"es\",\"@id\":\"https:\/\/frikisdelabici.com\/site\/#\/schema\/person\/image\/\",\"url\":\"https:\/\/frikisdelabici.com\/site\/wp-content\/uploads\/2020\/03\/gran-fondo-san-sebastian-2017-4014569-48213-4286-1-scaled.jpg\",\"contentUrl\":\"https:\/\/frikisdelabici.com\/site\/wp-content\/uploads\/2020\/03\/gran-fondo-san-sebastian-2017-4014569-48213-4286-1-scaled.jpg\",\"width\":2560,\"height\":1707,\"caption\":\"Rub\u00e9n Fern\u00e1ndez\"},\"logo\":{\"@id\":\"https:\/\/frikisdelabici.com\/site\/#\/schema\/person\/image\/\"},\"url\":\"https:\/\/frikisdelabici.com\/site\/author\/rubenextra300\/\"}]}<\/script>\n<!-- \/ Yoast SEO Premium plugin. -->","yoast_head_json":{"title":"El Tour de Zwift regresa para dar la bienvenida a 2026 - frikisdelabici.com","description":"El mayor evento de Zwift se celebrar\u00e1 del 5 de enero al 22 de febrero y reunir\u00e1 a ciclistas y corredores de todo el mundo","robots":{"index":"index","follow":"follow","max-snippet":"max-snippet:-1","max-image-preview":"max-image-preview:large","max-video-preview":"max-video-preview:-1"},"canonical":"https:\/\/frikisdelabici.com\/site\/el-tour-de-zwift-regresa-para-dar-la-bienvenida-a-2026\/","og_locale":"es_ES","og_type":"article","og_title":"El Tour de Zwift regresa para dar la bienvenida a 2026","og_description":"El mayor evento de Zwift se celebrar\u00e1 del 5 de enero al 22 de febrero y reunir\u00e1 a ciclistas y corredores de todo el mundo","og_url":"https:\/\/frikisdelabici.com\/site\/el-tour-de-zwift-regresa-para-dar-la-bienvenida-a-2026\/","og_site_name":"frikisdelabici.com","article_published_time":"2026-01-08T09:39:11+00:00","article_modified_time":"2026-01-08T09:39:15+00:00","og_image":[{"width":1600,"height":900,"url":"https:\/\/frikisdelabici.com\/site\/wp-content\/uploads\/2026\/01\/image.png","type":"image\/png"}],"author":"Rub\u00e9n Fern\u00e1ndez","twitter_card":"summary_large_image","twitter_misc":{"Escrito por":"Rub\u00e9n Fern\u00e1ndez","Tiempo de lectura":"3 minutos"},"schema":{"@context":"https:\/\/schema.org","@graph":[{"@type":"Article","@id":"https:\/\/frikisdelabici.com\/site\/el-tour-de-zwift-regresa-para-dar-la-bienvenida-a-2026\/#article","isPartOf":{"@id":"https:\/\/frikisdelabici.com\/site\/el-tour-de-zwift-regresa-para-dar-la-bienvenida-a-2026\/"},"author":{"name":"Rub\u00e9n Fern\u00e1ndez","@id":"https:\/\/frikisdelabici.com\/site\/#\/schema\/person\/a7e0f7e0c1ecaf32b75491c779564593"},"headline":"El Tour de Zwift regresa para dar la bienvenida a 2026","datePublished":"2026-01-08T09:39:11+00:00","dateModified":"2026-01-08T09:39:15+00:00","mainEntityOfPage":{"@id":"https:\/\/frikisdelabici.com\/site\/el-tour-de-zwift-regresa-para-dar-la-bienvenida-a-2026\/"},"wordCount":432,"commentCount":0,"publisher":{"@id":"https:\/\/frikisdelabici.com\/site\/#\/schema\/person\/a7e0f7e0c1ecaf32b75491c779564593"},"image":{"@id":"https:\/\/frikisdelabici.com\/site\/el-tour-de-zwift-regresa-para-dar-la-bienvenida-a-2026\/#primaryimage"},"thumbnailUrl":"https:\/\/frikisdelabici.com\/site\/wp-content\/uploads\/2026\/01\/image.png","keywords":["ciclismo","ciclismo indoor","como usar zwift","rodillo","simulador de ciclismo zwift","zwift","zwift en espa\u00f1ol"],"articleSection":["Carreras ZWIFT","Zwift"],"inLanguage":"es","potentialAction":[{"@type":"CommentAction","name":"Comment","target":["https:\/\/frikisdelabici.com\/site\/el-tour-de-zwift-regresa-para-dar-la-bienvenida-a-2026\/#respond"]}]},{"@type":"WebPage","@id":"https:\/\/frikisdelabici.com\/site\/el-tour-de-zwift-regresa-para-dar-la-bienvenida-a-2026\/","url":"https:\/\/frikisdelabici.com\/site\/el-tour-de-zwift-regresa-para-dar-la-bienvenida-a-2026\/","name":"El Tour de Zwift regresa para dar la bienvenida a 2026 - frikisdelabici.com","isPartOf":{"@id":"https:\/\/frikisdelabici.com\/site\/#website"},"primaryImageOfPage":{"@id":"https:\/\/frikisdelabici.com\/site\/el-tour-de-zwift-regresa-para-dar-la-bienvenida-a-2026\/#primaryimage"},"image":{"@id":"https:\/\/frikisdelabici.com\/site\/el-tour-de-zwift-regresa-para-dar-la-bienvenida-a-2026\/#primaryimage"},"thumbnailUrl":"https:\/\/frikisdelabici.com\/site\/wp-content\/uploads\/2026\/01\/image.png","datePublished":"2026-01-08T09:39:11+00:00","dateModified":"2026-01-08T09:39:15+00:00","description":"El mayor evento de Zwift se celebrar\u00e1 del 5 de enero al 22 de febrero y reunir\u00e1 a ciclistas y corredores de todo el mundo","breadcrumb":{"@id":"https:\/\/frikisdelabici.com\/site\/el-tour-de-zwift-regresa-para-dar-la-bienvenida-a-2026\/#breadcrumb"},"inLanguage":"es","potentialAction":[{"@type":"ReadAction","target":["https:\/\/frikisdelabici.com\/site\/el-tour-de-zwift-regresa-para-dar-la-bienvenida-a-2026\/"]}]},{"@type":"ImageObject","inLanguage":"es","@id":"https:\/\/frikisdelabici.com\/site\/el-tour-de-zwift-regresa-para-dar-la-bienvenida-a-2026\/#primaryimage","url":"https:\/\/frikisdelabici.com\/site\/wp-content\/uploads\/2026\/01\/image.png","contentUrl":"https:\/\/frikisdelabici.com\/site\/wp-content\/uploads\/2026\/01\/image.png","width":1600,"height":900},{"@type":"BreadcrumbList","@id":"https:\/\/frikisdelabici.com\/site\/el-tour-de-zwift-regresa-para-dar-la-bienvenida-a-2026\/#breadcrumb","itemListElement":[{"@type":"ListItem","position":1,"name":"Inicio","item":"https:\/\/frikisdelabici.com\/site\/"},{"@type":"ListItem","position":2,"name":"El Tour de Zwift regresa para dar la bienvenida a 2026"}]},{"@type":"WebSite","@id":"https:\/\/frikisdelabici.com\/site\/#website","url":"https:\/\/frikisdelabici.com\/site\/","name":"frikisdelabici.com","description":"Noticias sobre ZWIFT, art\u00edculos sobre entrenamiento, carreras... de todo lo relacionado con el ciclista m\u00e1s friki","publisher":{"@id":"https:\/\/frikisdelabici.com\/site\/#\/schema\/person\/a7e0f7e0c1ecaf32b75491c779564593"},"potentialAction":[{"@type":"SearchAction","target":{"@type":"EntryPoint","urlTemplate":"https:\/\/frikisdelabici.com\/site\/?s={search_term_string}"},"query-input":{"@type":"PropertyValueSpecification","valueRequired":true,"valueName":"search_term_string"}}],"inLanguage":"es"},{"@type":["Person","Organization"],"@id":"https:\/\/frikisdelabici.com\/site\/#\/schema\/person\/a7e0f7e0c1ecaf32b75491c779564593","name":"Rub\u00e9n Fern\u00e1ndez","image":{"@type":"ImageObject","inLanguage":"es","@id":"https:\/\/frikisdelabici.com\/site\/#\/schema\/person\/image\/","url":"https:\/\/frikisdelabici.com\/site\/wp-content\/uploads\/2020\/03\/gran-fondo-san-sebastian-2017-4014569-48213-4286-1-scaled.jpg","contentUrl":"https:\/\/frikisdelabici.com\/site\/wp-content\/uploads\/2020\/03\/gran-fondo-san-sebastian-2017-4014569-48213-4286-1-scaled.jpg","width":2560,"height":1707,"caption":"Rub\u00e9n Fern\u00e1ndez"},"logo":{"@id":"https:\/\/frikisdelabici.com\/site\/#\/schema\/person\/image\/"},"url":"https:\/\/frikisdelabici.com\/site\/author\/rubenextra300\/"}]}},"_links":{"self":[{"href":"https:\/\/frikisdelabici.com\/site\/wp-json\/wp\/v2\/posts\/2764","targetHints":{"allow":["GET"]}}],"collection":[{"href":"https:\/\/frikisdelabici.com\/site\/wp-json\/wp\/v2\/posts"}],"about":[{"href":"https:\/\/frikisdelabici.com\/site\/wp-json\/wp\/v2\/types\/post"}],"author":[{"embeddable":true,"href":"https:\/\/frikisdelabici.com\/site\/wp-json\/wp\/v2\/users\/1"}],"replies":[{"embeddable":true,"href":"https:\/\/frikisdelabici.com\/site\/wp-json\/wp\/v2\/comments?post=2764"}],"version-history":[{"count":1,"href":"https:\/\/frikisdelabici.com\/site\/wp-json\/wp\/v2\/posts\/2764\/revisions"}],"predecessor-version":[{"id":2766,"href":"https:\/\/frikisdelabici.com\/site\/wp-json\/wp\/v2\/posts\/2764\/revisions\/2766"}],"wp:featuredmedia":[{"embeddable":true,"href":"https:\/\/frikisdelabici.com\/site\/wp-json\/wp\/v2\/media\/2765"}],"wp:attachment":[{"href":"https:\/\/frikisdelabici.com\/site\/wp-json\/wp\/v2\/media?parent=2764"}],"wp:term":[{"taxonomy":"category","embeddable":true,"href":"https:\/\/frikisdelabici.com\/site\/wp-json\/wp\/v2\/categories?post=2764"},{"taxonomy":"post_tag","embeddable":true,"href":"https:\/\/frikisdelabici.com\/site\/wp-json\/wp\/v2\/tags?post=2764"},{"taxonomy":"series","embeddable":true,"href":"https:\/\/frikisdelabici.com\/site\/wp-json\/wp\/v2\/series?post=2764"}],"curies":[{"name":"wp","href":"https:\/\/api.w.org\/{rel}","templated":true}]}}