{"id":78,"date":"2020-02-23T21:06:29","date_gmt":"2020-02-23T21:06:29","guid":{"rendered":"https:\/\/frikisdelabici.com\/site\/?p=78"},"modified":"2020-03-01T19:39:19","modified_gmt":"2020-03-01T19:39:19","slug":"como-cambiar-el-orden-de-las-graficas-en-golden-cheetah","status":"publish","type":"post","link":"https:\/\/frikisdelabici.com\/site\/como-cambiar-el-orden-de-las-graficas-en-golden-cheetah\/","title":{"rendered":"C\u00f3mo cambiar el orden de las gr\u00e1ficas en Golden Cheetah"},"content":{"rendered":"\n<p>La verdad es que no lo han puesto f\u00e1cil. As\u00ed como cambiar el orden de las gr\u00e1ficas del men\u00fa lateral es muy sencillo, ya que s\u00f3lo hay que arrastrar el t\u00edtulo de la gr\u00e1fica a la posici\u00f3n que uno quiere, con las gr\u00e1ficas que se muestran en la zona superior tanto en Tendencias como Actividades la cosa es m\u00e1s complicada. Y no entiendo el porqu\u00e9.<\/p>\n\n\n\n<p>En cualquiera de los casos, una vez sabes c\u00f3mo va la cosa, es r\u00e1pido. Tienes que seleccionar el men\u00fa \u00abVer\u00bb y ah\u00ed la \u00faltima opci\u00f3n \u00abVista con pesta\u00f1as\u00bb. <\/p>\n\n\n\n<figure class=\"wp-block-image size-large\"><img decoding=\"async\" width=\"1024\" height=\"576\" data-src=\"https:\/\/frikisdelabici.com\/site\/wp-content\/uploads\/2020\/02\/image-1-1024x576.png\" alt=\"\" class=\"wp-image-79 lazyload\" data-srcset=\"https:\/\/frikisdelabici.com\/site\/wp-content\/uploads\/2020\/02\/image-1-1024x576.png 1024w, https:\/\/frikisdelabici.com\/site\/wp-content\/uploads\/2020\/02\/image-1-300x169.png 300w, https:\/\/frikisdelabici.com\/site\/wp-content\/uploads\/2020\/02\/image-1-768x432.png 768w, https:\/\/frikisdelabici.com\/site\/wp-content\/uploads\/2020\/02\/image-1.png 1366w\" data-sizes=\"(max-width: 1024px) 100vw, 1024px\" src=\"data:image\/svg+xml;base64,PHN2ZyB3aWR0aD0iMSIgaGVpZ2h0PSIxIiB4bWxucz0iaHR0cDovL3d3dy53My5vcmcvMjAwMC9zdmciPjwvc3ZnPg==\" style=\"--smush-placeholder-width: 1024px; --smush-placeholder-aspect-ratio: 1024\/576;\" \/><\/figure>\n\n\n\n<p>Cuando hagas eso ver\u00e1s que todas las gr\u00e1ficas se amontonar\u00e1n en una especie de miniaturas (que no s\u00e9 si a alguien le servir\u00e1, la verdad).<\/p>\n\n\n\n<p>Una vez en esta vista, lo siguiente es hacer clic en la parte superior de esa \u00abminiatura\u00bb, justo a la derecha de \u00abM\u00e1s&#8230;\u00bb y, sin soltar, la arrastramos donde queremos. <\/p>\n\n\n\n<figure class=\"wp-block-image size-large\"><img decoding=\"async\" width=\"1024\" height=\"576\" data-src=\"https:\/\/frikisdelabici.com\/site\/wp-content\/uploads\/2020\/02\/image-2-1024x576.png\" alt=\"\" class=\"wp-image-80 lazyload\" data-srcset=\"https:\/\/frikisdelabici.com\/site\/wp-content\/uploads\/2020\/02\/image-2-1024x576.png 1024w, https:\/\/frikisdelabici.com\/site\/wp-content\/uploads\/2020\/02\/image-2-300x169.png 300w, https:\/\/frikisdelabici.com\/site\/wp-content\/uploads\/2020\/02\/image-2-768x432.png 768w, https:\/\/frikisdelabici.com\/site\/wp-content\/uploads\/2020\/02\/image-2.png 1366w\" data-sizes=\"(max-width: 1024px) 100vw, 1024px\" src=\"data:image\/svg+xml;base64,PHN2ZyB3aWR0aD0iMSIgaGVpZ2h0PSIxIiB4bWxucz0iaHR0cDovL3d3dy53My5vcmcvMjAwMC9zdmciPjwvc3ZnPg==\" style=\"--smush-placeholder-width: 1024px; --smush-placeholder-aspect-ratio: 1024\/576;\" \/><\/figure>\n\n\n\n<p>Por \u00faltimo, s\u00f3lo tenemos que volver al men\u00fa \u00abVer\u00bb-&gt;\u00bbVista con pesta\u00f1as\u00bb y \u00a1voil\u00e1!, ya tendr\u00e1s las pesta\u00f1as como tu quer\u00edas.<\/p>\n\n\n\n<p>\u00c9chale un ojo al v\u00eddeo donde lo explico en un par de minutos:<\/p>\n\n\n\n<figure class=\"wp-block-embed-youtube wp-block-embed is-type-video is-provider-youtube wp-embed-aspect-16-9 wp-has-aspect-ratio\"><div class=\"wp-block-embed__wrapper\">\n<iframe title=\"Truco r\u00e1pido: c\u00f3mo cambiar el orden de las gr\u00e1ficas en Golden Cheetah\" width=\"640\" height=\"360\" data-src=\"https:\/\/www.youtube.com\/embed\/UMlH3xE5fJU?feature=oembed\" frameborder=\"0\" allow=\"accelerometer; autoplay; clipboard-write; encrypted-media; gyroscope; picture-in-picture; web-share\" referrerpolicy=\"strict-origin-when-cross-origin\" allowfullscreen src=\"data:image\/svg+xml;base64,PHN2ZyB3aWR0aD0iMSIgaGVpZ2h0PSIxIiB4bWxucz0iaHR0cDovL3d3dy53My5vcmcvMjAwMC9zdmciPjwvc3ZnPg==\" class=\"lazyload\" data-load-mode=\"1\"><\/iframe>\n<\/div><\/figure>\n","protected":false},"excerpt":{"rendered":"<p>La verdad es que no lo han puesto f\u00e1cil. As\u00ed como cambiar el orden de las gr\u00e1ficas del men\u00fa lateral es muy sencillo, ya que s\u00f3lo hay que arrastrar el t\u00edtulo de la gr\u00e1fica a la posici\u00f3n que uno quiere, con las gr\u00e1ficas que se muestran en la zona superior tanto en Tendencias como Actividades&#8230;<\/p>\n","protected":false},"author":1,"featured_media":81,"comment_status":"open","ping_status":"open","sticky":false,"template":"","format":"standard","meta":{"footnotes":""},"categories":[40],"tags":[14,6,10,23,39,8,32,16,28,26,25,22,29,12,38,13,5,27,20],"series":[],"class_list":["post-78","post","type-post","status-publish","format-standard","has-post-thumbnail","hentry","category-consejos-y-utilidades","tag-assioma-duo","tag-ciclismo","tag-como-empezar-a-usar-golden-cheetah","tag-como-entrenar-por-potencia","tag-como-mover-graficas-en-golden-cheetah","tag-como-usar-golden-cheetah","tag-como-usar-goldencheetah","tag-como-usar-la-potencia-en-ciclismo","tag-como-usar-zwift","tag-comparar-entrenamientos","tag-entrenamiento-ciclista","tag-garmin-edge-1030","tag-golden-cheetah","tag-informes-de-entrenamiento-por-potencia","tag-mtb","tag-potenciometro","tag-tutorial-de-golden-cheetah","tag-tutorial-de-zwift-en-espanol","tag-zwift-en-espanol"],"yoast_head":"<!-- This site is optimized with the Yoast SEO Premium plugin v18.4 (Yoast SEO v26.7) - https:\/\/yoast.com\/wordpress\/plugins\/seo\/ -->\n<title>C\u00f3mo cambiar el orden de las gr\u00e1ficas en Golden Cheetah - frikisdelabici.com<\/title>\n<meta name=\"description\" content=\"Accede a este art\u00edculo para aprender en dos minutos c\u00f3mo modificar el orden de las gr\u00e1ficas que aparecen en las pesta\u00f1as de Golden Cheetah\" \/>\n<meta name=\"robots\" content=\"index, follow, max-snippet:-1, max-image-preview:large, max-video-preview:-1\" \/>\n<link rel=\"canonical\" href=\"https:\/\/frikisdelabici.com\/site\/como-cambiar-el-orden-de-las-graficas-en-golden-cheetah\/\" \/>\n<meta property=\"og:locale\" content=\"es_ES\" \/>\n<meta property=\"og:type\" content=\"article\" \/>\n<meta property=\"og:title\" content=\"C\u00f3mo cambiar el orden de las gr\u00e1ficas en Golden Cheetah\" \/>\n<meta property=\"og:description\" content=\"Accede a este art\u00edculo para aprender en dos minutos c\u00f3mo modificar el orden de las gr\u00e1ficas que aparecen en las pesta\u00f1as de Golden Cheetah\" \/>\n<meta property=\"og:url\" content=\"https:\/\/frikisdelabici.com\/site\/como-cambiar-el-orden-de-las-graficas-en-golden-cheetah\/\" \/>\n<meta property=\"og:site_name\" content=\"frikisdelabici.com\" \/>\n<meta property=\"article:published_time\" content=\"2020-02-23T21:06:29+00:00\" \/>\n<meta property=\"article:modified_time\" content=\"2020-03-01T19:39:19+00:00\" \/>\n<meta property=\"og:image\" content=\"https:\/\/frikisdelabici.com\/site\/wp-content\/uploads\/2020\/02\/miniatura.jpg\" \/>\n\t<meta property=\"og:image:width\" content=\"1290\" \/>\n\t<meta property=\"og:image:height\" content=\"720\" \/>\n\t<meta property=\"og:image:type\" content=\"image\/jpeg\" \/>\n<meta name=\"author\" content=\"Rub\u00e9n Fern\u00e1ndez\" \/>\n<meta name=\"twitter:card\" content=\"summary_large_image\" \/>\n<meta name=\"twitter:label1\" content=\"Escrito por\" \/>\n\t<meta name=\"twitter:data1\" content=\"Rub\u00e9n Fern\u00e1ndez\" \/>\n\t<meta name=\"twitter:label2\" content=\"Tiempo de lectura\" \/>\n\t<meta name=\"twitter:data2\" content=\"1 minuto\" \/>\n<script type=\"application\/ld+json\" class=\"yoast-schema-graph\">{\"@context\":\"https:\/\/schema.org\",\"@graph\":[{\"@type\":\"Article\",\"@id\":\"https:\/\/frikisdelabici.com\/site\/como-cambiar-el-orden-de-las-graficas-en-golden-cheetah\/#article\",\"isPartOf\":{\"@id\":\"https:\/\/frikisdelabici.com\/site\/como-cambiar-el-orden-de-las-graficas-en-golden-cheetah\/\"},\"author\":{\"name\":\"Rub\u00e9n Fern\u00e1ndez\",\"@id\":\"https:\/\/frikisdelabici.com\/site\/#\/schema\/person\/a7e0f7e0c1ecaf32b75491c779564593\"},\"headline\":\"C\u00f3mo cambiar el orden de las gr\u00e1ficas en Golden Cheetah\",\"datePublished\":\"2020-02-23T21:06:29+00:00\",\"dateModified\":\"2020-03-01T19:39:19+00:00\",\"mainEntityOfPage\":{\"@id\":\"https:\/\/frikisdelabici.com\/site\/como-cambiar-el-orden-de-las-graficas-en-golden-cheetah\/\"},\"wordCount\":227,\"commentCount\":0,\"publisher\":{\"@id\":\"https:\/\/frikisdelabici.com\/site\/#\/schema\/person\/a7e0f7e0c1ecaf32b75491c779564593\"},\"image\":{\"@id\":\"https:\/\/frikisdelabici.com\/site\/como-cambiar-el-orden-de-las-graficas-en-golden-cheetah\/#primaryimage\"},\"thumbnailUrl\":\"https:\/\/frikisdelabici.com\/site\/wp-content\/uploads\/2020\/02\/miniatura.jpg\",\"keywords\":[\"assioma duo\",\"ciclismo\",\"c\u00f3mo empezar a usar golden cheetah\",\"como entrenar por potencia\",\"como mover graficas en golden cheetah\",\"c\u00f3mo usar golden cheetah\",\"como usar goldencheetah\",\"c\u00f3mo usar la potencia en ciclismo\",\"como usar zwift\",\"comparar entrenamientos\",\"entrenamiento ciclista\",\"garmin edge 1030\",\"golden cheetah\",\"informes de entrenamiento por potencia\",\"mtb\",\"potenci\u00f3metro\",\"tutorial de golden cheetah\",\"tutorial de zwift en espa\u00f1ol\",\"zwift en espa\u00f1ol\"],\"articleSection\":[\"Consejos y Utilidades\"],\"inLanguage\":\"es\",\"potentialAction\":[{\"@type\":\"CommentAction\",\"name\":\"Comment\",\"target\":[\"https:\/\/frikisdelabici.com\/site\/como-cambiar-el-orden-de-las-graficas-en-golden-cheetah\/#respond\"]}]},{\"@type\":\"WebPage\",\"@id\":\"https:\/\/frikisdelabici.com\/site\/como-cambiar-el-orden-de-las-graficas-en-golden-cheetah\/\",\"url\":\"https:\/\/frikisdelabici.com\/site\/como-cambiar-el-orden-de-las-graficas-en-golden-cheetah\/\",\"name\":\"C\u00f3mo cambiar el orden de las gr\u00e1ficas en Golden Cheetah - frikisdelabici.com\",\"isPartOf\":{\"@id\":\"https:\/\/frikisdelabici.com\/site\/#website\"},\"primaryImageOfPage\":{\"@id\":\"https:\/\/frikisdelabici.com\/site\/como-cambiar-el-orden-de-las-graficas-en-golden-cheetah\/#primaryimage\"},\"image\":{\"@id\":\"https:\/\/frikisdelabici.com\/site\/como-cambiar-el-orden-de-las-graficas-en-golden-cheetah\/#primaryimage\"},\"thumbnailUrl\":\"https:\/\/frikisdelabici.com\/site\/wp-content\/uploads\/2020\/02\/miniatura.jpg\",\"datePublished\":\"2020-02-23T21:06:29+00:00\",\"dateModified\":\"2020-03-01T19:39:19+00:00\",\"description\":\"Accede a este art\u00edculo para aprender en dos minutos c\u00f3mo modificar el orden de las gr\u00e1ficas que aparecen en las pesta\u00f1as de Golden Cheetah\",\"breadcrumb\":{\"@id\":\"https:\/\/frikisdelabici.com\/site\/como-cambiar-el-orden-de-las-graficas-en-golden-cheetah\/#breadcrumb\"},\"inLanguage\":\"es\",\"potentialAction\":[{\"@type\":\"ReadAction\",\"target\":[\"https:\/\/frikisdelabici.com\/site\/como-cambiar-el-orden-de-las-graficas-en-golden-cheetah\/\"]}]},{\"@type\":\"ImageObject\",\"inLanguage\":\"es\",\"@id\":\"https:\/\/frikisdelabici.com\/site\/como-cambiar-el-orden-de-las-graficas-en-golden-cheetah\/#primaryimage\",\"url\":\"https:\/\/frikisdelabici.com\/site\/wp-content\/uploads\/2020\/02\/miniatura.jpg\",\"contentUrl\":\"https:\/\/frikisdelabici.com\/site\/wp-content\/uploads\/2020\/02\/miniatura.jpg\",\"width\":1290,\"height\":720,\"caption\":\"cambio orden gr\u00e1ficas golden cheetah\"},{\"@type\":\"BreadcrumbList\",\"@id\":\"https:\/\/frikisdelabici.com\/site\/como-cambiar-el-orden-de-las-graficas-en-golden-cheetah\/#breadcrumb\",\"itemListElement\":[{\"@type\":\"ListItem\",\"position\":1,\"name\":\"Inicio\",\"item\":\"https:\/\/frikisdelabici.com\/site\/\"},{\"@type\":\"ListItem\",\"position\":2,\"name\":\"C\u00f3mo cambiar el orden de las gr\u00e1ficas en Golden Cheetah\"}]},{\"@type\":\"WebSite\",\"@id\":\"https:\/\/frikisdelabici.com\/site\/#website\",\"url\":\"https:\/\/frikisdelabici.com\/site\/\",\"name\":\"frikisdelabici.com\",\"description\":\"Noticias sobre ZWIFT, art\u00edculos sobre entrenamiento, carreras... de todo lo relacionado con el ciclista m\u00e1s friki\",\"publisher\":{\"@id\":\"https:\/\/frikisdelabici.com\/site\/#\/schema\/person\/a7e0f7e0c1ecaf32b75491c779564593\"},\"potentialAction\":[{\"@type\":\"SearchAction\",\"target\":{\"@type\":\"EntryPoint\",\"urlTemplate\":\"https:\/\/frikisdelabici.com\/site\/?s={search_term_string}\"},\"query-input\":{\"@type\":\"PropertyValueSpecification\",\"valueRequired\":true,\"valueName\":\"search_term_string\"}}],\"inLanguage\":\"es\"},{\"@type\":[\"Person\",\"Organization\"],\"@id\":\"https:\/\/frikisdelabici.com\/site\/#\/schema\/person\/a7e0f7e0c1ecaf32b75491c779564593\",\"name\":\"Rub\u00e9n Fern\u00e1ndez\",\"image\":{\"@type\":\"ImageObject\",\"inLanguage\":\"es\",\"@id\":\"https:\/\/frikisdelabici.com\/site\/#\/schema\/person\/image\/\",\"url\":\"https:\/\/frikisdelabici.com\/site\/wp-content\/uploads\/2020\/03\/gran-fondo-san-sebastian-2017-4014569-48213-4286-1-scaled.jpg\",\"contentUrl\":\"https:\/\/frikisdelabici.com\/site\/wp-content\/uploads\/2020\/03\/gran-fondo-san-sebastian-2017-4014569-48213-4286-1-scaled.jpg\",\"width\":2560,\"height\":1707,\"caption\":\"Rub\u00e9n Fern\u00e1ndez\"},\"logo\":{\"@id\":\"https:\/\/frikisdelabici.com\/site\/#\/schema\/person\/image\/\"},\"url\":\"https:\/\/frikisdelabici.com\/site\/author\/rubenextra300\/\"}]}<\/script>\n<!-- \/ Yoast SEO Premium plugin. -->","yoast_head_json":{"title":"C\u00f3mo cambiar el orden de las gr\u00e1ficas en Golden Cheetah - frikisdelabici.com","description":"Accede a este art\u00edculo para aprender en dos minutos c\u00f3mo modificar el orden de las gr\u00e1ficas que aparecen en las pesta\u00f1as de Golden Cheetah","robots":{"index":"index","follow":"follow","max-snippet":"max-snippet:-1","max-image-preview":"max-image-preview:large","max-video-preview":"max-video-preview:-1"},"canonical":"https:\/\/frikisdelabici.com\/site\/como-cambiar-el-orden-de-las-graficas-en-golden-cheetah\/","og_locale":"es_ES","og_type":"article","og_title":"C\u00f3mo cambiar el orden de las gr\u00e1ficas en Golden Cheetah","og_description":"Accede a este art\u00edculo para aprender en dos minutos c\u00f3mo modificar el orden de las gr\u00e1ficas que aparecen en las pesta\u00f1as de Golden Cheetah","og_url":"https:\/\/frikisdelabici.com\/site\/como-cambiar-el-orden-de-las-graficas-en-golden-cheetah\/","og_site_name":"frikisdelabici.com","article_published_time":"2020-02-23T21:06:29+00:00","article_modified_time":"2020-03-01T19:39:19+00:00","og_image":[{"width":1290,"height":720,"url":"https:\/\/frikisdelabici.com\/site\/wp-content\/uploads\/2020\/02\/miniatura.jpg","type":"image\/jpeg"}],"author":"Rub\u00e9n Fern\u00e1ndez","twitter_card":"summary_large_image","twitter_misc":{"Escrito por":"Rub\u00e9n Fern\u00e1ndez","Tiempo de lectura":"1 minuto"},"schema":{"@context":"https:\/\/schema.org","@graph":[{"@type":"Article","@id":"https:\/\/frikisdelabici.com\/site\/como-cambiar-el-orden-de-las-graficas-en-golden-cheetah\/#article","isPartOf":{"@id":"https:\/\/frikisdelabici.com\/site\/como-cambiar-el-orden-de-las-graficas-en-golden-cheetah\/"},"author":{"name":"Rub\u00e9n Fern\u00e1ndez","@id":"https:\/\/frikisdelabici.com\/site\/#\/schema\/person\/a7e0f7e0c1ecaf32b75491c779564593"},"headline":"C\u00f3mo cambiar el orden de las gr\u00e1ficas en Golden Cheetah","datePublished":"2020-02-23T21:06:29+00:00","dateModified":"2020-03-01T19:39:19+00:00","mainEntityOfPage":{"@id":"https:\/\/frikisdelabici.com\/site\/como-cambiar-el-orden-de-las-graficas-en-golden-cheetah\/"},"wordCount":227,"commentCount":0,"publisher":{"@id":"https:\/\/frikisdelabici.com\/site\/#\/schema\/person\/a7e0f7e0c1ecaf32b75491c779564593"},"image":{"@id":"https:\/\/frikisdelabici.com\/site\/como-cambiar-el-orden-de-las-graficas-en-golden-cheetah\/#primaryimage"},"thumbnailUrl":"https:\/\/frikisdelabici.com\/site\/wp-content\/uploads\/2020\/02\/miniatura.jpg","keywords":["assioma duo","ciclismo","c\u00f3mo empezar a usar golden cheetah","como entrenar por potencia","como mover graficas en golden cheetah","c\u00f3mo usar golden cheetah","como usar goldencheetah","c\u00f3mo usar la potencia en ciclismo","como usar zwift","comparar entrenamientos","entrenamiento ciclista","garmin edge 1030","golden cheetah","informes de entrenamiento por potencia","mtb","potenci\u00f3metro","tutorial de golden cheetah","tutorial de zwift en espa\u00f1ol","zwift en espa\u00f1ol"],"articleSection":["Consejos y Utilidades"],"inLanguage":"es","potentialAction":[{"@type":"CommentAction","name":"Comment","target":["https:\/\/frikisdelabici.com\/site\/como-cambiar-el-orden-de-las-graficas-en-golden-cheetah\/#respond"]}]},{"@type":"WebPage","@id":"https:\/\/frikisdelabici.com\/site\/como-cambiar-el-orden-de-las-graficas-en-golden-cheetah\/","url":"https:\/\/frikisdelabici.com\/site\/como-cambiar-el-orden-de-las-graficas-en-golden-cheetah\/","name":"C\u00f3mo cambiar el orden de las gr\u00e1ficas en Golden Cheetah - frikisdelabici.com","isPartOf":{"@id":"https:\/\/frikisdelabici.com\/site\/#website"},"primaryImageOfPage":{"@id":"https:\/\/frikisdelabici.com\/site\/como-cambiar-el-orden-de-las-graficas-en-golden-cheetah\/#primaryimage"},"image":{"@id":"https:\/\/frikisdelabici.com\/site\/como-cambiar-el-orden-de-las-graficas-en-golden-cheetah\/#primaryimage"},"thumbnailUrl":"https:\/\/frikisdelabici.com\/site\/wp-content\/uploads\/2020\/02\/miniatura.jpg","datePublished":"2020-02-23T21:06:29+00:00","dateModified":"2020-03-01T19:39:19+00:00","description":"Accede a este art\u00edculo para aprender en dos minutos c\u00f3mo modificar el orden de las gr\u00e1ficas que aparecen en las pesta\u00f1as de Golden Cheetah","breadcrumb":{"@id":"https:\/\/frikisdelabici.com\/site\/como-cambiar-el-orden-de-las-graficas-en-golden-cheetah\/#breadcrumb"},"inLanguage":"es","potentialAction":[{"@type":"ReadAction","target":["https:\/\/frikisdelabici.com\/site\/como-cambiar-el-orden-de-las-graficas-en-golden-cheetah\/"]}]},{"@type":"ImageObject","inLanguage":"es","@id":"https:\/\/frikisdelabici.com\/site\/como-cambiar-el-orden-de-las-graficas-en-golden-cheetah\/#primaryimage","url":"https:\/\/frikisdelabici.com\/site\/wp-content\/uploads\/2020\/02\/miniatura.jpg","contentUrl":"https:\/\/frikisdelabici.com\/site\/wp-content\/uploads\/2020\/02\/miniatura.jpg","width":1290,"height":720,"caption":"cambio orden gr\u00e1ficas golden cheetah"},{"@type":"BreadcrumbList","@id":"https:\/\/frikisdelabici.com\/site\/como-cambiar-el-orden-de-las-graficas-en-golden-cheetah\/#breadcrumb","itemListElement":[{"@type":"ListItem","position":1,"name":"Inicio","item":"https:\/\/frikisdelabici.com\/site\/"},{"@type":"ListItem","position":2,"name":"C\u00f3mo cambiar el orden de las gr\u00e1ficas en Golden Cheetah"}]},{"@type":"WebSite","@id":"https:\/\/frikisdelabici.com\/site\/#website","url":"https:\/\/frikisdelabici.com\/site\/","name":"frikisdelabici.com","description":"Noticias sobre ZWIFT, art\u00edculos sobre entrenamiento, carreras... de todo lo relacionado con el ciclista m\u00e1s friki","publisher":{"@id":"https:\/\/frikisdelabici.com\/site\/#\/schema\/person\/a7e0f7e0c1ecaf32b75491c779564593"},"potentialAction":[{"@type":"SearchAction","target":{"@type":"EntryPoint","urlTemplate":"https:\/\/frikisdelabici.com\/site\/?s={search_term_string}"},"query-input":{"@type":"PropertyValueSpecification","valueRequired":true,"valueName":"search_term_string"}}],"inLanguage":"es"},{"@type":["Person","Organization"],"@id":"https:\/\/frikisdelabici.com\/site\/#\/schema\/person\/a7e0f7e0c1ecaf32b75491c779564593","name":"Rub\u00e9n Fern\u00e1ndez","image":{"@type":"ImageObject","inLanguage":"es","@id":"https:\/\/frikisdelabici.com\/site\/#\/schema\/person\/image\/","url":"https:\/\/frikisdelabici.com\/site\/wp-content\/uploads\/2020\/03\/gran-fondo-san-sebastian-2017-4014569-48213-4286-1-scaled.jpg","contentUrl":"https:\/\/frikisdelabici.com\/site\/wp-content\/uploads\/2020\/03\/gran-fondo-san-sebastian-2017-4014569-48213-4286-1-scaled.jpg","width":2560,"height":1707,"caption":"Rub\u00e9n Fern\u00e1ndez"},"logo":{"@id":"https:\/\/frikisdelabici.com\/site\/#\/schema\/person\/image\/"},"url":"https:\/\/frikisdelabici.com\/site\/author\/rubenextra300\/"}]}},"_links":{"self":[{"href":"https:\/\/frikisdelabici.com\/site\/wp-json\/wp\/v2\/posts\/78","targetHints":{"allow":["GET"]}}],"collection":[{"href":"https:\/\/frikisdelabici.com\/site\/wp-json\/wp\/v2\/posts"}],"about":[{"href":"https:\/\/frikisdelabici.com\/site\/wp-json\/wp\/v2\/types\/post"}],"author":[{"embeddable":true,"href":"https:\/\/frikisdelabici.com\/site\/wp-json\/wp\/v2\/users\/1"}],"replies":[{"embeddable":true,"href":"https:\/\/frikisdelabici.com\/site\/wp-json\/wp\/v2\/comments?post=78"}],"version-history":[{"count":2,"href":"https:\/\/frikisdelabici.com\/site\/wp-json\/wp\/v2\/posts\/78\/revisions"}],"predecessor-version":[{"id":323,"href":"https:\/\/frikisdelabici.com\/site\/wp-json\/wp\/v2\/posts\/78\/revisions\/323"}],"wp:featuredmedia":[{"embeddable":true,"href":"https:\/\/frikisdelabici.com\/site\/wp-json\/wp\/v2\/media\/81"}],"wp:attachment":[{"href":"https:\/\/frikisdelabici.com\/site\/wp-json\/wp\/v2\/media?parent=78"}],"wp:term":[{"taxonomy":"category","embeddable":true,"href":"https:\/\/frikisdelabici.com\/site\/wp-json\/wp\/v2\/categories?post=78"},{"taxonomy":"post_tag","embeddable":true,"href":"https:\/\/frikisdelabici.com\/site\/wp-json\/wp\/v2\/tags?post=78"},{"taxonomy":"series","embeddable":true,"href":"https:\/\/frikisdelabici.com\/site\/wp-json\/wp\/v2\/series?post=78"}],"curies":[{"name":"wp","href":"https:\/\/api.w.org\/{rel}","templated":true}]}}